{"id":127811,"date":"2025-10-30T19:05:23","date_gmt":"2025-10-30T22:05:23","guid":{"rendered":"https:\/\/www.correiobraziliense.com.br\/cbradar\/?p=127811"},"modified":"2025-10-29T16:01:23","modified_gmt":"2025-10-29T19:01:23","slug":"o-que-significa-esquecer-conversas-importantes","status":"publish","type":"post","link":"https:\/\/www.correiobraziliense.com.br\/cbradar\/o-que-significa-esquecer-conversas-importantes\/","title":{"rendered":"O que significa esquecer conversas importantes?"},"content":{"rendered":"\n<p>A mente humana \u00e9 uma cria\u00e7\u00e3o fascinante, capaz de armazenar e processar uma quantidade impressionante de <b>informa\u00e7\u00f5es<\/b>, mas diferentemente de uma <b>gravadora perfeita<\/b>, ela esquece detalhes de <b>conversas<\/b>, mesmo quando pareciam cruciais, devido a diversos fatores que influenciam a <b>mem\u00f3ria<\/b>.<\/p>\n\n\n\n<h2 class=\"wp-block-heading\">Por que nos esquecemos de conversas importantes<\/h2>\n\n\n\n<p>O <b>c\u00e9rebro<\/b> filtra constantemente as <b>informa\u00e7\u00f5es<\/b> recebidas, escolhendo o que armazenar ou descartar. Esse mecanismo prioriza o que considera mais relevante para o <b>bem-estar<\/b> ou <b>sobreviv\u00eancia<\/b> no momento atual, levando ao <b>esquecimento<\/b> de detalhes de di\u00e1logos passados.<\/p>\n\n\n\n<p><b>Emo\u00e7\u00f5es<\/b>, <b>estresse<\/b> e <b>fadiga<\/b> podem impactar a reten\u00e7\u00e3o de lembran\u00e7as espec\u00edficas. Assim, di\u00e1logos antes intensos podem perder espa\u00e7o na <b>mem\u00f3ria<\/b> se n\u00e3o forem revisitados, tornando o <b>esquecimento<\/b> de momentos significativos parte do funcionamento natural do <b>c\u00e9rebro<\/b>. Estudos em neuroci\u00eancia sugerem ainda que o processo de consolida\u00e7\u00e3o da mem\u00f3ria pode ser afetado por fatores externos como uma noite mal dormida ou o uso excessivo de tecnologias.<\/p>\n\n\n<div class=\"wp-block-image\">\n<figure class=\"aligncenter size-large\"><img decoding=\"async\" width=\"1024\" height=\"576\" src=\"https:\/\/www.correiobraziliense.com.br\/cbradar\/wp-content\/uploads\/2025\/07\/conversando-sozinho_1752013740731-1024x576.jpg\" alt=\"O que significa falar sozinho ou at\u00e9 com a parede segundo a psicologia\" class=\"wp-image-66862\" srcset=\"https:\/\/www.correiobraziliense.com.br\/cbradar\/wp-content\/uploads\/2025\/07\/conversando-sozinho_1752013740731-1024x576.jpg 1024w, https:\/\/www.correiobraziliense.com.br\/cbradar\/wp-content\/uploads\/2025\/07\/conversando-sozinho_1752013740731-300x169.jpg 300w, https:\/\/www.correiobraziliense.com.br\/cbradar\/wp-content\/uploads\/2025\/07\/conversando-sozinho_1752013740731-768x432.jpg 768w, https:\/\/www.correiobraziliense.com.br\/cbradar\/wp-content\/uploads\/2025\/07\/conversando-sozinho_1752013740731-750x422.jpg 750w, https:\/\/www.correiobraziliense.com.br\/cbradar\/wp-content\/uploads\/2025\/07\/conversando-sozinho_1752013740731-1140x641.jpg 1140w, https:\/\/www.correiobraziliense.com.br\/cbradar\/wp-content\/uploads\/2025\/07\/conversando-sozinho_1752013740731.jpg 1280w\" sizes=\"(max-width: 1024px) 100vw, 1024px\" \/><figcaption class=\"wp-element-caption\">Pessoa conveA mente humana \u00e9 uma cria\u00e7\u00e3o fascinante, capaz de armazenar e processar uma quantidade impressionante de <b>informa\u00e7\u00f5es<\/b> &#8211; Cr\u00e9ditos: depositphotos.com \/ IgorVetushko<\/figcaption><\/figure><\/div>\n\n\n<h2 class=\"wp-block-heading\">Esquecer di\u00e1logos importantes \u00e9 mais comum do que parece<\/h2>\n\n\n\n<p>Muitas pessoas acreditam que esquecer <b>conversas relevantes<\/b> indica desinteresse ou distra\u00e7\u00e3o, mas a <b>psicologia<\/b> mostra que \u00e9 um fen\u00f4meno habitual. O <b>esquecimento<\/b> pode ser entendido como um mecanismo para abrir espa\u00e7o a novas experi\u00eancias e aliviar a <b>sobrecarga mental<\/b>.<\/p>\n\n\n\n<p>Veja abaixo alguns motivos comuns que explicam por que esquecemos at\u00e9 mesmo di\u00e1logos cruciais:<\/p>\n\n\n\n<ul class=\"wp-block-list\">\n<li><b>Falta de repeti\u00e7\u00e3o<\/b> ou <b>revis\u00e3o mental<\/b> do que foi conversado<\/li>\n\n\n\n<li>Nova <b>informa\u00e7\u00e3o<\/b> competindo com <b>lembran\u00e7as antigas<\/b><\/li>\n\n\n\n<li><b>Desejo inconsciente<\/b> de evitar sentimentos ou mem\u00f3rias desconfort\u00e1veis<\/li>\n\n\n\n<li><b>Estresse<\/b>, <b>ansiedade<\/b> ou <b>excesso de atividades cotidianas<\/b><\/li>\n<\/ul>\n\n\n\n<h2 class=\"wp-block-heading\">Como identificar se o esquecimento \u00e9 um motivo de preocupa\u00e7\u00e3o<\/h2>\n\n\n\n<p>Embora esquecer eventos fa\u00e7a parte do funcionamento natural da <b>mente<\/b>, \u00e9 importante observar se essa situa\u00e7\u00e3o impacta negativamente a <b>rotina<\/b>. <b>Esquecimentos frequentes<\/b> e significativos podem indicar sinais de <b>sobrecarga emocional<\/b> ou altera\u00e7\u00f5es na <b>mem\u00f3ria<\/b> que merecem avalia\u00e7\u00e3o profissional. Condi\u00e7\u00f5es como <b>depress\u00e3o<\/b>, <b>ansiedade<\/b> e at\u00e9 in\u00edcio de <b>dem\u00eancias<\/b> podem tamb\u00e9m estar associadas a esse quadro e requerem aten\u00e7\u00e3o especializada.<\/p>\n\n\n\n<p>Se o <b>esquecimento<\/b> compromete <b>rela\u00e7\u00f5es<\/b>, <b>tarefas do dia a dia<\/b> ou provoca sofrimento, buscar orienta\u00e7\u00e3o de um <b>especialista em sa\u00fade mental<\/b> pode ser fundamental para compreender e abordar poss\u00edveis causas subjacentes.<\/p>\n\n\n<div class=\"wp-block-image\">\n<figure class=\"aligncenter size-large\"><img decoding=\"async\" width=\"1024\" height=\"576\" src=\"https:\/\/www.correiobraziliense.com.br\/cbradar\/wp-content\/uploads\/2025\/10\/Esquecer-_1761669930616-1024x576.jpg\" alt=\"\" class=\"wp-image-127281\" srcset=\"https:\/\/www.correiobraziliense.com.br\/cbradar\/wp-content\/uploads\/2025\/10\/Esquecer-_1761669930616-1024x576.jpg 1024w, https:\/\/www.correiobraziliense.com.br\/cbradar\/wp-content\/uploads\/2025\/10\/Esquecer-_1761669930616-300x169.jpg 300w, https:\/\/www.correiobraziliense.com.br\/cbradar\/wp-content\/uploads\/2025\/10\/Esquecer-_1761669930616-768x432.jpg 768w, https:\/\/www.correiobraziliense.com.br\/cbradar\/wp-content\/uploads\/2025\/10\/Esquecer-_1761669930616-750x422.jpg 750w, https:\/\/www.correiobraziliense.com.br\/cbradar\/wp-content\/uploads\/2025\/10\/Esquecer-_1761669930616-1140x641.jpg 1140w, https:\/\/www.correiobraziliense.com.br\/cbradar\/wp-content\/uploads\/2025\/10\/Esquecer-_1761669930616.jpg 1280w\" sizes=\"(max-width: 1024px) 100vw, 1024px\" \/><figcaption class=\"wp-element-caption\">S\u00f3 acontece porque o c\u00e9rebro tende a armazenar com mais efici\u00eancia informa\u00e7\u00f5es com sentido claro &#8211; Cr\u00e9ditos: depositphotos.com \/ AndrewLozovyi<\/figcaption><\/figure><\/div>\n\n\n<p>Leia tamb\u00e9m:&nbsp;<a href=\"https:\/\/www.correiobraziliense.com.br\/cbradar\/o-que-significa-enxergar-animais-nas-nuvens\/\" target=\"_blank\" rel=\"noopener\">O que significa enxergar animais nas nuvens?<\/a><\/p>\n\n\n\n<h2 class=\"wp-block-heading\">A mem\u00f3ria n\u00e3o \u00e9 um arquivo perfeito<\/h2>\n\n\n\n<p>Em resumo, esquecer <b>conversas importantes<\/b> \u00e9 um fen\u00f4meno comum e n\u00e3o precisa causar alarme na maioria das situa\u00e7\u00f5es. Isso demonstra como a mente seleciona e organiza <b>informa\u00e7\u00f5es<\/b> para nosso <b>equil\u00edbrio emocional<\/b> e funcional.<\/p>\n\n\n\n<p>O ato de <b>esquecer<\/b>, tanto quanto o de lembrar, \u00e9 parte do funcionamento din\u00e2mico e adaptativo da <b>mem\u00f3ria humana<\/b>, refletindo nossa capacidade de <b>priorizar<\/b> o que realmente importa ao longo&nbsp;da&nbsp;vida.<\/p>\n","protected":false},"excerpt":{"rendered":"<p>A mente humana \u00e9 uma cria\u00e7\u00e3o fascinante, capaz de armazenar e processar uma quantidade impressionante de informa\u00e7\u00f5es, mas diferentemente de uma gravadora perfeita, ela esquece detalhes de conversas, mesmo quando pareciam cruciais, devido a diversos fatores que influenciam a mem\u00f3ria. Por que nos esquecemos de conversas importantes O c\u00e9rebro filtra constantemente as informa\u00e7\u00f5es recebidas, escolhendo [&hellip;]<\/p>\n","protected":false},"author":9,"featured_media":76898,"comment_status":"open","ping_status":"open","sticky":false,"template":"","format":"standard","meta":{"_yoast_wpseo_focuskw":"Esquecer conversas","_yoast_wpseo_title":"%%title%% %%page%%","_yoast_wpseo_metadesc":"Esquecer conversas importantes \u00e9 mais comum do que parece. Saiba por que o c\u00e9rebro faz isso e como esse processo protege sua mente.","jnews-multi-image_gallery":[],"jnews_single_post":{"format":"standard"},"jnews_primary_category":[],"jnews_social_meta":[],"jnews_override_counter":[],"footnotes":""},"categories":[112],"tags":[11217,5528,3273],"class_list":["post-127811","post","type-post","status-publish","format-standard","has-post-thumbnail","hentry","category-curiosidades","tag-apagar-conversas","tag-conversas","tag-esquecer"],"yoast_head":"<!-- This site is optimized with the Yoast SEO plugin v24.6 - https:\/\/yoast.com\/wordpress\/plugins\/seo\/ -->\n<title>O que significa esquecer conversas importantes?<\/title>\n<meta name=\"description\" content=\"Esquecer conversas importantes \u00e9 mais comum do que parece. Saiba por que o c\u00e9rebro faz isso e como esse processo protege sua mente.\" \/>\n<meta name=\"robots\" content=\"index, follow, max-snippet:-1, max-image-preview:large, max-video-preview:-1\" \/>\n<link rel=\"canonical\" href=\"https:\/\/www.correiobraziliense.com.br\/cbradar\/o-que-significa-esquecer-conversas-importantes\/\" \/>\n<meta property=\"og:locale\" content=\"pt_BR\" \/>\n<meta property=\"og:type\" content=\"article\" \/>\n<meta property=\"og:title\" content=\"O que significa esquecer conversas importantes?\" \/>\n<meta property=\"og:description\" content=\"Esquecer conversas importantes \u00e9 mais comum do que parece. Saiba por que o c\u00e9rebro faz isso e como esse processo protege sua mente.\" \/>\n<meta property=\"og:url\" content=\"https:\/\/www.correiobraziliense.com.br\/cbradar\/o-que-significa-esquecer-conversas-importantes\/\" \/>\n<meta property=\"og:site_name\" content=\"Correio Braziliense - Radar\" \/>\n<meta property=\"article:published_time\" content=\"2025-10-30T22:05:23+00:00\" \/>\n<meta property=\"og:image\" content=\"https:\/\/www.correiobraziliense.com.br\/cbradar\/wp-content\/uploads\/2025\/07\/compras-esquecer_1753726803083.jpg\" \/>\n\t<meta property=\"og:image:width\" content=\"1280\" \/>\n\t<meta property=\"og:image:height\" content=\"720\" \/>\n\t<meta property=\"og:image:type\" content=\"image\/jpeg\" \/>\n<meta name=\"author\" content=\"Daniely Cardoso\" \/>\n<meta name=\"twitter:card\" content=\"summary_large_image\" \/>\n<meta name=\"twitter:label1\" content=\"Escrito por\" \/>\n\t<meta name=\"twitter:data1\" content=\"Daniely Cardoso\" \/>\n\t<meta name=\"twitter:label2\" content=\"Est. tempo de leitura\" \/>\n\t<meta name=\"twitter:data2\" content=\"4 minutos\" \/>\n<!-- \/ Yoast SEO plugin. -->","yoast_head_json":{"title":"O que significa esquecer conversas importantes?","description":"Esquecer conversas importantes \u00e9 mais comum do que parece. Saiba por que o c\u00e9rebro faz isso e como esse processo protege sua mente.","robots":{"index":"index","follow":"follow","max-snippet":"max-snippet:-1","max-image-preview":"max-image-preview:large","max-video-preview":"max-video-preview:-1"},"canonical":"https:\/\/www.correiobraziliense.com.br\/cbradar\/o-que-significa-esquecer-conversas-importantes\/","og_locale":"pt_BR","og_type":"article","og_title":"O que significa esquecer conversas importantes?","og_description":"Esquecer conversas importantes \u00e9 mais comum do que parece. Saiba por que o c\u00e9rebro faz isso e como esse processo protege sua mente.","og_url":"https:\/\/www.correiobraziliense.com.br\/cbradar\/o-que-significa-esquecer-conversas-importantes\/","og_site_name":"Correio Braziliense - Radar","article_published_time":"2025-10-30T22:05:23+00:00","og_image":[{"width":1280,"height":720,"url":"https:\/\/www.correiobraziliense.com.br\/cbradar\/wp-content\/uploads\/2025\/07\/compras-esquecer_1753726803083.jpg","type":"image\/jpeg"}],"author":"Daniely Cardoso","twitter_card":"summary_large_image","twitter_misc":{"Escrito por":"Daniely Cardoso","Est. tempo de leitura":"4 minutos"},"schema":{"@context":"https:\/\/schema.org","@graph":[{"@type":"WebPage","@id":"https:\/\/www.correiobraziliense.com.br\/cbradar\/o-que-significa-esquecer-conversas-importantes\/","url":"https:\/\/www.correiobraziliense.com.br\/cbradar\/o-que-significa-esquecer-conversas-importantes\/","name":"O que significa esquecer conversas importantes?","isPartOf":{"@id":"https:\/\/www.correiobraziliense.com.br\/cbradar\/#website"},"primaryImageOfPage":{"@id":"https:\/\/www.correiobraziliense.com.br\/cbradar\/o-que-significa-esquecer-conversas-importantes\/#primaryimage"},"image":{"@id":"https:\/\/www.correiobraziliense.com.br\/cbradar\/o-que-significa-esquecer-conversas-importantes\/#primaryimage"},"thumbnailUrl":"https:\/\/www.correiobraziliense.com.br\/cbradar\/wp-content\/uploads\/2025\/07\/compras-esquecer_1753726803083.jpg","datePublished":"2025-10-30T22:05:23+00:00","author":{"@id":"https:\/\/www.correiobraziliense.com.br\/cbradar\/#\/schema\/person\/7356666e12ec0ee53f348ee5db227032"},"description":"Esquecer conversas importantes \u00e9 mais comum do que parece. Saiba por que o c\u00e9rebro faz isso e como esse processo protege sua mente.","breadcrumb":{"@id":"https:\/\/www.correiobraziliense.com.br\/cbradar\/o-que-significa-esquecer-conversas-importantes\/#breadcrumb"},"inLanguage":"pt-BR","potentialAction":[{"@type":"ReadAction","target":["https:\/\/www.correiobraziliense.com.br\/cbradar\/o-que-significa-esquecer-conversas-importantes\/"]}]},{"@type":"ImageObject","inLanguage":"pt-BR","@id":"https:\/\/www.correiobraziliense.com.br\/cbradar\/o-que-significa-esquecer-conversas-importantes\/#primaryimage","url":"https:\/\/www.correiobraziliense.com.br\/cbradar\/wp-content\/uploads\/2025\/07\/compras-esquecer_1753726803083.jpg","contentUrl":"https:\/\/www.correiobraziliense.com.br\/cbradar\/wp-content\/uploads\/2025\/07\/compras-esquecer_1753726803083.jpg","width":1280,"height":720,"caption":"O c\u00e9rebro filtra constantemente as informa\u00e7\u00f5es recebidas - Cr\u00e9ditos: depositphotos.com \/ Steklo_KRD"},{"@type":"BreadcrumbList","@id":"https:\/\/www.correiobraziliense.com.br\/cbradar\/o-que-significa-esquecer-conversas-importantes\/#breadcrumb","itemListElement":[{"@type":"ListItem","position":1,"name":"In\u00edcio","item":"https:\/\/www.correiobraziliense.com.br\/cbradar\/"},{"@type":"ListItem","position":2,"name":"O que significa esquecer conversas importantes?"}]},{"@type":"WebSite","@id":"https:\/\/www.correiobraziliense.com.br\/cbradar\/#website","url":"https:\/\/www.correiobraziliense.com.br\/cbradar\/","name":"Correio Braziliense - Radar","description":"Acompanhe as \u00faltimas not\u00edcias e fique bem informado sobre tudo o que acontece no Brasil e no mundo.","potentialAction":[{"@type":"SearchAction","target":{"@type":"EntryPoint","urlTemplate":"https:\/\/www.correiobraziliense.com.br\/cbradar\/?s={search_term_string}"},"query-input":{"@type":"PropertyValueSpecification","valueRequired":true,"valueName":"search_term_string"}}],"inLanguage":"pt-BR"},{"@type":"Person","@id":"https:\/\/www.correiobraziliense.com.br\/cbradar\/#\/schema\/person\/7356666e12ec0ee53f348ee5db227032","name":"Daniely Cardoso","image":{"@type":"ImageObject","inLanguage":"pt-BR","@id":"https:\/\/www.correiobraziliense.com.br\/cbradar\/#\/schema\/person\/image\/","url":"https:\/\/secure.gravatar.com\/avatar\/4b80ddbd124d1f071b626d52d62e5dff?s=96&d=mm&r=g","contentUrl":"https:\/\/secure.gravatar.com\/avatar\/4b80ddbd124d1f071b626d52d62e5dff?s=96&d=mm&r=g","caption":"Daniely Cardoso"},"description":"Redatora nos portais CB Radar e EM Foco, formada pela Universidade Federal de Goi\u00e1s, em Goi\u00e2nia. Apaixonada por comunica\u00e7\u00e3o, arte, decora\u00e7\u00e3o e tend\u00eancias, atuo na produ\u00e7\u00e3o de conte\u00fados envolventes sobre curiosidades, moda, beleza e paisagismo, sempre com um olhar atento \u00e0s novidades do momento.","sameAs":["https:\/\/www.correiobraziliense.com.br\/cbradar"],"url":"https:\/\/www.correiobraziliense.com.br\/cbradar\/author\/danielymyth\/"}]}},"_links":{"self":[{"href":"https:\/\/www.correiobraziliense.com.br\/cbradar\/wp-json\/wp\/v2\/posts\/127811","targetHints":{"allow":["GET"]}}],"collection":[{"href":"https:\/\/www.correiobraziliense.com.br\/cbradar\/wp-json\/wp\/v2\/posts"}],"about":[{"href":"https:\/\/www.correiobraziliense.com.br\/cbradar\/wp-json\/wp\/v2\/types\/post"}],"author":[{"embeddable":true,"href":"https:\/\/www.correiobraziliense.com.br\/cbradar\/wp-json\/wp\/v2\/users\/9"}],"replies":[{"embeddable":true,"href":"https:\/\/www.correiobraziliense.com.br\/cbradar\/wp-json\/wp\/v2\/comments?post=127811"}],"version-history":[{"count":2,"href":"https:\/\/www.correiobraziliense.com.br\/cbradar\/wp-json\/wp\/v2\/posts\/127811\/revisions"}],"predecessor-version":[{"id":127821,"href":"https:\/\/www.correiobraziliense.com.br\/cbradar\/wp-json\/wp\/v2\/posts\/127811\/revisions\/127821"}],"wp:featuredmedia":[{"embeddable":true,"href":"https:\/\/www.correiobraziliense.com.br\/cbradar\/wp-json\/wp\/v2\/media\/76898"}],"wp:attachment":[{"href":"https:\/\/www.correiobraziliense.com.br\/cbradar\/wp-json\/wp\/v2\/media?parent=127811"}],"wp:term":[{"taxonomy":"category","embeddable":true,"href":"https:\/\/www.correiobraziliense.com.br\/cbradar\/wp-json\/wp\/v2\/categories?post=127811"},{"taxonomy":"post_tag","embeddable":true,"href":"https:\/\/www.correiobraziliense.com.br\/cbradar\/wp-json\/wp\/v2\/tags?post=127811"}],"curies":[{"name":"wp","href":"https:\/\/api.w.org\/{rel}","templated":true}]}}