{"id":127855,"date":"2025-10-30T19:45:00","date_gmt":"2025-10-30T22:45:00","guid":{"rendered":"https:\/\/www.correiobraziliense.com.br\/cbradar\/?p=127855"},"modified":"2025-10-29T16:27:45","modified_gmt":"2025-10-29T19:27:45","slug":"a-hortalica-esquecida-que-pode-transformar-sua-horta-em-pouco-tempo","status":"publish","type":"post","link":"https:\/\/www.correiobraziliense.com.br\/cbradar\/a-hortalica-esquecida-que-pode-transformar-sua-horta-em-pouco-tempo\/","title":{"rendered":"A hortali\u00e7a esquecida que pode transformar sua horta em pouco tempo"},"content":{"rendered":"\n<p>O <strong>nabo<\/strong> \u00e9 uma hortali\u00e7a de raiz muito apreciada tanto na culin\u00e1ria quanto na agricultura sustent\u00e1vel. De sabor levemente picante e textura crocante, ele pertence \u00e0 fam\u00edlia das <strong>Brassicaceae<\/strong>, a mesma do repolho e da couve. \u00c9 um alimento <strong>rico em fibras, vitamina C e minerais<\/strong>, sendo tamb\u00e9m uma excelente op\u00e7\u00e3o para quem busca uma planta\u00e7\u00e3o de ciclo curto e f\u00e1cil manuten\u00e7\u00e3o. A seguir, veja tudo o que voc\u00ea precisa saber para cultivar nabos saud\u00e1veis e de qualidade.<\/p>\n\n\n\n<h2 class=\"wp-block-heading\"> O que \u00e9 o nabo e por que vale a pena cultiv\u00e1-lo?<\/h2>\n\n\n\n<p>O <strong>nabo (Brassica rapa L. var. rapa)<\/strong> \u00e9 uma planta de clima frio, cultivada principalmente pelas suas ra\u00edzes arredondadas e pelas folhas que tamb\u00e9m podem ser consumidas. Origin\u00e1rio da <strong>Europa <\/strong>e da <strong>\u00c1sia Central<\/strong>, \u00e9 um dos vegetais mais antigos do mundo, com registros de cultivo h\u00e1 mais de 4 mil anos.<\/p>\n\n\n\n<p>Al\u00e9m do seu valor nutricional, o nabo \u00e9 uma cultura que se adapta bem a solos variados e tem crescimento r\u00e1pido, o que o torna uma \u00f3tima op\u00e7\u00e3o para quem est\u00e1 come\u00e7ando na horticultura ou deseja uma colheita em pouco tempo. Seu ciclo pode variar de<strong> 40 a 70 dias<\/strong>, dependendo da variedade e das condi\u00e7\u00f5es de cultivo.<\/p>\n\n\n\n<h2 class=\"wp-block-heading\">Qual o clima e a \u00e9poca ideal para plantar nabo?<\/h2>\n\n\n\n<p>O <strong>nabo<\/strong> prefere temperaturas amenas, entre 10 \u00b0C e 20 \u00b0C. Em climas muito quentes, as ra\u00edzes tendem a ficar fibrosas e o sabor se torna mais forte e amargo. Por isso, o ideal \u00e9 plantar no outono ou no inverno, especialmente em regi\u00f5es de clima tropical ou subtropical, aproveitando o per\u00edodo mais fresco do ano.<\/p>\n\n\n\n<p>Em regi\u00f5es de clima temperado, o <strong>nabo <\/strong>pode ser cultivado praticamente o ano todo, desde que a temperatura n\u00e3o ultrapasse os 25 \u00b0C. O frio leve estimula o desenvolvimento das ra\u00edzes, resultando em nabos mais tenros e saborosos.<\/p>\n\n\n<div class=\"wp-block-image\">\n<figure class=\"aligncenter size-large\"><img decoding=\"async\" width=\"1024\" height=\"576\" src=\"https:\/\/www.correiobraziliense.com.br\/cbradar\/wp-content\/uploads\/2025\/10\/nabo_1761226519268-1024x576.jpg\" alt=\"\" class=\"wp-image-124106\" srcset=\"https:\/\/www.correiobraziliense.com.br\/cbradar\/wp-content\/uploads\/2025\/10\/nabo_1761226519268-1024x576.jpg 1024w, https:\/\/www.correiobraziliense.com.br\/cbradar\/wp-content\/uploads\/2025\/10\/nabo_1761226519268-300x169.jpg 300w, https:\/\/www.correiobraziliense.com.br\/cbradar\/wp-content\/uploads\/2025\/10\/nabo_1761226519268-768x432.jpg 768w, https:\/\/www.correiobraziliense.com.br\/cbradar\/wp-content\/uploads\/2025\/10\/nabo_1761226519268-750x422.jpg 750w, https:\/\/www.correiobraziliense.com.br\/cbradar\/wp-content\/uploads\/2025\/10\/nabo_1761226519268-1140x641.jpg 1140w, https:\/\/www.correiobraziliense.com.br\/cbradar\/wp-content\/uploads\/2025\/10\/nabo_1761226519268.jpg 1280w\" sizes=\"(max-width: 1024px) 100vw, 1024px\" \/><figcaption class=\"wp-element-caption\">O nabo prefere temperaturas amenas, entre 10 \u00b0C e 20 \u00b0C &#8211; Cr\u00e9ditos: depositphotos.com \/ jimmitchell<\/figcaption><\/figure><\/div>\n\n\n<h2 class=\"wp-block-heading\">Como preparar o solo para o cultivo do nabo?<\/h2>\n\n\n\n<p>O solo ideal para o <strong>nabo<\/strong> deve ser <strong>solto, f\u00e9rtil, bem drenado e com boa reten\u00e7\u00e3o de umidade<\/strong>. Solos argilosos e compactos dificultam o crescimento da raiz e podem causar deforma\u00e7\u00f5es. Portanto, antes do plantio, \u00e9 importante fazer uma boa ara\u00e7\u00e3o ou revolvimento, deixando o terreno fofo e bem aerado.<\/p>\n\n\n\n<p>A aduba\u00e7\u00e3o \u00e9 fundamental. Utilize composto <a href=\"https:\/\/rehagro.com.br\/blog\/materia-organica-no-solo\/\" target=\"_blank\" rel=\"noreferrer noopener\">org\u00e2nico <\/a><strong>bem curtido, esterco de curral ou h\u00famus de minhoca<\/strong>. O pH do solo deve estar entre 6,0 e 7,0. Caso o solo esteja muito \u00e1cido, pode-se fazer a <strong>calagem<\/strong> com calc\u00e1rio dolom\u00edtico, aplicando cerca de 200 a 300 gramas por metro quadrado e misturando bem \u00e0 terra.<\/p>\n\n\n\n<p>Uma dica importante \u00e9 evitar plantar o nabo em locais onde foram cultivadas outras <strong>br\u00e1ssicas<\/strong> recentemente, como <strong>couve, br\u00f3colis<\/strong> ou <strong>repolho<\/strong>, para evitar o aparecimento de pragas e doen\u00e7as comuns \u00e0 fam\u00edlia.<\/p>\n\n\n\n<h2 class=\"wp-block-heading\">Como fazer o plantio do nabo?<\/h2>\n\n\n\n<p>O plantio pode ser feito diretamente no <strong>solo<\/strong>, pois o nabo n\u00e3o tolera bem o transplante. Fa\u00e7a sulcos rasos com cerca de <strong>1 a 2 cm de profundidade<\/strong> e mantenha um espa\u00e7amento de 20 cm entre as linhas. As sementes devem ser distribu\u00eddas de forma uniforme e cobertas levemente com terra fina.<\/p>\n\n\n\n<p>Ap\u00f3s a germina\u00e7\u00e3o, que ocorre entre 4 e 7 dias, \u00e9 importante realizar o desbaste, deixando uma dist\u00e2ncia de <strong>8 a 10 cm<\/strong> entre as plantas, para que cada uma possa se desenvolver plenamente.<\/p>\n\n\n\n<p>O solo deve permanecer \u00famido, mas sem encharcamento. Irrigue com frequ\u00eancia, preferencialmente nas primeiras horas da manh\u00e3 ou no fim da tarde, para evitar a evapora\u00e7\u00e3o excessiva da \u00e1gua.<\/p>\n\n\n\n<h2 class=\"wp-block-heading\">Como cuidar do nabo durante o cultivo?<\/h2>\n\n\n\n<p>Durante o crescimento, o <strong>nabo<\/strong> precisa de um bom manejo de irriga\u00e7\u00e3o e controle de ervas daninhas. As capinas devem ser feitas com cuidado, evitando danificar as ra\u00edzes.<\/p>\n\n\n\n<p>A <strong>aduba\u00e7\u00e3o de cobertura<\/strong> pode ser feita ap\u00f3s 15 a 20 dias da germina\u00e7\u00e3o, utilizando <strong>nitrog\u00eanio<\/strong>, como ureia ou esterco l\u00edquido dilu\u00eddo em \u00e1gua. Isso estimula o crescimento saud\u00e1vel da parte a\u00e9rea e o desenvolvimento das ra\u00edzes.<\/p>\n\n\n\n<p>Tamb\u00e9m \u00e9 importante observar o aparecimento de pragas como <strong>pulg\u00f5es<\/strong>, <strong>lagartas<\/strong> e <strong>mosca-branca<\/strong>, que podem ser controladas com solu\u00e7\u00f5es naturais, como calda de <strong>fumo<\/strong>, <strong>neem<\/strong> ou sab\u00e3o neutro dilu\u00eddo.<\/p>\n\n\n<div class=\"wp-block-image\">\n<figure class=\"aligncenter size-large\"><img decoding=\"async\" width=\"1024\" height=\"576\" src=\"https:\/\/www.correiobraziliense.com.br\/cbradar\/wp-content\/uploads\/2025\/10\/nabo_1761226566437-1024x576.jpg\" alt=\"\" class=\"wp-image-124107\" srcset=\"https:\/\/www.correiobraziliense.com.br\/cbradar\/wp-content\/uploads\/2025\/10\/nabo_1761226566437-1024x576.jpg 1024w, https:\/\/www.correiobraziliense.com.br\/cbradar\/wp-content\/uploads\/2025\/10\/nabo_1761226566437-300x169.jpg 300w, https:\/\/www.correiobraziliense.com.br\/cbradar\/wp-content\/uploads\/2025\/10\/nabo_1761226566437-768x432.jpg 768w, https:\/\/www.correiobraziliense.com.br\/cbradar\/wp-content\/uploads\/2025\/10\/nabo_1761226566437-750x422.jpg 750w, https:\/\/www.correiobraziliense.com.br\/cbradar\/wp-content\/uploads\/2025\/10\/nabo_1761226566437-1140x641.jpg 1140w, https:\/\/www.correiobraziliense.com.br\/cbradar\/wp-content\/uploads\/2025\/10\/nabo_1761226566437.jpg 1280w\" sizes=\"(max-width: 1024px) 100vw, 1024px\" \/><figcaption class=\"wp-element-caption\">Durante o crescimento, o nabo precisa de um bom manejo de irriga\u00e7\u00e3o e controle de ervas daninhas &#8211; Cr\u00e9ditos: depositphotos.com \/ Garsya<\/figcaption><\/figure><\/div>\n\n\n<h2 class=\"wp-block-heading\">Quando e como colher o nabo?<\/h2>\n\n\n\n<p>A colheita do <strong>nabo<\/strong> depende da variedade, mas geralmente ocorre entre <strong>40 e 70 dias<\/strong> ap\u00f3s o plantio. As ra\u00edzes devem estar firmes, lisas e com di\u00e2metro de aproximadamente 5 a 8 cm.<\/p>\n\n\n\n<p>Para colher, segure firmemente a parte a\u00e9rea e puxe com cuidado para n\u00e3o danificar a raiz. Evite deixar o nabo no solo por muito tempo, pois ele pode endurecer e perder o sabor caracter\u00edstico.<\/p>\n\n\n\n<p>Ap\u00f3s a colheita, retire o excesso de terra, corte as folhas e armazene em local fresco ou refrigerado. Os nabos podem ser conservados por at\u00e9 duas semanas em geladeira.<\/p>\n\n\n\n<h2 class=\"wp-block-heading\">Como aproveitar o nabo na alimenta\u00e7\u00e3o?<\/h2>\n\n\n\n<p>O <strong>nabo<\/strong> \u00e9 um vegetal extremamente vers\u00e1til. Pode ser consumido <strong>cru, cozido, grelhado ou em sopas<\/strong>. Suas folhas, conhecidas como <strong>nabi\u00e7as<\/strong>, tamb\u00e9m s\u00e3o comest\u00edveis e muito nutritivas, sendo \u00f3timas refogadas ou utilizadas em caldos.<\/p>\n\n\n\n<p>Rico em <strong>vitamina C, fibras, pot\u00e1ssio e c\u00e1lcio<\/strong>, o nabo auxilia na digest\u00e3o, fortalece o sistema imunol\u00f3gico e contribui para o bom funcionamento do intestino. Al\u00e9m disso, \u00e9 um alimento de baixo valor cal\u00f3rico, ideal para dietas balanceadas.<\/p>\n\n\n\n<p>Leia tamb\u00e9m: <a href=\"https:\/\/www.correiobraziliense.com.br\/cbradar\/como-identificar-se-sua-laranjeira-precisa-de-mais-ou-menos-agua\/\" target=\"_blank\" rel=\"noreferrer noopener\">Como identificar se sua laranjeira precisa de mais ou menos \u00e1gua<\/a><\/p>\n\n\n\n<iframe loading=\"lazy\" width=\"560\" height=\"315\" src=\"https:\/\/www.youtube.com\/embed\/Y0C0BCQiM6k?si=mfgOoybUt-x2NSbA\" title=\"YouTube video player\" frameborder=\"0\" allow=\"accelerometer; autoplay; clipboard-write; encrypted-media; gyroscope; picture-in-picture; web-share\" referrerpolicy=\"strict-origin-when-cross-origin\" allowfullscreen><\/iframe>\n\n\n\n<h2 class=\"wp-block-heading\">Quais s\u00e3o as principais variedades de nabo?<\/h2>\n\n\n\n<p>Existem diversas variedades de <strong>nabo<\/strong>, com diferen\u00e7as no formato, cor e sabor. Entre as mais conhecidas est\u00e3o:<\/p>\n\n\n\n<ul class=\"wp-block-list\">\n<li><strong>Nabo Japon\u00eas (Daikon)<\/strong> \u2013 De formato alongado e sabor suave, muito usado na culin\u00e1ria oriental.<\/li>\n\n\n\n<li><strong>Nabo Roxo-de-topo-branco<\/strong> \u2013 Cl\u00e1ssico nas hortas brasileiras, com polpa branca e casca arroxeada.<\/li>\n\n\n\n<li><strong>Nabo Redondo Branco<\/strong> \u2013 De crescimento r\u00e1pido e textura macia, ideal para colheitas precoces.<\/li>\n<\/ul>\n\n\n\n<p>Cada variedade se adapta melhor a determinados climas, por isso \u00e9 importante escolher aquela que melhor se encaixa nas condi\u00e7\u00f5es da sua regi\u00e3o.<\/p>\n\n\n\n<h2 class=\"wp-block-heading\">FAQ<\/h2>\n\n\n\n<p><strong>1. O nabo precisa de muito sol?<\/strong><br>Sim, o nabo precisa de <strong>pelo menos 4 a 6 horas di\u00e1rias de sol direto<\/strong>. No entanto, ele tamb\u00e9m se desenvolve bem em meia-sombra, desde que a luminosidade seja suficiente.<\/p>\n\n\n\n<p><strong>2. \u00c9 poss\u00edvel plantar nabo em vasos?<\/strong><br>Sim. Desde que o vaso tenha <strong>m\u00ednimo de 25 cm de profundidade<\/strong> e furos para drenagem. Use substrato leve e mantenha a irriga\u00e7\u00e3o constante.<\/p>\n\n\n\n<p><strong>3. Quanto tempo demora para o nabo crescer?<\/strong><br>O ciclo de crescimento varia de <strong>40 a 70 dias<\/strong>, dependendo da variedade e das condi\u00e7\u00f5es de cultivo.<\/p>\n\n\n\n<p><strong>4. O nabo precisa de adubo qu\u00edmico?<\/strong><br>N\u00e3o necessariamente. Adubos org\u00e2nicos, como <strong>composto caseiro<\/strong> e <strong>esterco curtido<\/strong>, s\u00e3o suficientes para garantir um bom desenvolvimento.<\/p>\n\n\n\n<p><strong>5. Como evitar que o nabo fique oco por dentro?<\/strong><br>O principal motivo \u00e9 <strong>falta de irriga\u00e7\u00e3o regular<\/strong> ou colheita tardia. Mantenha o solo sempre \u00famido e colha no momento certo.<\/p>\n","protected":false},"excerpt":{"rendered":"<p>O nabo \u00e9 uma hortali\u00e7a de raiz muito apreciada tanto na culin\u00e1ria quanto na agricultura sustent\u00e1vel. De sabor levemente picante e textura crocante, ele pertence \u00e0 fam\u00edlia das Brassicaceae, a mesma do repolho e da couve. \u00c9 um alimento rico em fibras, vitamina C e minerais, sendo tamb\u00e9m uma excelente op\u00e7\u00e3o para quem busca uma [&hellip;]<\/p>\n","protected":false},"author":9,"featured_media":18497,"comment_status":"open","ping_status":"open","sticky":false,"template":"","format":"standard","meta":{"_yoast_wpseo_focuskw":"como plantar nabo","_yoast_wpseo_title":"%%title%% %%page%%","_yoast_wpseo_metadesc":"Aprenda a plantar e cuidar de nabos em casa, garantindo ra\u00edzes crocantes, folhas nutritivas e colheitas r\u00e1pidas e saborosas.","jnews-multi-image_gallery":[],"jnews_single_post":{"format":"standard"},"jnews_primary_category":[],"jnews_social_meta":[],"jnews_override_counter":[],"footnotes":""},"categories":[136],"post_tag":[614,5236,2316,3221],"class_list":["post-127855","post","type-post","status-publish","format-standard","has-post-thumbnail","hentry","category-jardinagem","tag-cultivo","tag-horticultura","tag-nabo","tag-plantas-comestiveis"],"yoast_head":"<!-- This site is optimized with the Yoast SEO plugin v24.6 - https:\/\/yoast.com\/wordpress\/plugins\/seo\/ -->\n<title>A hortali\u00e7a esquecida que pode transformar sua horta em pouco tempo<\/title>\n<meta name=\"description\" content=\"Aprenda a plantar e cuidar de nabos em casa, garantindo ra\u00edzes crocantes, folhas nutritivas e colheitas r\u00e1pidas e saborosas.\" \/>\n<meta name=\"robots\" content=\"index, follow, max-snippet:-1, max-image-preview:large, max-video-preview:-1\" \/>\n<link rel=\"canonical\" href=\"https:\/\/www.correiobraziliense.com.br\/cbradar\/a-hortalica-esquecida-que-pode-transformar-sua-horta-em-pouco-tempo\/\" \/>\n<meta property=\"og:locale\" content=\"pt_BR\" \/>\n<meta property=\"og:type\" content=\"article\" \/>\n<meta property=\"og:title\" content=\"A hortali\u00e7a esquecida que pode transformar sua horta em pouco tempo\" \/>\n<meta property=\"og:description\" content=\"Aprenda a plantar e cuidar de nabos em casa, garantindo ra\u00edzes crocantes, folhas nutritivas e colheitas r\u00e1pidas e saborosas.\" \/>\n<meta property=\"og:url\" content=\"https:\/\/www.correiobraziliense.com.br\/cbradar\/a-hortalica-esquecida-que-pode-transformar-sua-horta-em-pouco-tempo\/\" \/>\n<meta property=\"og:site_name\" content=\"Correio Braziliense - Radar\" \/>\n<meta property=\"article:published_time\" content=\"2025-10-30T22:45:00+00:00\" \/>\n<meta property=\"og:image\" content=\"https:\/\/www.correiobraziliense.com.br\/cbradar\/wp-content\/uploads\/2025\/04\/nabo_1743617165513.jpg\" \/>\n\t<meta property=\"og:image:width\" content=\"1280\" \/>\n\t<meta property=\"og:image:height\" content=\"720\" \/>\n\t<meta property=\"og:image:type\" content=\"image\/jpeg\" \/>\n<meta name=\"author\" content=\"Daniely Cardoso\" \/>\n<meta name=\"twitter:card\" content=\"summary_large_image\" \/>\n<meta name=\"twitter:label1\" content=\"Escrito por\" \/>\n\t<meta name=\"twitter:data1\" content=\"Daniely Cardoso\" \/>\n\t<meta name=\"twitter:label2\" content=\"Est. tempo de leitura\" \/>\n\t<meta name=\"twitter:data2\" content=\"7 minutos\" \/>\n<!-- \/ Yoast SEO plugin. -->","yoast_head_json":{"title":"A hortali\u00e7a esquecida que pode transformar sua horta em pouco tempo","description":"Aprenda a plantar e cuidar de nabos em casa, garantindo ra\u00edzes crocantes, folhas nutritivas e colheitas r\u00e1pidas e saborosas.","robots":{"index":"index","follow":"follow","max-snippet":"max-snippet:-1","max-image-preview":"max-image-preview:large","max-video-preview":"max-video-preview:-1"},"canonical":"https:\/\/www.correiobraziliense.com.br\/cbradar\/a-hortalica-esquecida-que-pode-transformar-sua-horta-em-pouco-tempo\/","og_locale":"pt_BR","og_type":"article","og_title":"A hortali\u00e7a esquecida que pode transformar sua horta em pouco tempo","og_description":"Aprenda a plantar e cuidar de nabos em casa, garantindo ra\u00edzes crocantes, folhas nutritivas e colheitas r\u00e1pidas e saborosas.","og_url":"https:\/\/www.correiobraziliense.com.br\/cbradar\/a-hortalica-esquecida-que-pode-transformar-sua-horta-em-pouco-tempo\/","og_site_name":"Correio Braziliense - Radar","article_published_time":"2025-10-30T22:45:00+00:00","og_image":[{"width":1280,"height":720,"url":"https:\/\/www.correiobraziliense.com.br\/cbradar\/wp-content\/uploads\/2025\/04\/nabo_1743617165513.jpg","type":"image\/jpeg"}],"author":"Daniely Cardoso","twitter_card":"summary_large_image","twitter_misc":{"Escrito por":"Daniely Cardoso","Est. tempo de leitura":"7 minutos"},"schema":{"@context":"https:\/\/schema.org","@graph":[{"@type":"WebPage","@id":"https:\/\/www.correiobraziliense.com.br\/cbradar\/a-hortalica-esquecida-que-pode-transformar-sua-horta-em-pouco-tempo\/","url":"https:\/\/www.correiobraziliense.com.br\/cbradar\/a-hortalica-esquecida-que-pode-transformar-sua-horta-em-pouco-tempo\/","name":"A hortali\u00e7a esquecida que pode transformar sua horta em pouco tempo","isPartOf":{"@id":"https:\/\/www.correiobraziliense.com.br\/cbradar\/#website"},"primaryImageOfPage":{"@id":"https:\/\/www.correiobraziliense.com.br\/cbradar\/a-hortalica-esquecida-que-pode-transformar-sua-horta-em-pouco-tempo\/#primaryimage"},"image":{"@id":"https:\/\/www.correiobraziliense.com.br\/cbradar\/a-hortalica-esquecida-que-pode-transformar-sua-horta-em-pouco-tempo\/#primaryimage"},"thumbnailUrl":"https:\/\/www.correiobraziliense.com.br\/cbradar\/wp-content\/uploads\/2025\/04\/nabo_1743617165513.jpg","datePublished":"2025-10-30T22:45:00+00:00","author":{"@id":"https:\/\/www.correiobraziliense.com.br\/cbradar\/#\/schema\/person\/7356666e12ec0ee53f348ee5db227032"},"description":"Aprenda a plantar e cuidar de nabos em casa, garantindo ra\u00edzes crocantes, folhas nutritivas e colheitas r\u00e1pidas e saborosas.","breadcrumb":{"@id":"https:\/\/www.correiobraziliense.com.br\/cbradar\/a-hortalica-esquecida-que-pode-transformar-sua-horta-em-pouco-tempo\/#breadcrumb"},"inLanguage":"pt-BR","potentialAction":[{"@type":"ReadAction","target":["https:\/\/www.correiobraziliense.com.br\/cbradar\/a-hortalica-esquecida-que-pode-transformar-sua-horta-em-pouco-tempo\/"]}]},{"@type":"ImageObject","inLanguage":"pt-BR","@id":"https:\/\/www.correiobraziliense.com.br\/cbradar\/a-hortalica-esquecida-que-pode-transformar-sua-horta-em-pouco-tempo\/#primaryimage","url":"https:\/\/www.correiobraziliense.com.br\/cbradar\/wp-content\/uploads\/2025\/04\/nabo_1743617165513.jpg","contentUrl":"https:\/\/www.correiobraziliense.com.br\/cbradar\/wp-content\/uploads\/2025\/04\/nabo_1743617165513.jpg","width":1280,"height":720,"caption":"Propriedade digestiva, favorecendo o funcionamento do sistema gastrointestinal - Cr\u00e9ditos: depositphotos.com \/ outline205"},{"@type":"BreadcrumbList","@id":"https:\/\/www.correiobraziliense.com.br\/cbradar\/a-hortalica-esquecida-que-pode-transformar-sua-horta-em-pouco-tempo\/#breadcrumb","itemListElement":[{"@type":"ListItem","position":1,"name":"In\u00edcio","item":"https:\/\/www.correiobraziliense.com.br\/cbradar\/"},{"@type":"ListItem","position":2,"name":"A hortali\u00e7a esquecida que pode transformar sua horta em pouco tempo"}]},{"@type":"WebSite","@id":"https:\/\/www.correiobraziliense.com.br\/cbradar\/#website","url":"https:\/\/www.correiobraziliense.com.br\/cbradar\/","name":"Correio Braziliense - Radar","description":"Acompanhe as \u00faltimas not\u00edcias e fique bem informado sobre tudo o que acontece no Brasil e no mundo.","potentialAction":[{"@type":"SearchAction","target":{"@type":"EntryPoint","urlTemplate":"https:\/\/www.correiobraziliense.com.br\/cbradar\/?s={search_term_string}"},"query-input":{"@type":"PropertyValueSpecification","valueRequired":true,"valueName":"search_term_string"}}],"inLanguage":"pt-BR"},{"@type":"Person","@id":"https:\/\/www.correiobraziliense.com.br\/cbradar\/#\/schema\/person\/7356666e12ec0ee53f348ee5db227032","name":"Daniely Cardoso","image":{"@type":"ImageObject","inLanguage":"pt-BR","@id":"https:\/\/www.correiobraziliense.com.br\/cbradar\/#\/schema\/person\/image\/","url":"https:\/\/secure.gravatar.com\/avatar\/4b80ddbd124d1f071b626d52d62e5dff?s=96&d=mm&r=g","contentUrl":"https:\/\/secure.gravatar.com\/avatar\/4b80ddbd124d1f071b626d52d62e5dff?s=96&d=mm&r=g","caption":"Daniely Cardoso"},"description":"Redatora nos portais CB Radar e EM Foco, formada pela Universidade Federal de Goi\u00e1s, em Goi\u00e2nia. Apaixonada por comunica\u00e7\u00e3o, arte, decora\u00e7\u00e3o e tend\u00eancias, atuo na produ\u00e7\u00e3o de conte\u00fados envolventes sobre curiosidades, moda, beleza e paisagismo, sempre com um olhar atento \u00e0s novidades do momento.","sameAs":["https:\/\/www.correiobraziliense.com.br\/cbradar"],"url":"https:\/\/www.correiobraziliense.com.br\/cbradar\/author\/danielymyth\/"}]}},"_links":{"self":[{"href":"https:\/\/www.correiobraziliense.com.br\/cbradar\/wp-json\/wp\/v2\/posts\/127855","targetHints":{"allow":["GET"]}}],"collection":[{"href":"https:\/\/www.correiobraziliense.com.br\/cbradar\/wp-json\/wp\/v2\/posts"}],"about":[{"href":"https:\/\/www.correiobraziliense.com.br\/cbradar\/wp-json\/wp\/v2\/types\/post"}],"author":[{"embeddable":true,"href":"https:\/\/www.correiobraziliense.com.br\/cbradar\/wp-json\/wp\/v2\/users\/9"}],"replies":[{"embeddable":true,"href":"https:\/\/www.correiobraziliense.com.br\/cbradar\/wp-json\/wp\/v2\/comments?post=127855"}],"version-history":[{"count":1,"href":"https:\/\/www.correiobraziliense.com.br\/cbradar\/wp-json\/wp\/v2\/posts\/127855\/revisions"}],"predecessor-version":[{"id":127871,"href":"https:\/\/www.correiobraziliense.com.br\/cbradar\/wp-json\/wp\/v2\/posts\/127855\/revisions\/127871"}],"wp:featuredmedia":[{"embeddable":true,"href":"https:\/\/www.correiobraziliense.com.br\/cbradar\/wp-json\/wp\/v2\/media\/18497"}],"wp:attachment":[{"href":"https:\/\/www.correiobraziliense.com.br\/cbradar\/wp-json\/wp\/v2\/media?parent=127855"}],"wp:term":[{"taxonomy":"category","embeddable":true,"href":"https:\/\/www.correiobraziliense.com.br\/cbradar\/wp-json\/wp\/v2\/categories?post=127855"},{"taxonomy":"post_tag","embeddable":true,"href":"https:\/\/www.correiobraziliense.com.br\/cbradar\/wp-json\/wp\/v2\/post_tag?post=127855"}],"curies":[{"name":"wp","href":"https:\/\/api.w.org\/{rel}","templated":true}]}}