{"id":12795,"date":"2025-03-17T08:23:00","date_gmt":"2025-03-17T11:23:00","guid":{"rendered":"https:\/\/www.correiobraziliense.com.br\/cbradar\/?p=12795"},"modified":"2025-03-14T13:40:26","modified_gmt":"2025-03-14T16:40:26","slug":"substituto-do-celta-que-faz-147-km-por-litro-acabou-de-chegar-para-concorrer-com-kwid","status":"publish","type":"post","link":"https:\/\/www.correiobraziliense.com.br\/cbradar\/substituto-do-celta-que-faz-147-km-por-litro-acabou-de-chegar-para-concorrer-com-kwid\/","title":{"rendered":"Substituto do Celta que faz 14,7 km por litro acabou de chegar para concorrer com Kwid"},"content":{"rendered":"\n<p>O Chevrolet Aveo foi introduzido no mercado latino-americano como uma op\u00e7\u00e3o para aqueles que buscam um ve\u00edculo compacto e econ\u00f4mico. Posicionado como um sucessor do Celta, o Aveo combina um design moderno com funcionalidades que atendem \u00e0s necessidades dos consumidores atuais. Este lan\u00e7amento representa um passo importante para a Chevrolet, que busca oferecer ve\u00edculos que aliam efici\u00eancia e acessibilidade.<\/p>\n\n\n\n<p>O design do Aveo \u00e9 um de seus principais atrativos, apresentando um visual que equilibra praticidade e modernidade. O modelo \u00e9 ligeiramente maior que o Onix e inclui caracter\u00edsticas como uma grade frontal cromada, luzes de LED e rodas de 15 polegadas. Equipado com um motor 1.5 aspirado de quatro cilindros, o Aveo oferece at\u00e9 98 cavalos de pot\u00eancia, com op\u00e7\u00f5es de transmiss\u00e3o manual de seis marchas ou autom\u00e1tica CVT.<\/p>\n\n\n\n<h2 class=\"wp-block-heading\">Quais s\u00e3o os principais atrativos do Chevrolet Aveo?<\/h2>\n\n\n\n<p>O Aveo se destaca por sua <strong>efici\u00eancia no consumo de combust\u00edvel<\/strong>, um fator crucial em tempos de pre\u00e7os elevados de combust\u00edveis. O modelo \u00e9 capaz de atingir at\u00e9 14,7 km\/l em \u00e1reas urbanas e 16,9 km\/l em rodovias, tornando-se uma escolha econ\u00f4mica para muitos consumidores. Essa efici\u00eancia permite que os motoristas economizem sem sacrificar o conforto e a modernidade.<\/p>\n\n\n\n<p>Internamente, o Aveo oferece um ambiente funcional, com espa\u00e7o suficiente para acomodar confortavelmente cinco passageiros. Embora o acabamento seja simples, o ve\u00edculo \u00e9 equipado com tecnologia avan\u00e7ada, incluindo um sistema de climatiza\u00e7\u00e3o digital, uma tela multim\u00eddia de 7 polegadas com GPS, c\u00e2mera de r\u00e9 e compatibilidade com Apple CarPlay e Android Auto.<\/p>\n\n\n\n<figure class=\"wp-block-gallery has-nested-images columns-default is-cropped wp-block-gallery-1 is-layout-flex wp-block-gallery-is-layout-flex\">\n<figure class=\"wp-block-image size-large\"><img decoding=\"async\" width=\"1024\" height=\"576\" data-id=\"12797\" src=\"https:\/\/www.correiobraziliense.com.br\/cbradar\/wp-content\/uploads\/2025\/03\/Chevrolet-Aveo_1740044057940-1024x576-1.jpg\" alt=\"Chevrolet Aveo \u2013 Cr\u00e9ditos: depositphotos.com \/ everyonensk\" class=\"wp-image-12797\" srcset=\"https:\/\/www.correiobraziliense.com.br\/cbradar\/wp-content\/uploads\/2025\/03\/Chevrolet-Aveo_1740044057940-1024x576-1.jpg 1024w, https:\/\/www.correiobraziliense.com.br\/cbradar\/wp-content\/uploads\/2025\/03\/Chevrolet-Aveo_1740044057940-1024x576-1-300x169.jpg 300w, https:\/\/www.correiobraziliense.com.br\/cbradar\/wp-content\/uploads\/2025\/03\/Chevrolet-Aveo_1740044057940-1024x576-1-768x432.jpg 768w, https:\/\/www.correiobraziliense.com.br\/cbradar\/wp-content\/uploads\/2025\/03\/Chevrolet-Aveo_1740044057940-1024x576-1-750x422.jpg 750w\" sizes=\"(max-width: 1024px) 100vw, 1024px\" \/><figcaption class=\"wp-element-caption\">Chevrolet Aveo \u2013 Cr\u00e9ditos: depositphotos.com \/ everyonensk<\/figcaption><\/figure>\n<\/figure>\n\n\n\n<h2 class=\"wp-block-heading\">O Chevrolet Aveo \u00e9 seguro?<\/h2>\n\n\n\n<p>Em termos de seguran\u00e7a, o Aveo foi bem avaliado nos testes de colis\u00e3o do Latin NCAP, recebendo uma classifica\u00e7\u00e3o de cinco estrelas. O modelo vem equipado com uma s\u00e9rie de recursos de seguran\u00e7a, como:<\/p>\n\n\n\n<ul class=\"wp-block-list\">\n<li>Freios a disco com sistema ABS<\/li>\n\n\n\n<li>Airbags frontais e laterais<\/li>\n\n\n\n<li>Controles de tra\u00e7\u00e3o e estabilidade<\/li>\n\n\n\n<li>Cintos de seguran\u00e7a de tr\u00eas pontos para todos os ocupantes<\/li>\n\n\n\n<li>Sistema ISOFIX para fixa\u00e7\u00e3o de cadeirinhas infantis<\/li>\n<\/ul>\n\n\n\n<p>Esses recursos garantem um alto n\u00edvel de prote\u00e7\u00e3o para os ocupantes do ve\u00edculo.<\/p>\n\n\n\n<h2 class=\"wp-block-heading\">O Chevrolet Aveo \u00e9 uma boa escolha no Brasil?<\/h2>\n\n\n\n<p>Com pre\u00e7os que variam entre R$80.000 e R$95.000, o Chevrolet Aveo se posiciona como uma op\u00e7\u00e3o competitiva no mercado brasileiro, especialmente em compara\u00e7\u00e3o com modelos como o Renault Kwid. O Aveo oferece um pacote que combina economia, desempenho e tecnologia, tornando-se uma escolha atraente para quem busca um carro compacto e acess\u00edvel.<\/p>\n\n\n\n<p>Em suma, o Chevrolet Aveo chega ao mercado com a proposta de oferecer um ve\u00edculo que une efici\u00eancia, seguran\u00e7a e tecnologia. Com um design moderno e funcionalidades que atendem \u00e0s necessidades do p\u00fablico atual, o Aveo tem potencial para se destacar no segmento de mini hatchs.<\/p>\n","protected":false},"excerpt":{"rendered":"<p>O Chevrolet Aveo foi introduzido no mercado latino-americano como uma op\u00e7\u00e3o para aqueles que buscam um ve\u00edculo compacto e econ\u00f4mico. Posicionado como um sucessor do Celta, o Aveo combina um design moderno com funcionalidades que atendem \u00e0s necessidades dos consumidores atuais. Este lan\u00e7amento representa um passo importante para a Chevrolet, que busca oferecer ve\u00edculos que [&hellip;]<\/p>\n","protected":false},"author":4,"featured_media":12796,"comment_status":"open","ping_status":"open","sticky":false,"template":"","format":"standard","meta":{"_yoast_wpseo_focuskw":"Chevrolet Aveo","_yoast_wpseo_title":"","_yoast_wpseo_metadesc":"O Chevrolet Aveo foi introduzido no mercado latino-americano como uma op\u00e7\u00e3o para aqueles que buscam um ve\u00edculo compacto e econ\u00f4mico. Posicionado como um sucessor do Celta, o Aveo combina um design moderno","jnews-multi-image_gallery":[],"jnews_single_post":{"format":"standard"},"jnews_primary_category":[],"jnews_social_meta":[],"jnews_override_counter":[],"footnotes":""},"categories":[122],"tags":[1958],"class_list":["post-12795","post","type-post","status-publish","format-standard","has-post-thumbnail","hentry","category-automobilismo","tag-chevrolet-aveo"],"yoast_head":"<!-- This site is optimized with the Yoast SEO plugin v24.6 - https:\/\/yoast.com\/wordpress\/plugins\/seo\/ -->\n<title>Substituto do Celta que faz 14,7 km por litro acabou de chegar para concorrer com Kwid - Correio Braziliense - Radar<\/title>\n<meta name=\"description\" content=\"O Chevrolet Aveo foi introduzido no mercado latino-americano como uma op\u00e7\u00e3o para aqueles que buscam um ve\u00edculo compacto e econ\u00f4mico. Posicionado como um sucessor do Celta, o Aveo combina um design moderno\" \/>\n<meta name=\"robots\" content=\"index, follow, max-snippet:-1, max-image-preview:large, max-video-preview:-1\" \/>\n<link rel=\"canonical\" href=\"https:\/\/www.correiobraziliense.com.br\/cbradar\/substituto-do-celta-que-faz-147-km-por-litro-acabou-de-chegar-para-concorrer-com-kwid\/\" \/>\n<meta property=\"og:locale\" content=\"pt_BR\" \/>\n<meta property=\"og:type\" content=\"article\" \/>\n<meta property=\"og:title\" content=\"Substituto do Celta que faz 14,7 km por litro acabou de chegar para concorrer com Kwid - Correio Braziliense - Radar\" \/>\n<meta property=\"og:description\" content=\"O Chevrolet Aveo foi introduzido no mercado latino-americano como uma op\u00e7\u00e3o para aqueles que buscam um ve\u00edculo compacto e econ\u00f4mico. Posicionado como um sucessor do Celta, o Aveo combina um design moderno\" \/>\n<meta property=\"og:url\" content=\"https:\/\/www.correiobraziliense.com.br\/cbradar\/substituto-do-celta-que-faz-147-km-por-litro-acabou-de-chegar-para-concorrer-com-kwid\/\" \/>\n<meta property=\"og:site_name\" content=\"Correio Braziliense - Radar\" \/>\n<meta property=\"article:published_time\" content=\"2025-03-17T11:23:00+00:00\" \/>\n<meta property=\"og:image\" content=\"https:\/\/www.correiobraziliense.com.br\/cbradar\/wp-content\/uploads\/2025\/03\/httpsneuralmyth.comstaticcache7f4c7d9a-0338-47b1-aa59-1dbe125dcb13.jpeg\" \/>\n\t<meta property=\"og:image:width\" content=\"1280\" \/>\n\t<meta property=\"og:image:height\" content=\"720\" \/>\n\t<meta property=\"og:image:type\" content=\"image\/jpeg\" \/>\n<meta name=\"author\" content=\"Guilherme Cremaschi\" \/>\n<meta name=\"twitter:card\" content=\"summary_large_image\" \/>\n<meta name=\"twitter:label1\" content=\"Escrito por\" \/>\n\t<meta name=\"twitter:data1\" content=\"Guilherme Cremaschi\" \/>\n\t<meta name=\"twitter:label2\" content=\"Est. tempo de leitura\" \/>\n\t<meta name=\"twitter:data2\" content=\"3 minutos\" \/>\n<!-- \/ Yoast SEO plugin. -->","yoast_head_json":{"title":"Substituto do Celta que faz 14,7 km por litro acabou de chegar para concorrer com Kwid - Correio Braziliense - Radar","description":"O Chevrolet Aveo foi introduzido no mercado latino-americano como uma op\u00e7\u00e3o para aqueles que buscam um ve\u00edculo compacto e econ\u00f4mico. Posicionado como um sucessor do Celta, o Aveo combina um design moderno","robots":{"index":"index","follow":"follow","max-snippet":"max-snippet:-1","max-image-preview":"max-image-preview:large","max-video-preview":"max-video-preview:-1"},"canonical":"https:\/\/www.correiobraziliense.com.br\/cbradar\/substituto-do-celta-que-faz-147-km-por-litro-acabou-de-chegar-para-concorrer-com-kwid\/","og_locale":"pt_BR","og_type":"article","og_title":"Substituto do Celta que faz 14,7 km por litro acabou de chegar para concorrer com Kwid - Correio Braziliense - Radar","og_description":"O Chevrolet Aveo foi introduzido no mercado latino-americano como uma op\u00e7\u00e3o para aqueles que buscam um ve\u00edculo compacto e econ\u00f4mico. Posicionado como um sucessor do Celta, o Aveo combina um design moderno","og_url":"https:\/\/www.correiobraziliense.com.br\/cbradar\/substituto-do-celta-que-faz-147-km-por-litro-acabou-de-chegar-para-concorrer-com-kwid\/","og_site_name":"Correio Braziliense - Radar","article_published_time":"2025-03-17T11:23:00+00:00","og_image":[{"width":1280,"height":720,"url":"https:\/\/www.correiobraziliense.com.br\/cbradar\/wp-content\/uploads\/2025\/03\/httpsneuralmyth.comstaticcache7f4c7d9a-0338-47b1-aa59-1dbe125dcb13.jpeg","type":"image\/jpeg"}],"author":"Guilherme Cremaschi","twitter_card":"summary_large_image","twitter_misc":{"Escrito por":"Guilherme Cremaschi","Est. tempo de leitura":"3 minutos"},"schema":{"@context":"https:\/\/schema.org","@graph":[{"@type":"WebPage","@id":"https:\/\/www.correiobraziliense.com.br\/cbradar\/substituto-do-celta-que-faz-147-km-por-litro-acabou-de-chegar-para-concorrer-com-kwid\/","url":"https:\/\/www.correiobraziliense.com.br\/cbradar\/substituto-do-celta-que-faz-147-km-por-litro-acabou-de-chegar-para-concorrer-com-kwid\/","name":"Substituto do Celta que faz 14,7 km por litro acabou de chegar para concorrer com Kwid - Correio Braziliense - Radar","isPartOf":{"@id":"https:\/\/www.correiobraziliense.com.br\/cbradar\/#website"},"primaryImageOfPage":{"@id":"https:\/\/www.correiobraziliense.com.br\/cbradar\/substituto-do-celta-que-faz-147-km-por-litro-acabou-de-chegar-para-concorrer-com-kwid\/#primaryimage"},"image":{"@id":"https:\/\/www.correiobraziliense.com.br\/cbradar\/substituto-do-celta-que-faz-147-km-por-litro-acabou-de-chegar-para-concorrer-com-kwid\/#primaryimage"},"thumbnailUrl":"https:\/\/www.correiobraziliense.com.br\/cbradar\/wp-content\/uploads\/2025\/03\/httpsneuralmyth.comstaticcache7f4c7d9a-0338-47b1-aa59-1dbe125dcb13.jpeg","datePublished":"2025-03-17T11:23:00+00:00","author":{"@id":"https:\/\/www.correiobraziliense.com.br\/cbradar\/#\/schema\/person\/4760856b25506e84ce34d5de2b0d95f1"},"description":"O Chevrolet Aveo foi introduzido no mercado latino-americano como uma op\u00e7\u00e3o para aqueles que buscam um ve\u00edculo compacto e econ\u00f4mico. Posicionado como um sucessor do Celta, o Aveo combina um design moderno","breadcrumb":{"@id":"https:\/\/www.correiobraziliense.com.br\/cbradar\/substituto-do-celta-que-faz-147-km-por-litro-acabou-de-chegar-para-concorrer-com-kwid\/#breadcrumb"},"inLanguage":"pt-BR","potentialAction":[{"@type":"ReadAction","target":["https:\/\/www.correiobraziliense.com.br\/cbradar\/substituto-do-celta-que-faz-147-km-por-litro-acabou-de-chegar-para-concorrer-com-kwid\/"]}]},{"@type":"ImageObject","inLanguage":"pt-BR","@id":"https:\/\/www.correiobraziliense.com.br\/cbradar\/substituto-do-celta-que-faz-147-km-por-litro-acabou-de-chegar-para-concorrer-com-kwid\/#primaryimage","url":"https:\/\/www.correiobraziliense.com.br\/cbradar\/wp-content\/uploads\/2025\/03\/httpsneuralmyth.comstaticcache7f4c7d9a-0338-47b1-aa59-1dbe125dcb13.jpeg","contentUrl":"https:\/\/www.correiobraziliense.com.br\/cbradar\/wp-content\/uploads\/2025\/03\/httpsneuralmyth.comstaticcache7f4c7d9a-0338-47b1-aa59-1dbe125dcb13.jpeg","width":1280,"height":720,"caption":"Substituto do Celta que faz 14,7 km por litro acabou de chegar para concorrer com Kwid Cr\u00e9ditos: depositphotos.com \/ everyonensk"},{"@type":"BreadcrumbList","@id":"https:\/\/www.correiobraziliense.com.br\/cbradar\/substituto-do-celta-que-faz-147-km-por-litro-acabou-de-chegar-para-concorrer-com-kwid\/#breadcrumb","itemListElement":[{"@type":"ListItem","position":1,"name":"In\u00edcio","item":"https:\/\/www.correiobraziliense.com.br\/cbradar\/"},{"@type":"ListItem","position":2,"name":"Substituto do Celta que faz 14,7 km por litro acabou de chegar para concorrer com Kwid"}]},{"@type":"WebSite","@id":"https:\/\/www.correiobraziliense.com.br\/cbradar\/#website","url":"https:\/\/www.correiobraziliense.com.br\/cbradar\/","name":"Correio Braziliense - Radar","description":"Acompanhe as \u00faltimas not\u00edcias e fique bem informado sobre tudo o que acontece no Brasil e no mundo.","potentialAction":[{"@type":"SearchAction","target":{"@type":"EntryPoint","urlTemplate":"https:\/\/www.correiobraziliense.com.br\/cbradar\/?s={search_term_string}"},"query-input":{"@type":"PropertyValueSpecification","valueRequired":true,"valueName":"search_term_string"}}],"inLanguage":"pt-BR"},{"@type":"Person","@id":"https:\/\/www.correiobraziliense.com.br\/cbradar\/#\/schema\/person\/4760856b25506e84ce34d5de2b0d95f1","name":"Guilherme Cremaschi","image":{"@type":"ImageObject","inLanguage":"pt-BR","@id":"https:\/\/www.correiobraziliense.com.br\/cbradar\/#\/schema\/person\/image\/","url":"https:\/\/secure.gravatar.com\/avatar\/6a059d20d980bdeb1d1d6b0fa2b4633c?s=96&d=mm&r=g","contentUrl":"https:\/\/secure.gravatar.com\/avatar\/6a059d20d980bdeb1d1d6b0fa2b4633c?s=96&d=mm&r=g","caption":"Guilherme Cremaschi"},"sameAs":["https:\/\/www.correiobraziliense.com.br\/"],"url":"https:\/\/www.correiobraziliense.com.br\/cbradar\/author\/guilhermemyth\/"}]}},"_links":{"self":[{"href":"https:\/\/www.correiobraziliense.com.br\/cbradar\/wp-json\/wp\/v2\/posts\/12795","targetHints":{"allow":["GET"]}}],"collection":[{"href":"https:\/\/www.correiobraziliense.com.br\/cbradar\/wp-json\/wp\/v2\/posts"}],"about":[{"href":"https:\/\/www.correiobraziliense.com.br\/cbradar\/wp-json\/wp\/v2\/types\/post"}],"author":[{"embeddable":true,"href":"https:\/\/www.correiobraziliense.com.br\/cbradar\/wp-json\/wp\/v2\/users\/4"}],"replies":[{"embeddable":true,"href":"https:\/\/www.correiobraziliense.com.br\/cbradar\/wp-json\/wp\/v2\/comments?post=12795"}],"version-history":[{"count":2,"href":"https:\/\/www.correiobraziliense.com.br\/cbradar\/wp-json\/wp\/v2\/posts\/12795\/revisions"}],"predecessor-version":[{"id":12808,"href":"https:\/\/www.correiobraziliense.com.br\/cbradar\/wp-json\/wp\/v2\/posts\/12795\/revisions\/12808"}],"wp:featuredmedia":[{"embeddable":true,"href":"https:\/\/www.correiobraziliense.com.br\/cbradar\/wp-json\/wp\/v2\/media\/12796"}],"wp:attachment":[{"href":"https:\/\/www.correiobraziliense.com.br\/cbradar\/wp-json\/wp\/v2\/media?parent=12795"}],"wp:term":[{"taxonomy":"category","embeddable":true,"href":"https:\/\/www.correiobraziliense.com.br\/cbradar\/wp-json\/wp\/v2\/categories?post=12795"},{"taxonomy":"post_tag","embeddable":true,"href":"https:\/\/www.correiobraziliense.com.br\/cbradar\/wp-json\/wp\/v2\/tags?post=12795"}],"curies":[{"name":"wp","href":"https:\/\/api.w.org\/{rel}","templated":true}]}}