{"id":127977,"date":"2025-10-30T18:25:00","date_gmt":"2025-10-30T21:25:00","guid":{"rendered":"https:\/\/www.correiobraziliense.com.br\/cbradar\/?p=127977"},"modified":"2025-10-29T21:25:54","modified_gmt":"2025-10-30T00:25:54","slug":"obesidade-pode-causar-cegueira-entenda-os-riscos","status":"publish","type":"post","link":"https:\/\/www.correiobraziliense.com.br\/cbradar\/obesidade-pode-causar-cegueira-entenda-os-riscos\/","title":{"rendered":"Obesidade pode causar cegueira? Entenda os riscos"},"content":{"rendered":"\n<p>Recentemente, estudos destacaram uma liga\u00e7\u00e3o preocupante entre a <strong>Obesidade e o risco aumentado de doen\u00e7as oculares graves,<\/strong> mesmo ap\u00f3s mudan\u00e7as significativas na dieta e perda de peso. Em particular, a degenera\u00e7\u00e3o macular relacionada \u00e0 idade (DMRI) surge como uma das amea\u00e7as mais significativas \u00e0 sa\u00fade ocular para pessoas que lutam contra o excesso de peso. Essa enfermidade \u00e9 uma das principais causas de cegueira no mundo, afetando a parte central da retina, respons\u00e1vel pela vis\u00e3o de detalhes.<\/p>\n\n\n\n<p>A DMRI pode manifestar-se de duas formas distintas: a seca, caracterizada por dep\u00f3sitos gordurosos na retina que resultam na morte celular, e a \u00famida, onde novos vasos sangu\u00edneos crescem na retina, provocando vazamento de fluidos ou sangue. Fatores adicionais como tabagismo, exposi\u00e7\u00e3o solar sem prote\u00e7\u00e3o e hipertens\u00e3o arterial tamb\u00e9m elevam o risco dessa condi\u00e7\u00e3o.<\/p>\n\n\n\n<h2 class=\"wp-block-heading\">Qual \u00e9 a rela\u00e7\u00e3o entre Obesidade e Doen\u00e7as Oculares?<\/h2>\n\n\n\n<p>A obesidade \u00e9 um fator de risco conhecido para diversas condi\u00e7\u00f5es cr\u00f4nicas, mas sua associa\u00e7\u00e3o com doen\u00e7as oculares tem ganhado mais aten\u00e7\u00e3o recentemente. Indiv\u00edduos com \u00edndice de massa corporal (IMC) acima de 30 j\u00e1 s\u00e3o classificados como obesos e enfrentam dificuldades crescentes em combater os radicais livres, facilitando o desenvolvimento de condi\u00e7\u00f5es como catarata. Esta \u00faltima, respons\u00e1vel pelo emba\u00e7amento do cristalino, permanece como a causa trat\u00e1vel mais comum de perda de vis\u00e3o, sendo corrigida apenas por cirurgia para implantar uma lente intraocular.<\/p>\n\n\n<div class=\"wp-block-image\">\n<figure class=\"aligncenter size-large\"><img decoding=\"async\" width=\"1024\" height=\"576\" src=\"https:\/\/www.correiobraziliense.com.br\/cbradar\/wp-content\/uploads\/2025\/10\/cegueira_1761515689986-1024x576.jpg\" alt=\"\" class=\"wp-image-125961\" srcset=\"https:\/\/www.correiobraziliense.com.br\/cbradar\/wp-content\/uploads\/2025\/10\/cegueira_1761515689986-1024x576.jpg 1024w, https:\/\/www.correiobraziliense.com.br\/cbradar\/wp-content\/uploads\/2025\/10\/cegueira_1761515689986-300x169.jpg 300w, https:\/\/www.correiobraziliense.com.br\/cbradar\/wp-content\/uploads\/2025\/10\/cegueira_1761515689986-768x432.jpg 768w, https:\/\/www.correiobraziliense.com.br\/cbradar\/wp-content\/uploads\/2025\/10\/cegueira_1761515689986-750x422.jpg 750w, https:\/\/www.correiobraziliense.com.br\/cbradar\/wp-content\/uploads\/2025\/10\/cegueira_1761515689986-1140x641.jpg 1140w, https:\/\/www.correiobraziliense.com.br\/cbradar\/wp-content\/uploads\/2025\/10\/cegueira_1761515689986.jpg 1280w\" sizes=\"(max-width: 1024px) 100vw, 1024px\" \/><figcaption class=\"wp-element-caption\">cegueira &#8211; Cr\u00e9ditos: depositphotos.com \/ IgorVetushko<\/figcaption><\/figure><\/div>\n\n\n<p>A diabetes tipo 2, frequentemente desencadeada pela obesidade, \u00e9 outro fator preocupante. Este dist\u00farbio metab\u00f3lico aumenta significativamente as chances de desenvolver retinopatia diab\u00e9tica ap\u00f3s uma d\u00e9cada convivendo com a doen\u00e7a. O crescimento an\u00f4malo de vasos sangu\u00edneos dificulta a nutri\u00e7\u00e3o da retina, mas interven\u00e7\u00f5es precoces, como a aplica\u00e7\u00e3o de laser, podem ajudar a controlar a situa\u00e7\u00e3o.<\/p>\n\n\n\n<h2 class=\"wp-block-heading\">Como prevenir problemas oculares relacionados \u00e0 obesidade?<\/h2>\n\n\n\n<p>A preven\u00e7\u00e3o \u00e9 uma aliada poderosa contra a progress\u00e3o de doen\u00e7as oculares, especialmente na presen\u00e7a de obesidade. O diagn\u00f3stico precoce \u00e9 essencial, e consultas regulares com oftalmologistas s\u00e3o recomendadas para detectar poss\u00edveis problemas antes que eles causem danos significativos. A cada dois anos, at\u00e9 os 59 anos, um exame oftalmol\u00f3gico \u00e9 sugerido, sendo anual ap\u00f3s os 60 anos. Assim, \u00e9 poss\u00edvel detectar condi\u00e7\u00f5es como diabetes ou hipertens\u00e3o durante inspe\u00e7\u00f5es de rotina do fundo ocular.<\/p>\n\n\n\n<h2 class=\"wp-block-heading\">Por que exames oftalmol\u00f3gicos s\u00e3o cruciais a partir dos 40 anos?<\/h2>\n\n\n\n<p>Muitas doen\u00e7as dos olhos emergem de maneira silenciosa, principalmente ap\u00f3s os 40 anos, tornando os exames regulares essenciais para a detec\u00e7\u00e3o precoce. Durante esses exames, o mapeamento da retina pode revelar altera\u00e7\u00f5es nos vasos sangu\u00edneos que indicam riscos de doen\u00e7as como a retinopatia diab\u00e9tica e a DMRI. Portanto, independentemente do peso, o monitoramento cont\u00ednuo da <a href=\"https:\/\/www.correiobraziliense.com.br\/cbradar\/acaba-de-chegar-ao-brasil-tratamento-revolucionario-contra-tumores-cerebrais\/\" target=\"_blank\" rel=\"noreferrer noopener\">sa\u00fade <\/a>ocular \u00e9 uma pr\u00e1tica recomendada para todos.<\/p>\n\n\n\n<p>Al\u00e9m disso, \u00e9 vital adotar um estilo de vida que inclua uma dieta equilibrada e a pr\u00e1tica regular de exerc\u00edcios f\u00edsicos. Tais medidas s\u00e3o eficazes n\u00e3o apenas para controlar o peso, mas tamb\u00e9m para reduzir o risco de desenvolver complica\u00e7\u00f5es associadas a doen\u00e7as cr\u00f4nicas e preservar a vis\u00e3o saud\u00e1vel ao longo dos anos.<\/p>\n\n\n<a href=\"https:\/\/www.instagram.com\/dra.annaluisabf\/\" target=\"_blank\" rel=\"noopener\" style=\"text-decoration: none; color: inherit;\">\n    <span style=\"display: inline-block; border: 1px solid #ccc; border-radius: 10px; padding: 15px; max-width: 550px; font-family: sans-serif; box-shadow: 0 2px 5px rgba(0,0,0,0.1); width: 100%;\">\n\n      <!-- T\u00edtulo -->\n      <span style=\"display: block; margin: 0 0 15px 0; font-weight: bold; color: #2c3e50; text-align: center;\">\n        Entre em contato:\n      <\/span>\n\n      <!-- Linha do perfil -->\n      <span style=\"display: flex; align-items: center; gap: 15px;\">\n        <img decoding=\"async\"\n          src=\"https:\/\/www.correiobraziliense.com.br\/cbradar\/wp-content\/uploads\/2025\/08\/dra_anna_luisa.jpeg\"\n          alt=\"Foto da Dra. Anna Lu\u00edsa\"\n          style=\"border-radius: 50%; width: 80px; height: 80px; object-fit: cover;\"\n        \/>\n        <span style=\"display: flex; flex-direction: column;\">\n          <span style=\"font-size: 18px; font-weight: 700; color: #2c3e50;\">Dra. Anna Lu\u00edsa Barbosa Fernandes<\/span>\n          <span style=\"color: #555;\">CRM-GO 33.271<\/span>\n        <\/span>\n      <\/span>\n\n      <!-- Redes -->\n      <span style=\"display: flex; align-items: center; gap: 10px; margin-top: 12px;\">\n        <img decoding=\"async\" src=\"https:\/\/cdn-icons-png.flaticon.com\/24\/1384\/1384063.png\" alt=\"Instagram\" width=\"24\" height=\"24\" \/>\n        <span style=\"text-decoration: underline; color: #2c3e50;\">@dra.annaluisabf<\/span>\n      <\/span>\n\n    <\/span>\n  <\/a>","protected":false},"excerpt":{"rendered":"<p>Recentemente, estudos destacaram uma liga\u00e7\u00e3o preocupante entre a Obesidade e o risco aumentado de doen\u00e7as oculares graves, mesmo ap\u00f3s mudan\u00e7as significativas na dieta e perda de peso. Em particular, a degenera\u00e7\u00e3o macular relacionada \u00e0 idade (DMRI) surge como uma das amea\u00e7as mais significativas \u00e0 sa\u00fade ocular para pessoas que lutam contra o excesso de peso. [&hellip;]<\/p>\n","protected":false},"author":14,"featured_media":78215,"comment_status":"open","ping_status":"open","sticky":false,"template":"","format":"standard","meta":{"_yoast_wpseo_focuskw":"Obesidade e Doen\u00e7as Oculares","_yoast_wpseo_title":"","_yoast_wpseo_metadesc":"Mesmo ap\u00f3s emagrecer, quem teve obesidade pode ter risco maior de cegueira. Veja por que exames oculares s\u00e3o cruciais a partir dos 40 anos.","jnews-multi-image_gallery":[],"jnews_single_post":{"format":"standard"},"jnews_primary_category":[],"jnews_social_meta":[],"jnews_override_counter":[],"footnotes":""},"categories":[4404],"post_tag":[120,1318],"class_list":["post-127977","post","type-post","status-publish","format-standard","has-post-thumbnail","hentry","category-saude","tag-bem-estar","tag-saude-2"],"yoast_head":"<!-- This site is optimized with the Yoast SEO plugin v24.6 - https:\/\/yoast.com\/wordpress\/plugins\/seo\/ -->\n<title>Obesidade pode causar cegueira? Entenda os riscos - Correio Braziliense - Radar<\/title>\n<meta name=\"description\" content=\"Mesmo ap\u00f3s emagrecer, quem teve obesidade pode ter risco maior de cegueira. Veja por que exames oculares s\u00e3o cruciais a partir dos 40 anos.\" \/>\n<meta name=\"robots\" content=\"index, follow, max-snippet:-1, max-image-preview:large, max-video-preview:-1\" \/>\n<link rel=\"canonical\" href=\"https:\/\/www.correiobraziliense.com.br\/cbradar\/obesidade-pode-causar-cegueira-entenda-os-riscos\/\" \/>\n<meta property=\"og:locale\" content=\"pt_BR\" \/>\n<meta property=\"og:type\" content=\"article\" \/>\n<meta property=\"og:title\" content=\"Obesidade pode causar cegueira? Entenda os riscos - Correio Braziliense - Radar\" \/>\n<meta property=\"og:description\" content=\"Mesmo ap\u00f3s emagrecer, quem teve obesidade pode ter risco maior de cegueira. Veja por que exames oculares s\u00e3o cruciais a partir dos 40 anos.\" \/>\n<meta property=\"og:url\" content=\"https:\/\/www.correiobraziliense.com.br\/cbradar\/obesidade-pode-causar-cegueira-entenda-os-riscos\/\" \/>\n<meta property=\"og:site_name\" content=\"Correio Braziliense - Radar\" \/>\n<meta property=\"article:published_time\" content=\"2025-10-30T21:25:00+00:00\" \/>\n<meta property=\"og:image\" content=\"https:\/\/www.correiobraziliense.com.br\/cbradar\/wp-content\/uploads\/2025\/07\/gordo-dormindo_1753911109698.jpg\" \/>\n\t<meta property=\"og:image:width\" content=\"1280\" \/>\n\t<meta property=\"og:image:height\" content=\"720\" \/>\n\t<meta property=\"og:image:type\" content=\"image\/jpeg\" \/>\n<meta name=\"author\" content=\"guilherme_saude\" \/>\n<meta name=\"twitter:card\" content=\"summary_large_image\" \/>\n<meta name=\"twitter:label1\" content=\"Escrito por\" \/>\n\t<meta name=\"twitter:data1\" content=\"guilherme_saude\" \/>\n\t<meta name=\"twitter:label2\" content=\"Est. tempo de leitura\" \/>\n\t<meta name=\"twitter:data2\" content=\"4 minutos\" \/>\n<!-- \/ Yoast SEO plugin. -->","yoast_head_json":{"title":"Obesidade pode causar cegueira? Entenda os riscos - Correio Braziliense - Radar","description":"Mesmo ap\u00f3s emagrecer, quem teve obesidade pode ter risco maior de cegueira. Veja por que exames oculares s\u00e3o cruciais a partir dos 40 anos.","robots":{"index":"index","follow":"follow","max-snippet":"max-snippet:-1","max-image-preview":"max-image-preview:large","max-video-preview":"max-video-preview:-1"},"canonical":"https:\/\/www.correiobraziliense.com.br\/cbradar\/obesidade-pode-causar-cegueira-entenda-os-riscos\/","og_locale":"pt_BR","og_type":"article","og_title":"Obesidade pode causar cegueira? Entenda os riscos - Correio Braziliense - Radar","og_description":"Mesmo ap\u00f3s emagrecer, quem teve obesidade pode ter risco maior de cegueira. Veja por que exames oculares s\u00e3o cruciais a partir dos 40 anos.","og_url":"https:\/\/www.correiobraziliense.com.br\/cbradar\/obesidade-pode-causar-cegueira-entenda-os-riscos\/","og_site_name":"Correio Braziliense - Radar","article_published_time":"2025-10-30T21:25:00+00:00","og_image":[{"width":1280,"height":720,"url":"https:\/\/www.correiobraziliense.com.br\/cbradar\/wp-content\/uploads\/2025\/07\/gordo-dormindo_1753911109698.jpg","type":"image\/jpeg"}],"author":"guilherme_saude","twitter_card":"summary_large_image","twitter_misc":{"Escrito por":"guilherme_saude","Est. tempo de leitura":"4 minutos"},"schema":{"@context":"https:\/\/schema.org","@graph":[{"@type":"WebPage","@id":"https:\/\/www.correiobraziliense.com.br\/cbradar\/obesidade-pode-causar-cegueira-entenda-os-riscos\/","url":"https:\/\/www.correiobraziliense.com.br\/cbradar\/obesidade-pode-causar-cegueira-entenda-os-riscos\/","name":"Obesidade pode causar cegueira? Entenda os riscos - Correio Braziliense - Radar","isPartOf":{"@id":"https:\/\/www.correiobraziliense.com.br\/cbradar\/#website"},"primaryImageOfPage":{"@id":"https:\/\/www.correiobraziliense.com.br\/cbradar\/obesidade-pode-causar-cegueira-entenda-os-riscos\/#primaryimage"},"image":{"@id":"https:\/\/www.correiobraziliense.com.br\/cbradar\/obesidade-pode-causar-cegueira-entenda-os-riscos\/#primaryimage"},"thumbnailUrl":"https:\/\/www.correiobraziliense.com.br\/cbradar\/wp-content\/uploads\/2025\/07\/gordo-dormindo_1753911109698.jpg","datePublished":"2025-10-30T21:25:00+00:00","author":{"@id":"https:\/\/www.correiobraziliense.com.br\/cbradar\/#\/schema\/person\/5aa4bf3c8fa699c267933611de12978b"},"description":"Mesmo ap\u00f3s emagrecer, quem teve obesidade pode ter risco maior de cegueira. Veja por que exames oculares s\u00e3o cruciais a partir dos 40 anos.","breadcrumb":{"@id":"https:\/\/www.correiobraziliense.com.br\/cbradar\/obesidade-pode-causar-cegueira-entenda-os-riscos\/#breadcrumb"},"inLanguage":"pt-BR","potentialAction":[{"@type":"ReadAction","target":["https:\/\/www.correiobraziliense.com.br\/cbradar\/obesidade-pode-causar-cegueira-entenda-os-riscos\/"]}]},{"@type":"ImageObject","inLanguage":"pt-BR","@id":"https:\/\/www.correiobraziliense.com.br\/cbradar\/obesidade-pode-causar-cegueira-entenda-os-riscos\/#primaryimage","url":"https:\/\/www.correiobraziliense.com.br\/cbradar\/wp-content\/uploads\/2025\/07\/gordo-dormindo_1753911109698.jpg","contentUrl":"https:\/\/www.correiobraziliense.com.br\/cbradar\/wp-content\/uploads\/2025\/07\/gordo-dormindo_1753911109698.jpg","width":1280,"height":720,"caption":"Priva\u00e7\u00e3o de sono afeta humor e aumenta risco de diabetes de forma preocupante - Cr\u00e9ditos: depositphotos.com \/ IgorVetushko"},{"@type":"BreadcrumbList","@id":"https:\/\/www.correiobraziliense.com.br\/cbradar\/obesidade-pode-causar-cegueira-entenda-os-riscos\/#breadcrumb","itemListElement":[{"@type":"ListItem","position":1,"name":"In\u00edcio","item":"https:\/\/www.correiobraziliense.com.br\/cbradar\/"},{"@type":"ListItem","position":2,"name":"Obesidade pode causar cegueira? Entenda os riscos"}]},{"@type":"WebSite","@id":"https:\/\/www.correiobraziliense.com.br\/cbradar\/#website","url":"https:\/\/www.correiobraziliense.com.br\/cbradar\/","name":"Correio Braziliense - Radar","description":"Acompanhe as \u00faltimas not\u00edcias e fique bem informado sobre tudo o que acontece no Brasil e no mundo.","potentialAction":[{"@type":"SearchAction","target":{"@type":"EntryPoint","urlTemplate":"https:\/\/www.correiobraziliense.com.br\/cbradar\/?s={search_term_string}"},"query-input":{"@type":"PropertyValueSpecification","valueRequired":true,"valueName":"search_term_string"}}],"inLanguage":"pt-BR"},{"@type":"Person","@id":"https:\/\/www.correiobraziliense.com.br\/cbradar\/#\/schema\/person\/5aa4bf3c8fa699c267933611de12978b","name":"guilherme_saude","image":{"@type":"ImageObject","inLanguage":"pt-BR","@id":"https:\/\/www.correiobraziliense.com.br\/cbradar\/#\/schema\/person\/image\/","url":"https:\/\/secure.gravatar.com\/avatar\/df9adfb835d344bc0af109d41756253f?s=96&d=mm&r=g","contentUrl":"https:\/\/secure.gravatar.com\/avatar\/df9adfb835d344bc0af109d41756253f?s=96&d=mm&r=g","caption":"guilherme_saude"},"url":"https:\/\/www.correiobraziliense.com.br\/cbradar\/author\/guilherme_saude\/"}]}},"_links":{"self":[{"href":"https:\/\/www.correiobraziliense.com.br\/cbradar\/wp-json\/wp\/v2\/posts\/127977","targetHints":{"allow":["GET"]}}],"collection":[{"href":"https:\/\/www.correiobraziliense.com.br\/cbradar\/wp-json\/wp\/v2\/posts"}],"about":[{"href":"https:\/\/www.correiobraziliense.com.br\/cbradar\/wp-json\/wp\/v2\/types\/post"}],"author":[{"embeddable":true,"href":"https:\/\/www.correiobraziliense.com.br\/cbradar\/wp-json\/wp\/v2\/users\/14"}],"replies":[{"embeddable":true,"href":"https:\/\/www.correiobraziliense.com.br\/cbradar\/wp-json\/wp\/v2\/comments?post=127977"}],"version-history":[{"count":1,"href":"https:\/\/www.correiobraziliense.com.br\/cbradar\/wp-json\/wp\/v2\/posts\/127977\/revisions"}],"predecessor-version":[{"id":127978,"href":"https:\/\/www.correiobraziliense.com.br\/cbradar\/wp-json\/wp\/v2\/posts\/127977\/revisions\/127978"}],"wp:featuredmedia":[{"embeddable":true,"href":"https:\/\/www.correiobraziliense.com.br\/cbradar\/wp-json\/wp\/v2\/media\/78215"}],"wp:attachment":[{"href":"https:\/\/www.correiobraziliense.com.br\/cbradar\/wp-json\/wp\/v2\/media?parent=127977"}],"wp:term":[{"taxonomy":"category","embeddable":true,"href":"https:\/\/www.correiobraziliense.com.br\/cbradar\/wp-json\/wp\/v2\/categories?post=127977"},{"taxonomy":"post_tag","embeddable":true,"href":"https:\/\/www.correiobraziliense.com.br\/cbradar\/wp-json\/wp\/v2\/post_tag?post=127977"}],"curies":[{"name":"wp","href":"https:\/\/api.w.org\/{rel}","templated":true}]}}