{"id":128441,"date":"2025-10-31T22:55:00","date_gmt":"2025-11-01T01:55:00","guid":{"rendered":"https:\/\/www.correiobraziliense.com.br\/cbradar\/?p=128441"},"modified":"2025-10-30T13:19:25","modified_gmt":"2025-10-30T16:19:25","slug":"o-cha-de-camomila-e-famoso-e-pode-fazer-isso-no-seu-corpo-quando-voce-o-toma","status":"publish","type":"post","link":"https:\/\/www.correiobraziliense.com.br\/cbradar\/o-cha-de-camomila-e-famoso-e-pode-fazer-isso-no-seu-corpo-quando-voce-o-toma\/","title":{"rendered":"O ch\u00e1 de camomila \u00e9 famoso, e pode fazer isso no seu corpo quando voc\u00ea o toma"},"content":{"rendered":"\n<p>O ch\u00e1 de camomila \u00e9 um dos rem\u00e9dios tradicionais mais populares para induzir o relaxamento. O seu consumo \u00e0 noite \u00e9 um ritual calmante que, segundo a ci\u00eancia, atua quimicamente no c\u00e9rebro para ajudar a reduzir a ansiedade e facilitar o sono.<\/p>\n\n\n\n<h2 class=\"wp-block-heading\">Por que a camomila \u00e9 t\u00e3o associada \u00e0 calma e ao sono?<\/h2>\n\n\n\n<p>O poder da camomila reside nos seus compostos bioativos, especificamente um antioxidante (flavonoide) chamado <strong>apigenina<\/strong>. A <strong>apigenina<\/strong> \u00e9 a subst\u00e2ncia chave investigada pela sua capacidade de atuar no sistema nervoso central.<\/p>\n\n\n\n<p>Acredita-se que a <strong>apigenina<\/strong> tenha a capacidade de atravessar a barreira hematoencef\u00e1lica e se ligar aos receptores <strong>GABA (\u00c1cido Gama-Aminobut\u00edrico)<\/strong> no c\u00e9rebro. O <strong>GABA<\/strong> \u00e9 o principal neurotransmissor inibit\u00f3rio (calmante) do corpo.<\/p>\n\n\n\n<p>Ao se ligar a esses receptores, a <strong>apigenina<\/strong> ajuda a &#8220;desacelerar&#8221; a atividade neural, reduzindo a ansiedade e induzindo uma leve seda\u00e7\u00e3o. \u00c9 um mecanismo semelhante ao de alguns medicamentos ansiol\u00edticos, mas de forma muito mais suave e natural.<\/p>\n\n\n<div class=\"wp-block-image\">\n<figure class=\"aligncenter size-large\"><img decoding=\"async\" width=\"1024\" height=\"576\" src=\"https:\/\/www.correiobraziliense.com.br\/cbradar\/wp-content\/uploads\/2025\/09\/dormindo_1757010432298-1024x576.jpg\" alt=\"O suplemento natural que ajuda a melhorar sono e energia\" class=\"wp-image-98456\" srcset=\"https:\/\/www.correiobraziliense.com.br\/cbradar\/wp-content\/uploads\/2025\/09\/dormindo_1757010432298-1024x576.jpg 1024w, https:\/\/www.correiobraziliense.com.br\/cbradar\/wp-content\/uploads\/2025\/09\/dormindo_1757010432298-300x169.jpg 300w, https:\/\/www.correiobraziliense.com.br\/cbradar\/wp-content\/uploads\/2025\/09\/dormindo_1757010432298-768x432.jpg 768w, https:\/\/www.correiobraziliense.com.br\/cbradar\/wp-content\/uploads\/2025\/09\/dormindo_1757010432298-750x422.jpg 750w, https:\/\/www.correiobraziliense.com.br\/cbradar\/wp-content\/uploads\/2025\/09\/dormindo_1757010432298-1140x641.jpg 1140w, https:\/\/www.correiobraziliense.com.br\/cbradar\/wp-content\/uploads\/2025\/09\/dormindo_1757010432298.jpg 1280w\" sizes=\"(max-width: 1024px) 100vw, 1024px\" \/><figcaption class=\"wp-element-caption\">Ch\u00e1 de camomila conhecido por seus efeitos relaxantes que acalmam o corpo e a mente &#8211; Cr\u00e9ditos: depositphotos.com \/ AllaSerebrina<\/figcaption><\/figure><\/div>\n\n\n<h2 class=\"wp-block-heading\">A camomila pode realmente reduzir a ansiedade noturna?<\/h2>\n\n\n\n<p>Sim, o principal benef\u00edcio da camomila para o sono \u00e9 a sua capacidade de combater a <strong>ansiedade<\/strong> e a <strong>rumina\u00e7\u00e3o<\/strong> (pensamentos repetitivos) que muitas vezes impedem as pessoas de adormecer.<\/p>\n\n\n\n<p>O <a href=\"https:\/\/www.nccih.nih.gov\/health\/chamomile\" target=\"_blank\" rel=\"noreferrer noopener\"><strong>NIH (Instituto Nacional de Sa\u00fade dos EUA)<\/strong><\/a> revisou estudos sobre a camomila, notando que ela \u00e9 geralmente considerada segura. Pesquisas de longo prazo em pacientes com <strong>Transtorno de Ansiedade Generalizada (TAG)<\/strong> leve a moderado mostraram uma redu\u00e7\u00e3o modesta, mas significativa, nos sintomas de ansiedade.<\/p>\n\n\n\n<p>Ao diminuir a atividade do <strong>sistema nervoso simp\u00e1tico<\/strong> (&#8220;luta ou fuga&#8221;) e ativar o <strong>parassimp\u00e1tico<\/strong> (&#8220;descansar e digerir&#8221;), o ch\u00e1 de camomila ajuda a quebrar o ciclo de stresse que mant\u00e9m a mente alerta na hora de dormir.<\/p>\n\n\n\n<h2 class=\"wp-block-heading\">Como o ritual do ch\u00e1 quente impacta o sono?<\/h2>\n\n\n\n<p>O benef\u00edcio da camomila \u00e0 noite \u00e9 duplo: qu\u00edmico (pela <strong>apigenina<\/strong>) e ritual\u00edstico (pela <strong>higiene do sono<\/strong>). O ritual de preparar e beber um ch\u00e1 quente \u00e9 um poderoso sinal psicol\u00f3gico para o c\u00e9rebro de que o dia terminou.<\/p>\n\n\n\n<p>A temperatura da bebida tamb\u00e9m desempenha um papel fisiol\u00f3gico. Beber um l\u00edquido morno antes de dormir causa uma leve <strong>vasodilata\u00e7\u00e3o<\/strong> e ajuda a aumentar a temperatura corporal interna, que, ao cair logo em seguida, sinaliza ao corpo para iniciar o sono.<\/p>\n\n\n\n<p>A <strong>Organiza\u00e7\u00e3o Mundial da Sa\u00fade (OMS)<\/strong> reconhece que a higiene do sono \u00e9 fundamental para a sa\u00fade mental. A pausa para o ch\u00e1, longe de ecr\u00e3s, \u00e9 um h\u00e1bito ideal:<\/p>\n\n\n\n<ul class=\"wp-block-list\">\n<li>Reduz a exposi\u00e7\u00e3o \u00e0 <strong>luz azul<\/strong> (que bloqueia a melatonina) perto da hora de dormir.<\/li>\n\n\n\n<li>O calor da bebida ajuda a relaxar <strong>m\u00fasculos tensos<\/strong> (ombros e pesco\u00e7o).<\/li>\n\n\n\n<li>Cria uma <strong>pausa<\/strong> mental para &#8220;desligar&#8221; das preocupa\u00e7\u00f5es do dia.<\/li>\n\n\n\n<li>O aroma suave da camomila tem um efeito de <strong>aromaterapia<\/strong> calmante.<\/li>\n<\/ul>\n\n\n\n<blockquote class=\"tiktok-embed\" cite=\"https:\/\/www.tiktok.com\/@drdayansiebra\/video\/7466465795787197701\" data-video-id=\"7466465795787197701\" style=\"max-width: 605px;min-width: 325px;\" > <section> <a target=\"_blank\" title=\"@drdayansiebra\" href=\"https:\/\/www.tiktok.com\/@drdayansiebra?refer=embed\">@drdayansiebra<\/a> <p>Quer ter noites de sono mais tranquilas? O ch\u00e1 de camomila com melissa \u00e9 uma \u00f3tima op\u00e7\u00e3o para relaxar e ajudar no descanso! Ingredientes: &#8211; 1 colher de sopa de flores de camomila &#8211; 1 colher de sopa de folhas de melissa (erva-cidreira) &#8211; 250 ml de \u00e1gua quente &#8211; Mel (opcional, para ado\u00e7ar) Modo de preparo: 1. Ferva a \u00e1gua e despeje sobre a camomila e a melissa. 2. Deixe em infus\u00e3o por 5 a 10 minutos. 3. Coe e adoce com mel, se preferir. Bebida simples e deliciosa para te ajudar a ter uma noite de sono daquelas!!<\/p> <a target=\"_blank\" title=\"\u266c som original - Dayan Siebra\" href=\"https:\/\/www.tiktok.com\/music\/som-original-7466465809398565637?refer=embed\">\u266c som original &#8211; Dayan Siebra<\/a> <\/section> <\/blockquote> <script async src=\"https:\/\/www.tiktok.com\/embed.js\"><\/script>\n\n\n\n<p>Leia tamb\u00e9m: <a href=\"https:\/\/www.correiobraziliense.com.br\/cbradar\/esse-habito-simples-e-rapido-faz-voce-se-livrar-do-estresse-e-relaxar-seus-musculos\" target=\"_blank\" rel=\"noreferrer noopener\">Esse h\u00e1bito simples e r\u00e1pido faz voc\u00ea se livrar do estresse e relaxar seus m\u00fasculos<\/a><\/p>\n\n\n\n<h2 class=\"wp-block-heading\">O ch\u00e1 de camomila tamb\u00e9m ajuda na digest\u00e3o noturna?<\/h2>\n\n\n\n<p>Sim, a camomila possui propriedades <strong>antiespasm\u00f3dicas<\/strong> e <strong>anti-inflamat\u00f3rias<\/strong> suaves, o que a torna \u00fatil se a dificuldade em dormir for causada por desconforto digestivo, como gases ou indigest\u00e3o leve.<\/p>\n\n\n\n<p>Ela ajuda a relaxar a musculatura lisa do trato gastrointestinal, aliviando c\u00f3licas leves. Se o jantar foi pesado, um ch\u00e1 de camomila pode acalmar o est\u00f4mago, permitindo que o corpo foque no sono, e n\u00e3o na digest\u00e3o desconfort\u00e1vel.<\/p>\n\n\n\n<p>A tabela abaixo compara a camomila com outros ch\u00e1s noturnos populares:<\/p>\n\n\n\n<figure class=\"wp-block-table\"><table class=\"has-fixed-layout\"><thead><tr><td><strong>Ch\u00e1<\/strong><\/td><td><strong>A\u00e7\u00e3o Principal<\/strong><\/td><td><strong>Ideal Para<\/strong><\/td><\/tr><\/thead><tbody><tr><td><strong>Camomila<\/strong><\/td><td>Seda\u00e7\u00e3o Leve (Apigenina)<\/td><td>Ansiedade, Indu\u00e7\u00e3o do Sono<\/td><\/tr><tr><td><strong>Valeriana<\/strong><\/td><td>Seda\u00e7\u00e3o Forte (GABA)<\/td><td>Ins\u00f3nia (dificuldade em adormecer)<\/td><\/tr><tr><td><strong>Capim-Lim\u00e3o<\/strong><\/td><td>Relaxamento \/ Digest\u00e3o<\/td><td>Stresse, Tens\u00e3o mental<\/td><\/tr><tr><td><strong>Erva-Cidreira (Melissa)<\/strong><\/td><td>Calmante (Nervoso)<\/td><td>Agita\u00e7\u00e3o, Stresse<\/td><\/tr><\/tbody><\/table><\/figure>\n\n\n\n<p>Leia tamb\u00e9m: <a href=\"https:\/\/www.correiobraziliense.com.br\/cbradar\/exercicios-simples-para-fortalecer-os-biceps-em-casa-sem-aparelhos\" target=\"_blank\" rel=\"noreferrer noopener\">Exerc\u00edcios simples para fortalecer os b\u00edceps em casa sem aparelhos<\/a><\/p>\n\n\n\n<h2 class=\"wp-block-heading\">Quais s\u00e3o os cuidados ou contraindica\u00e7\u00f5es da camomila?<\/h2>\n\n\n\n<p>A camomila \u00e9 um dos ch\u00e1s mais seguros, mas &#8220;natural&#8221; n\u00e3o significa in\u00f3cuo. O cuidado mais importante \u00e9 para pessoas com <strong>alergias<\/strong> a plantas da fam\u00edlia <em>Asteraceae<\/em> (como ambr\u00f3sia, cris\u00e2ntemos ou malmequeres), pois podem ter rea\u00e7\u00f5es al\u00e9rgicas.<\/p>\n\n\n\n<p>Outros cuidados a ter em conta:<\/p>\n\n\n\n<ul class=\"wp-block-list\">\n<li><strong>Anticoagulantes (ex: Varfarina):<\/strong> A camomila cont\u00e9m pequenas quantidades de cumarina (um anticoagulante). Em doses <em>muito<\/em> altas e cr\u00f3nicas, pode, teoricamente, aumentar o risco de sangramento.<\/li>\n\n\n\n<li><strong>Gravidez:<\/strong> Embora geralmente considerada segura, o consumo excessivo n\u00e3o \u00e9 recomendado por precau\u00e7\u00e3o.<\/li>\n\n\n\n<li><strong>Intera\u00e7\u00f5es com sedativos:<\/strong> Se toma medicamentos para ansiedade ou sono, consulte um m\u00e9dico, pois a camomila pode potenciar o efeito.<\/li>\n\n\n\n<li><strong>Tipo de Camomila:<\/strong> Procure sempre pela camomila alem\u00e3 (<em>Matricaria chamomilla<\/em>) ou romana (<em>Chamaemelum nobile<\/em>), que s\u00e3o as variedades terap\u00eauticas.<\/li>\n<\/ul>\n","protected":false},"excerpt":{"rendered":"<p>O ch\u00e1 de camomila \u00e9 um dos rem\u00e9dios tradicionais mais populares para induzir o relaxamento. O seu consumo \u00e0 noite \u00e9 um ritual calmante que, segundo a ci\u00eancia, atua quimicamente no c\u00e9rebro para ajudar a reduzir a ansiedade e facilitar o sono. Por que a camomila \u00e9 t\u00e3o associada \u00e0 calma e ao sono? O [&hellip;]<\/p>\n","protected":false},"author":11,"featured_media":128443,"comment_status":"open","ping_status":"open","sticky":false,"template":"","format":"standard","meta":{"_yoast_wpseo_focuskw":"Ch\u00e1 de camomila saude","_yoast_wpseo_title":"","_yoast_wpseo_metadesc":"Ch\u00e1 de camomila amplamente consumido pode acalmar o corpo, reduzir tens\u00f5es e promover sensa\u00e7\u00e3o de relaxamento e bem-estar","jnews-multi-image_gallery":[],"jnews_single_post":{"format":"standard"},"jnews_primary_category":[],"jnews_social_meta":[],"jnews_override_counter":[],"footnotes":""},"categories":[119],"post_tag":[1360,1318],"class_list":["post-128441","post","type-post","status-publish","format-standard","has-post-thumbnail","hentry","category-bem-estar","tag-camomila","tag-saude-2"],"yoast_head":"<!-- This site is optimized with the Yoast SEO plugin v24.6 - https:\/\/yoast.com\/wordpress\/plugins\/seo\/ -->\n<title>O ch\u00e1 de camomila \u00e9 famoso, e pode fazer isso no seu corpo quando voc\u00ea o toma - Correio Braziliense - Radar<\/title>\n<meta name=\"description\" content=\"Ch\u00e1 de camomila amplamente consumido pode acalmar o corpo, reduzir tens\u00f5es e promover sensa\u00e7\u00e3o de relaxamento e bem-estar\" \/>\n<meta name=\"robots\" content=\"index, follow, max-snippet:-1, max-image-preview:large, max-video-preview:-1\" \/>\n<link rel=\"canonical\" href=\"https:\/\/www.correiobraziliense.com.br\/cbradar\/o-cha-de-camomila-e-famoso-e-pode-fazer-isso-no-seu-corpo-quando-voce-o-toma\/\" \/>\n<meta property=\"og:locale\" content=\"pt_BR\" \/>\n<meta property=\"og:type\" content=\"article\" \/>\n<meta property=\"og:title\" content=\"O ch\u00e1 de camomila \u00e9 famoso, e pode fazer isso no seu corpo quando voc\u00ea o toma - Correio Braziliense - Radar\" \/>\n<meta property=\"og:description\" content=\"Ch\u00e1 de camomila amplamente consumido pode acalmar o corpo, reduzir tens\u00f5es e promover sensa\u00e7\u00e3o de relaxamento e bem-estar\" \/>\n<meta property=\"og:url\" content=\"https:\/\/www.correiobraziliense.com.br\/cbradar\/o-cha-de-camomila-e-famoso-e-pode-fazer-isso-no-seu-corpo-quando-voce-o-toma\/\" \/>\n<meta property=\"og:site_name\" content=\"Correio Braziliense - Radar\" \/>\n<meta property=\"article:published_time\" content=\"2025-11-01T01:55:00+00:00\" \/>\n<meta property=\"og:image\" content=\"https:\/\/www.correiobraziliense.com.br\/cbradar\/wp-content\/uploads\/2025\/10\/mosaico_1761840987663.jpg\" \/>\n\t<meta property=\"og:image:width\" content=\"1280\" \/>\n\t<meta property=\"og:image:height\" content=\"720\" \/>\n\t<meta property=\"og:image:type\" content=\"image\/jpeg\" \/>\n<meta name=\"author\" content=\"Paulo Custodio\" \/>\n<meta name=\"twitter:card\" content=\"summary_large_image\" \/>\n<meta name=\"twitter:label1\" content=\"Escrito por\" \/>\n\t<meta name=\"twitter:data1\" content=\"Paulo Custodio\" \/>\n\t<meta name=\"twitter:label2\" content=\"Est. tempo de leitura\" \/>\n\t<meta name=\"twitter:data2\" content=\"5 minutos\" \/>\n<!-- \/ Yoast SEO plugin. -->","yoast_head_json":{"title":"O ch\u00e1 de camomila \u00e9 famoso, e pode fazer isso no seu corpo quando voc\u00ea o toma - Correio Braziliense - Radar","description":"Ch\u00e1 de camomila amplamente consumido pode acalmar o corpo, reduzir tens\u00f5es e promover sensa\u00e7\u00e3o de relaxamento e bem-estar","robots":{"index":"index","follow":"follow","max-snippet":"max-snippet:-1","max-image-preview":"max-image-preview:large","max-video-preview":"max-video-preview:-1"},"canonical":"https:\/\/www.correiobraziliense.com.br\/cbradar\/o-cha-de-camomila-e-famoso-e-pode-fazer-isso-no-seu-corpo-quando-voce-o-toma\/","og_locale":"pt_BR","og_type":"article","og_title":"O ch\u00e1 de camomila \u00e9 famoso, e pode fazer isso no seu corpo quando voc\u00ea o toma - Correio Braziliense - Radar","og_description":"Ch\u00e1 de camomila amplamente consumido pode acalmar o corpo, reduzir tens\u00f5es e promover sensa\u00e7\u00e3o de relaxamento e bem-estar","og_url":"https:\/\/www.correiobraziliense.com.br\/cbradar\/o-cha-de-camomila-e-famoso-e-pode-fazer-isso-no-seu-corpo-quando-voce-o-toma\/","og_site_name":"Correio Braziliense - Radar","article_published_time":"2025-11-01T01:55:00+00:00","og_image":[{"width":1280,"height":720,"url":"https:\/\/www.correiobraziliense.com.br\/cbradar\/wp-content\/uploads\/2025\/10\/mosaico_1761840987663.jpg","type":"image\/jpeg"}],"author":"Paulo Custodio","twitter_card":"summary_large_image","twitter_misc":{"Escrito por":"Paulo Custodio","Est. tempo de leitura":"5 minutos"},"schema":{"@context":"https:\/\/schema.org","@graph":[{"@type":"WebPage","@id":"https:\/\/www.correiobraziliense.com.br\/cbradar\/o-cha-de-camomila-e-famoso-e-pode-fazer-isso-no-seu-corpo-quando-voce-o-toma\/","url":"https:\/\/www.correiobraziliense.com.br\/cbradar\/o-cha-de-camomila-e-famoso-e-pode-fazer-isso-no-seu-corpo-quando-voce-o-toma\/","name":"O ch\u00e1 de camomila \u00e9 famoso, e pode fazer isso no seu corpo quando voc\u00ea o toma - Correio Braziliense - Radar","isPartOf":{"@id":"https:\/\/www.correiobraziliense.com.br\/cbradar\/#website"},"primaryImageOfPage":{"@id":"https:\/\/www.correiobraziliense.com.br\/cbradar\/o-cha-de-camomila-e-famoso-e-pode-fazer-isso-no-seu-corpo-quando-voce-o-toma\/#primaryimage"},"image":{"@id":"https:\/\/www.correiobraziliense.com.br\/cbradar\/o-cha-de-camomila-e-famoso-e-pode-fazer-isso-no-seu-corpo-quando-voce-o-toma\/#primaryimage"},"thumbnailUrl":"https:\/\/www.correiobraziliense.com.br\/cbradar\/wp-content\/uploads\/2025\/10\/mosaico_1761840987663.jpg","datePublished":"2025-11-01T01:55:00+00:00","author":{"@id":"https:\/\/www.correiobraziliense.com.br\/cbradar\/#\/schema\/person\/4cec7857301a9a1a2ef249893cd908d3"},"description":"Ch\u00e1 de camomila amplamente consumido pode acalmar o corpo, reduzir tens\u00f5es e promover sensa\u00e7\u00e3o de relaxamento e bem-estar","breadcrumb":{"@id":"https:\/\/www.correiobraziliense.com.br\/cbradar\/o-cha-de-camomila-e-famoso-e-pode-fazer-isso-no-seu-corpo-quando-voce-o-toma\/#breadcrumb"},"inLanguage":"pt-BR","potentialAction":[{"@type":"ReadAction","target":["https:\/\/www.correiobraziliense.com.br\/cbradar\/o-cha-de-camomila-e-famoso-e-pode-fazer-isso-no-seu-corpo-quando-voce-o-toma\/"]}]},{"@type":"ImageObject","inLanguage":"pt-BR","@id":"https:\/\/www.correiobraziliense.com.br\/cbradar\/o-cha-de-camomila-e-famoso-e-pode-fazer-isso-no-seu-corpo-quando-voce-o-toma\/#primaryimage","url":"https:\/\/www.correiobraziliense.com.br\/cbradar\/wp-content\/uploads\/2025\/10\/mosaico_1761840987663.jpg","contentUrl":"https:\/\/www.correiobraziliense.com.br\/cbradar\/wp-content\/uploads\/2025\/10\/mosaico_1761840987663.jpg","width":1280,"height":720,"caption":"Ch\u00e1 de camomila conhecido por seus efeitos relaxantes que acalmam o corpo e a mente - Cr\u00e9ditos: depositphotos.com \/ tonodiaz - Cr\u00e9ditos: depositphotos.com \/ AndrewLozovyi"},{"@type":"BreadcrumbList","@id":"https:\/\/www.correiobraziliense.com.br\/cbradar\/o-cha-de-camomila-e-famoso-e-pode-fazer-isso-no-seu-corpo-quando-voce-o-toma\/#breadcrumb","itemListElement":[{"@type":"ListItem","position":1,"name":"In\u00edcio","item":"https:\/\/www.correiobraziliense.com.br\/cbradar\/"},{"@type":"ListItem","position":2,"name":"O ch\u00e1 de camomila \u00e9 famoso, e pode fazer isso no seu corpo quando voc\u00ea o toma"}]},{"@type":"WebSite","@id":"https:\/\/www.correiobraziliense.com.br\/cbradar\/#website","url":"https:\/\/www.correiobraziliense.com.br\/cbradar\/","name":"Correio Braziliense - Radar","description":"Acompanhe as \u00faltimas not\u00edcias e fique bem informado sobre tudo o que acontece no Brasil e no mundo.","potentialAction":[{"@type":"SearchAction","target":{"@type":"EntryPoint","urlTemplate":"https:\/\/www.correiobraziliense.com.br\/cbradar\/?s={search_term_string}"},"query-input":{"@type":"PropertyValueSpecification","valueRequired":true,"valueName":"search_term_string"}}],"inLanguage":"pt-BR"},{"@type":"Person","@id":"https:\/\/www.correiobraziliense.com.br\/cbradar\/#\/schema\/person\/4cec7857301a9a1a2ef249893cd908d3","name":"Paulo Custodio","image":{"@type":"ImageObject","inLanguage":"pt-BR","@id":"https:\/\/www.correiobraziliense.com.br\/cbradar\/#\/schema\/person\/image\/","url":"https:\/\/secure.gravatar.com\/avatar\/bcd67168d1534e8fcf4f45c726a87cea?s=96&d=mm&r=g","contentUrl":"https:\/\/secure.gravatar.com\/avatar\/bcd67168d1534e8fcf4f45c726a87cea?s=96&d=mm&r=g","caption":"Paulo Custodio"},"sameAs":["https:\/\/www.correiobraziliense.com.br\/cbradar"],"url":"https:\/\/www.correiobraziliense.com.br\/cbradar\/author\/paulomyth\/"}]}},"_links":{"self":[{"href":"https:\/\/www.correiobraziliense.com.br\/cbradar\/wp-json\/wp\/v2\/posts\/128441","targetHints":{"allow":["GET"]}}],"collection":[{"href":"https:\/\/www.correiobraziliense.com.br\/cbradar\/wp-json\/wp\/v2\/posts"}],"about":[{"href":"https:\/\/www.correiobraziliense.com.br\/cbradar\/wp-json\/wp\/v2\/types\/post"}],"author":[{"embeddable":true,"href":"https:\/\/www.correiobraziliense.com.br\/cbradar\/wp-json\/wp\/v2\/users\/11"}],"replies":[{"embeddable":true,"href":"https:\/\/www.correiobraziliense.com.br\/cbradar\/wp-json\/wp\/v2\/comments?post=128441"}],"version-history":[{"count":1,"href":"https:\/\/www.correiobraziliense.com.br\/cbradar\/wp-json\/wp\/v2\/posts\/128441\/revisions"}],"predecessor-version":[{"id":128447,"href":"https:\/\/www.correiobraziliense.com.br\/cbradar\/wp-json\/wp\/v2\/posts\/128441\/revisions\/128447"}],"wp:featuredmedia":[{"embeddable":true,"href":"https:\/\/www.correiobraziliense.com.br\/cbradar\/wp-json\/wp\/v2\/media\/128443"}],"wp:attachment":[{"href":"https:\/\/www.correiobraziliense.com.br\/cbradar\/wp-json\/wp\/v2\/media?parent=128441"}],"wp:term":[{"taxonomy":"category","embeddable":true,"href":"https:\/\/www.correiobraziliense.com.br\/cbradar\/wp-json\/wp\/v2\/categories?post=128441"},{"taxonomy":"post_tag","embeddable":true,"href":"https:\/\/www.correiobraziliense.com.br\/cbradar\/wp-json\/wp\/v2\/post_tag?post=128441"}],"curies":[{"name":"wp","href":"https:\/\/api.w.org\/{rel}","templated":true}]}}