{"id":128729,"date":"2025-10-31T17:15:00","date_gmt":"2025-10-31T20:15:00","guid":{"rendered":"https:\/\/www.correiobraziliense.com.br\/cbradar\/?p=128729"},"modified":"2025-10-30T20:45:18","modified_gmt":"2025-10-30T23:45:18","slug":"o-aparelho-invisivel-que-esta-mudando-sorrisos","status":"publish","type":"post","link":"https:\/\/www.correiobraziliense.com.br\/cbradar\/o-aparelho-invisivel-que-esta-mudando-sorrisos\/","title":{"rendered":"O aparelho invis\u00edvel que est\u00e1 mudando sorrisos"},"content":{"rendered":"\n<p>Atualmente, a busca por um sorriso perfeito se tornou uma prioridade para muitas pessoas. Com a evolu\u00e7\u00e3o das t\u00e9cnicas odontol\u00f3gicas, os aparelhos ortod\u00f4nticos est\u00e3o cada vez mais discretos e confort\u00e1veis. Entre as inova\u00e7\u00f5es mais comemoradas est\u00e1 o <strong>Aparelho Invis\u00edvel<\/strong>, uma alternativa moderna que oferece vantajosos benef\u00edcios est\u00e9ticos e funcionais em rela\u00e7\u00e3o ao aparelho ortod\u00f4ntico convencional.<\/p>\n\n\n<div class=\"wp-block-image\">\n<figure class=\"aligncenter size-large\"><img decoding=\"async\" width=\"1024\" height=\"576\" src=\"https:\/\/www.correiobraziliense.com.br\/cbradar\/wp-content\/uploads\/2025\/06\/sorriso_1748806208144-1024x576.jpg\" alt=\"\" class=\"wp-image-46011\" srcset=\"https:\/\/www.correiobraziliense.com.br\/cbradar\/wp-content\/uploads\/2025\/06\/sorriso_1748806208144-1024x576.jpg 1024w, https:\/\/www.correiobraziliense.com.br\/cbradar\/wp-content\/uploads\/2025\/06\/sorriso_1748806208144-300x169.jpg 300w, https:\/\/www.correiobraziliense.com.br\/cbradar\/wp-content\/uploads\/2025\/06\/sorriso_1748806208144-768x432.jpg 768w, https:\/\/www.correiobraziliense.com.br\/cbradar\/wp-content\/uploads\/2025\/06\/sorriso_1748806208144-750x422.jpg 750w, https:\/\/www.correiobraziliense.com.br\/cbradar\/wp-content\/uploads\/2025\/06\/sorriso_1748806208144-1140x641.jpg 1140w, https:\/\/www.correiobraziliense.com.br\/cbradar\/wp-content\/uploads\/2025\/06\/sorriso_1748806208144.jpg 1280w\" sizes=\"(max-width: 1024px) 100vw, 1024px\" \/><figcaption class=\"wp-element-caption\">Sorriso &#8211; Cr\u00e9ditos: depositphotos.com \/ nenetus<\/figcaption><\/figure><\/div>\n\n\n<p>Os aparelhos invis\u00edveis, popularmente conhecidos como alinhadores transparentes, s\u00e3o projetados para proporcionar um alinhamento eficaz dos dentes, sem comprometer a est\u00e9tica do sorriso durante o tratamento. Este m\u00e9todo destaca-se pela possibilidade de ser removido durante as refei\u00e7\u00f5es e limpeza, facilitando a manuten\u00e7\u00e3o da higiene bucal. Al\u00e9m disso, a aus\u00eancia de fios e brackets minimiza os desconfortos e les\u00f5es que os aparelhos fixos podem causar.<\/p>\n\n\n\n<h2 class=\"wp-block-heading\">Quais s\u00e3o os benef\u00edcios do Aparelho Invis\u00edvel?<\/h2>\n\n\n\n<p>Os benef\u00edcios dos aparelhos invis\u00edveis s\u00e3o amplamente reconhecidos por especialistas. Entre eles, a est\u00e9tica \u00e9 um dos fatores mais atraentes, pois o alinhador \u00e9 praticamente impercept\u00edvel. Outra vantagem significativa \u00e9 o conforto: por ser feito sob medida para cada paciente, ajusta-se de maneira mais suave nos dentes. Isso \u00e9 especialmente valioso para quem busca discri\u00e7\u00e3o e conveni\u00eancia no tratamento ortod\u00f4ntico.<\/p>\n\n\n\n<p>Um dos pontos destacados por profissionais da \u00e1rea \u00e9 a previsibilidade dos resultados. Os alinhadores s\u00e3o planejados por meio de tecnologia digital avan\u00e7ada, o que permite uma previs\u00e3o precisa do tempo de tratamento. Isso se traduz em efici\u00eancia e na possibilidade de visualizar o resultado final antes mesmo de iniciar o uso.<\/p>\n\n\n\n<h2 class=\"wp-block-heading\">Como utilizar o Aparelho Invis\u00edvel de forma correta?<\/h2>\n\n\n\n<p>Para garantir o sucesso do tratamento, \u00e9 essencial que o paciente siga rigorosamente as orienta\u00e7\u00f5es do dentista. O uso recomendado do Aparelho Invis\u00edvel \u00e9 de, pelo menos, 20 horas di\u00e1rias. Ele deve ser removido apenas para comer e realizar a higiene bucal. Ap\u00f3s as refei\u00e7\u00f5es, \u00e9 preciso colocar o alinhador em sua case pr\u00f3pria, evitando assim que ele seja danificado ou <a href=\"https:\/\/www.correiobraziliense.com.br\/cbradar\/dra-tayuane-pinto-oftalmologista-o-que-e-mapeamento-de-retina-e-para-que-serve\/\" target=\"_blank\" rel=\"noreferrer noopener\">perdido<\/a>.<\/p>\n\n\n\n<ol class=\"wp-block-list\">\n<li>Use o aparelho conforme o tempo indicado pelo ortodontista.<\/li>\n\n\n\n<li>Retire o alinhador apenas para refei\u00e7\u00f5es e escova\u00e7\u00e3o.<\/li>\n\n\n\n<li>Guarde sempre nas embalagens apropriadas.<\/li>\n\n\n\n<li>Realize a limpeza do aparelho corretamente para evitar ac\u00famulo de placa e odor.<\/li>\n<\/ol>\n\n\n\n<h2 class=\"wp-block-heading\">Quem est\u00e1 apto a usar um Aparelho Invis\u00edvel?<\/h2>\n\n\n\n<p>Os aparelhos invis\u00edveis s\u00e3o indicados para diversas idades e condi\u00e7\u00f5es ortod\u00f4nticas, visto que n\u00e3o possuem contraindica\u00e7\u00f5es severas. Eles s\u00e3o adequados para a corre\u00e7\u00e3o de diferentes tipos de m\u00e1 oclus\u00e3o e s\u00e3o frequentemente recomendados tanto para adultos quanto para adolescentes e crian\u00e7as. No entanto, uma avalia\u00e7\u00e3o ortod\u00f4ntica inicial \u00e9 imprescind\u00edvel para determinar a melhor abordagem para cada caso.<\/p>\n\n\n\n<p>O acompanhamento profissional \u00e9 vital para monitorar a evolu\u00e7\u00e3o do tratamento e ajustar o plano conforme necess\u00e1rio. A disciplina do paciente em seguir as instru\u00e7\u00f5es do dentista \u00e9 fundamental para alcan\u00e7ar o resultado esperado.<\/p>\n\n\n\n<h2 class=\"wp-block-heading\">Quais s\u00e3o os cuidados necess\u00e1rios durante o uso do Aparelho Invis\u00edvel?<\/h2>\n\n\n\n<p>Al\u00e9m do uso regular, a higieniza\u00e7\u00e3o apropriada das placas \u00e9 um dos cuidados mais importantes. Isso inclui escovar o aparelho com uma escova de dentes suave e usar produtos recomendados para mant\u00ea-lo limpo. Evitar bebidas escuras enquanto est\u00e1 com o aparelho tamb\u00e9m ajuda a prevenir manchas.<\/p>\n\n\n\n<p>Finalmente, \u00e9 importante ressaltar que, embora os aparelhos invis\u00edveis ofere\u00e7am muitos benef\u00edcios, eles requerem um comprometimento significativo por parte do usu\u00e1rio. A falta de ades\u00e3o \u00e0s instru\u00e7\u00f5es pode resultar na necessidade de recorrer a m\u00e9todos alternativos ou mais convencionais.<\/p>\n\n\n<a href=\"https:\/\/www.instagram.com\/dra.annaluisabf\/\" target=\"_blank\" rel=\"noopener\" style=\"text-decoration: none; color: inherit;\">\n    <span style=\"display: inline-block; border: 1px solid #ccc; border-radius: 10px; padding: 15px; max-width: 550px; font-family: sans-serif; box-shadow: 0 2px 5px rgba(0,0,0,0.1); width: 100%;\">\n\n      <!-- T\u00edtulo -->\n      <span style=\"display: block; margin: 0 0 15px 0; font-weight: bold; color: #2c3e50; text-align: center;\">\n        Entre em contato:\n      <\/span>\n\n      <!-- Linha do perfil -->\n      <span style=\"display: flex; align-items: center; gap: 15px;\">\n        <img decoding=\"async\"\n          src=\"https:\/\/www.correiobraziliense.com.br\/cbradar\/wp-content\/uploads\/2025\/08\/dra_anna_luisa.jpeg\"\n          alt=\"Foto da Dra. Anna Lu\u00edsa\"\n          style=\"border-radius: 50%; width: 80px; height: 80px; object-fit: cover;\"\n        \/>\n        <span style=\"display: flex; flex-direction: column;\">\n          <span style=\"font-size: 18px; font-weight: 700; color: #2c3e50;\">Dra. Anna Lu\u00edsa Barbosa Fernandes<\/span>\n          <span style=\"color: #555;\">CRM-GO 33.271<\/span>\n        <\/span>\n      <\/span>\n\n      <!-- Redes -->\n      <span style=\"display: flex; align-items: center; gap: 10px; margin-top: 12px;\">\n        <img decoding=\"async\" src=\"https:\/\/cdn-icons-png.flaticon.com\/24\/1384\/1384063.png\" alt=\"Instagram\" width=\"24\" height=\"24\" \/>\n        <span style=\"text-decoration: underline; color: #2c3e50;\">@dra.annaluisabf<\/span>\n      <\/span>\n\n    <\/span>\n  <\/a>","protected":false},"excerpt":{"rendered":"<p>Atualmente, a busca por um sorriso perfeito se tornou uma prioridade para muitas pessoas. Com a evolu\u00e7\u00e3o das t\u00e9cnicas odontol\u00f3gicas, os aparelhos ortod\u00f4nticos est\u00e3o cada vez mais discretos e confort\u00e1veis. Entre as inova\u00e7\u00f5es mais comemoradas est\u00e1 o Aparelho Invis\u00edvel, uma alternativa moderna que oferece vantajosos benef\u00edcios est\u00e9ticos e funcionais em rela\u00e7\u00e3o ao aparelho ortod\u00f4ntico convencional. [&hellip;]<\/p>\n","protected":false},"author":14,"featured_media":128731,"comment_status":"open","ping_status":"open","sticky":false,"template":"","format":"standard","meta":{"_yoast_wpseo_focuskw":"Aparelho Invis\u00edvel","_yoast_wpseo_title":"","_yoast_wpseo_metadesc":"Alinhar os dentes sem fios ou dor j\u00e1 \u00e9 realidade. Saiba como o aparelho invis\u00edvel oferece conforto, higiene e resultados precisos","jnews-multi-image_gallery":[],"jnews_single_post":{"format":"standard"},"jnews_primary_category":[],"jnews_social_meta":[],"jnews_override_counter":[],"footnotes":""},"categories":[4404],"post_tag":[120,247,1318],"class_list":["post-128729","post","type-post","status-publish","format-standard","has-post-thumbnail","hentry","category-saude","tag-bem-estar","tag-qualidade-de-vida","tag-saude-2"],"yoast_head":"<!-- This site is optimized with the Yoast SEO plugin v24.6 - https:\/\/yoast.com\/wordpress\/plugins\/seo\/ -->\n<title>O aparelho invis\u00edvel que est\u00e1 mudando sorrisos - Correio Braziliense - Radar<\/title>\n<meta name=\"description\" content=\"Alinhar os dentes sem fios ou dor j\u00e1 \u00e9 realidade. Saiba como o aparelho invis\u00edvel oferece conforto, higiene e resultados precisos\" \/>\n<meta name=\"robots\" content=\"index, follow, max-snippet:-1, max-image-preview:large, max-video-preview:-1\" \/>\n<link rel=\"canonical\" href=\"https:\/\/www.correiobraziliense.com.br\/cbradar\/o-aparelho-invisivel-que-esta-mudando-sorrisos\/\" \/>\n<meta property=\"og:locale\" content=\"pt_BR\" \/>\n<meta property=\"og:type\" content=\"article\" \/>\n<meta property=\"og:title\" content=\"O aparelho invis\u00edvel que est\u00e1 mudando sorrisos - Correio Braziliense - Radar\" \/>\n<meta property=\"og:description\" content=\"Alinhar os dentes sem fios ou dor j\u00e1 \u00e9 realidade. Saiba como o aparelho invis\u00edvel oferece conforto, higiene e resultados precisos\" \/>\n<meta property=\"og:url\" content=\"https:\/\/www.correiobraziliense.com.br\/cbradar\/o-aparelho-invisivel-que-esta-mudando-sorrisos\/\" \/>\n<meta property=\"og:site_name\" content=\"Correio Braziliense - Radar\" \/>\n<meta property=\"article:published_time\" content=\"2025-10-31T20:15:00+00:00\" \/>\n<meta property=\"og:image\" content=\"https:\/\/www.correiobraziliense.com.br\/cbradar\/wp-content\/uploads\/2025\/10\/Aparelho-Invisivel_1761867882760.jpg\" \/>\n\t<meta property=\"og:image:width\" content=\"1280\" \/>\n\t<meta property=\"og:image:height\" content=\"720\" \/>\n\t<meta property=\"og:image:type\" content=\"image\/jpeg\" \/>\n<meta name=\"author\" content=\"guilherme_saude\" \/>\n<meta name=\"twitter:card\" content=\"summary_large_image\" \/>\n<meta name=\"twitter:label1\" content=\"Escrito por\" \/>\n\t<meta name=\"twitter:data1\" content=\"guilherme_saude\" \/>\n\t<meta name=\"twitter:label2\" content=\"Est. tempo de leitura\" \/>\n\t<meta name=\"twitter:data2\" content=\"4 minutos\" \/>\n<!-- \/ Yoast SEO plugin. -->","yoast_head_json":{"title":"O aparelho invis\u00edvel que est\u00e1 mudando sorrisos - Correio Braziliense - Radar","description":"Alinhar os dentes sem fios ou dor j\u00e1 \u00e9 realidade. Saiba como o aparelho invis\u00edvel oferece conforto, higiene e resultados precisos","robots":{"index":"index","follow":"follow","max-snippet":"max-snippet:-1","max-image-preview":"max-image-preview:large","max-video-preview":"max-video-preview:-1"},"canonical":"https:\/\/www.correiobraziliense.com.br\/cbradar\/o-aparelho-invisivel-que-esta-mudando-sorrisos\/","og_locale":"pt_BR","og_type":"article","og_title":"O aparelho invis\u00edvel que est\u00e1 mudando sorrisos - Correio Braziliense - Radar","og_description":"Alinhar os dentes sem fios ou dor j\u00e1 \u00e9 realidade. Saiba como o aparelho invis\u00edvel oferece conforto, higiene e resultados precisos","og_url":"https:\/\/www.correiobraziliense.com.br\/cbradar\/o-aparelho-invisivel-que-esta-mudando-sorrisos\/","og_site_name":"Correio Braziliense - Radar","article_published_time":"2025-10-31T20:15:00+00:00","og_image":[{"width":1280,"height":720,"url":"https:\/\/www.correiobraziliense.com.br\/cbradar\/wp-content\/uploads\/2025\/10\/Aparelho-Invisivel_1761867882760.jpg","type":"image\/jpeg"}],"author":"guilherme_saude","twitter_card":"summary_large_image","twitter_misc":{"Escrito por":"guilherme_saude","Est. tempo de leitura":"4 minutos"},"schema":{"@context":"https:\/\/schema.org","@graph":[{"@type":"WebPage","@id":"https:\/\/www.correiobraziliense.com.br\/cbradar\/o-aparelho-invisivel-que-esta-mudando-sorrisos\/","url":"https:\/\/www.correiobraziliense.com.br\/cbradar\/o-aparelho-invisivel-que-esta-mudando-sorrisos\/","name":"O aparelho invis\u00edvel que est\u00e1 mudando sorrisos - Correio Braziliense - Radar","isPartOf":{"@id":"https:\/\/www.correiobraziliense.com.br\/cbradar\/#website"},"primaryImageOfPage":{"@id":"https:\/\/www.correiobraziliense.com.br\/cbradar\/o-aparelho-invisivel-que-esta-mudando-sorrisos\/#primaryimage"},"image":{"@id":"https:\/\/www.correiobraziliense.com.br\/cbradar\/o-aparelho-invisivel-que-esta-mudando-sorrisos\/#primaryimage"},"thumbnailUrl":"https:\/\/www.correiobraziliense.com.br\/cbradar\/wp-content\/uploads\/2025\/10\/Aparelho-Invisivel_1761867882760.jpg","datePublished":"2025-10-31T20:15:00+00:00","author":{"@id":"https:\/\/www.correiobraziliense.com.br\/cbradar\/#\/schema\/person\/5aa4bf3c8fa699c267933611de12978b"},"description":"Alinhar os dentes sem fios ou dor j\u00e1 \u00e9 realidade. Saiba como o aparelho invis\u00edvel oferece conforto, higiene e resultados precisos","breadcrumb":{"@id":"https:\/\/www.correiobraziliense.com.br\/cbradar\/o-aparelho-invisivel-que-esta-mudando-sorrisos\/#breadcrumb"},"inLanguage":"pt-BR","potentialAction":[{"@type":"ReadAction","target":["https:\/\/www.correiobraziliense.com.br\/cbradar\/o-aparelho-invisivel-que-esta-mudando-sorrisos\/"]}]},{"@type":"ImageObject","inLanguage":"pt-BR","@id":"https:\/\/www.correiobraziliense.com.br\/cbradar\/o-aparelho-invisivel-que-esta-mudando-sorrisos\/#primaryimage","url":"https:\/\/www.correiobraziliense.com.br\/cbradar\/wp-content\/uploads\/2025\/10\/Aparelho-Invisivel_1761867882760.jpg","contentUrl":"https:\/\/www.correiobraziliense.com.br\/cbradar\/wp-content\/uploads\/2025\/10\/Aparelho-Invisivel_1761867882760.jpg","width":1280,"height":720,"caption":"Aparelho Invis\u00edvel - Cr\u00e9ditos: depositphotos.com \/ duskbabe"},{"@type":"BreadcrumbList","@id":"https:\/\/www.correiobraziliense.com.br\/cbradar\/o-aparelho-invisivel-que-esta-mudando-sorrisos\/#breadcrumb","itemListElement":[{"@type":"ListItem","position":1,"name":"In\u00edcio","item":"https:\/\/www.correiobraziliense.com.br\/cbradar\/"},{"@type":"ListItem","position":2,"name":"O aparelho invis\u00edvel que est\u00e1 mudando sorrisos"}]},{"@type":"WebSite","@id":"https:\/\/www.correiobraziliense.com.br\/cbradar\/#website","url":"https:\/\/www.correiobraziliense.com.br\/cbradar\/","name":"Correio Braziliense - Radar","description":"Acompanhe as \u00faltimas not\u00edcias e fique bem informado sobre tudo o que acontece no Brasil e no mundo.","potentialAction":[{"@type":"SearchAction","target":{"@type":"EntryPoint","urlTemplate":"https:\/\/www.correiobraziliense.com.br\/cbradar\/?s={search_term_string}"},"query-input":{"@type":"PropertyValueSpecification","valueRequired":true,"valueName":"search_term_string"}}],"inLanguage":"pt-BR"},{"@type":"Person","@id":"https:\/\/www.correiobraziliense.com.br\/cbradar\/#\/schema\/person\/5aa4bf3c8fa699c267933611de12978b","name":"guilherme_saude","image":{"@type":"ImageObject","inLanguage":"pt-BR","@id":"https:\/\/www.correiobraziliense.com.br\/cbradar\/#\/schema\/person\/image\/","url":"https:\/\/secure.gravatar.com\/avatar\/df9adfb835d344bc0af109d41756253f?s=96&d=mm&r=g","contentUrl":"https:\/\/secure.gravatar.com\/avatar\/df9adfb835d344bc0af109d41756253f?s=96&d=mm&r=g","caption":"guilherme_saude"},"url":"https:\/\/www.correiobraziliense.com.br\/cbradar\/author\/guilherme_saude\/"}]}},"_links":{"self":[{"href":"https:\/\/www.correiobraziliense.com.br\/cbradar\/wp-json\/wp\/v2\/posts\/128729","targetHints":{"allow":["GET"]}}],"collection":[{"href":"https:\/\/www.correiobraziliense.com.br\/cbradar\/wp-json\/wp\/v2\/posts"}],"about":[{"href":"https:\/\/www.correiobraziliense.com.br\/cbradar\/wp-json\/wp\/v2\/types\/post"}],"author":[{"embeddable":true,"href":"https:\/\/www.correiobraziliense.com.br\/cbradar\/wp-json\/wp\/v2\/users\/14"}],"replies":[{"embeddable":true,"href":"https:\/\/www.correiobraziliense.com.br\/cbradar\/wp-json\/wp\/v2\/comments?post=128729"}],"version-history":[{"count":1,"href":"https:\/\/www.correiobraziliense.com.br\/cbradar\/wp-json\/wp\/v2\/posts\/128729\/revisions"}],"predecessor-version":[{"id":128733,"href":"https:\/\/www.correiobraziliense.com.br\/cbradar\/wp-json\/wp\/v2\/posts\/128729\/revisions\/128733"}],"wp:featuredmedia":[{"embeddable":true,"href":"https:\/\/www.correiobraziliense.com.br\/cbradar\/wp-json\/wp\/v2\/media\/128731"}],"wp:attachment":[{"href":"https:\/\/www.correiobraziliense.com.br\/cbradar\/wp-json\/wp\/v2\/media?parent=128729"}],"wp:term":[{"taxonomy":"category","embeddable":true,"href":"https:\/\/www.correiobraziliense.com.br\/cbradar\/wp-json\/wp\/v2\/categories?post=128729"},{"taxonomy":"post_tag","embeddable":true,"href":"https:\/\/www.correiobraziliense.com.br\/cbradar\/wp-json\/wp\/v2\/post_tag?post=128729"}],"curies":[{"name":"wp","href":"https:\/\/api.w.org\/{rel}","templated":true}]}}