{"id":128736,"date":"2025-10-31T18:25:00","date_gmt":"2025-10-31T21:25:00","guid":{"rendered":"https:\/\/www.correiobraziliense.com.br\/cbradar\/?p=128736"},"modified":"2025-10-30T20:48:41","modified_gmt":"2025-10-30T23:48:41","slug":"por-que-seu-corpo-nao-evolui-mesmo-treinando-pesado","status":"publish","type":"post","link":"https:\/\/www.correiobraziliense.com.br\/cbradar\/por-que-seu-corpo-nao-evolui-mesmo-treinando-pesado\/","title":{"rendered":"Por que seu corpo n\u00e3o evolui mesmo treinando pesado"},"content":{"rendered":"\n<p>O <strong>Estresse <\/strong>\u00e9 uma realidade inevit\u00e1vel na vida moderna, especialmente para aqueles que buscam alcan\u00e7ar metas de fitness rigorosas. No entanto, \u00e9 crucial compreender como esse estado emocional pode impactar adversamente o progresso f\u00edsico e como estrat\u00e9gias eficazes podem ser implementadas para mitigar seus efeitos negativos. Muitas vezes, o Estresse cr\u00f4nico \u00e9 um dos principais obst\u00e1culos para quem deseja melhoras significativas em <a href=\"https:\/\/www.correiobraziliense.com.br\/cbradar\/dra-tayuane-pinto-oftalmologista-o-que-e-mapeamento-de-retina-e-para-que-serve\/\" target=\"_blank\" rel=\"noreferrer noopener\">sa\u00fade <\/a>e desempenho f\u00edsico.<\/p>\n\n\n\n<p>A rela\u00e7\u00e3o entre Estresse e desempenho f\u00edsico \u00e9 complexa e multifacetada. O corpo, quando estressado, libera o horm\u00f4nio cortisol, cujo aumento cont\u00ednuo est\u00e1 ligado a efeitos como aumento de gordura abdominal, perda de massa muscular e cansa\u00e7o extremo. Adicionalmente, n\u00edveis elevados de cortisol afetam a qualidade do sono, essencial para recupera\u00e7\u00e3o muscular e manuten\u00e7\u00e3o da energia. Assim, o descontrole do Estresse pode se manifestar diretamente na redu\u00e7\u00e3o da disposi\u00e7\u00e3o para realizar atividades f\u00edsicas.<\/p>\n\n\n\n<h2 class=\"wp-block-heading\">Como o Estresse interfere na dieta e no desempenho?<\/h2>\n\n\n\n<p>Sob uma perspectiva nutricional, o Estresse frequentemente leva indiv\u00edduos a consumirem alimentos ricos em calorias e a\u00e7\u00facar, sabotando esfor\u00e7os para a perda de peso. A escolha inconsciente por alimentos ultraprocessados serve como uma fuga moment\u00e2nea, mas compromete significativamente o progresso nos objetivos pessoais de fitness. Al\u00e9m disso, a ansiedade gerada pelo Estresse pode levar ao\u00a0<em>overtraining<\/em>, uma condi\u00e7\u00e3o em que o corpo n\u00e3o se recupera adequadamente, resultando em fadiga constante, les\u00f5es e queda de desempenho.<\/p>\n\n\n<div class=\"wp-block-image\">\n<figure class=\"aligncenter size-large\"><img decoding=\"async\" width=\"1024\" height=\"576\" src=\"https:\/\/www.correiobraziliense.com.br\/cbradar\/wp-content\/uploads\/2025\/08\/overtraining_1756404137928-1024x576.jpg\" alt=\"\" class=\"wp-image-94355\" srcset=\"https:\/\/www.correiobraziliense.com.br\/cbradar\/wp-content\/uploads\/2025\/08\/overtraining_1756404137928-1024x576.jpg 1024w, https:\/\/www.correiobraziliense.com.br\/cbradar\/wp-content\/uploads\/2025\/08\/overtraining_1756404137928-300x169.jpg 300w, https:\/\/www.correiobraziliense.com.br\/cbradar\/wp-content\/uploads\/2025\/08\/overtraining_1756404137928-768x432.jpg 768w, https:\/\/www.correiobraziliense.com.br\/cbradar\/wp-content\/uploads\/2025\/08\/overtraining_1756404137928-750x422.jpg 750w, https:\/\/www.correiobraziliense.com.br\/cbradar\/wp-content\/uploads\/2025\/08\/overtraining_1756404137928-1140x641.jpg 1140w, https:\/\/www.correiobraziliense.com.br\/cbradar\/wp-content\/uploads\/2025\/08\/overtraining_1756404137928.jpg 1280w\" sizes=\"(max-width: 1024px) 100vw, 1024px\" \/><figcaption class=\"wp-element-caption\">Overtraining &#8211; Cr\u00e9ditos: depositphotos.com \/ terovesalainen<\/figcaption><\/figure><\/div>\n\n\n<h2 class=\"wp-block-heading\">Como gerenciar o Estresse para melhorar seus resultados?<\/h2>\n\n\n\n<p>A gest\u00e3o eficiente do Estresse \u00e9 uma parte essencial do plano de qualquer pessoa para alcan\u00e7ar e manter um bom estado f\u00edsico. Diversas pr\u00e1ticas podem ser adotadas para auxiliar na redu\u00e7\u00e3o dos n\u00edveis de estresse e, portanto, nos n\u00edveis de cortisol. T\u00e9cnicas de relaxamento como medita\u00e7\u00e3o, respira\u00e7\u00e3o controlada e yoga s\u00e3o altamente recomendadas. Al\u00e9m disso, a manuten\u00e7\u00e3o de uma dieta rica em nutrientes como \u00f4mega-3, vitaminas do complexo B e antioxidantes ajuda no combate \u00e0 inflama\u00e7\u00e3o e na regula\u00e7\u00e3o hormonal.<\/p>\n\n\n\n<h2 class=\"wp-block-heading\">\u00c9 poss\u00edvel equilibrar atividade f\u00edsica intensa com bem-estar emocional?<\/h2>\n\n\n\n<p>Sim, essa \u00e9 uma meta alcan\u00e7\u00e1vel com a integra\u00e7\u00e3o correta de diferentes tipos de exerc\u00edcios f\u00edsicos. Junto aos treinos intensos, \u00e9 vital incluir atividades que promovam relaxamento e prazer, como caminhadas ao ar livre e alongamentos suaves. Essas atividades auxiliam na redu\u00e7\u00e3o dos n\u00edveis de estresse e na promo\u00e7\u00e3o de uma sensa\u00e7\u00e3o geral de bem-estar. Al\u00e9m disso, a administra\u00e7\u00e3o de metas real\u00edsticas e segmentadas pode reduzir a press\u00e3o desnecess\u00e1ria, dividindo desafios em etapas gerenci\u00e1veis e celebrando pequenas conquistas ao longo do caminho.<\/p>\n\n\n\n<h2 class=\"wp-block-heading\">Quais s\u00e3o as estrat\u00e9gias recomendadas para minimizar o impacto do Estresse?<\/h2>\n\n\n\n<ul class=\"wp-block-list\">\n<li><strong>Pratique mindfulness<\/strong>: O envolvimento regular em pr\u00e1ticas de aten\u00e7\u00e3o plena pode ajudar a gerenciar o Estresse e melhorar a clareza mental.<\/li>\n\n\n\n<li><strong>Alimente-se de forma consciente<\/strong>: Coma devagar, aproveitando os alimentos, o que pode ajudar a reduzir a compuls\u00e3o alimentar gerada pelo Estresse.<\/li>\n\n\n\n<li><strong>Estabele\u00e7a uma rotina de sono<\/strong>: Priorizar o sono de qualidade \u00e9 fundamental para a regenera\u00e7\u00e3o f\u00edsica e mental.<\/li>\n\n\n\n<li><strong>Conecte-se socialmente<\/strong>: As intera\u00e7\u00f5es positivas com amigos e familiares podem atuar como um amortecedor contra o Estresse.<\/li>\n\n\n\n<li><strong>Fa\u00e7a pausas regulares<\/strong>: Pequenos intervalos ao longo do dia ajudam a manter a mente fresca e reduzem a tens\u00e3o acumulada.<\/li>\n<\/ul>\n\n\n\n<p>Em suma, atingir um equil\u00edbrio entre preparo f\u00edsico e sa\u00fade mental requer um esfor\u00e7o consciente na gest\u00e3o do Estresse. Encarar a sa\u00fade de maneira hol\u00edstica \u2014 englobando mente e corpo \u2014 n\u00e3o s\u00f3 aprimora a performance f\u00edsica, como promove um bem-estar que se estende a todas as \u00e1reas da vida. Implementando estrat\u00e9gias adequadas, \u00e9 poss\u00edvel n\u00e3o apenas alcan\u00e7ar, mas tamb\u00e9m manter os objetivos de fitness com sa\u00fade e equil\u00edbrio.<\/p>\n\n\n<a href=\"https:\/\/www.instagram.com\/dra.annaluisabf\/\" target=\"_blank\" rel=\"noopener\" style=\"text-decoration: none; color: inherit;\">\n    <span style=\"display: inline-block; border: 1px solid #ccc; border-radius: 10px; padding: 15px; max-width: 550px; font-family: sans-serif; box-shadow: 0 2px 5px rgba(0,0,0,0.1); width: 100%;\">\n\n      <!-- T\u00edtulo -->\n      <span style=\"display: block; margin: 0 0 15px 0; font-weight: bold; color: #2c3e50; text-align: center;\">\n        Entre em contato:\n      <\/span>\n\n      <!-- Linha do perfil -->\n      <span style=\"display: flex; align-items: center; gap: 15px;\">\n        <img decoding=\"async\"\n          src=\"https:\/\/www.correiobraziliense.com.br\/cbradar\/wp-content\/uploads\/2025\/08\/dra_anna_luisa.jpeg\"\n          alt=\"Foto da Dra. Anna Lu\u00edsa\"\n          style=\"border-radius: 50%; width: 80px; height: 80px; object-fit: cover;\"\n        \/>\n        <span style=\"display: flex; flex-direction: column;\">\n          <span style=\"font-size: 18px; font-weight: 700; color: #2c3e50;\">Dra. Anna Lu\u00edsa Barbosa Fernandes<\/span>\n          <span style=\"color: #555;\">CRM-GO 33.271<\/span>\n        <\/span>\n      <\/span>\n\n      <!-- Redes -->\n      <span style=\"display: flex; align-items: center; gap: 10px; margin-top: 12px;\">\n        <img decoding=\"async\" src=\"https:\/\/cdn-icons-png.flaticon.com\/24\/1384\/1384063.png\" alt=\"Instagram\" width=\"24\" height=\"24\" \/>\n        <span style=\"text-decoration: underline; color: #2c3e50;\">@dra.annaluisabf<\/span>\n      <\/span>\n\n    <\/span>\n  <\/a>","protected":false},"excerpt":{"rendered":"<p>O Estresse \u00e9 uma realidade inevit\u00e1vel na vida moderna, especialmente para aqueles que buscam alcan\u00e7ar metas de fitness rigorosas. No entanto, \u00e9 crucial compreender como esse estado emocional pode impactar adversamente o progresso f\u00edsico e como estrat\u00e9gias eficazes podem ser implementadas para mitigar seus efeitos negativos. Muitas vezes, o Estresse cr\u00f4nico \u00e9 um dos principais [&hellip;]<\/p>\n","protected":false},"author":14,"featured_media":41793,"comment_status":"open","ping_status":"open","sticky":false,"template":"","format":"standard","meta":{"_yoast_wpseo_focuskw":"Estresse","_yoast_wpseo_title":"","_yoast_wpseo_metadesc":"Estresse cr\u00f4nico pode elevar o cortisol, travar seu treino, sabotar sua dieta e impedir sua evolu\u00e7\u00e3o. Descubra como reverter isso com simples ajustes","jnews-multi-image_gallery":[],"jnews_single_post":{"format":"standard"},"jnews_primary_category":[],"jnews_social_meta":[],"jnews_override_counter":[],"footnotes":""},"categories":[4404],"post_tag":[120,1318],"class_list":["post-128736","post","type-post","status-publish","format-standard","has-post-thumbnail","hentry","category-saude","tag-bem-estar","tag-saude-2"],"yoast_head":"<!-- This site is optimized with the Yoast SEO plugin v24.6 - https:\/\/yoast.com\/wordpress\/plugins\/seo\/ -->\n<title>Por que seu corpo n\u00e3o evolui mesmo treinando pesado - Correio Braziliense - Radar<\/title>\n<meta name=\"description\" content=\"Estresse cr\u00f4nico pode elevar o cortisol, travar seu treino, sabotar sua dieta e impedir sua evolu\u00e7\u00e3o. Descubra como reverter isso com simples ajustes\" \/>\n<meta name=\"robots\" content=\"index, follow, max-snippet:-1, max-image-preview:large, max-video-preview:-1\" \/>\n<link rel=\"canonical\" href=\"https:\/\/www.correiobraziliense.com.br\/cbradar\/por-que-seu-corpo-nao-evolui-mesmo-treinando-pesado\/\" \/>\n<meta property=\"og:locale\" content=\"pt_BR\" \/>\n<meta property=\"og:type\" content=\"article\" \/>\n<meta property=\"og:title\" content=\"Por que seu corpo n\u00e3o evolui mesmo treinando pesado - Correio Braziliense - Radar\" \/>\n<meta property=\"og:description\" content=\"Estresse cr\u00f4nico pode elevar o cortisol, travar seu treino, sabotar sua dieta e impedir sua evolu\u00e7\u00e3o. Descubra como reverter isso com simples ajustes\" \/>\n<meta property=\"og:url\" content=\"https:\/\/www.correiobraziliense.com.br\/cbradar\/por-que-seu-corpo-nao-evolui-mesmo-treinando-pesado\/\" \/>\n<meta property=\"og:site_name\" content=\"Correio Braziliense - Radar\" \/>\n<meta property=\"article:published_time\" content=\"2025-10-31T21:25:00+00:00\" \/>\n<meta property=\"og:image\" content=\"https:\/\/www.correiobraziliense.com.br\/cbradar\/wp-content\/uploads\/2025\/05\/estresse_1748013694319.jpg\" \/>\n\t<meta property=\"og:image:width\" content=\"1280\" \/>\n\t<meta property=\"og:image:height\" content=\"720\" \/>\n\t<meta property=\"og:image:type\" content=\"image\/jpeg\" \/>\n<meta name=\"author\" content=\"guilherme_saude\" \/>\n<meta name=\"twitter:card\" content=\"summary_large_image\" \/>\n<meta name=\"twitter:label1\" content=\"Escrito por\" \/>\n\t<meta name=\"twitter:data1\" content=\"guilherme_saude\" \/>\n\t<meta name=\"twitter:label2\" content=\"Est. tempo de leitura\" \/>\n\t<meta name=\"twitter:data2\" content=\"5 minutos\" \/>\n<!-- \/ Yoast SEO plugin. -->","yoast_head_json":{"title":"Por que seu corpo n\u00e3o evolui mesmo treinando pesado - Correio Braziliense - Radar","description":"Estresse cr\u00f4nico pode elevar o cortisol, travar seu treino, sabotar sua dieta e impedir sua evolu\u00e7\u00e3o. Descubra como reverter isso com simples ajustes","robots":{"index":"index","follow":"follow","max-snippet":"max-snippet:-1","max-image-preview":"max-image-preview:large","max-video-preview":"max-video-preview:-1"},"canonical":"https:\/\/www.correiobraziliense.com.br\/cbradar\/por-que-seu-corpo-nao-evolui-mesmo-treinando-pesado\/","og_locale":"pt_BR","og_type":"article","og_title":"Por que seu corpo n\u00e3o evolui mesmo treinando pesado - Correio Braziliense - Radar","og_description":"Estresse cr\u00f4nico pode elevar o cortisol, travar seu treino, sabotar sua dieta e impedir sua evolu\u00e7\u00e3o. Descubra como reverter isso com simples ajustes","og_url":"https:\/\/www.correiobraziliense.com.br\/cbradar\/por-que-seu-corpo-nao-evolui-mesmo-treinando-pesado\/","og_site_name":"Correio Braziliense - Radar","article_published_time":"2025-10-31T21:25:00+00:00","og_image":[{"width":1280,"height":720,"url":"https:\/\/www.correiobraziliense.com.br\/cbradar\/wp-content\/uploads\/2025\/05\/estresse_1748013694319.jpg","type":"image\/jpeg"}],"author":"guilherme_saude","twitter_card":"summary_large_image","twitter_misc":{"Escrito por":"guilherme_saude","Est. tempo de leitura":"5 minutos"},"schema":{"@context":"https:\/\/schema.org","@graph":[{"@type":"WebPage","@id":"https:\/\/www.correiobraziliense.com.br\/cbradar\/por-que-seu-corpo-nao-evolui-mesmo-treinando-pesado\/","url":"https:\/\/www.correiobraziliense.com.br\/cbradar\/por-que-seu-corpo-nao-evolui-mesmo-treinando-pesado\/","name":"Por que seu corpo n\u00e3o evolui mesmo treinando pesado - Correio Braziliense - Radar","isPartOf":{"@id":"https:\/\/www.correiobraziliense.com.br\/cbradar\/#website"},"primaryImageOfPage":{"@id":"https:\/\/www.correiobraziliense.com.br\/cbradar\/por-que-seu-corpo-nao-evolui-mesmo-treinando-pesado\/#primaryimage"},"image":{"@id":"https:\/\/www.correiobraziliense.com.br\/cbradar\/por-que-seu-corpo-nao-evolui-mesmo-treinando-pesado\/#primaryimage"},"thumbnailUrl":"https:\/\/www.correiobraziliense.com.br\/cbradar\/wp-content\/uploads\/2025\/05\/estresse_1748013694319.jpg","datePublished":"2025-10-31T21:25:00+00:00","author":{"@id":"https:\/\/www.correiobraziliense.com.br\/cbradar\/#\/schema\/person\/5aa4bf3c8fa699c267933611de12978b"},"description":"Estresse cr\u00f4nico pode elevar o cortisol, travar seu treino, sabotar sua dieta e impedir sua evolu\u00e7\u00e3o. Descubra como reverter isso com simples ajustes","breadcrumb":{"@id":"https:\/\/www.correiobraziliense.com.br\/cbradar\/por-que-seu-corpo-nao-evolui-mesmo-treinando-pesado\/#breadcrumb"},"inLanguage":"pt-BR","potentialAction":[{"@type":"ReadAction","target":["https:\/\/www.correiobraziliense.com.br\/cbradar\/por-que-seu-corpo-nao-evolui-mesmo-treinando-pesado\/"]}]},{"@type":"ImageObject","inLanguage":"pt-BR","@id":"https:\/\/www.correiobraziliense.com.br\/cbradar\/por-que-seu-corpo-nao-evolui-mesmo-treinando-pesado\/#primaryimage","url":"https:\/\/www.correiobraziliense.com.br\/cbradar\/wp-content\/uploads\/2025\/05\/estresse_1748013694319.jpg","contentUrl":"https:\/\/www.correiobraziliense.com.br\/cbradar\/wp-content\/uploads\/2025\/05\/estresse_1748013694319.jpg","width":1280,"height":720,"caption":"O que realmente ajuda a aliviar o estresse rapidamente - Cr\u00e9ditos: depositphotos.com \/ DenisDenisenko"},{"@type":"BreadcrumbList","@id":"https:\/\/www.correiobraziliense.com.br\/cbradar\/por-que-seu-corpo-nao-evolui-mesmo-treinando-pesado\/#breadcrumb","itemListElement":[{"@type":"ListItem","position":1,"name":"In\u00edcio","item":"https:\/\/www.correiobraziliense.com.br\/cbradar\/"},{"@type":"ListItem","position":2,"name":"Por que seu corpo n\u00e3o evolui mesmo treinando pesado"}]},{"@type":"WebSite","@id":"https:\/\/www.correiobraziliense.com.br\/cbradar\/#website","url":"https:\/\/www.correiobraziliense.com.br\/cbradar\/","name":"Correio Braziliense - Radar","description":"Acompanhe as \u00faltimas not\u00edcias e fique bem informado sobre tudo o que acontece no Brasil e no mundo.","potentialAction":[{"@type":"SearchAction","target":{"@type":"EntryPoint","urlTemplate":"https:\/\/www.correiobraziliense.com.br\/cbradar\/?s={search_term_string}"},"query-input":{"@type":"PropertyValueSpecification","valueRequired":true,"valueName":"search_term_string"}}],"inLanguage":"pt-BR"},{"@type":"Person","@id":"https:\/\/www.correiobraziliense.com.br\/cbradar\/#\/schema\/person\/5aa4bf3c8fa699c267933611de12978b","name":"guilherme_saude","image":{"@type":"ImageObject","inLanguage":"pt-BR","@id":"https:\/\/www.correiobraziliense.com.br\/cbradar\/#\/schema\/person\/image\/","url":"https:\/\/secure.gravatar.com\/avatar\/df9adfb835d344bc0af109d41756253f?s=96&d=mm&r=g","contentUrl":"https:\/\/secure.gravatar.com\/avatar\/df9adfb835d344bc0af109d41756253f?s=96&d=mm&r=g","caption":"guilherme_saude"},"url":"https:\/\/www.correiobraziliense.com.br\/cbradar\/author\/guilherme_saude\/"}]}},"_links":{"self":[{"href":"https:\/\/www.correiobraziliense.com.br\/cbradar\/wp-json\/wp\/v2\/posts\/128736","targetHints":{"allow":["GET"]}}],"collection":[{"href":"https:\/\/www.correiobraziliense.com.br\/cbradar\/wp-json\/wp\/v2\/posts"}],"about":[{"href":"https:\/\/www.correiobraziliense.com.br\/cbradar\/wp-json\/wp\/v2\/types\/post"}],"author":[{"embeddable":true,"href":"https:\/\/www.correiobraziliense.com.br\/cbradar\/wp-json\/wp\/v2\/users\/14"}],"replies":[{"embeddable":true,"href":"https:\/\/www.correiobraziliense.com.br\/cbradar\/wp-json\/wp\/v2\/comments?post=128736"}],"version-history":[{"count":1,"href":"https:\/\/www.correiobraziliense.com.br\/cbradar\/wp-json\/wp\/v2\/posts\/128736\/revisions"}],"predecessor-version":[{"id":128738,"href":"https:\/\/www.correiobraziliense.com.br\/cbradar\/wp-json\/wp\/v2\/posts\/128736\/revisions\/128738"}],"wp:featuredmedia":[{"embeddable":true,"href":"https:\/\/www.correiobraziliense.com.br\/cbradar\/wp-json\/wp\/v2\/media\/41793"}],"wp:attachment":[{"href":"https:\/\/www.correiobraziliense.com.br\/cbradar\/wp-json\/wp\/v2\/media?parent=128736"}],"wp:term":[{"taxonomy":"category","embeddable":true,"href":"https:\/\/www.correiobraziliense.com.br\/cbradar\/wp-json\/wp\/v2\/categories?post=128736"},{"taxonomy":"post_tag","embeddable":true,"href":"https:\/\/www.correiobraziliense.com.br\/cbradar\/wp-json\/wp\/v2\/post_tag?post=128736"}],"curies":[{"name":"wp","href":"https:\/\/api.w.org\/{rel}","templated":true}]}}