{"id":128769,"date":"2025-11-01T13:15:00","date_gmt":"2025-11-01T16:15:00","guid":{"rendered":"https:\/\/www.correiobraziliense.com.br\/cbradar\/?p=128769"},"modified":"2025-10-30T21:04:03","modified_gmt":"2025-10-31T00:04:03","slug":"os-primeiros-sinais-de-cancer-de-mama-que-ninguem-espera","status":"publish","type":"post","link":"https:\/\/www.correiobraziliense.com.br\/cbradar\/os-primeiros-sinais-de-cancer-de-mama-que-ninguem-espera\/","title":{"rendered":"Os primeiros sinais de c\u00e2ncer de mama que ningu\u00e9m espera"},"content":{"rendered":"\n<p>O <strong>C\u00e2ncer de Mama<\/strong> \u00e9 uma condi\u00e7\u00e3o frequentemente diagnosticada em todo o mundo, sendo crucial o reconhecimento precoce dos seus sintomas para aumentar as chances de sucesso no tratamento. Embora esses sintomas possam variar, alguns dos sinais mais comuns incluem o aparecimento de n\u00f3dulos indolores, altera\u00e7\u00f5es na apar\u00eancia do mamilo e a presen\u00e7a de secre\u00e7\u00f5es sanguinolentas. Al\u00e9m disso, \u00e9 importante prestar aten\u00e7\u00e3o em caracter\u00edsticas como coceira, erup\u00e7\u00f5es cut\u00e2neas e mudan\u00e7as na colora\u00e7\u00e3o da pele das mamas.<\/p>\n\n\n\n<p>O autoexame regular das mamas \u00e9 uma pr\u00e1tica vital que permite a identifica\u00e7\u00e3o precoce dessas altera\u00e7\u00f5es. Ao realiz\u00e1-lo, \u00e9 poss\u00edvel observar mudan\u00e7as sutis que podem passar despercebidas no dia a dia. No entanto, a presen\u00e7a de qualquer sintoma ou mudan\u00e7a detectada deve ser comunicada a um mastologista para uma avalia\u00e7\u00e3o mais detalhada. Al\u00e9m do autoexame, exames cl\u00ednicos peri\u00f3dicos s\u00e3o essenciais, especialmente para aqueles com maior risco devido a hist\u00f3rico familiar ou fatores gen\u00e9ticos.<\/p>\n\n\n\n<h2 class=\"wp-block-heading\">Quais s\u00e3o os fatores de risco para o C\u00e2ncer de Mama?<\/h2>\n\n\n\n<p>O risco de desenvolver C\u00e2ncer de Mama \u00e9 elevado em indiv\u00edduos com mais de 50 anos e historicamente familiares com a doen\u00e7a. Al\u00e9m disso, h\u00e1bitos de vida como a obesidade e o sedentarismo podem aumentar a probabilidade de ocorr\u00eancia dessa condi\u00e7\u00e3o. Altera\u00e7\u00f5es gen\u00e9ticas espec\u00edficas, como aquelas nos genes BRCA1 e BRCA2, tamb\u00e9m s\u00e3o marcadores importantes que necessitam de aten\u00e7\u00e3o. Realizar testes gen\u00e9ticos pode ser uma ferramenta preventiva eficaz para identificar e mitigar o risco antes do surgimento do c\u00e2ncer.<\/p>\n\n\n<div class=\"wp-block-image\">\n<figure class=\"aligncenter size-large\"><img decoding=\"async\" width=\"1024\" height=\"576\" src=\"https:\/\/www.correiobraziliense.com.br\/cbradar\/wp-content\/uploads\/2025\/10\/Cancer-de-Mama_1759872246659-1024x576.jpg\" alt=\"\" class=\"wp-image-115818\" srcset=\"https:\/\/www.correiobraziliense.com.br\/cbradar\/wp-content\/uploads\/2025\/10\/Cancer-de-Mama_1759872246659-1024x576.jpg 1024w, https:\/\/www.correiobraziliense.com.br\/cbradar\/wp-content\/uploads\/2025\/10\/Cancer-de-Mama_1759872246659-300x169.jpg 300w, https:\/\/www.correiobraziliense.com.br\/cbradar\/wp-content\/uploads\/2025\/10\/Cancer-de-Mama_1759872246659-768x432.jpg 768w, https:\/\/www.correiobraziliense.com.br\/cbradar\/wp-content\/uploads\/2025\/10\/Cancer-de-Mama_1759872246659-750x422.jpg 750w, https:\/\/www.correiobraziliense.com.br\/cbradar\/wp-content\/uploads\/2025\/10\/Cancer-de-Mama_1759872246659-1140x641.jpg 1140w, https:\/\/www.correiobraziliense.com.br\/cbradar\/wp-content\/uploads\/2025\/10\/Cancer-de-Mama_1759872246659.jpg 1280w\" sizes=\"(max-width: 1024px) 100vw, 1024px\" \/><\/figure><\/div>\n\n\n<h2 class=\"wp-block-heading\">Quais s\u00e3o os tipos de C\u00e2ncer de Mama mais comuns?<\/h2>\n\n\n\n<p>Diversos tipos de C\u00e2ncer de Mama s\u00e3o identificados, cada um com caracter\u00edsticas e n\u00edveis de agressividade distintos. Entre os mais prevalentes est\u00e1 o carcinoma ductal in situ (CDIS), um c\u00e2ncer em est\u00e1gio inicial com altas chances de cura. Outro tipo comum, o carcinoma lobular in situ (CLIS), tamb\u00e9m est\u00e1 frequentemente em est\u00e1gios iniciais e apresenta tratamento simplificado. Os casos mais avan\u00e7ados, como o carcinoma ductal invasivo (CDI) e o carcinoma lobular invasivo (CLI), t\u00eam potencial para met\u00e1stases e necessitam de gerenciamento cl\u00ednico \u00e1gil. Al\u00e9m destes, o carcinoma inflamat\u00f3rio da mama, embora raro, \u00e9 bastante agressivo.<\/p>\n\n\n\n<h2 class=\"wp-block-heading\">Como prevenir e detectar o C\u00e2ncer de Mama em est\u00e1gios iniciais?<\/h2>\n\n\n\n<p>A preven\u00e7\u00e3o do C\u00e2ncer de Mama envolve a ado\u00e7\u00e3o de um estilo de vida saud\u00e1vel, incluindo alimenta\u00e7\u00e3o equilibrada, atividade f\u00edsica regular e a redu\u00e7\u00e3o do consumo de \u00e1lcool e cigarro. Al\u00e9m disso, mamografias regulares s\u00e3o recomendadas a partir dos 40 anos, conforme a orienta\u00e7\u00e3o de sociedades m\u00e9dicas. O autoexame tamb\u00e9m continua sendo uma pr\u00e1tica preventiva importante, devendo ser realizado mensalmente, preferencialmente ap\u00f3s o per\u00edodo menstrual. Durante a campanha Outubro Rosa, essa pr\u00e1tica e outras medidas preventivas s\u00e3o refor\u00e7adas, destacando a import\u00e2ncia da consci\u00eancia e do cuidado cont\u00ednuo com a <a href=\"https:\/\/www.correiobraziliense.com.br\/cbradar\/dra-tayuane-pinto-oftalmologista-o-que-e-mapeamento-de-retina-e-para-que-serve\/\" target=\"_blank\" rel=\"noreferrer noopener\">sa\u00fade <\/a>das mamas.<\/p>\n\n\n\n<h2 class=\"wp-block-heading\">Como identificar o C\u00e2ncer de Mama em est\u00e1gio avan\u00e7ado?<\/h2>\n\n\n\n<p>Em est\u00e1gios mais avan\u00e7ados, os sintomas do C\u00e2ncer de Mama podem se intensificar e incluir sinais n\u00e3o relacionados diretamente \u00e0s mamas, como enjoos, dores \u00f3sseas, perda de apetite e fadiga muscular. Essas manifesta\u00e7\u00f5es costumam ser o resultado da met\u00e1stase, quando as c\u00e9lulas malignas se espalham para outras partes do corpo, como pulm\u00f5es e c\u00e9rebro. Por isso, qualquer mudan\u00e7a severa ou persistente, especialmente em quem j\u00e1 possui um diagn\u00f3stico, deve ser avaliada rapidamente por um oncologista para decidir o melhor curso de tratamento.<\/p>\n\n\n<a href=\"https:\/\/www.instagram.com\/dra.annaluisabf\/\" target=\"_blank\" rel=\"noopener\" style=\"text-decoration: none; color: inherit;\">\n    <span style=\"display: inline-block; border: 1px solid #ccc; border-radius: 10px; padding: 15px; max-width: 550px; font-family: sans-serif; box-shadow: 0 2px 5px rgba(0,0,0,0.1); width: 100%;\">\n\n      <!-- T\u00edtulo -->\n      <span style=\"display: block; margin: 0 0 15px 0; font-weight: bold; color: #2c3e50; text-align: center;\">\n        Entre em contato:\n      <\/span>\n\n      <!-- Linha do perfil -->\n      <span style=\"display: flex; align-items: center; gap: 15px;\">\n        <img decoding=\"async\"\n          src=\"https:\/\/www.correiobraziliense.com.br\/cbradar\/wp-content\/uploads\/2025\/08\/dra_anna_luisa.jpeg\"\n          alt=\"Foto da Dra. Anna Lu\u00edsa\"\n          style=\"border-radius: 50%; width: 80px; height: 80px; object-fit: cover;\"\n        \/>\n        <span style=\"display: flex; flex-direction: column;\">\n          <span style=\"font-size: 18px; font-weight: 700; color: #2c3e50;\">Dra. Anna Lu\u00edsa Barbosa Fernandes<\/span>\n          <span style=\"color: #555;\">CRM-GO 33.271<\/span>\n        <\/span>\n      <\/span>\n\n      <!-- Redes -->\n      <span style=\"display: flex; align-items: center; gap: 10px; margin-top: 12px;\">\n        <img decoding=\"async\" src=\"https:\/\/cdn-icons-png.flaticon.com\/24\/1384\/1384063.png\" alt=\"Instagram\" width=\"24\" height=\"24\" \/>\n        <span style=\"text-decoration: underline; color: #2c3e50;\">@dra.annaluisabf<\/span>\n      <\/span>\n\n    <\/span>\n  <\/a>","protected":false},"excerpt":{"rendered":"<p>O C\u00e2ncer de Mama \u00e9 uma condi\u00e7\u00e3o frequentemente diagnosticada em todo o mundo, sendo crucial o reconhecimento precoce dos seus sintomas para aumentar as chances de sucesso no tratamento. Embora esses sintomas possam variar, alguns dos sinais mais comuns incluem o aparecimento de n\u00f3dulos indolores, altera\u00e7\u00f5es na apar\u00eancia do mamilo e a presen\u00e7a de secre\u00e7\u00f5es [&hellip;]<\/p>\n","protected":false},"author":14,"featured_media":111745,"comment_status":"open","ping_status":"open","sticky":false,"template":"","format":"standard","meta":{"_yoast_wpseo_focuskw":"C\u00e2ncer de Mama","_yoast_wpseo_title":"","_yoast_wpseo_metadesc":"Voc\u00ea sabe reconhecer os sinais precoces do c\u00e2ncer de mama? Aprenda a se prevenir com autoexames, mamografia e atitudes que salvam vidas","jnews-multi-image_gallery":[],"jnews_single_post":{"format":"standard"},"jnews_primary_category":[],"jnews_social_meta":[],"jnews_override_counter":[],"footnotes":""},"categories":[4404],"post_tag":[120,11173,1318],"class_list":["post-128769","post","type-post","status-publish","format-standard","has-post-thumbnail","hentry","category-saude","tag-bem-estar","tag-cancer-de-mama","tag-saude-2"],"yoast_head":"<!-- This site is optimized with the Yoast SEO plugin v24.6 - https:\/\/yoast.com\/wordpress\/plugins\/seo\/ -->\n<title>Os primeiros sinais de c\u00e2ncer de mama que ningu\u00e9m espera - Correio Braziliense - Radar<\/title>\n<meta name=\"description\" content=\"Voc\u00ea sabe reconhecer os sinais precoces do c\u00e2ncer de mama? Aprenda a se prevenir com autoexames, mamografia e atitudes que salvam vidas\" \/>\n<meta name=\"robots\" content=\"index, follow, max-snippet:-1, max-image-preview:large, max-video-preview:-1\" \/>\n<link rel=\"canonical\" href=\"https:\/\/www.correiobraziliense.com.br\/cbradar\/os-primeiros-sinais-de-cancer-de-mama-que-ninguem-espera\/\" \/>\n<meta property=\"og:locale\" content=\"pt_BR\" \/>\n<meta property=\"og:type\" content=\"article\" \/>\n<meta property=\"og:title\" content=\"Os primeiros sinais de c\u00e2ncer de mama que ningu\u00e9m espera - Correio Braziliense - Radar\" \/>\n<meta property=\"og:description\" content=\"Voc\u00ea sabe reconhecer os sinais precoces do c\u00e2ncer de mama? Aprenda a se prevenir com autoexames, mamografia e atitudes que salvam vidas\" \/>\n<meta property=\"og:url\" content=\"https:\/\/www.correiobraziliense.com.br\/cbradar\/os-primeiros-sinais-de-cancer-de-mama-que-ninguem-espera\/\" \/>\n<meta property=\"og:site_name\" content=\"Correio Braziliense - Radar\" \/>\n<meta property=\"article:published_time\" content=\"2025-11-01T16:15:00+00:00\" \/>\n<meta property=\"og:image\" content=\"https:\/\/www.correiobraziliense.com.br\/cbradar\/wp-content\/uploads\/2025\/09\/Cancer-de-Mama_1759206505572.jpg\" \/>\n\t<meta property=\"og:image:width\" content=\"1280\" \/>\n\t<meta property=\"og:image:height\" content=\"720\" \/>\n\t<meta property=\"og:image:type\" content=\"image\/jpeg\" \/>\n<meta name=\"author\" content=\"guilherme_saude\" \/>\n<meta name=\"twitter:card\" content=\"summary_large_image\" \/>\n<meta name=\"twitter:label1\" content=\"Escrito por\" \/>\n\t<meta name=\"twitter:data1\" content=\"guilherme_saude\" \/>\n\t<meta name=\"twitter:label2\" content=\"Est. tempo de leitura\" \/>\n\t<meta name=\"twitter:data2\" content=\"4 minutos\" \/>\n<!-- \/ Yoast SEO plugin. -->","yoast_head_json":{"title":"Os primeiros sinais de c\u00e2ncer de mama que ningu\u00e9m espera - Correio Braziliense - Radar","description":"Voc\u00ea sabe reconhecer os sinais precoces do c\u00e2ncer de mama? Aprenda a se prevenir com autoexames, mamografia e atitudes que salvam vidas","robots":{"index":"index","follow":"follow","max-snippet":"max-snippet:-1","max-image-preview":"max-image-preview:large","max-video-preview":"max-video-preview:-1"},"canonical":"https:\/\/www.correiobraziliense.com.br\/cbradar\/os-primeiros-sinais-de-cancer-de-mama-que-ninguem-espera\/","og_locale":"pt_BR","og_type":"article","og_title":"Os primeiros sinais de c\u00e2ncer de mama que ningu\u00e9m espera - Correio Braziliense - Radar","og_description":"Voc\u00ea sabe reconhecer os sinais precoces do c\u00e2ncer de mama? Aprenda a se prevenir com autoexames, mamografia e atitudes que salvam vidas","og_url":"https:\/\/www.correiobraziliense.com.br\/cbradar\/os-primeiros-sinais-de-cancer-de-mama-que-ninguem-espera\/","og_site_name":"Correio Braziliense - Radar","article_published_time":"2025-11-01T16:15:00+00:00","og_image":[{"width":1280,"height":720,"url":"https:\/\/www.correiobraziliense.com.br\/cbradar\/wp-content\/uploads\/2025\/09\/Cancer-de-Mama_1759206505572.jpg","type":"image\/jpeg"}],"author":"guilherme_saude","twitter_card":"summary_large_image","twitter_misc":{"Escrito por":"guilherme_saude","Est. tempo de leitura":"4 minutos"},"schema":{"@context":"https:\/\/schema.org","@graph":[{"@type":"WebPage","@id":"https:\/\/www.correiobraziliense.com.br\/cbradar\/os-primeiros-sinais-de-cancer-de-mama-que-ninguem-espera\/","url":"https:\/\/www.correiobraziliense.com.br\/cbradar\/os-primeiros-sinais-de-cancer-de-mama-que-ninguem-espera\/","name":"Os primeiros sinais de c\u00e2ncer de mama que ningu\u00e9m espera - Correio Braziliense - Radar","isPartOf":{"@id":"https:\/\/www.correiobraziliense.com.br\/cbradar\/#website"},"primaryImageOfPage":{"@id":"https:\/\/www.correiobraziliense.com.br\/cbradar\/os-primeiros-sinais-de-cancer-de-mama-que-ninguem-espera\/#primaryimage"},"image":{"@id":"https:\/\/www.correiobraziliense.com.br\/cbradar\/os-primeiros-sinais-de-cancer-de-mama-que-ninguem-espera\/#primaryimage"},"thumbnailUrl":"https:\/\/www.correiobraziliense.com.br\/cbradar\/wp-content\/uploads\/2025\/09\/Cancer-de-Mama_1759206505572.jpg","datePublished":"2025-11-01T16:15:00+00:00","author":{"@id":"https:\/\/www.correiobraziliense.com.br\/cbradar\/#\/schema\/person\/5aa4bf3c8fa699c267933611de12978b"},"description":"Voc\u00ea sabe reconhecer os sinais precoces do c\u00e2ncer de mama? Aprenda a se prevenir com autoexames, mamografia e atitudes que salvam vidas","breadcrumb":{"@id":"https:\/\/www.correiobraziliense.com.br\/cbradar\/os-primeiros-sinais-de-cancer-de-mama-que-ninguem-espera\/#breadcrumb"},"inLanguage":"pt-BR","potentialAction":[{"@type":"ReadAction","target":["https:\/\/www.correiobraziliense.com.br\/cbradar\/os-primeiros-sinais-de-cancer-de-mama-que-ninguem-espera\/"]}]},{"@type":"ImageObject","inLanguage":"pt-BR","@id":"https:\/\/www.correiobraziliense.com.br\/cbradar\/os-primeiros-sinais-de-cancer-de-mama-que-ninguem-espera\/#primaryimage","url":"https:\/\/www.correiobraziliense.com.br\/cbradar\/wp-content\/uploads\/2025\/09\/Cancer-de-Mama_1759206505572.jpg","contentUrl":"https:\/\/www.correiobraziliense.com.br\/cbradar\/wp-content\/uploads\/2025\/09\/Cancer-de-Mama_1759206505572.jpg","width":1280,"height":720,"caption":"C\u00e2ncer de Mama - Cr\u00e9ditos: depositphotos.com \/ AndrewLozovyi"},{"@type":"BreadcrumbList","@id":"https:\/\/www.correiobraziliense.com.br\/cbradar\/os-primeiros-sinais-de-cancer-de-mama-que-ninguem-espera\/#breadcrumb","itemListElement":[{"@type":"ListItem","position":1,"name":"In\u00edcio","item":"https:\/\/www.correiobraziliense.com.br\/cbradar\/"},{"@type":"ListItem","position":2,"name":"Os primeiros sinais de c\u00e2ncer de mama que ningu\u00e9m espera"}]},{"@type":"WebSite","@id":"https:\/\/www.correiobraziliense.com.br\/cbradar\/#website","url":"https:\/\/www.correiobraziliense.com.br\/cbradar\/","name":"Correio Braziliense - Radar","description":"Acompanhe as \u00faltimas not\u00edcias e fique bem informado sobre tudo o que acontece no Brasil e no mundo.","potentialAction":[{"@type":"SearchAction","target":{"@type":"EntryPoint","urlTemplate":"https:\/\/www.correiobraziliense.com.br\/cbradar\/?s={search_term_string}"},"query-input":{"@type":"PropertyValueSpecification","valueRequired":true,"valueName":"search_term_string"}}],"inLanguage":"pt-BR"},{"@type":"Person","@id":"https:\/\/www.correiobraziliense.com.br\/cbradar\/#\/schema\/person\/5aa4bf3c8fa699c267933611de12978b","name":"guilherme_saude","image":{"@type":"ImageObject","inLanguage":"pt-BR","@id":"https:\/\/www.correiobraziliense.com.br\/cbradar\/#\/schema\/person\/image\/","url":"https:\/\/secure.gravatar.com\/avatar\/df9adfb835d344bc0af109d41756253f?s=96&d=mm&r=g","contentUrl":"https:\/\/secure.gravatar.com\/avatar\/df9adfb835d344bc0af109d41756253f?s=96&d=mm&r=g","caption":"guilherme_saude"},"url":"https:\/\/www.correiobraziliense.com.br\/cbradar\/author\/guilherme_saude\/"}]}},"_links":{"self":[{"href":"https:\/\/www.correiobraziliense.com.br\/cbradar\/wp-json\/wp\/v2\/posts\/128769","targetHints":{"allow":["GET"]}}],"collection":[{"href":"https:\/\/www.correiobraziliense.com.br\/cbradar\/wp-json\/wp\/v2\/posts"}],"about":[{"href":"https:\/\/www.correiobraziliense.com.br\/cbradar\/wp-json\/wp\/v2\/types\/post"}],"author":[{"embeddable":true,"href":"https:\/\/www.correiobraziliense.com.br\/cbradar\/wp-json\/wp\/v2\/users\/14"}],"replies":[{"embeddable":true,"href":"https:\/\/www.correiobraziliense.com.br\/cbradar\/wp-json\/wp\/v2\/comments?post=128769"}],"version-history":[{"count":1,"href":"https:\/\/www.correiobraziliense.com.br\/cbradar\/wp-json\/wp\/v2\/posts\/128769\/revisions"}],"predecessor-version":[{"id":128770,"href":"https:\/\/www.correiobraziliense.com.br\/cbradar\/wp-json\/wp\/v2\/posts\/128769\/revisions\/128770"}],"wp:featuredmedia":[{"embeddable":true,"href":"https:\/\/www.correiobraziliense.com.br\/cbradar\/wp-json\/wp\/v2\/media\/111745"}],"wp:attachment":[{"href":"https:\/\/www.correiobraziliense.com.br\/cbradar\/wp-json\/wp\/v2\/media?parent=128769"}],"wp:term":[{"taxonomy":"category","embeddable":true,"href":"https:\/\/www.correiobraziliense.com.br\/cbradar\/wp-json\/wp\/v2\/categories?post=128769"},{"taxonomy":"post_tag","embeddable":true,"href":"https:\/\/www.correiobraziliense.com.br\/cbradar\/wp-json\/wp\/v2\/post_tag?post=128769"}],"curies":[{"name":"wp","href":"https:\/\/api.w.org\/{rel}","templated":true}]}}