{"id":128873,"date":"2025-11-01T08:15:37","date_gmt":"2025-11-01T11:15:37","guid":{"rendered":"https:\/\/www.correiobraziliense.com.br\/cbradar\/?p=128873"},"modified":"2025-10-31T13:46:06","modified_gmt":"2025-10-31T16:46:06","slug":"o-que-cada-cor-do-semaforo-significa-para-sua-seguranca","status":"publish","type":"post","link":"https:\/\/www.correiobraziliense.com.br\/cbradar\/o-que-cada-cor-do-semaforo-significa-para-sua-seguranca\/","title":{"rendered":"O que cada cor do sem\u00e1foro significa para sua seguran\u00e7a?"},"content":{"rendered":"\n<p>Os <strong>sem\u00e1foros<\/strong> desempenham um papel fundamental na <strong>organiza\u00e7\u00e3o<\/strong> do <strong>tr\u00e1fego<\/strong>, promovendo a seguran\u00e7a de motoristas, ciclistas e pedestres por meio de um sistema de cores padronizado que impacta diretamente a rotina urbana e a ordem nas cidades.<\/p>\n\n\n\n<h2 class=\"wp-block-heading\">O que significa a cor vermelha no sem\u00e1foro e por que ela \u00e9 essencial para a seguran\u00e7a?<\/h2>\n\n\n\n<p>A cor <strong>vermelha<\/strong> no sem\u00e1foro sinaliza a necessidade de parada imediata, funcionando como um alerta m\u00e1ximo de aten\u00e7\u00e3o e preven\u00e7\u00e3o de acidentes. Em cruzamentos e vias movimentadas, ela garante que todos tenham tempo suficiente para interromper seus movimentos com seguran\u00e7a.<\/p>\n\n\n\n<p>O vermelho \u00e9 internacionalmente reconhecido como s\u00edmbolo de <strong>advert\u00eancia<\/strong> e <strong>perigo<\/strong> em diferentes contextos, aumentando a vigil\u00e2ncia dos condutores e pedestres e ressaltando a import\u00e2ncia do respeito \u00e0s normas no tr\u00e2nsito.<\/p>\n\n\n<div class=\"wp-block-image\">\n<figure class=\"aligncenter size-large\"><img decoding=\"async\" width=\"1024\" height=\"576\" src=\"https:\/\/www.correiobraziliense.com.br\/cbradar\/wp-content\/uploads\/2025\/11\/semaforo-_1761929073430-1024x576.jpg\" alt=\"\" class=\"wp-image-128899\" srcset=\"https:\/\/www.correiobraziliense.com.br\/cbradar\/wp-content\/uploads\/2025\/11\/semaforo-_1761929073430-1024x576.jpg 1024w, https:\/\/www.correiobraziliense.com.br\/cbradar\/wp-content\/uploads\/2025\/11\/semaforo-_1761929073430-300x169.jpg 300w, https:\/\/www.correiobraziliense.com.br\/cbradar\/wp-content\/uploads\/2025\/11\/semaforo-_1761929073430-768x432.jpg 768w, https:\/\/www.correiobraziliense.com.br\/cbradar\/wp-content\/uploads\/2025\/11\/semaforo-_1761929073430-750x422.jpg 750w, https:\/\/www.correiobraziliense.com.br\/cbradar\/wp-content\/uploads\/2025\/11\/semaforo-_1761929073430-1140x641.jpg 1140w, https:\/\/www.correiobraziliense.com.br\/cbradar\/wp-content\/uploads\/2025\/11\/semaforo-_1761929073430.jpg 1280w\" sizes=\"(max-width: 1024px) 100vw, 1024px\" \/><figcaption class=\"wp-element-caption\">O vermelho \u00e9 internacionalmente reconhecido como s\u00edmbolo de advert\u00eancia e perigo &#8211; Cr\u00e9ditos: depositphotos.com \/ monticello<\/figcaption><\/figure><\/div>\n\n\n<h2 class=\"wp-block-heading\">Por que o amarelo \u00e9 utilizado como alerta e qual seu papel na transi\u00e7\u00e3o do tr\u00e2nsito?<\/h2>\n\n\n\n<p>O <strong>amarelo<\/strong> no sem\u00e1foro funciona como um aviso visual, indicando que o<strong> sinal mudar\u00e1 do verde para o vermelho em instantes<\/strong>. Ele prepara motoristas para reduzir a velocidade e se organizar, promovendo transi\u00e7\u00f5es seguras, especialmente em cruzamentos movimentados.<\/p>\n\n\n\n<p>Dentre os principais cuidados que motoristas e pedestres devem adotar ao se depararem com o sinal amarelo, destacam-se pr\u00e1ticas que auxiliam na preven\u00e7\u00e3o de acidentes:<\/p>\n\n\n\n<ul class=\"wp-block-list\">\n<li>Reduzir a velocidade assim que o amarelo acender<\/li>\n\n\n\n<li>Evitar acelerar para tentar passar antes do vermelho<\/li>\n\n\n\n<li>Observar a movimenta\u00e7\u00e3o dos pedestres que podem iniciar a travessia<\/li>\n<\/ul>\n\n\n\n<p>Leia tamb\u00e9m:&nbsp;<a href=\"https:\/\/www.correiobraziliense.com.br\/cbradar\/o-que-significa-que-voce-nao-gosta-de-acordar-cedo-segundo-a-ciencia\/\" target=\"_blank\" rel=\"noopener\">O que significa que voc\u00ea n\u00e3o gosta de acordar cedo, segundo a ci\u00eancia<\/a><\/p>\n\n\n\n<h2 class=\"wp-block-heading\">Como a cor verde autoriza a passagem e influencia o fluxo nas vias urbanas?<\/h2>\n\n\n\n<p>A luz <strong>verde<\/strong> permite seguir em<strong> frente ou virar<\/strong>, respeitando as indica\u00e7\u00f5es adicionais de sinaliza\u00e7\u00e3o, o que mant\u00e9m o <strong>fluxo<\/strong>&nbsp;<strong>vi\u00e1rio<\/strong> cont\u00ednuo e reduz congestionamentos. O tempo do verde pode ser ajustado de acordo com o volume de tr\u00e2nsito da via.<\/p>\n\n\n\n<p>Esse ajuste otimiza o deslocamento, <strong>reduzindo<\/strong> <strong>atrasos<\/strong> nos hor\u00e1rios de pico e contribuindo para a circula\u00e7\u00e3o eficiente em \u00e1reas urbanas de grande movimenta\u00e7\u00e3o.<\/p>\n\n\n<div class=\"wp-block-image\">\n<figure class=\"aligncenter size-large\"><img decoding=\"async\" width=\"1024\" height=\"576\" src=\"https:\/\/www.correiobraziliense.com.br\/cbradar\/wp-content\/uploads\/2025\/11\/semaforo-_1761929041155-1024x576.jpg\" alt=\"\" class=\"wp-image-128898\" srcset=\"https:\/\/www.correiobraziliense.com.br\/cbradar\/wp-content\/uploads\/2025\/11\/semaforo-_1761929041155-1024x576.jpg 1024w, https:\/\/www.correiobraziliense.com.br\/cbradar\/wp-content\/uploads\/2025\/11\/semaforo-_1761929041155-300x169.jpg 300w, https:\/\/www.correiobraziliense.com.br\/cbradar\/wp-content\/uploads\/2025\/11\/semaforo-_1761929041155-768x432.jpg 768w, https:\/\/www.correiobraziliense.com.br\/cbradar\/wp-content\/uploads\/2025\/11\/semaforo-_1761929041155-750x422.jpg 750w, https:\/\/www.correiobraziliense.com.br\/cbradar\/wp-content\/uploads\/2025\/11\/semaforo-_1761929041155-1140x641.jpg 1140w, https:\/\/www.correiobraziliense.com.br\/cbradar\/wp-content\/uploads\/2025\/11\/semaforo-_1761929041155.jpg 1280w\" sizes=\"(max-width: 1024px) 100vw, 1024px\" \/><figcaption class=\"wp-element-caption\">A luz verde permite seguir em frente ou virar, respeitando as indica\u00e7\u00f5es adicionais de sinaliza\u00e7\u00e3o &#8211; Cr\u00e9ditos: depositphotos.com \/ pixelaway<\/figcaption><\/figure><\/div>\n\n\n<h2 class=\"wp-block-heading\">Quais s\u00e3o os benef\u00edcios dos sem\u00e1foros para a rotina e seguran\u00e7a das cidades?<\/h2>\n\n\n\n<p>Os sem\u00e1foros oferecem n\u00e3o s\u00f3 seguran\u00e7a como tamb\u00e9m ajudam a organizar o tr\u00e2nsito, <strong>evitando<\/strong> <strong>conflitos<\/strong> e <strong>acidentes<\/strong>. Sua regula\u00e7\u00e3o previs\u00edvel diminui o estresse dos condutores e torna o ambiente urbano mais seguro para todos.<\/p>\n\n\n\n<p>A aus\u00eancia desses dispositivos compromete a ordem, podendo causar desorganiza\u00e7\u00e3o vi\u00e1ria. O respeito \u00e0s cores dos sem\u00e1foros \u00e9 fundamental para manter a harmonia e a seguran\u00e7a no tr\u00e2nsito das cidades.<\/p>\n","protected":false},"excerpt":{"rendered":"<p>Os sem\u00e1foros desempenham um papel fundamental na organiza\u00e7\u00e3o do tr\u00e1fego, promovendo a seguran\u00e7a de motoristas, ciclistas e pedestres por meio de um sistema de cores padronizado que impacta diretamente a rotina urbana e a ordem nas cidades. O que significa a cor vermelha no sem\u00e1foro e por que ela \u00e9 essencial para a seguran\u00e7a? A [&hellip;]<\/p>\n","protected":false},"author":9,"featured_media":128897,"comment_status":"open","ping_status":"open","sticky":false,"template":"","format":"standard","meta":{"_yoast_wpseo_focuskw":"sem\u00e1foro","_yoast_wpseo_title":"%%title%% %%page%%","_yoast_wpseo_metadesc":"Entenda como vermelho, amarelo e verde do sem\u00e1foro garantem seguran\u00e7a, organiza\u00e7\u00e3o e fluxo eficiente no tr\u00e2nsito das cidades.","jnews-multi-image_gallery":[],"jnews_single_post":{"format":"standard"},"jnews_primary_category":[],"jnews_social_meta":[],"jnews_override_counter":[],"footnotes":""},"categories":[112],"tags":[11258,11257],"class_list":["post-128873","post","type-post","status-publish","format-standard","has-post-thumbnail","hentry","category-curiosidades","tag-cor-do-semaforo","tag-semaforo"],"yoast_head":"<!-- This site is optimized with the Yoast SEO plugin v24.6 - https:\/\/yoast.com\/wordpress\/plugins\/seo\/ -->\n<title>O que cada cor do sem\u00e1foro significa para sua seguran\u00e7a?<\/title>\n<meta name=\"description\" content=\"Entenda como vermelho, amarelo e verde do sem\u00e1foro garantem seguran\u00e7a, organiza\u00e7\u00e3o e fluxo eficiente no tr\u00e2nsito das cidades.\" \/>\n<meta name=\"robots\" content=\"index, follow, max-snippet:-1, max-image-preview:large, max-video-preview:-1\" \/>\n<link rel=\"canonical\" href=\"https:\/\/www.correiobraziliense.com.br\/cbradar\/o-que-cada-cor-do-semaforo-significa-para-sua-seguranca\/\" \/>\n<meta property=\"og:locale\" content=\"pt_BR\" \/>\n<meta property=\"og:type\" content=\"article\" \/>\n<meta property=\"og:title\" content=\"O que cada cor do sem\u00e1foro significa para sua seguran\u00e7a?\" \/>\n<meta property=\"og:description\" content=\"Entenda como vermelho, amarelo e verde do sem\u00e1foro garantem seguran\u00e7a, organiza\u00e7\u00e3o e fluxo eficiente no tr\u00e2nsito das cidades.\" \/>\n<meta property=\"og:url\" content=\"https:\/\/www.correiobraziliense.com.br\/cbradar\/o-que-cada-cor-do-semaforo-significa-para-sua-seguranca\/\" \/>\n<meta property=\"og:site_name\" content=\"Correio Braziliense - Radar\" \/>\n<meta property=\"article:published_time\" content=\"2025-11-01T11:15:37+00:00\" \/>\n<meta property=\"og:image\" content=\"https:\/\/www.correiobraziliense.com.br\/cbradar\/wp-content\/uploads\/2025\/11\/semaforo-_1761928897116.jpg\" \/>\n\t<meta property=\"og:image:width\" content=\"1280\" \/>\n\t<meta property=\"og:image:height\" content=\"720\" \/>\n\t<meta property=\"og:image:type\" content=\"image\/jpeg\" \/>\n<meta name=\"author\" content=\"Daniely Cardoso\" \/>\n<meta name=\"twitter:card\" content=\"summary_large_image\" \/>\n<meta name=\"twitter:label1\" content=\"Escrito por\" \/>\n\t<meta name=\"twitter:data1\" content=\"Daniely Cardoso\" \/>\n\t<meta name=\"twitter:label2\" content=\"Est. tempo de leitura\" \/>\n\t<meta name=\"twitter:data2\" content=\"3 minutos\" \/>\n<!-- \/ Yoast SEO plugin. -->","yoast_head_json":{"title":"O que cada cor do sem\u00e1foro significa para sua seguran\u00e7a?","description":"Entenda como vermelho, amarelo e verde do sem\u00e1foro garantem seguran\u00e7a, organiza\u00e7\u00e3o e fluxo eficiente no tr\u00e2nsito das cidades.","robots":{"index":"index","follow":"follow","max-snippet":"max-snippet:-1","max-image-preview":"max-image-preview:large","max-video-preview":"max-video-preview:-1"},"canonical":"https:\/\/www.correiobraziliense.com.br\/cbradar\/o-que-cada-cor-do-semaforo-significa-para-sua-seguranca\/","og_locale":"pt_BR","og_type":"article","og_title":"O que cada cor do sem\u00e1foro significa para sua seguran\u00e7a?","og_description":"Entenda como vermelho, amarelo e verde do sem\u00e1foro garantem seguran\u00e7a, organiza\u00e7\u00e3o e fluxo eficiente no tr\u00e2nsito das cidades.","og_url":"https:\/\/www.correiobraziliense.com.br\/cbradar\/o-que-cada-cor-do-semaforo-significa-para-sua-seguranca\/","og_site_name":"Correio Braziliense - Radar","article_published_time":"2025-11-01T11:15:37+00:00","og_image":[{"width":1280,"height":720,"url":"https:\/\/www.correiobraziliense.com.br\/cbradar\/wp-content\/uploads\/2025\/11\/semaforo-_1761928897116.jpg","type":"image\/jpeg"}],"author":"Daniely Cardoso","twitter_card":"summary_large_image","twitter_misc":{"Escrito por":"Daniely Cardoso","Est. tempo de leitura":"3 minutos"},"schema":{"@context":"https:\/\/schema.org","@graph":[{"@type":"WebPage","@id":"https:\/\/www.correiobraziliense.com.br\/cbradar\/o-que-cada-cor-do-semaforo-significa-para-sua-seguranca\/","url":"https:\/\/www.correiobraziliense.com.br\/cbradar\/o-que-cada-cor-do-semaforo-significa-para-sua-seguranca\/","name":"O que cada cor do sem\u00e1foro significa para sua seguran\u00e7a?","isPartOf":{"@id":"https:\/\/www.correiobraziliense.com.br\/cbradar\/#website"},"primaryImageOfPage":{"@id":"https:\/\/www.correiobraziliense.com.br\/cbradar\/o-que-cada-cor-do-semaforo-significa-para-sua-seguranca\/#primaryimage"},"image":{"@id":"https:\/\/www.correiobraziliense.com.br\/cbradar\/o-que-cada-cor-do-semaforo-significa-para-sua-seguranca\/#primaryimage"},"thumbnailUrl":"https:\/\/www.correiobraziliense.com.br\/cbradar\/wp-content\/uploads\/2025\/11\/semaforo-_1761928897116.jpg","datePublished":"2025-11-01T11:15:37+00:00","author":{"@id":"https:\/\/www.correiobraziliense.com.br\/cbradar\/#\/schema\/person\/7356666e12ec0ee53f348ee5db227032"},"description":"Entenda como vermelho, amarelo e verde do sem\u00e1foro garantem seguran\u00e7a, organiza\u00e7\u00e3o e fluxo eficiente no tr\u00e2nsito das cidades.","breadcrumb":{"@id":"https:\/\/www.correiobraziliense.com.br\/cbradar\/o-que-cada-cor-do-semaforo-significa-para-sua-seguranca\/#breadcrumb"},"inLanguage":"pt-BR","potentialAction":[{"@type":"ReadAction","target":["https:\/\/www.correiobraziliense.com.br\/cbradar\/o-que-cada-cor-do-semaforo-significa-para-sua-seguranca\/"]}]},{"@type":"ImageObject","inLanguage":"pt-BR","@id":"https:\/\/www.correiobraziliense.com.br\/cbradar\/o-que-cada-cor-do-semaforo-significa-para-sua-seguranca\/#primaryimage","url":"https:\/\/www.correiobraziliense.com.br\/cbradar\/wp-content\/uploads\/2025\/11\/semaforo-_1761928897116.jpg","contentUrl":"https:\/\/www.correiobraziliense.com.br\/cbradar\/wp-content\/uploads\/2025\/11\/semaforo-_1761928897116.jpg","width":1280,"height":720,"caption":"Dentre os principais cuidados que motoristas e pedestres devem adotar - Cr\u00e9ditos: depositphotos.com \/ bakerjarvis"},{"@type":"BreadcrumbList","@id":"https:\/\/www.correiobraziliense.com.br\/cbradar\/o-que-cada-cor-do-semaforo-significa-para-sua-seguranca\/#breadcrumb","itemListElement":[{"@type":"ListItem","position":1,"name":"In\u00edcio","item":"https:\/\/www.correiobraziliense.com.br\/cbradar\/"},{"@type":"ListItem","position":2,"name":"O que cada cor do sem\u00e1foro significa para sua seguran\u00e7a?"}]},{"@type":"WebSite","@id":"https:\/\/www.correiobraziliense.com.br\/cbradar\/#website","url":"https:\/\/www.correiobraziliense.com.br\/cbradar\/","name":"Correio Braziliense - Radar","description":"Acompanhe as \u00faltimas not\u00edcias e fique bem informado sobre tudo o que acontece no Brasil e no mundo.","potentialAction":[{"@type":"SearchAction","target":{"@type":"EntryPoint","urlTemplate":"https:\/\/www.correiobraziliense.com.br\/cbradar\/?s={search_term_string}"},"query-input":{"@type":"PropertyValueSpecification","valueRequired":true,"valueName":"search_term_string"}}],"inLanguage":"pt-BR"},{"@type":"Person","@id":"https:\/\/www.correiobraziliense.com.br\/cbradar\/#\/schema\/person\/7356666e12ec0ee53f348ee5db227032","name":"Daniely Cardoso","image":{"@type":"ImageObject","inLanguage":"pt-BR","@id":"https:\/\/www.correiobraziliense.com.br\/cbradar\/#\/schema\/person\/image\/","url":"https:\/\/secure.gravatar.com\/avatar\/4b80ddbd124d1f071b626d52d62e5dff?s=96&d=mm&r=g","contentUrl":"https:\/\/secure.gravatar.com\/avatar\/4b80ddbd124d1f071b626d52d62e5dff?s=96&d=mm&r=g","caption":"Daniely Cardoso"},"description":"Redatora nos portais CB Radar e EM Foco, formada pela Universidade Federal de Goi\u00e1s, em Goi\u00e2nia. Apaixonada por comunica\u00e7\u00e3o, arte, decora\u00e7\u00e3o e tend\u00eancias, atuo na produ\u00e7\u00e3o de conte\u00fados envolventes sobre curiosidades, moda, beleza e paisagismo, sempre com um olhar atento \u00e0s novidades do momento.","sameAs":["https:\/\/www.correiobraziliense.com.br\/cbradar"],"url":"https:\/\/www.correiobraziliense.com.br\/cbradar\/author\/danielymyth\/"}]}},"_links":{"self":[{"href":"https:\/\/www.correiobraziliense.com.br\/cbradar\/wp-json\/wp\/v2\/posts\/128873","targetHints":{"allow":["GET"]}}],"collection":[{"href":"https:\/\/www.correiobraziliense.com.br\/cbradar\/wp-json\/wp\/v2\/posts"}],"about":[{"href":"https:\/\/www.correiobraziliense.com.br\/cbradar\/wp-json\/wp\/v2\/types\/post"}],"author":[{"embeddable":true,"href":"https:\/\/www.correiobraziliense.com.br\/cbradar\/wp-json\/wp\/v2\/users\/9"}],"replies":[{"embeddable":true,"href":"https:\/\/www.correiobraziliense.com.br\/cbradar\/wp-json\/wp\/v2\/comments?post=128873"}],"version-history":[{"count":2,"href":"https:\/\/www.correiobraziliense.com.br\/cbradar\/wp-json\/wp\/v2\/posts\/128873\/revisions"}],"predecessor-version":[{"id":128900,"href":"https:\/\/www.correiobraziliense.com.br\/cbradar\/wp-json\/wp\/v2\/posts\/128873\/revisions\/128900"}],"wp:featuredmedia":[{"embeddable":true,"href":"https:\/\/www.correiobraziliense.com.br\/cbradar\/wp-json\/wp\/v2\/media\/128897"}],"wp:attachment":[{"href":"https:\/\/www.correiobraziliense.com.br\/cbradar\/wp-json\/wp\/v2\/media?parent=128873"}],"wp:term":[{"taxonomy":"category","embeddable":true,"href":"https:\/\/www.correiobraziliense.com.br\/cbradar\/wp-json\/wp\/v2\/categories?post=128873"},{"taxonomy":"post_tag","embeddable":true,"href":"https:\/\/www.correiobraziliense.com.br\/cbradar\/wp-json\/wp\/v2\/tags?post=128873"}],"curies":[{"name":"wp","href":"https:\/\/api.w.org\/{rel}","templated":true}]}}