{"id":129083,"date":"2025-11-01T15:55:00","date_gmt":"2025-11-01T18:55:00","guid":{"rendered":"https:\/\/www.correiobraziliense.com.br\/cbradar\/?p=129083"},"modified":"2025-10-31T20:40:33","modified_gmt":"2025-10-31T23:40:33","slug":"voce-e-vegano-entao-precisa-saber-disso-agora","status":"publish","type":"post","link":"https:\/\/www.correiobraziliense.com.br\/cbradar\/voce-e-vegano-entao-precisa-saber-disso-agora\/","title":{"rendered":"Voc\u00ea \u00e9 vegano? Ent\u00e3o precisa saber disso agora"},"content":{"rendered":"\n<p>A <strong>Alimenta\u00e7\u00e3o Vegana<\/strong> tem ganhado popularidade mundial, n\u00e3o apenas como uma escolha \u00e9tica, mas tamb\u00e9m por seus potenciais benef\u00edcios \u00e0 sa\u00fade. Essa dieta, que exclui alimentos de origem animal, requer um planejamento cuidadoso para garantir a ingest\u00e3o adequada de todos os nutrientes essenciais. Nesse contexto, a variedade alimentar desempenha um papel fundamental.<\/p>\n\n\n\n<p>Adotar uma dieta vegana significa prestar aten\u00e7\u00e3o \u00e0 qualidade nutricional dos alimentos ingeridos. Muitos acreditam que eliminar produtos animais basta para uma alimenta\u00e7\u00e3o saud\u00e1vel, mas na verdade, \u00e9 crucial substituir essas fontes de nutrientes por alternativas vegetais ricas em prote\u00ednas e minerais. Ignorar essa necessidade pode levar a defici\u00eancias significativas de vitaminas como B12, al\u00e9m de ferro, c\u00e1lcio, e \u00f4mega 3, nutrientes vitais para o funcionamento harmonioso do organismo.<\/p>\n\n\n\n<h2 class=\"wp-block-heading\">Quais s\u00e3o os principais grupos alimentares essenciais para veganos?<\/h2>\n\n\n\n<p>Para manter uma dieta vegana equilibrada, certos grupos alimentares devem ser inclu\u00eddos regularmente na alimenta\u00e7\u00e3o. As&nbsp;<strong>leguminosas<\/strong>, por exemplo, s\u00e3o fundamentais. Feij\u00e3o, lentilha e gr\u00e3o-de-bico n\u00e3o s\u00e3o apenas fontes de prote\u00edna vegetal, mas tamb\u00e9m de ferro e zinco, nutrientes que colaboram para a sa\u00fade intestinal e a sensa\u00e7\u00e3o de saciedade.<\/p>\n\n\n<div class=\"wp-block-image\">\n<figure class=\"aligncenter size-large\"><img decoding=\"async\" width=\"1024\" height=\"576\" src=\"https:\/\/www.correiobraziliense.com.br\/cbradar\/wp-content\/uploads\/2025\/06\/grao-de-bico_1749299354300-1024x576.jpg\" alt=\"\" class=\"wp-image-49488\" srcset=\"https:\/\/www.correiobraziliense.com.br\/cbradar\/wp-content\/uploads\/2025\/06\/grao-de-bico_1749299354300-1024x576.jpg 1024w, https:\/\/www.correiobraziliense.com.br\/cbradar\/wp-content\/uploads\/2025\/06\/grao-de-bico_1749299354300-300x169.jpg 300w, https:\/\/www.correiobraziliense.com.br\/cbradar\/wp-content\/uploads\/2025\/06\/grao-de-bico_1749299354300-768x432.jpg 768w, https:\/\/www.correiobraziliense.com.br\/cbradar\/wp-content\/uploads\/2025\/06\/grao-de-bico_1749299354300-750x422.jpg 750w, https:\/\/www.correiobraziliense.com.br\/cbradar\/wp-content\/uploads\/2025\/06\/grao-de-bico_1749299354300-1140x641.jpg 1140w, https:\/\/www.correiobraziliense.com.br\/cbradar\/wp-content\/uploads\/2025\/06\/grao-de-bico_1749299354300.jpg 1280w\" sizes=\"(max-width: 1024px) 100vw, 1024px\" \/><figcaption class=\"wp-element-caption\">Gr\u00e3o-de-Bico &#8211; Cr\u00e9ditos: depositphotos.com \/ VadimVasenin<\/figcaption><\/figure><\/div>\n\n\n<h2 class=\"wp-block-heading\">Como as oleaginosas contribuem para uma Alimenta\u00e7\u00e3o Vegana saud\u00e1vel?<\/h2>\n\n\n\n<p>As&nbsp;<strong>oleaginosas<\/strong>, como nozes, castanhas e am\u00eandoas, s\u00e3o ricas em gorduras ben\u00e9ficas que promovem a sa\u00fade cardiovascular e cerebral. Al\u00e9m disso, cont\u00eam sel\u00eanio e magn\u00e9sio, ess\u00eancias para o fortalecimento do sistema imunol\u00f3gico. Esses alimentos tamb\u00e9m s\u00e3o \u00f3timos para quem busca uma dieta completa sem produtos de origem animal.<\/p>\n\n\n\n<h2 class=\"wp-block-heading\">Qual \u00e9 o papel dos vegetais verde-escuros na dieta vegana?<\/h2>\n\n\n\n<p>Os&nbsp;<strong>vegetais verde-escuros<\/strong>, como couve e espinafre, s\u00e3o importantes fornecedores de c\u00e1lcio, ferro e vitamina K. Estes nutrientes s\u00e3o cr\u00edticos para a forma\u00e7\u00e3o \u00f3ssea e a preven\u00e7\u00e3o da anemia. Ao incluir esses vegetais na dieta, \u00e9 poss\u00edvel compensar a falta de minerais comumente obtidos atrav\u00e9s de produtos animais.<\/p>\n\n\n\n<h2 class=\"wp-block-heading\">Gr\u00e3os integrais e sementes s\u00e3o realmente essenciais?<\/h2>\n\n\n\n<p>Sim, s\u00e3o essenciais.\u00a0<strong>Gr\u00e3os inteiros<\/strong>\u00a0e\u00a0<strong>sementes<\/strong>, como quinoa e chia, fornecem prote\u00ednas de qualidade e \u00e1cidos graxos \u00f4mega 3. Eles s\u00e3o vitais n\u00e3o s\u00f3 para a sa\u00fade cardiovascular, mas tamb\u00e9m para o funcionamento cognitivo. Incorporar esses alimentos ajuda na otimiza\u00e7\u00e3o da dieta vegana em termos de nutri\u00e7\u00e3o e <a href=\"https:\/\/www.correiobraziliense.com.br\/cbradar\/dra-najla-smaili-flacidez-no-rosto-conheca-o-ultraformer\/\" target=\"_blank\" rel=\"noreferrer noopener\">sa\u00fade<\/a>.<\/p>\n\n\n\n<h2 class=\"wp-block-heading\">Por que a suplementa\u00e7\u00e3o \u00e9 necess\u00e1ria para os veganos?<\/h2>\n\n\n\n<p>Embora muitos nutrientes possam ser obtidos a partir de fontes vegetais, a vitamina B12 \u00e9 uma exce\u00e7\u00e3o, pois n\u00e3o \u00e9 encontrada naturalmente em alimentos de origem vegetal. Dessa forma, a&nbsp;<strong>suplementa\u00e7\u00e3o<\/strong>&nbsp;ou o consumo de alimentos fortificados \u00e9 altamente recomendado para prevenir defici\u00eancias. Essa estrat\u00e9gia ajuda a manter o bom funcionamento do sistema nervoso e a produ\u00e7\u00e3o de gl\u00f3bulos vermelhos.<\/p>\n\n\n\n<p>Em suma, uma Alimenta\u00e7\u00e3o Vegana bem planejada e variada pode suprir todas as necessidades nutricionais do corpo. \u00c9 essencial combinar diferentes grupos alimentares para garantir uma dieta equilibrada, otimizar a sa\u00fade e promover o bem-estar geral. Longe de ser apenas uma moda passageira, o veganismo se consolida como uma escolha consciente e nutrida para o futuro.<\/p>\n\n\n<a href=\"https:\/\/www.instagram.com\/dra.annaluisabf\/\" target=\"_blank\" rel=\"noopener\" style=\"text-decoration: none; color: inherit;\">\n    <span style=\"display: inline-block; border: 1px solid #ccc; border-radius: 10px; padding: 15px; max-width: 550px; font-family: sans-serif; box-shadow: 0 2px 5px rgba(0,0,0,0.1); width: 100%;\">\n\n      <!-- T\u00edtulo -->\n      <span style=\"display: block; margin: 0 0 15px 0; font-weight: bold; color: #2c3e50; text-align: center;\">\n        Entre em contato:\n      <\/span>\n\n      <!-- Linha do perfil -->\n      <span style=\"display: flex; align-items: center; gap: 15px;\">\n        <img decoding=\"async\"\n          src=\"https:\/\/www.correiobraziliense.com.br\/cbradar\/wp-content\/uploads\/2025\/08\/dra_anna_luisa.jpeg\"\n          alt=\"Foto da Dra. Anna Lu\u00edsa\"\n          style=\"border-radius: 50%; width: 80px; height: 80px; object-fit: cover;\"\n        \/>\n        <span style=\"display: flex; flex-direction: column;\">\n          <span style=\"font-size: 18px; font-weight: 700; color: #2c3e50;\">Dra. Anna Lu\u00edsa Barbosa Fernandes<\/span>\n          <span style=\"color: #555;\">CRM-GO 33.271<\/span>\n        <\/span>\n      <\/span>\n\n      <!-- Redes -->\n      <span style=\"display: flex; align-items: center; gap: 10px; margin-top: 12px;\">\n        <img decoding=\"async\" src=\"https:\/\/cdn-icons-png.flaticon.com\/24\/1384\/1384063.png\" alt=\"Instagram\" width=\"24\" height=\"24\" \/>\n        <span style=\"text-decoration: underline; color: #2c3e50;\">@dra.annaluisabf<\/span>\n      <\/span>\n\n    <\/span>\n  <\/a>","protected":false},"excerpt":{"rendered":"<p>A Alimenta\u00e7\u00e3o Vegana tem ganhado popularidade mundial, n\u00e3o apenas como uma escolha \u00e9tica, mas tamb\u00e9m por seus potenciais benef\u00edcios \u00e0 sa\u00fade. Essa dieta, que exclui alimentos de origem animal, requer um planejamento cuidadoso para garantir a ingest\u00e3o adequada de todos os nutrientes essenciais. Nesse contexto, a variedade alimentar desempenha um papel fundamental. Adotar uma dieta [&hellip;]<\/p>\n","protected":false},"author":14,"featured_media":92919,"comment_status":"open","ping_status":"open","sticky":false,"template":"","format":"standard","meta":{"_yoast_wpseo_focuskw":"Alimenta\u00e7\u00e3o Vegana","_yoast_wpseo_title":"","_yoast_wpseo_metadesc":"Voc\u00ea sabe o que n\u00e3o pode faltar em uma alimenta\u00e7\u00e3o vegana? Descubra como montar uma dieta completa, variada e livre de car\u00eancias nutricionais","jnews-multi-image_gallery":[],"jnews_single_post":{"format":"standard"},"jnews_primary_category":[],"jnews_social_meta":[],"jnews_override_counter":[],"footnotes":""},"categories":[4404],"post_tag":[281,120,1488,1318],"class_list":["post-129083","post","type-post","status-publish","format-standard","has-post-thumbnail","hentry","category-saude","tag-alimentacao","tag-bem-estar","tag-dieta","tag-saude-2"],"yoast_head":"<!-- This site is optimized with the Yoast SEO plugin v24.6 - https:\/\/yoast.com\/wordpress\/plugins\/seo\/ -->\n<title>Voc\u00ea \u00e9 vegano? Ent\u00e3o precisa saber disso agora - Correio Braziliense - Radar<\/title>\n<meta name=\"description\" content=\"Voc\u00ea sabe o que n\u00e3o pode faltar em uma alimenta\u00e7\u00e3o vegana? Descubra como montar uma dieta completa, variada e livre de car\u00eancias nutricionais\" \/>\n<meta name=\"robots\" content=\"index, follow, max-snippet:-1, max-image-preview:large, max-video-preview:-1\" \/>\n<link rel=\"canonical\" href=\"https:\/\/www.correiobraziliense.com.br\/cbradar\/voce-e-vegano-entao-precisa-saber-disso-agora\/\" \/>\n<meta property=\"og:locale\" content=\"pt_BR\" \/>\n<meta property=\"og:type\" content=\"article\" \/>\n<meta property=\"og:title\" content=\"Voc\u00ea \u00e9 vegano? Ent\u00e3o precisa saber disso agora - Correio Braziliense - Radar\" \/>\n<meta property=\"og:description\" content=\"Voc\u00ea sabe o que n\u00e3o pode faltar em uma alimenta\u00e7\u00e3o vegana? Descubra como montar uma dieta completa, variada e livre de car\u00eancias nutricionais\" \/>\n<meta property=\"og:url\" content=\"https:\/\/www.correiobraziliense.com.br\/cbradar\/voce-e-vegano-entao-precisa-saber-disso-agora\/\" \/>\n<meta property=\"og:site_name\" content=\"Correio Braziliense - Radar\" \/>\n<meta property=\"article:published_time\" content=\"2025-11-01T18:55:00+00:00\" \/>\n<meta property=\"og:image\" content=\"https:\/\/www.correiobraziliense.com.br\/cbradar\/wp-content\/uploads\/2025\/08\/vegan_1756130145646.jpg\" \/>\n\t<meta property=\"og:image:width\" content=\"1280\" \/>\n\t<meta property=\"og:image:height\" content=\"720\" \/>\n\t<meta property=\"og:image:type\" content=\"image\/jpeg\" \/>\n<meta name=\"author\" content=\"guilherme_saude\" \/>\n<meta name=\"twitter:card\" content=\"summary_large_image\" \/>\n<meta name=\"twitter:label1\" content=\"Escrito por\" \/>\n\t<meta name=\"twitter:data1\" content=\"guilherme_saude\" \/>\n\t<meta name=\"twitter:label2\" content=\"Est. tempo de leitura\" \/>\n\t<meta name=\"twitter:data2\" content=\"4 minutos\" \/>\n<!-- \/ Yoast SEO plugin. -->","yoast_head_json":{"title":"Voc\u00ea \u00e9 vegano? Ent\u00e3o precisa saber disso agora - Correio Braziliense - Radar","description":"Voc\u00ea sabe o que n\u00e3o pode faltar em uma alimenta\u00e7\u00e3o vegana? Descubra como montar uma dieta completa, variada e livre de car\u00eancias nutricionais","robots":{"index":"index","follow":"follow","max-snippet":"max-snippet:-1","max-image-preview":"max-image-preview:large","max-video-preview":"max-video-preview:-1"},"canonical":"https:\/\/www.correiobraziliense.com.br\/cbradar\/voce-e-vegano-entao-precisa-saber-disso-agora\/","og_locale":"pt_BR","og_type":"article","og_title":"Voc\u00ea \u00e9 vegano? Ent\u00e3o precisa saber disso agora - Correio Braziliense - Radar","og_description":"Voc\u00ea sabe o que n\u00e3o pode faltar em uma alimenta\u00e7\u00e3o vegana? Descubra como montar uma dieta completa, variada e livre de car\u00eancias nutricionais","og_url":"https:\/\/www.correiobraziliense.com.br\/cbradar\/voce-e-vegano-entao-precisa-saber-disso-agora\/","og_site_name":"Correio Braziliense - Radar","article_published_time":"2025-11-01T18:55:00+00:00","og_image":[{"width":1280,"height":720,"url":"https:\/\/www.correiobraziliense.com.br\/cbradar\/wp-content\/uploads\/2025\/08\/vegan_1756130145646.jpg","type":"image\/jpeg"}],"author":"guilherme_saude","twitter_card":"summary_large_image","twitter_misc":{"Escrito por":"guilherme_saude","Est. tempo de leitura":"4 minutos"},"schema":{"@context":"https:\/\/schema.org","@graph":[{"@type":"WebPage","@id":"https:\/\/www.correiobraziliense.com.br\/cbradar\/voce-e-vegano-entao-precisa-saber-disso-agora\/","url":"https:\/\/www.correiobraziliense.com.br\/cbradar\/voce-e-vegano-entao-precisa-saber-disso-agora\/","name":"Voc\u00ea \u00e9 vegano? Ent\u00e3o precisa saber disso agora - Correio Braziliense - Radar","isPartOf":{"@id":"https:\/\/www.correiobraziliense.com.br\/cbradar\/#website"},"primaryImageOfPage":{"@id":"https:\/\/www.correiobraziliense.com.br\/cbradar\/voce-e-vegano-entao-precisa-saber-disso-agora\/#primaryimage"},"image":{"@id":"https:\/\/www.correiobraziliense.com.br\/cbradar\/voce-e-vegano-entao-precisa-saber-disso-agora\/#primaryimage"},"thumbnailUrl":"https:\/\/www.correiobraziliense.com.br\/cbradar\/wp-content\/uploads\/2025\/08\/vegan_1756130145646.jpg","datePublished":"2025-11-01T18:55:00+00:00","author":{"@id":"https:\/\/www.correiobraziliense.com.br\/cbradar\/#\/schema\/person\/5aa4bf3c8fa699c267933611de12978b"},"description":"Voc\u00ea sabe o que n\u00e3o pode faltar em uma alimenta\u00e7\u00e3o vegana? Descubra como montar uma dieta completa, variada e livre de car\u00eancias nutricionais","breadcrumb":{"@id":"https:\/\/www.correiobraziliense.com.br\/cbradar\/voce-e-vegano-entao-precisa-saber-disso-agora\/#breadcrumb"},"inLanguage":"pt-BR","potentialAction":[{"@type":"ReadAction","target":["https:\/\/www.correiobraziliense.com.br\/cbradar\/voce-e-vegano-entao-precisa-saber-disso-agora\/"]}]},{"@type":"ImageObject","inLanguage":"pt-BR","@id":"https:\/\/www.correiobraziliense.com.br\/cbradar\/voce-e-vegano-entao-precisa-saber-disso-agora\/#primaryimage","url":"https:\/\/www.correiobraziliense.com.br\/cbradar\/wp-content\/uploads\/2025\/08\/vegan_1756130145646.jpg","contentUrl":"https:\/\/www.correiobraziliense.com.br\/cbradar\/wp-content\/uploads\/2025\/08\/vegan_1756130145646.jpg","width":1280,"height":720,"caption":"Dietas - Cr\u00e9ditos: depositphotos.com \/ ArturVerkhovetskiy"},{"@type":"BreadcrumbList","@id":"https:\/\/www.correiobraziliense.com.br\/cbradar\/voce-e-vegano-entao-precisa-saber-disso-agora\/#breadcrumb","itemListElement":[{"@type":"ListItem","position":1,"name":"In\u00edcio","item":"https:\/\/www.correiobraziliense.com.br\/cbradar\/"},{"@type":"ListItem","position":2,"name":"Voc\u00ea \u00e9 vegano? Ent\u00e3o precisa saber disso agora"}]},{"@type":"WebSite","@id":"https:\/\/www.correiobraziliense.com.br\/cbradar\/#website","url":"https:\/\/www.correiobraziliense.com.br\/cbradar\/","name":"Correio Braziliense - Radar","description":"Acompanhe as \u00faltimas not\u00edcias e fique bem informado sobre tudo o que acontece no Brasil e no mundo.","potentialAction":[{"@type":"SearchAction","target":{"@type":"EntryPoint","urlTemplate":"https:\/\/www.correiobraziliense.com.br\/cbradar\/?s={search_term_string}"},"query-input":{"@type":"PropertyValueSpecification","valueRequired":true,"valueName":"search_term_string"}}],"inLanguage":"pt-BR"},{"@type":"Person","@id":"https:\/\/www.correiobraziliense.com.br\/cbradar\/#\/schema\/person\/5aa4bf3c8fa699c267933611de12978b","name":"guilherme_saude","image":{"@type":"ImageObject","inLanguage":"pt-BR","@id":"https:\/\/www.correiobraziliense.com.br\/cbradar\/#\/schema\/person\/image\/","url":"https:\/\/secure.gravatar.com\/avatar\/df9adfb835d344bc0af109d41756253f?s=96&d=mm&r=g","contentUrl":"https:\/\/secure.gravatar.com\/avatar\/df9adfb835d344bc0af109d41756253f?s=96&d=mm&r=g","caption":"guilherme_saude"},"url":"https:\/\/www.correiobraziliense.com.br\/cbradar\/author\/guilherme_saude\/"}]}},"_links":{"self":[{"href":"https:\/\/www.correiobraziliense.com.br\/cbradar\/wp-json\/wp\/v2\/posts\/129083","targetHints":{"allow":["GET"]}}],"collection":[{"href":"https:\/\/www.correiobraziliense.com.br\/cbradar\/wp-json\/wp\/v2\/posts"}],"about":[{"href":"https:\/\/www.correiobraziliense.com.br\/cbradar\/wp-json\/wp\/v2\/types\/post"}],"author":[{"embeddable":true,"href":"https:\/\/www.correiobraziliense.com.br\/cbradar\/wp-json\/wp\/v2\/users\/14"}],"replies":[{"embeddable":true,"href":"https:\/\/www.correiobraziliense.com.br\/cbradar\/wp-json\/wp\/v2\/comments?post=129083"}],"version-history":[{"count":1,"href":"https:\/\/www.correiobraziliense.com.br\/cbradar\/wp-json\/wp\/v2\/posts\/129083\/revisions"}],"predecessor-version":[{"id":129086,"href":"https:\/\/www.correiobraziliense.com.br\/cbradar\/wp-json\/wp\/v2\/posts\/129083\/revisions\/129086"}],"wp:featuredmedia":[{"embeddable":true,"href":"https:\/\/www.correiobraziliense.com.br\/cbradar\/wp-json\/wp\/v2\/media\/92919"}],"wp:attachment":[{"href":"https:\/\/www.correiobraziliense.com.br\/cbradar\/wp-json\/wp\/v2\/media?parent=129083"}],"wp:term":[{"taxonomy":"category","embeddable":true,"href":"https:\/\/www.correiobraziliense.com.br\/cbradar\/wp-json\/wp\/v2\/categories?post=129083"},{"taxonomy":"post_tag","embeddable":true,"href":"https:\/\/www.correiobraziliense.com.br\/cbradar\/wp-json\/wp\/v2\/post_tag?post=129083"}],"curies":[{"name":"wp","href":"https:\/\/api.w.org\/{rel}","templated":true}]}}