{"id":129384,"date":"2025-11-02T07:45:00","date_gmt":"2025-11-02T10:45:00","guid":{"rendered":"https:\/\/www.correiobraziliense.com.br\/cbradar\/?p=129384"},"modified":"2025-11-01T08:37:30","modified_gmt":"2025-11-01T11:37:30","slug":"como-aliviar-a-dor-na-regiao-da-cervical","status":"publish","type":"post","link":"https:\/\/www.correiobraziliense.com.br\/cbradar\/como-aliviar-a-dor-na-regiao-da-cervical\/","title":{"rendered":"Como aliviar a dor na regi\u00e3o da Cervical?"},"content":{"rendered":"\n<p>A <strong>Estenose Cervical<\/strong> \u00e9 uma condi\u00e7\u00e3o m\u00e9dica que afeta o canal espinhal na regi\u00e3o do pesco\u00e7o, onde ocorre um estreitamento que pode causar press\u00e3o sobre a medula espinhal e os nervos adjacentes. Essa condi\u00e7\u00e3o \u00e9 mais comum em adultos com mais de 50 anos, principalmente devido a altera\u00e7\u00f5es degenerativas associadas ao envelhecimento. Al\u00e9m do envelhecimento, traumas, h\u00e9rnias de disco, tumores e doen\u00e7as inflamat\u00f3rias tamb\u00e9m podem contribuir para o desenvolvimento da Estenose Cervical.<\/p>\n\n\n\n<p>Os sintomas associados \u00e0 Estenose Cervical s\u00e3o variados e dependem da gravidade da compress\u00e3o nervosa. Entre os sinais mais frequentes est\u00e3o dor no pesco\u00e7o, formigamento, fraqueza nos bra\u00e7os ou pernas e problemas de equil\u00edbrio. Em casos mais severos, h\u00e1 risco de perda de fun\u00e7\u00e3o dos membros, enfatizando a import\u00e2ncia de uma interven\u00e7\u00e3o precoce e apropriada.<\/p>\n\n\n\n<h2 class=\"wp-block-heading\">Quais s\u00e3o as op\u00e7\u00f5es de tratamento para Estenose Cervical?<\/h2>\n\n\n\n<p>O tratamento para a Estenose Cervical pode ser adaptativo, dependendo da seriedade dos sintomas e do impacto na vida cotidiana do paciente. As op\u00e7\u00f5es de tratamento incluem abordagens n\u00e3o cir\u00fargicas e cir\u00fargicas, conforme determinado por um exame m\u00e9dico detalhado e imagem diagn\u00f3stica, como resson\u00e2ncia magn\u00e9tica ou tomografia computadorizada.<\/p>\n\n\n<div class=\"wp-block-image\">\n<figure class=\"aligncenter size-large\"><img decoding=\"async\" width=\"1024\" height=\"576\" src=\"https:\/\/www.correiobraziliense.com.br\/cbradar\/wp-content\/uploads\/2025\/06\/dor-no-ombro_1749730173420-1024x576.jpg\" alt=\"\" class=\"wp-image-52286\" srcset=\"https:\/\/www.correiobraziliense.com.br\/cbradar\/wp-content\/uploads\/2025\/06\/dor-no-ombro_1749730173420-1024x576.jpg 1024w, https:\/\/www.correiobraziliense.com.br\/cbradar\/wp-content\/uploads\/2025\/06\/dor-no-ombro_1749730173420-300x169.jpg 300w, https:\/\/www.correiobraziliense.com.br\/cbradar\/wp-content\/uploads\/2025\/06\/dor-no-ombro_1749730173420-768x432.jpg 768w, https:\/\/www.correiobraziliense.com.br\/cbradar\/wp-content\/uploads\/2025\/06\/dor-no-ombro_1749730173420-750x422.jpg 750w, https:\/\/www.correiobraziliense.com.br\/cbradar\/wp-content\/uploads\/2025\/06\/dor-no-ombro_1749730173420-1140x641.jpg 1140w, https:\/\/www.correiobraziliense.com.br\/cbradar\/wp-content\/uploads\/2025\/06\/dor-no-ombro_1749730173420.jpg 1280w\" sizes=\"(max-width: 1024px) 100vw, 1024px\" \/><figcaption class=\"wp-element-caption\">Dor no ombro &#8211; Cr\u00e9ditos: depositphotos.com \/ belchonock<\/figcaption><\/figure><\/div>\n\n\n<ul class=\"wp-block-list\">\n<li><strong>Medidas conservadoras:<\/strong>\u00a0o uso de medicamentos para al\u00edvio da dor e fisioterapia destinada a fortalecer e alongar os m\u00fasculos fazem parte dessas medidas. A reabilita\u00e7\u00e3o motora \u00e9 importante para restaurar movimentos.<\/li>\n\n\n\n<li><strong>Imobiliza\u00e7\u00e3o:<\/strong>\u00a0em determinados casos, o uso de colares cervicais pode ser recomendado para proporcionar al\u00edvio tempor\u00e1rio dos sintomas.<\/li>\n\n\n\n<li><strong>Bloqueios anest\u00e9sicos:<\/strong>\u00a0infiltra\u00e7\u00f5es que visam reduzir a inflama\u00e7\u00e3o podem proporcionar melhora transit\u00f3ria dos sintomas.<\/li>\n<\/ul>\n\n\n\n<h2 class=\"wp-block-heading\">Quando a cirurgia \u00e9 indicada para Estenose Cervical?<\/h2>\n\n\n\n<p>A cirurgia pode ser uma op\u00e7\u00e3o quando m\u00e9todos conservadores n\u00e3o s\u00e3o eficazes ou quando h\u00e1 um comprometimento significativo da fun\u00e7\u00e3o neurol\u00f3gica. A decis\u00e3o por um procedimento cir\u00fargico considera os riscos e benef\u00edcios, idade do paciente e se h\u00e1 condi\u00e7\u00f5es de <a href=\"https:\/\/www.correiobraziliense.com.br\/cbradar\/dra-najla-smaili-flacidez-no-rosto-conheca-o-ultraformer\/\" target=\"_blank\" rel=\"noreferrer noopener\">sa\u00fade <\/a>concomitantes.<\/p>\n\n\n\n<ul class=\"wp-block-list\">\n<li><strong>Descompress\u00e3o:<\/strong>\u00a0procedimento que remove elementos que pressionam a medula espinhal, como partes \u00f3sseas ou fragmentos de discos intervertebrais.<\/li>\n\n\n\n<li><strong>Artrodese cervical:<\/strong>\u00a0t\u00e9cnica de estabiliza\u00e7\u00e3o das v\u00e9rtebras pr\u00f3ximas, usando placas ou parafusos, garantindo a integridade da coluna ap\u00f3s a descompress\u00e3o.<\/li>\n\n\n\n<li><strong>Recupera\u00e7\u00e3o p\u00f3s-operat\u00f3ria:<\/strong>\u00a0acompanhamento fisioterap\u00eautico \u00e9 essencial para recupera\u00e7\u00e3o das fun\u00e7\u00f5es e preven\u00e7\u00e3o de complica\u00e7\u00f5es.<\/li>\n<\/ul>\n\n\n\n<h2 class=\"wp-block-heading\">Estenose cervical: como prevenir e quais cuidados adotar?<\/h2>\n\n\n\n<p>Embora seja dif\u00edcil prevenir totalmente a Estenose Cervical, h\u00e1bitos saud\u00e1veis podem reduzir o risco dessa condi\u00e7\u00e3o na vida adulta. Manter uma boa postura, praticar exerc\u00edcios f\u00edsicos regularmente, controlar o peso corporal e evitar o tabagismo s\u00e3o pr\u00e1ticas ben\u00e9ficas para a sa\u00fade da coluna cervical.<\/p>\n\n\n\n<p>A procura por um diagn\u00f3stico precoce \u00e9 vital, pois permite que o tratamento seja mais eficaz, evitando agravamentos. Consultas peri\u00f3dicas com profissionais de sa\u00fade e aten\u00e7\u00e3o a sintomas como formigamento e fraqueza em membros s\u00e3o medidas recomendadas para prevenir complica\u00e7\u00f5es decorrentes da Estenose Cervical.<\/p>\n\n\n\n<p>Dessa maneira, uma abordagem que combine avalia\u00e7\u00e3o m\u00e9dica personalizada, terapias adaptadas e monitoramento constante \u00e9 considerada a melhor pr\u00e1tica para manejar esta condi\u00e7\u00e3o, focando tanto a redu\u00e7\u00e3o nos sintomas quanto a manuten\u00e7\u00e3o da qualidade de vida.<\/p>\n\n\n<a href=\"https:\/\/www.instagram.com\/dra.annaluisabf\/\" target=\"_blank\" rel=\"noopener\" style=\"text-decoration: none; color: inherit;\">\n    <span style=\"display: inline-block; border: 1px solid #ccc; border-radius: 10px; padding: 15px; max-width: 550px; font-family: sans-serif; box-shadow: 0 2px 5px rgba(0,0,0,0.1); width: 100%;\">\n\n      <!-- T\u00edtulo -->\n      <span style=\"display: block; margin: 0 0 15px 0; font-weight: bold; color: #2c3e50; text-align: center;\">\n        Entre em contato:\n      <\/span>\n\n      <!-- Linha do perfil -->\n      <span style=\"display: flex; align-items: center; gap: 15px;\">\n        <img decoding=\"async\"\n          src=\"https:\/\/www.correiobraziliense.com.br\/cbradar\/wp-content\/uploads\/2025\/08\/dra_anna_luisa.jpeg\"\n          alt=\"Foto da Dra. Anna Lu\u00edsa\"\n          style=\"border-radius: 50%; width: 80px; height: 80px; object-fit: cover;\"\n        \/>\n        <span style=\"display: flex; flex-direction: column;\">\n          <span style=\"font-size: 18px; font-weight: 700; color: #2c3e50;\">Dra. Anna Lu\u00edsa Barbosa Fernandes<\/span>\n          <span style=\"color: #555;\">CRM-GO 33.271<\/span>\n        <\/span>\n      <\/span>\n\n      <!-- Redes -->\n      <span style=\"display: flex; align-items: center; gap: 10px; margin-top: 12px;\">\n        <img decoding=\"async\" src=\"https:\/\/cdn-icons-png.flaticon.com\/24\/1384\/1384063.png\" alt=\"Instagram\" width=\"24\" height=\"24\" \/>\n        <span style=\"text-decoration: underline; color: #2c3e50;\">@dra.annaluisabf<\/span>\n      <\/span>\n\n    <\/span>\n  <\/a>","protected":false},"excerpt":{"rendered":"<p>A Estenose Cervical \u00e9 uma condi\u00e7\u00e3o m\u00e9dica que afeta o canal espinhal na regi\u00e3o do pesco\u00e7o, onde ocorre um estreitamento que pode causar press\u00e3o sobre a medula espinhal e os nervos adjacentes. Essa condi\u00e7\u00e3o \u00e9 mais comum em adultos com mais de 50 anos, principalmente devido a altera\u00e7\u00f5es degenerativas associadas ao envelhecimento. Al\u00e9m do envelhecimento, [&hellip;]<\/p>\n","protected":false},"author":14,"featured_media":42183,"comment_status":"open","ping_status":"open","sticky":false,"template":"","format":"standard","meta":{"_yoast_wpseo_focuskw":"Estenose Cervical","_yoast_wpseo_title":"","_yoast_wpseo_metadesc":"Dor no pesco\u00e7o, fraqueza ou formigamento nos bra\u00e7os? Pode ser estenose cervical. Veja as causas e tratamentos.","jnews-multi-image_gallery":[],"jnews_single_post":{"format":"standard"},"jnews_primary_category":[],"jnews_social_meta":[],"jnews_override_counter":[],"footnotes":""},"categories":[4404],"post_tag":[120,11292,1318],"class_list":["post-129384","post","type-post","status-publish","format-standard","has-post-thumbnail","hentry","category-saude","tag-bem-estar","tag-estenose-cervical","tag-saude-2"],"yoast_head":"<!-- This site is optimized with the Yoast SEO plugin v24.6 - https:\/\/yoast.com\/wordpress\/plugins\/seo\/ -->\n<title>Como aliviar a dor na regi\u00e3o da Cervical? - Correio Braziliense - Radar<\/title>\n<meta name=\"description\" content=\"Dor no pesco\u00e7o, fraqueza ou formigamento nos bra\u00e7os? Pode ser estenose cervical. Veja as causas e tratamentos.\" \/>\n<meta name=\"robots\" content=\"index, follow, max-snippet:-1, max-image-preview:large, max-video-preview:-1\" \/>\n<link rel=\"canonical\" href=\"https:\/\/www.correiobraziliense.com.br\/cbradar\/como-aliviar-a-dor-na-regiao-da-cervical\/\" \/>\n<meta property=\"og:locale\" content=\"pt_BR\" \/>\n<meta property=\"og:type\" content=\"article\" \/>\n<meta property=\"og:title\" content=\"Como aliviar a dor na regi\u00e3o da Cervical? - Correio Braziliense - Radar\" \/>\n<meta property=\"og:description\" content=\"Dor no pesco\u00e7o, fraqueza ou formigamento nos bra\u00e7os? Pode ser estenose cervical. Veja as causas e tratamentos.\" \/>\n<meta property=\"og:url\" content=\"https:\/\/www.correiobraziliense.com.br\/cbradar\/como-aliviar-a-dor-na-regiao-da-cervical\/\" \/>\n<meta property=\"og:site_name\" content=\"Correio Braziliense - Radar\" \/>\n<meta property=\"article:published_time\" content=\"2025-11-02T10:45:00+00:00\" \/>\n<meta property=\"og:image\" content=\"https:\/\/www.correiobraziliense.com.br\/cbradar\/wp-content\/uploads\/2025\/05\/dor-no-pescoco_1748096084939.jpg\" \/>\n\t<meta property=\"og:image:width\" content=\"1280\" \/>\n\t<meta property=\"og:image:height\" content=\"720\" \/>\n\t<meta property=\"og:image:type\" content=\"image\/jpeg\" \/>\n<meta name=\"author\" content=\"guilherme_saude\" \/>\n<meta name=\"twitter:card\" content=\"summary_large_image\" \/>\n<meta name=\"twitter:label1\" content=\"Escrito por\" \/>\n\t<meta name=\"twitter:data1\" content=\"guilherme_saude\" \/>\n\t<meta name=\"twitter:label2\" content=\"Est. tempo de leitura\" \/>\n\t<meta name=\"twitter:data2\" content=\"6 minutos\" \/>\n<!-- \/ Yoast SEO plugin. -->","yoast_head_json":{"title":"Como aliviar a dor na regi\u00e3o da Cervical? - Correio Braziliense - Radar","description":"Dor no pesco\u00e7o, fraqueza ou formigamento nos bra\u00e7os? Pode ser estenose cervical. Veja as causas e tratamentos.","robots":{"index":"index","follow":"follow","max-snippet":"max-snippet:-1","max-image-preview":"max-image-preview:large","max-video-preview":"max-video-preview:-1"},"canonical":"https:\/\/www.correiobraziliense.com.br\/cbradar\/como-aliviar-a-dor-na-regiao-da-cervical\/","og_locale":"pt_BR","og_type":"article","og_title":"Como aliviar a dor na regi\u00e3o da Cervical? - Correio Braziliense - Radar","og_description":"Dor no pesco\u00e7o, fraqueza ou formigamento nos bra\u00e7os? Pode ser estenose cervical. Veja as causas e tratamentos.","og_url":"https:\/\/www.correiobraziliense.com.br\/cbradar\/como-aliviar-a-dor-na-regiao-da-cervical\/","og_site_name":"Correio Braziliense - Radar","article_published_time":"2025-11-02T10:45:00+00:00","og_image":[{"width":1280,"height":720,"url":"https:\/\/www.correiobraziliense.com.br\/cbradar\/wp-content\/uploads\/2025\/05\/dor-no-pescoco_1748096084939.jpg","type":"image\/jpeg"}],"author":"guilherme_saude","twitter_card":"summary_large_image","twitter_misc":{"Escrito por":"guilherme_saude","Est. tempo de leitura":"6 minutos"},"schema":{"@context":"https:\/\/schema.org","@graph":[{"@type":"WebPage","@id":"https:\/\/www.correiobraziliense.com.br\/cbradar\/como-aliviar-a-dor-na-regiao-da-cervical\/","url":"https:\/\/www.correiobraziliense.com.br\/cbradar\/como-aliviar-a-dor-na-regiao-da-cervical\/","name":"Como aliviar a dor na regi\u00e3o da Cervical? - Correio Braziliense - Radar","isPartOf":{"@id":"https:\/\/www.correiobraziliense.com.br\/cbradar\/#website"},"primaryImageOfPage":{"@id":"https:\/\/www.correiobraziliense.com.br\/cbradar\/como-aliviar-a-dor-na-regiao-da-cervical\/#primaryimage"},"image":{"@id":"https:\/\/www.correiobraziliense.com.br\/cbradar\/como-aliviar-a-dor-na-regiao-da-cervical\/#primaryimage"},"thumbnailUrl":"https:\/\/www.correiobraziliense.com.br\/cbradar\/wp-content\/uploads\/2025\/05\/dor-no-pescoco_1748096084939.jpg","datePublished":"2025-11-02T10:45:00+00:00","author":{"@id":"https:\/\/www.correiobraziliense.com.br\/cbradar\/#\/schema\/person\/5aa4bf3c8fa699c267933611de12978b"},"description":"Dor no pesco\u00e7o, fraqueza ou formigamento nos bra\u00e7os? Pode ser estenose cervical. Veja as causas e tratamentos.","breadcrumb":{"@id":"https:\/\/www.correiobraziliense.com.br\/cbradar\/como-aliviar-a-dor-na-regiao-da-cervical\/#breadcrumb"},"inLanguage":"pt-BR","potentialAction":[{"@type":"ReadAction","target":["https:\/\/www.correiobraziliense.com.br\/cbradar\/como-aliviar-a-dor-na-regiao-da-cervical\/"]}]},{"@type":"ImageObject","inLanguage":"pt-BR","@id":"https:\/\/www.correiobraziliense.com.br\/cbradar\/como-aliviar-a-dor-na-regiao-da-cervical\/#primaryimage","url":"https:\/\/www.correiobraziliense.com.br\/cbradar\/wp-content\/uploads\/2025\/05\/dor-no-pescoco_1748096084939.jpg","contentUrl":"https:\/\/www.correiobraziliense.com.br\/cbradar\/wp-content\/uploads\/2025\/05\/dor-no-pescoco_1748096084939.jpg","width":1280,"height":720,"caption":"Dor no ombro - Cr\u00e9ditos: depositphotos.com \/ sielemann"},{"@type":"BreadcrumbList","@id":"https:\/\/www.correiobraziliense.com.br\/cbradar\/como-aliviar-a-dor-na-regiao-da-cervical\/#breadcrumb","itemListElement":[{"@type":"ListItem","position":1,"name":"In\u00edcio","item":"https:\/\/www.correiobraziliense.com.br\/cbradar\/"},{"@type":"ListItem","position":2,"name":"Como aliviar a dor na regi\u00e3o da Cervical?"}]},{"@type":"WebSite","@id":"https:\/\/www.correiobraziliense.com.br\/cbradar\/#website","url":"https:\/\/www.correiobraziliense.com.br\/cbradar\/","name":"Correio Braziliense - Radar","description":"Acompanhe as \u00faltimas not\u00edcias e fique bem informado sobre tudo o que acontece no Brasil e no mundo.","potentialAction":[{"@type":"SearchAction","target":{"@type":"EntryPoint","urlTemplate":"https:\/\/www.correiobraziliense.com.br\/cbradar\/?s={search_term_string}"},"query-input":{"@type":"PropertyValueSpecification","valueRequired":true,"valueName":"search_term_string"}}],"inLanguage":"pt-BR"},{"@type":"Person","@id":"https:\/\/www.correiobraziliense.com.br\/cbradar\/#\/schema\/person\/5aa4bf3c8fa699c267933611de12978b","name":"guilherme_saude","image":{"@type":"ImageObject","inLanguage":"pt-BR","@id":"https:\/\/www.correiobraziliense.com.br\/cbradar\/#\/schema\/person\/image\/","url":"https:\/\/secure.gravatar.com\/avatar\/df9adfb835d344bc0af109d41756253f?s=96&d=mm&r=g","contentUrl":"https:\/\/secure.gravatar.com\/avatar\/df9adfb835d344bc0af109d41756253f?s=96&d=mm&r=g","caption":"guilherme_saude"},"url":"https:\/\/www.correiobraziliense.com.br\/cbradar\/author\/guilherme_saude\/"}]}},"_links":{"self":[{"href":"https:\/\/www.correiobraziliense.com.br\/cbradar\/wp-json\/wp\/v2\/posts\/129384","targetHints":{"allow":["GET"]}}],"collection":[{"href":"https:\/\/www.correiobraziliense.com.br\/cbradar\/wp-json\/wp\/v2\/posts"}],"about":[{"href":"https:\/\/www.correiobraziliense.com.br\/cbradar\/wp-json\/wp\/v2\/types\/post"}],"author":[{"embeddable":true,"href":"https:\/\/www.correiobraziliense.com.br\/cbradar\/wp-json\/wp\/v2\/users\/14"}],"replies":[{"embeddable":true,"href":"https:\/\/www.correiobraziliense.com.br\/cbradar\/wp-json\/wp\/v2\/comments?post=129384"}],"version-history":[{"count":2,"href":"https:\/\/www.correiobraziliense.com.br\/cbradar\/wp-json\/wp\/v2\/posts\/129384\/revisions"}],"predecessor-version":[{"id":129388,"href":"https:\/\/www.correiobraziliense.com.br\/cbradar\/wp-json\/wp\/v2\/posts\/129384\/revisions\/129388"}],"wp:featuredmedia":[{"embeddable":true,"href":"https:\/\/www.correiobraziliense.com.br\/cbradar\/wp-json\/wp\/v2\/media\/42183"}],"wp:attachment":[{"href":"https:\/\/www.correiobraziliense.com.br\/cbradar\/wp-json\/wp\/v2\/media?parent=129384"}],"wp:term":[{"taxonomy":"category","embeddable":true,"href":"https:\/\/www.correiobraziliense.com.br\/cbradar\/wp-json\/wp\/v2\/categories?post=129384"},{"taxonomy":"post_tag","embeddable":true,"href":"https:\/\/www.correiobraziliense.com.br\/cbradar\/wp-json\/wp\/v2\/post_tag?post=129384"}],"curies":[{"name":"wp","href":"https:\/\/api.w.org\/{rel}","templated":true}]}}