{"id":129395,"date":"2025-11-02T13:15:00","date_gmt":"2025-11-02T16:15:00","guid":{"rendered":"https:\/\/www.correiobraziliense.com.br\/cbradar\/?p=129395"},"modified":"2025-11-01T08:43:09","modified_gmt":"2025-11-01T11:43:09","slug":"pode-beber-tomando-antibiotico-veja-os-riscos","status":"publish","type":"post","link":"https:\/\/www.correiobraziliense.com.br\/cbradar\/pode-beber-tomando-antibiotico-veja-os-riscos\/","title":{"rendered":"Pode beber tomando antibi\u00f3tico? Veja os riscos"},"content":{"rendered":"\n<p>A intera\u00e7\u00e3o entre <strong>\u00c1lcool e Antibi\u00f3ticos<\/strong> \u00e9 um t\u00f3pico que tem gerado v\u00e1rias d\u00favidas e mitos ao longo dos anos. Muitas pessoas acreditam que a ingest\u00e3o de bebidas alco\u00f3licas durante um tratamento antibi\u00f3tico pode anular os efeitos do medicamento. No entanto, a realidade \u00e9 mais complexa do que essa suposi\u00e7\u00e3o simplista. A combina\u00e7\u00e3o de \u00c1lcool e Antibi\u00f3ticos pode, em alguns casos, complicar o tratamento, mas n\u00e3o necessariamente pela raz\u00e3o que muitos pensam.<\/p>\n\n\n\n<p>Em termos gerais, n\u00e3o \u00e9 verdade que o \u00e1lcool anula completamente o efeito dos antibi\u00f3ticos. Contudo, existem algumas intera\u00e7\u00f5es que podem ocorrer, dependendo do tipo de antibi\u00f3tico e da quantidade de \u00e1lcool consumida. O \u00e1lcool pode reduzir o tempo que o antibi\u00f3tico permanece eficaz no organismo, pois influencia o f\u00edgado, \u00f3rg\u00e3o respons\u00e1vel por metabolizar muitos medicamentos e subst\u00e2ncias. Al\u00e9m disso, o \u00e1lcool pode aumentar a diurese, resultando na r\u00e1pida elimina\u00e7\u00e3o do antibi\u00f3tico atrav\u00e9s da urina, o que pode diminuir sua efic\u00e1cia.<\/p>\n\n\n\n<h2 class=\"wp-block-heading\">Como os antibi\u00f3ticos tem suas intera\u00e7\u00f5es espec\u00edficas?<\/h2>\n\n\n\n<p>Apesar de a maioria dos antibi\u00f3ticos n\u00e3o apresentar intera\u00e7\u00f5es graves com o \u00e1lcool, existem exce\u00e7\u00f5es conhecidas. Antibi\u00f3ticos como metronidazol, tinidazol e cefalosporinas (cefotetan e cefoxitina) podem desencadear rea\u00e7\u00f5es severas quando misturados com \u00e1lcool. Essas rea\u00e7\u00f5es, semelhantes \u00e0s causadas pelo dissulfiram, usado no tratamento do alcoolismo, incluem v\u00f4mitos, palpita\u00e7\u00f5es, rubor, suor excessivo, e em casos mais graves, hipotens\u00e3o e dificuldades respirat\u00f3rias.<\/p>\n\n\n<div class=\"wp-block-image\">\n<figure class=\"aligncenter size-large\"><img decoding=\"async\" width=\"1024\" height=\"576\" src=\"https:\/\/www.correiobraziliense.com.br\/cbradar\/wp-content\/uploads\/2025\/07\/Garrafas-de-Cerveja_1752328431097-1024x576.jpg\" alt=\"\" class=\"wp-image-68393\" srcset=\"https:\/\/www.correiobraziliense.com.br\/cbradar\/wp-content\/uploads\/2025\/07\/Garrafas-de-Cerveja_1752328431097-1024x576.jpg 1024w, https:\/\/www.correiobraziliense.com.br\/cbradar\/wp-content\/uploads\/2025\/07\/Garrafas-de-Cerveja_1752328431097-300x169.jpg 300w, https:\/\/www.correiobraziliense.com.br\/cbradar\/wp-content\/uploads\/2025\/07\/Garrafas-de-Cerveja_1752328431097-768x432.jpg 768w, https:\/\/www.correiobraziliense.com.br\/cbradar\/wp-content\/uploads\/2025\/07\/Garrafas-de-Cerveja_1752328431097-750x422.jpg 750w, https:\/\/www.correiobraziliense.com.br\/cbradar\/wp-content\/uploads\/2025\/07\/Garrafas-de-Cerveja_1752328431097-1140x641.jpg 1140w, https:\/\/www.correiobraziliense.com.br\/cbradar\/wp-content\/uploads\/2025\/07\/Garrafas-de-Cerveja_1752328431097.jpg 1280w\" sizes=\"(max-width: 1024px) 100vw, 1024px\" \/><figcaption class=\"wp-element-caption\">Garrafa de cerveja -Cr\u00e9ditos: depositphotos.com \/ Valentyn_Volkov<\/figcaption><\/figure><\/div>\n\n\n<h2 class=\"wp-block-heading\">\u00c9 seguro consumir \u00e1lcool durante o tratamento com antibi\u00f3ticos comuns?<\/h2>\n\n\n\n<p>Para antibi\u00f3ticos populares como amoxicilina, azitromicina, ciprofloxacina, levofloxacina e penicilina, teoricamente, n\u00e3o h\u00e1 contraindica\u00e7\u00f5es claras em rela\u00e7\u00e3o ao consumo moderado de \u00e1lcool. No entanto, isso n\u00e3o implica que a ingest\u00e3o de \u00e1lcool seja completamente segura. Em casos de infec\u00e7\u00f5es graves ou de compromisso significativo da <a href=\"https:\/\/www.correiobraziliense.com.br\/cbradar\/dra-najla-smaili-flacidez-no-rosto-conheca-o-ultraformer\/\" target=\"_blank\" rel=\"noreferrer noopener\">sa\u00fade<\/a>, o consumo de \u00e1lcool deve ser evitado para garantir que o tratamento seja o mais eficaz poss\u00edvel.<\/p>\n\n\n\n<h2 class=\"wp-block-heading\">\u00c1lcool em excesso e antibi\u00f3ticos: quais s\u00e3o as recomenda\u00e7\u00f5es?<\/h2>\n\n\n\n<p>Os profissionais de sa\u00fade recomendam modera\u00e7\u00e3o no consumo de \u00e1lcool durante tratamentos antibi\u00f3ticos. Embora a British Medical Association n\u00e3o estipule restri\u00e7\u00f5es universais ao consumo de \u00e1lcool com a maioria dos antibi\u00f3ticos, o bom senso dita que se evite o consumo exagerado. Al\u00e9m das intera\u00e7\u00f5es com os medicamentos, a capacidade do organismo de combater infec\u00e7\u00f5es pode ser comprometida pelo \u00e1lcool, devido \u00e0 sua carga sobre o f\u00edgado e o sistema imunol\u00f3gico.<\/p>\n\n\n\n<p>Portanto, enquanto n\u00e3o \u00e9 universalmente proibido beber \u00e1lcool durante a toma de antibi\u00f3ticos, cada situa\u00e7\u00e3o deve ser avaliada individualmente. Considerar a sa\u00fade geral, o tipo de antibi\u00f3tico e as quantidades de \u00e1lcool \u00e9 fundamental para evitar complica\u00e7\u00f5es desnecess\u00e1rias. Como sempre, a orienta\u00e7\u00e3o de um profissional de sa\u00fade \u00e9 essencial para assegurar que o tratamento seja seguro e eficaz.<\/p>\n\n\n<a href=\"https:\/\/www.instagram.com\/dra.annaluisabf\/\" target=\"_blank\" rel=\"noopener\" style=\"text-decoration: none; color: inherit;\">\n    <span style=\"display: inline-block; border: 1px solid #ccc; border-radius: 10px; padding: 15px; max-width: 550px; font-family: sans-serif; box-shadow: 0 2px 5px rgba(0,0,0,0.1); width: 100%;\">\n\n      <!-- T\u00edtulo -->\n      <span style=\"display: block; margin: 0 0 15px 0; font-weight: bold; color: #2c3e50; text-align: center;\">\n        Entre em contato:\n      <\/span>\n\n      <!-- Linha do perfil -->\n      <span style=\"display: flex; align-items: center; gap: 15px;\">\n        <img decoding=\"async\"\n          src=\"https:\/\/www.correiobraziliense.com.br\/cbradar\/wp-content\/uploads\/2025\/08\/dra_anna_luisa.jpeg\"\n          alt=\"Foto da Dra. Anna Lu\u00edsa\"\n          style=\"border-radius: 50%; width: 80px; height: 80px; object-fit: cover;\"\n        \/>\n        <span style=\"display: flex; flex-direction: column;\">\n          <span style=\"font-size: 18px; font-weight: 700; color: #2c3e50;\">Dra. Anna Lu\u00edsa Barbosa Fernandes<\/span>\n          <span style=\"color: #555;\">CRM-GO 33.271<\/span>\n        <\/span>\n      <\/span>\n\n      <!-- Redes -->\n      <span style=\"display: flex; align-items: center; gap: 10px; margin-top: 12px;\">\n        <img decoding=\"async\" src=\"https:\/\/cdn-icons-png.flaticon.com\/24\/1384\/1384063.png\" alt=\"Instagram\" width=\"24\" height=\"24\" \/>\n        <span style=\"text-decoration: underline; color: #2c3e50;\">@dra.annaluisabf<\/span>\n      <\/span>\n\n    <\/span>\n  <\/a>","protected":false},"excerpt":{"rendered":"<p>A intera\u00e7\u00e3o entre \u00c1lcool e Antibi\u00f3ticos \u00e9 um t\u00f3pico que tem gerado v\u00e1rias d\u00favidas e mitos ao longo dos anos. Muitas pessoas acreditam que a ingest\u00e3o de bebidas alco\u00f3licas durante um tratamento antibi\u00f3tico pode anular os efeitos do medicamento. No entanto, a realidade \u00e9 mais complexa do que essa suposi\u00e7\u00e3o simplista. A combina\u00e7\u00e3o de \u00c1lcool [&hellip;]<\/p>\n","protected":false},"author":14,"featured_media":129396,"comment_status":"open","ping_status":"open","sticky":false,"template":"","format":"standard","meta":{"_yoast_wpseo_focuskw":"\u00c1lcool e Antibi\u00f3ticos","_yoast_wpseo_title":"","_yoast_wpseo_metadesc":"Beber durante o uso de antibi\u00f3tico \u00e9 seguro? Saiba o que a ci\u00eancia diz, os perigos da combina\u00e7\u00e3o e quais rem\u00e9dios exigem aten\u00e7\u00e3o.","jnews-multi-image_gallery":[],"jnews_single_post":{"format":"standard"},"jnews_primary_category":[],"jnews_social_meta":[],"jnews_override_counter":[],"footnotes":""},"categories":[4404],"post_tag":[11294,120,1318],"class_list":["post-129395","post","type-post","status-publish","format-standard","has-post-thumbnail","hentry","category-saude","tag-alcool-e-antibioticos","tag-bem-estar","tag-saude-2"],"yoast_head":"<!-- This site is optimized with the Yoast SEO plugin v24.6 - https:\/\/yoast.com\/wordpress\/plugins\/seo\/ -->\n<title>Pode beber tomando antibi\u00f3tico? Veja os riscos - Correio Braziliense - Radar<\/title>\n<meta name=\"description\" content=\"Beber durante o uso de antibi\u00f3tico \u00e9 seguro? Saiba o que a ci\u00eancia diz, os perigos da combina\u00e7\u00e3o e quais rem\u00e9dios exigem aten\u00e7\u00e3o.\" \/>\n<meta name=\"robots\" content=\"index, follow, max-snippet:-1, max-image-preview:large, max-video-preview:-1\" \/>\n<link rel=\"canonical\" href=\"https:\/\/www.correiobraziliense.com.br\/cbradar\/pode-beber-tomando-antibiotico-veja-os-riscos\/\" \/>\n<meta property=\"og:locale\" content=\"pt_BR\" \/>\n<meta property=\"og:type\" content=\"article\" \/>\n<meta property=\"og:title\" content=\"Pode beber tomando antibi\u00f3tico? Veja os riscos - Correio Braziliense - Radar\" \/>\n<meta property=\"og:description\" content=\"Beber durante o uso de antibi\u00f3tico \u00e9 seguro? Saiba o que a ci\u00eancia diz, os perigos da combina\u00e7\u00e3o e quais rem\u00e9dios exigem aten\u00e7\u00e3o.\" \/>\n<meta property=\"og:url\" content=\"https:\/\/www.correiobraziliense.com.br\/cbradar\/pode-beber-tomando-antibiotico-veja-os-riscos\/\" \/>\n<meta property=\"og:site_name\" content=\"Correio Braziliense - Radar\" \/>\n<meta property=\"article:published_time\" content=\"2025-11-02T16:15:00+00:00\" \/>\n<meta property=\"og:image\" content=\"https:\/\/www.correiobraziliense.com.br\/cbradar\/wp-content\/uploads\/2025\/11\/Alcool-e-Antibioticos_1761997340762.jpg\" \/>\n\t<meta property=\"og:image:width\" content=\"1280\" \/>\n\t<meta property=\"og:image:height\" content=\"720\" \/>\n\t<meta property=\"og:image:type\" content=\"image\/jpeg\" \/>\n<meta name=\"author\" content=\"guilherme_saude\" \/>\n<meta name=\"twitter:card\" content=\"summary_large_image\" \/>\n<meta name=\"twitter:label1\" content=\"Escrito por\" \/>\n\t<meta name=\"twitter:data1\" content=\"guilherme_saude\" \/>\n\t<meta name=\"twitter:label2\" content=\"Est. tempo de leitura\" \/>\n\t<meta name=\"twitter:data2\" content=\"4 minutos\" \/>\n<!-- \/ Yoast SEO plugin. -->","yoast_head_json":{"title":"Pode beber tomando antibi\u00f3tico? Veja os riscos - Correio Braziliense - Radar","description":"Beber durante o uso de antibi\u00f3tico \u00e9 seguro? Saiba o que a ci\u00eancia diz, os perigos da combina\u00e7\u00e3o e quais rem\u00e9dios exigem aten\u00e7\u00e3o.","robots":{"index":"index","follow":"follow","max-snippet":"max-snippet:-1","max-image-preview":"max-image-preview:large","max-video-preview":"max-video-preview:-1"},"canonical":"https:\/\/www.correiobraziliense.com.br\/cbradar\/pode-beber-tomando-antibiotico-veja-os-riscos\/","og_locale":"pt_BR","og_type":"article","og_title":"Pode beber tomando antibi\u00f3tico? Veja os riscos - Correio Braziliense - Radar","og_description":"Beber durante o uso de antibi\u00f3tico \u00e9 seguro? Saiba o que a ci\u00eancia diz, os perigos da combina\u00e7\u00e3o e quais rem\u00e9dios exigem aten\u00e7\u00e3o.","og_url":"https:\/\/www.correiobraziliense.com.br\/cbradar\/pode-beber-tomando-antibiotico-veja-os-riscos\/","og_site_name":"Correio Braziliense - Radar","article_published_time":"2025-11-02T16:15:00+00:00","og_image":[{"width":1280,"height":720,"url":"https:\/\/www.correiobraziliense.com.br\/cbradar\/wp-content\/uploads\/2025\/11\/Alcool-e-Antibioticos_1761997340762.jpg","type":"image\/jpeg"}],"author":"guilherme_saude","twitter_card":"summary_large_image","twitter_misc":{"Escrito por":"guilherme_saude","Est. tempo de leitura":"4 minutos"},"schema":{"@context":"https:\/\/schema.org","@graph":[{"@type":"WebPage","@id":"https:\/\/www.correiobraziliense.com.br\/cbradar\/pode-beber-tomando-antibiotico-veja-os-riscos\/","url":"https:\/\/www.correiobraziliense.com.br\/cbradar\/pode-beber-tomando-antibiotico-veja-os-riscos\/","name":"Pode beber tomando antibi\u00f3tico? Veja os riscos - Correio Braziliense - Radar","isPartOf":{"@id":"https:\/\/www.correiobraziliense.com.br\/cbradar\/#website"},"primaryImageOfPage":{"@id":"https:\/\/www.correiobraziliense.com.br\/cbradar\/pode-beber-tomando-antibiotico-veja-os-riscos\/#primaryimage"},"image":{"@id":"https:\/\/www.correiobraziliense.com.br\/cbradar\/pode-beber-tomando-antibiotico-veja-os-riscos\/#primaryimage"},"thumbnailUrl":"https:\/\/www.correiobraziliense.com.br\/cbradar\/wp-content\/uploads\/2025\/11\/Alcool-e-Antibioticos_1761997340762.jpg","datePublished":"2025-11-02T16:15:00+00:00","author":{"@id":"https:\/\/www.correiobraziliense.com.br\/cbradar\/#\/schema\/person\/5aa4bf3c8fa699c267933611de12978b"},"description":"Beber durante o uso de antibi\u00f3tico \u00e9 seguro? Saiba o que a ci\u00eancia diz, os perigos da combina\u00e7\u00e3o e quais rem\u00e9dios exigem aten\u00e7\u00e3o.","breadcrumb":{"@id":"https:\/\/www.correiobraziliense.com.br\/cbradar\/pode-beber-tomando-antibiotico-veja-os-riscos\/#breadcrumb"},"inLanguage":"pt-BR","potentialAction":[{"@type":"ReadAction","target":["https:\/\/www.correiobraziliense.com.br\/cbradar\/pode-beber-tomando-antibiotico-veja-os-riscos\/"]}]},{"@type":"ImageObject","inLanguage":"pt-BR","@id":"https:\/\/www.correiobraziliense.com.br\/cbradar\/pode-beber-tomando-antibiotico-veja-os-riscos\/#primaryimage","url":"https:\/\/www.correiobraziliense.com.br\/cbradar\/wp-content\/uploads\/2025\/11\/Alcool-e-Antibioticos_1761997340762.jpg","contentUrl":"https:\/\/www.correiobraziliense.com.br\/cbradar\/wp-content\/uploads\/2025\/11\/Alcool-e-Antibioticos_1761997340762.jpg","width":1280,"height":720,"caption":"\u00c1lcool e Antibi\u00f3ticos - Cr\u00e9ditos: depositphotos.com \/ Palplaner"},{"@type":"BreadcrumbList","@id":"https:\/\/www.correiobraziliense.com.br\/cbradar\/pode-beber-tomando-antibiotico-veja-os-riscos\/#breadcrumb","itemListElement":[{"@type":"ListItem","position":1,"name":"In\u00edcio","item":"https:\/\/www.correiobraziliense.com.br\/cbradar\/"},{"@type":"ListItem","position":2,"name":"Pode beber tomando antibi\u00f3tico? Veja os riscos"}]},{"@type":"WebSite","@id":"https:\/\/www.correiobraziliense.com.br\/cbradar\/#website","url":"https:\/\/www.correiobraziliense.com.br\/cbradar\/","name":"Correio Braziliense - Radar","description":"Acompanhe as \u00faltimas not\u00edcias e fique bem informado sobre tudo o que acontece no Brasil e no mundo.","potentialAction":[{"@type":"SearchAction","target":{"@type":"EntryPoint","urlTemplate":"https:\/\/www.correiobraziliense.com.br\/cbradar\/?s={search_term_string}"},"query-input":{"@type":"PropertyValueSpecification","valueRequired":true,"valueName":"search_term_string"}}],"inLanguage":"pt-BR"},{"@type":"Person","@id":"https:\/\/www.correiobraziliense.com.br\/cbradar\/#\/schema\/person\/5aa4bf3c8fa699c267933611de12978b","name":"guilherme_saude","image":{"@type":"ImageObject","inLanguage":"pt-BR","@id":"https:\/\/www.correiobraziliense.com.br\/cbradar\/#\/schema\/person\/image\/","url":"https:\/\/secure.gravatar.com\/avatar\/df9adfb835d344bc0af109d41756253f?s=96&d=mm&r=g","contentUrl":"https:\/\/secure.gravatar.com\/avatar\/df9adfb835d344bc0af109d41756253f?s=96&d=mm&r=g","caption":"guilherme_saude"},"url":"https:\/\/www.correiobraziliense.com.br\/cbradar\/author\/guilherme_saude\/"}]}},"_links":{"self":[{"href":"https:\/\/www.correiobraziliense.com.br\/cbradar\/wp-json\/wp\/v2\/posts\/129395","targetHints":{"allow":["GET"]}}],"collection":[{"href":"https:\/\/www.correiobraziliense.com.br\/cbradar\/wp-json\/wp\/v2\/posts"}],"about":[{"href":"https:\/\/www.correiobraziliense.com.br\/cbradar\/wp-json\/wp\/v2\/types\/post"}],"author":[{"embeddable":true,"href":"https:\/\/www.correiobraziliense.com.br\/cbradar\/wp-json\/wp\/v2\/users\/14"}],"replies":[{"embeddable":true,"href":"https:\/\/www.correiobraziliense.com.br\/cbradar\/wp-json\/wp\/v2\/comments?post=129395"}],"version-history":[{"count":1,"href":"https:\/\/www.correiobraziliense.com.br\/cbradar\/wp-json\/wp\/v2\/posts\/129395\/revisions"}],"predecessor-version":[{"id":129397,"href":"https:\/\/www.correiobraziliense.com.br\/cbradar\/wp-json\/wp\/v2\/posts\/129395\/revisions\/129397"}],"wp:featuredmedia":[{"embeddable":true,"href":"https:\/\/www.correiobraziliense.com.br\/cbradar\/wp-json\/wp\/v2\/media\/129396"}],"wp:attachment":[{"href":"https:\/\/www.correiobraziliense.com.br\/cbradar\/wp-json\/wp\/v2\/media?parent=129395"}],"wp:term":[{"taxonomy":"category","embeddable":true,"href":"https:\/\/www.correiobraziliense.com.br\/cbradar\/wp-json\/wp\/v2\/categories?post=129395"},{"taxonomy":"post_tag","embeddable":true,"href":"https:\/\/www.correiobraziliense.com.br\/cbradar\/wp-json\/wp\/v2\/post_tag?post=129395"}],"curies":[{"name":"wp","href":"https:\/\/api.w.org\/{rel}","templated":true}]}}