{"id":129398,"date":"2025-11-02T15:55:00","date_gmt":"2025-11-02T18:55:00","guid":{"rendered":"https:\/\/www.correiobraziliense.com.br\/cbradar\/?p=129398"},"modified":"2025-11-01T08:46:02","modified_gmt":"2025-11-01T11:46:02","slug":"por-que-o-rosto-fica-vermelho-veja-as-causas","status":"publish","type":"post","link":"https:\/\/www.correiobraziliense.com.br\/cbradar\/por-que-o-rosto-fica-vermelho-veja-as-causas\/","title":{"rendered":"Por que o rosto fica vermelho? Veja as causas"},"content":{"rendered":"\n<p>A <strong>Vermelhid\u00e3o no Rosto<\/strong> \u00e9 uma condi\u00e7\u00e3o comum e pode ser descrita como uma tonalidade avermelhada que se manifesta na pele facial. Esta altera\u00e7\u00e3o da cor da pele pode ocorrer devido a diversos fatores, que variam desde a\u00e7\u00f5es rotineiras at\u00e9 condi\u00e7\u00f5es m\u00e9dicas mais s\u00e9rias. As causas s\u00e3o muitas e variadas, incluindo desde a pr\u00e1tica de exerc\u00edcios f\u00edsicos intensos at\u00e9 a exposi\u00e7\u00e3o significativa ao sol.<\/p>\n\n\n\n<p>Al\u00e9m dessas raz\u00f5es \u00f3bvias, h\u00e1 tamb\u00e9m uma s\u00e9rie de condi\u00e7\u00f5es m\u00e9dicas que podem resultar em Vermelhid\u00e3o no Rosto. Essas incluem doen\u00e7as como eritema infeccioso, l\u00fapus e ros\u00e1cea, entre outras. Cada uma dessas condi\u00e7\u00f5es possui suas pr\u00f3prias caracter\u00edsticas e abordagens de tratamento, tornando essencial a compreens\u00e3o de suas particularidades a fim de cuidar adequadamente da pele facial.<\/p>\n\n\n\n<h2 class=\"wp-block-heading\">Quais as principais condi\u00e7\u00f5es m\u00e9dicas relacionadas \u00e0 vermelhid\u00e3o facial?<\/h2>\n\n\n\n<p>O\u00a0<strong>eritema infeccioso<\/strong>, uma condi\u00e7\u00e3o causada por um v\u00edrus, pode levar \u00e0 Vermelhid\u00e3o no Rosto, especialmente em crian\u00e7as. J\u00e1 o\u00a0<strong>l\u00fapus<\/strong>\u00a0\u00e9 uma doen\u00e7a autoimune que provoca inflama\u00e7\u00e3o e pode causar uma erup\u00e7\u00e3o caracter\u00edstica em forma de asas de borboleta sobre as bochechas e nariz. A\u00a0<strong>ros\u00e1cea<\/strong>, por sua vez, \u00e9 uma condi\u00e7\u00e3o cr\u00f4nica que provoca vermelhid\u00e3o e vis\u00edveis vasos sangu\u00edneos no rosto, e pode evoluir para erup\u00e7\u00f5es similares \u00e0 acne.<\/p>\n\n\n<div class=\"wp-block-image\">\n<figure class=\"aligncenter size-large\"><img decoding=\"async\" width=\"1024\" height=\"576\" src=\"https:\/\/www.correiobraziliense.com.br\/cbradar\/wp-content\/uploads\/2025\/11\/Vermelhidao-no-Rosto_1761997552898-1024x576.jpg\" alt=\"\" class=\"wp-image-129400\" srcset=\"https:\/\/www.correiobraziliense.com.br\/cbradar\/wp-content\/uploads\/2025\/11\/Vermelhidao-no-Rosto_1761997552898-1024x576.jpg 1024w, https:\/\/www.correiobraziliense.com.br\/cbradar\/wp-content\/uploads\/2025\/11\/Vermelhidao-no-Rosto_1761997552898-300x169.jpg 300w, https:\/\/www.correiobraziliense.com.br\/cbradar\/wp-content\/uploads\/2025\/11\/Vermelhidao-no-Rosto_1761997552898-768x432.jpg 768w, https:\/\/www.correiobraziliense.com.br\/cbradar\/wp-content\/uploads\/2025\/11\/Vermelhidao-no-Rosto_1761997552898-750x422.jpg 750w, https:\/\/www.correiobraziliense.com.br\/cbradar\/wp-content\/uploads\/2025\/11\/Vermelhidao-no-Rosto_1761997552898-1140x641.jpg 1140w, https:\/\/www.correiobraziliense.com.br\/cbradar\/wp-content\/uploads\/2025\/11\/Vermelhidao-no-Rosto_1761997552898.jpg 1280w\" sizes=\"(max-width: 1024px) 100vw, 1024px\" \/><figcaption class=\"wp-element-caption\">Vermelhid\u00e3o no Rosto &#8211; Cr\u00e9ditos: depositphotos.com \/ Alena1919<\/figcaption><\/figure><\/div>\n\n\n<p>Outra condi\u00e7\u00e3o relevante \u00e9 a dermatite at\u00f3pica, caracterizada por uma inflama\u00e7\u00e3o cr\u00f4nica da pele que pode causar tanto vermelhid\u00e3o quanto ressecamento e coceira. Em alguns casos, a ingest\u00e3o de \u00e1lcoois, alimentos picantes ou bebidas quentes tamb\u00e9m pode agravar a vermelhid\u00e3o em indiv\u00edduos predispostos.<\/p>\n\n\n\n<h2 class=\"wp-block-heading\">Como lidar com a Vermelhid\u00e3o no Rosto?<\/h2>\n\n\n\n<p>Para lidar de forma eficaz com a vermelhid\u00e3o no rosto, \u00e9 crucial identificar a causa subjacente. Primeiramente, recomenda-se a consulta a um dermatologista para um diagn\u00f3stico preciso e orienta\u00e7\u00f5es de tratamento adequadas. Em alguns casos, simples mudan\u00e7as de h\u00e1bito podem ser suficientes, como evitar sabonetes agressivos e proteger a pele do sol com o uso de protetor solar.<\/p>\n\n\n\n<p>Em situa\u00e7\u00f5es onde a vermelhid\u00e3o \u00e9 resultado de condi\u00e7\u00f5es m\u00e9dicas como a ros\u00e1cea, o tratamento pode incluir o uso de medicamentos t\u00f3picos ou orais prescritos. Evitar fatores desencadeantes conhecidos tamb\u00e9m \u00e9 uma parte vital do manejo, como limitar o consumo de alimentos que provocam calor ou bebidas alco\u00f3licas.<\/p>\n\n\n\n<h2 class=\"wp-block-heading\">Quais medidas preventivas podem ser adotadas?<\/h2>\n\n\n\n<p>Prevenir a Vermelhid\u00e3o no Rosto come\u00e7a com uma boa rotina de cuidados com a pele. Usar produtos de limpeza suaves e umidificantes adequados para o tipo de pele pode melhorar significativamente a <a href=\"https:\/\/www.correiobraziliense.com.br\/cbradar\/dra-najla-smaili-flacidez-no-rosto-conheca-o-ultraformer\/\" target=\"_blank\" rel=\"noreferrer noopener\">sa\u00fade <\/a>da pele facial. Al\u00e9m disso, beber bastante \u00e1gua e manter uma alimenta\u00e7\u00e3o equilibrada tamb\u00e9m s\u00e3o pr\u00e1ticas recomendadas.<\/p>\n\n\n\n<p>Indiv\u00edduos com predisposi\u00e7\u00e3o a condi\u00e7\u00f5es como a ros\u00e1cea podem se beneficiar ao evitar mudan\u00e7as bruscas de temperatura e manter um di\u00e1rio para identificar potenciais gatilhos. Em casos de exposi\u00e7\u00e3o solar, o uso de chap\u00e9us de abas largas e a aplica\u00e7\u00e3o regular de protetor solar de amplo espectro s\u00e3o a\u00e7\u00f5es preventivas eficazes.<\/p>\n\n\n\n<h2 class=\"wp-block-heading\">Quando procurar ajuda m\u00e9dica?<\/h2>\n\n\n\n<p>Embora muitas causas de Vermelhid\u00e3o no Rosto sejam benignas e tempor\u00e1rias, \u00e9 importante procurar ajuda m\u00e9dica quando a vermelhid\u00e3o \u00e9 persistente ou est\u00e1 acompanhada por outros sintomas alarmantes, como dor, incha\u00e7o ou descama\u00e7\u00e3o intensa. A consulta com um profissional de sa\u00fade qualificado assegura que quaisquer condi\u00e7\u00f5es subjacentes sejam tratadas de forma apropriada, prevenindo complica\u00e7\u00f5es e promovendo a sa\u00fade e bem-estar da pele.<\/p>\n\n\n<a href=\"https:\/\/www.instagram.com\/dra.annaluisabf\/\" target=\"_blank\" rel=\"noopener\" style=\"text-decoration: none; color: inherit;\">\n    <span style=\"display: inline-block; border: 1px solid #ccc; border-radius: 10px; padding: 15px; max-width: 550px; font-family: sans-serif; box-shadow: 0 2px 5px rgba(0,0,0,0.1); width: 100%;\">\n\n      <!-- T\u00edtulo -->\n      <span style=\"display: block; margin: 0 0 15px 0; font-weight: bold; color: #2c3e50; text-align: center;\">\n        Entre em contato:\n      <\/span>\n\n      <!-- Linha do perfil -->\n      <span style=\"display: flex; align-items: center; gap: 15px;\">\n        <img decoding=\"async\"\n          src=\"https:\/\/www.correiobraziliense.com.br\/cbradar\/wp-content\/uploads\/2025\/08\/dra_anna_luisa.jpeg\"\n          alt=\"Foto da Dra. Anna Lu\u00edsa\"\n          style=\"border-radius: 50%; width: 80px; height: 80px; object-fit: cover;\"\n        \/>\n        <span style=\"display: flex; flex-direction: column;\">\n          <span style=\"font-size: 18px; font-weight: 700; color: #2c3e50;\">Dra. Anna Lu\u00edsa Barbosa Fernandes<\/span>\n          <span style=\"color: #555;\">CRM-GO 33.271<\/span>\n        <\/span>\n      <\/span>\n\n      <!-- Redes -->\n      <span style=\"display: flex; align-items: center; gap: 10px; margin-top: 12px;\">\n        <img decoding=\"async\" src=\"https:\/\/cdn-icons-png.flaticon.com\/24\/1384\/1384063.png\" alt=\"Instagram\" width=\"24\" height=\"24\" \/>\n        <span style=\"text-decoration: underline; color: #2c3e50;\">@dra.annaluisabf<\/span>\n      <\/span>\n\n    <\/span>\n  <\/a>","protected":false},"excerpt":{"rendered":"<p>A Vermelhid\u00e3o no Rosto \u00e9 uma condi\u00e7\u00e3o comum e pode ser descrita como uma tonalidade avermelhada que se manifesta na pele facial. Esta altera\u00e7\u00e3o da cor da pele pode ocorrer devido a diversos fatores, que variam desde a\u00e7\u00f5es rotineiras at\u00e9 condi\u00e7\u00f5es m\u00e9dicas mais s\u00e9rias. As causas s\u00e3o muitas e variadas, incluindo desde a pr\u00e1tica de [&hellip;]<\/p>\n","protected":false},"author":14,"featured_media":129399,"comment_status":"open","ping_status":"open","sticky":false,"template":"","format":"standard","meta":{"_yoast_wpseo_focuskw":"Vermelhid\u00e3o no Rosto","_yoast_wpseo_title":"","_yoast_wpseo_metadesc":"Vermelhid\u00e3o no rosto pode ter v\u00e1rias causas, de calor a doen\u00e7as como ros\u00e1cea e l\u00fapus. Saiba quando \u00e9 normal e quando buscar ajuda m\u00e9dica.","jnews-multi-image_gallery":[],"jnews_single_post":{"format":"standard"},"jnews_primary_category":[],"jnews_social_meta":[],"jnews_override_counter":[],"footnotes":""},"categories":[4404],"post_tag":[120,1318,11295],"class_list":["post-129398","post","type-post","status-publish","format-standard","has-post-thumbnail","hentry","category-saude","tag-bem-estar","tag-saude-2","tag-vermilhidao"],"yoast_head":"<!-- This site is optimized with the Yoast SEO plugin v24.6 - https:\/\/yoast.com\/wordpress\/plugins\/seo\/ -->\n<title>Por que o rosto fica vermelho? Veja as causas - Correio Braziliense - Radar<\/title>\n<meta name=\"description\" content=\"Vermelhid\u00e3o no rosto pode ter v\u00e1rias causas, de calor a doen\u00e7as como ros\u00e1cea e l\u00fapus. Saiba quando \u00e9 normal e quando buscar ajuda m\u00e9dica.\" \/>\n<meta name=\"robots\" content=\"index, follow, max-snippet:-1, max-image-preview:large, max-video-preview:-1\" \/>\n<link rel=\"canonical\" href=\"https:\/\/www.correiobraziliense.com.br\/cbradar\/por-que-o-rosto-fica-vermelho-veja-as-causas\/\" \/>\n<meta property=\"og:locale\" content=\"pt_BR\" \/>\n<meta property=\"og:type\" content=\"article\" \/>\n<meta property=\"og:title\" content=\"Por que o rosto fica vermelho? Veja as causas - Correio Braziliense - Radar\" \/>\n<meta property=\"og:description\" content=\"Vermelhid\u00e3o no rosto pode ter v\u00e1rias causas, de calor a doen\u00e7as como ros\u00e1cea e l\u00fapus. Saiba quando \u00e9 normal e quando buscar ajuda m\u00e9dica.\" \/>\n<meta property=\"og:url\" content=\"https:\/\/www.correiobraziliense.com.br\/cbradar\/por-que-o-rosto-fica-vermelho-veja-as-causas\/\" \/>\n<meta property=\"og:site_name\" content=\"Correio Braziliense - Radar\" \/>\n<meta property=\"article:published_time\" content=\"2025-11-02T18:55:00+00:00\" \/>\n<meta property=\"og:image\" content=\"https:\/\/www.correiobraziliense.com.br\/cbradar\/wp-content\/uploads\/2025\/11\/Vermelhidao-no-Rosto_1761997533270.jpg\" \/>\n\t<meta property=\"og:image:width\" content=\"1280\" \/>\n\t<meta property=\"og:image:height\" content=\"720\" \/>\n\t<meta property=\"og:image:type\" content=\"image\/jpeg\" \/>\n<meta name=\"author\" content=\"guilherme_saude\" \/>\n<meta name=\"twitter:card\" content=\"summary_large_image\" \/>\n<meta name=\"twitter:label1\" content=\"Escrito por\" \/>\n\t<meta name=\"twitter:data1\" content=\"guilherme_saude\" \/>\n\t<meta name=\"twitter:label2\" content=\"Est. tempo de leitura\" \/>\n\t<meta name=\"twitter:data2\" content=\"4 minutos\" \/>\n<!-- \/ Yoast SEO plugin. -->","yoast_head_json":{"title":"Por que o rosto fica vermelho? Veja as causas - Correio Braziliense - Radar","description":"Vermelhid\u00e3o no rosto pode ter v\u00e1rias causas, de calor a doen\u00e7as como ros\u00e1cea e l\u00fapus. Saiba quando \u00e9 normal e quando buscar ajuda m\u00e9dica.","robots":{"index":"index","follow":"follow","max-snippet":"max-snippet:-1","max-image-preview":"max-image-preview:large","max-video-preview":"max-video-preview:-1"},"canonical":"https:\/\/www.correiobraziliense.com.br\/cbradar\/por-que-o-rosto-fica-vermelho-veja-as-causas\/","og_locale":"pt_BR","og_type":"article","og_title":"Por que o rosto fica vermelho? Veja as causas - Correio Braziliense - Radar","og_description":"Vermelhid\u00e3o no rosto pode ter v\u00e1rias causas, de calor a doen\u00e7as como ros\u00e1cea e l\u00fapus. Saiba quando \u00e9 normal e quando buscar ajuda m\u00e9dica.","og_url":"https:\/\/www.correiobraziliense.com.br\/cbradar\/por-que-o-rosto-fica-vermelho-veja-as-causas\/","og_site_name":"Correio Braziliense - Radar","article_published_time":"2025-11-02T18:55:00+00:00","og_image":[{"width":1280,"height":720,"url":"https:\/\/www.correiobraziliense.com.br\/cbradar\/wp-content\/uploads\/2025\/11\/Vermelhidao-no-Rosto_1761997533270.jpg","type":"image\/jpeg"}],"author":"guilherme_saude","twitter_card":"summary_large_image","twitter_misc":{"Escrito por":"guilherme_saude","Est. tempo de leitura":"4 minutos"},"schema":{"@context":"https:\/\/schema.org","@graph":[{"@type":"WebPage","@id":"https:\/\/www.correiobraziliense.com.br\/cbradar\/por-que-o-rosto-fica-vermelho-veja-as-causas\/","url":"https:\/\/www.correiobraziliense.com.br\/cbradar\/por-que-o-rosto-fica-vermelho-veja-as-causas\/","name":"Por que o rosto fica vermelho? Veja as causas - Correio Braziliense - Radar","isPartOf":{"@id":"https:\/\/www.correiobraziliense.com.br\/cbradar\/#website"},"primaryImageOfPage":{"@id":"https:\/\/www.correiobraziliense.com.br\/cbradar\/por-que-o-rosto-fica-vermelho-veja-as-causas\/#primaryimage"},"image":{"@id":"https:\/\/www.correiobraziliense.com.br\/cbradar\/por-que-o-rosto-fica-vermelho-veja-as-causas\/#primaryimage"},"thumbnailUrl":"https:\/\/www.correiobraziliense.com.br\/cbradar\/wp-content\/uploads\/2025\/11\/Vermelhidao-no-Rosto_1761997533270.jpg","datePublished":"2025-11-02T18:55:00+00:00","author":{"@id":"https:\/\/www.correiobraziliense.com.br\/cbradar\/#\/schema\/person\/5aa4bf3c8fa699c267933611de12978b"},"description":"Vermelhid\u00e3o no rosto pode ter v\u00e1rias causas, de calor a doen\u00e7as como ros\u00e1cea e l\u00fapus. Saiba quando \u00e9 normal e quando buscar ajuda m\u00e9dica.","breadcrumb":{"@id":"https:\/\/www.correiobraziliense.com.br\/cbradar\/por-que-o-rosto-fica-vermelho-veja-as-causas\/#breadcrumb"},"inLanguage":"pt-BR","potentialAction":[{"@type":"ReadAction","target":["https:\/\/www.correiobraziliense.com.br\/cbradar\/por-que-o-rosto-fica-vermelho-veja-as-causas\/"]}]},{"@type":"ImageObject","inLanguage":"pt-BR","@id":"https:\/\/www.correiobraziliense.com.br\/cbradar\/por-que-o-rosto-fica-vermelho-veja-as-causas\/#primaryimage","url":"https:\/\/www.correiobraziliense.com.br\/cbradar\/wp-content\/uploads\/2025\/11\/Vermelhidao-no-Rosto_1761997533270.jpg","contentUrl":"https:\/\/www.correiobraziliense.com.br\/cbradar\/wp-content\/uploads\/2025\/11\/Vermelhidao-no-Rosto_1761997533270.jpg","width":1280,"height":720,"caption":"Vermelhid\u00e3o no Rosto - Cr\u00e9ditos: depositphotos.com \/ Steklo_KRD"},{"@type":"BreadcrumbList","@id":"https:\/\/www.correiobraziliense.com.br\/cbradar\/por-que-o-rosto-fica-vermelho-veja-as-causas\/#breadcrumb","itemListElement":[{"@type":"ListItem","position":1,"name":"In\u00edcio","item":"https:\/\/www.correiobraziliense.com.br\/cbradar\/"},{"@type":"ListItem","position":2,"name":"Por que o rosto fica vermelho? Veja as causas"}]},{"@type":"WebSite","@id":"https:\/\/www.correiobraziliense.com.br\/cbradar\/#website","url":"https:\/\/www.correiobraziliense.com.br\/cbradar\/","name":"Correio Braziliense - Radar","description":"Acompanhe as \u00faltimas not\u00edcias e fique bem informado sobre tudo o que acontece no Brasil e no mundo.","potentialAction":[{"@type":"SearchAction","target":{"@type":"EntryPoint","urlTemplate":"https:\/\/www.correiobraziliense.com.br\/cbradar\/?s={search_term_string}"},"query-input":{"@type":"PropertyValueSpecification","valueRequired":true,"valueName":"search_term_string"}}],"inLanguage":"pt-BR"},{"@type":"Person","@id":"https:\/\/www.correiobraziliense.com.br\/cbradar\/#\/schema\/person\/5aa4bf3c8fa699c267933611de12978b","name":"guilherme_saude","image":{"@type":"ImageObject","inLanguage":"pt-BR","@id":"https:\/\/www.correiobraziliense.com.br\/cbradar\/#\/schema\/person\/image\/","url":"https:\/\/secure.gravatar.com\/avatar\/df9adfb835d344bc0af109d41756253f?s=96&d=mm&r=g","contentUrl":"https:\/\/secure.gravatar.com\/avatar\/df9adfb835d344bc0af109d41756253f?s=96&d=mm&r=g","caption":"guilherme_saude"},"url":"https:\/\/www.correiobraziliense.com.br\/cbradar\/author\/guilherme_saude\/"}]}},"_links":{"self":[{"href":"https:\/\/www.correiobraziliense.com.br\/cbradar\/wp-json\/wp\/v2\/posts\/129398","targetHints":{"allow":["GET"]}}],"collection":[{"href":"https:\/\/www.correiobraziliense.com.br\/cbradar\/wp-json\/wp\/v2\/posts"}],"about":[{"href":"https:\/\/www.correiobraziliense.com.br\/cbradar\/wp-json\/wp\/v2\/types\/post"}],"author":[{"embeddable":true,"href":"https:\/\/www.correiobraziliense.com.br\/cbradar\/wp-json\/wp\/v2\/users\/14"}],"replies":[{"embeddable":true,"href":"https:\/\/www.correiobraziliense.com.br\/cbradar\/wp-json\/wp\/v2\/comments?post=129398"}],"version-history":[{"count":1,"href":"https:\/\/www.correiobraziliense.com.br\/cbradar\/wp-json\/wp\/v2\/posts\/129398\/revisions"}],"predecessor-version":[{"id":129401,"href":"https:\/\/www.correiobraziliense.com.br\/cbradar\/wp-json\/wp\/v2\/posts\/129398\/revisions\/129401"}],"wp:featuredmedia":[{"embeddable":true,"href":"https:\/\/www.correiobraziliense.com.br\/cbradar\/wp-json\/wp\/v2\/media\/129399"}],"wp:attachment":[{"href":"https:\/\/www.correiobraziliense.com.br\/cbradar\/wp-json\/wp\/v2\/media?parent=129398"}],"wp:term":[{"taxonomy":"category","embeddable":true,"href":"https:\/\/www.correiobraziliense.com.br\/cbradar\/wp-json\/wp\/v2\/categories?post=129398"},{"taxonomy":"post_tag","embeddable":true,"href":"https:\/\/www.correiobraziliense.com.br\/cbradar\/wp-json\/wp\/v2\/post_tag?post=129398"}],"curies":[{"name":"wp","href":"https:\/\/api.w.org\/{rel}","templated":true}]}}