{"id":129857,"date":"2025-11-03T09:45:00","date_gmt":"2025-11-03T12:45:00","guid":{"rendered":"https:\/\/www.correiobraziliense.com.br\/cbradar\/?p=129857"},"modified":"2025-11-02T02:48:57","modified_gmt":"2025-11-02T05:48:57","slug":"o-que-significa-esquecer-o-nome-das-pessoas-com-frequencia","status":"publish","type":"post","link":"https:\/\/www.correiobraziliense.com.br\/cbradar\/o-que-significa-esquecer-o-nome-das-pessoas-com-frequencia\/","title":{"rendered":"O que significa esquecer o nome das pessoas com frequ\u00eancia?"},"content":{"rendered":"\n<p>Quem nunca passou pela situa\u00e7\u00e3o constrangedora de <strong>ter o nome de algu\u00e9m na ponta da l\u00edngua e n\u00e3o conseguir se lembrar<\/strong>? Esse fen\u00f4meno \u00e9 chamado de <strong>TOT<\/strong>, ou \u201c<strong>tip-of-the-tongue<\/strong>\u201d. Apesar de parecer comum, ele revela aspectos interessantes sobre como nosso c\u00e9rebro armazena e recupera informa\u00e7\u00f5es, especialmente nomes pr\u00f3prios.<\/p>\n\n\n\n<h2 class=\"wp-block-heading\">O que \u00e9 o fen\u00f4meno TOT?<\/h2>\n\n\n\n<p><strong>O TOT ocorre quando temos<\/strong> <strong>uma sensa\u00e7\u00e3o clara de que sabemos algo, mas n\u00e3o conseguimos recuper\u00e1-lo naquele instante<\/strong>. Nomes pr\u00f3prios costumam ser mais dif\u00edceis de lembrar do que substantivos comuns, porque possuem menos associa\u00e7\u00f5es sem\u00e2nticas e pistas contextuais. Ou seja, nosso c\u00e9rebro tem menos refer\u00eancias para resgatar essas informa\u00e7\u00f5es rapidamente.<\/p>\n\n\n\n<p>Al\u00e9m disso, o TOT \u00e9 mais frequente em adultos \u00e0 medida que envelhecem, indicando uma altera\u00e7\u00e3o natural na mem\u00f3ria de recupera\u00e7\u00e3o, e n\u00e3o necessariamente um problema cognitivo, <strong><a href=\"https:\/\/www.sciencedirect.com\/science\/article\/abs\/pii\/S014976341730605X?utm\" target=\"_blank\" rel=\"noreferrer noopener\">segundo estudos publicados no ScienceDirect.<\/a><\/strong><\/p>\n\n\n<div class=\"wp-block-image\">\n<figure class=\"aligncenter size-large\"><img decoding=\"async\" width=\"1024\" height=\"585\" src=\"https:\/\/www.correiobraziliense.com.br\/cbradar\/wp-content\/uploads\/2025\/11\/Esquecendo-o-Nome-das-Pessoas-1024x585.png\" alt=\"O que significa esquecer o nome das pessoas com frequ\u00eancia?\" class=\"wp-image-129884\" srcset=\"https:\/\/www.correiobraziliense.com.br\/cbradar\/wp-content\/uploads\/2025\/11\/Esquecendo-o-Nome-das-Pessoas-1024x585.png 1024w, https:\/\/www.correiobraziliense.com.br\/cbradar\/wp-content\/uploads\/2025\/11\/Esquecendo-o-Nome-das-Pessoas-300x171.png 300w, https:\/\/www.correiobraziliense.com.br\/cbradar\/wp-content\/uploads\/2025\/11\/Esquecendo-o-Nome-das-Pessoas-768x439.png 768w, https:\/\/www.correiobraziliense.com.br\/cbradar\/wp-content\/uploads\/2025\/11\/Esquecendo-o-Nome-das-Pessoas-750x429.png 750w, https:\/\/www.correiobraziliense.com.br\/cbradar\/wp-content\/uploads\/2025\/11\/Esquecendo-o-Nome-das-Pessoas-1140x651.png 1140w, https:\/\/www.correiobraziliense.com.br\/cbradar\/wp-content\/uploads\/2025\/11\/Esquecendo-o-Nome-das-Pessoas.png 1344w\" sizes=\"(max-width: 1024px) 100vw, 1024px\" \/><figcaption class=\"wp-element-caption\"> Esquecer nomes \u00e9 comum; ocorre por falta de associa\u00e7\u00e3o sem\u00e2ntica clara dos nomes no c\u00e9rebro.<\/figcaption><\/figure><\/div>\n\n\n<h2 class=\"wp-block-heading\">Por que nomes pr\u00f3prios s\u00e3o mais dif\u00edceis de lembrar?<\/h2>\n\n\n\n<p>Os nomes de pessoas s\u00e3o dif\u00edceis de memorizar porque <strong>n\u00e3o trazem informa\u00e7\u00f5es sobre atributos ou caracter\u00edsticas<\/strong>, como acontece com objetos ou lugares. Um substantivo comum como \u201ccachorro\u201d evoca imagens, cheiros e experi\u00eancias, ajudando na lembran\u00e7a. J\u00e1 nomes pr\u00f3prios dependem de uma associa\u00e7\u00e3o direta e espec\u00edfica.<\/p>\n\n\n\n<p>Segundo estudo publicado na ScienceDirect, <strong>a recupera\u00e7\u00e3o de nomes envolve redes neurais diferentes daquelas utilizadas para substantivos comuns<\/strong>, o que explica a sensa\u00e7\u00e3o de travamento durante a lembran\u00e7a.<\/p>\n\n\n\n<h2 class=\"wp-block-heading\">Estrat\u00e9gias para memorizar nomes<\/h2>\n\n\n\n<p>Para reduzir os TOTs e melhorar a mem\u00f3ria de nomes, algumas estrat\u00e9gias pr\u00e1ticas ajudam:<\/p>\n\n\n\n<ul class=\"wp-block-list\">\n<li><strong>Repeti\u00e7\u00e3o espa\u00e7ada<\/strong>: repetir o nome em voz alta ou mentalmente ao longo do dia.<\/li>\n\n\n\n<li><strong>Associa\u00e7\u00e3o visual<\/strong>: relacionar o nome a uma imagem ou caracter\u00edstica da pessoa.<\/li>\n\n\n\n<li><strong>Pista fon\u00eamica inicial<\/strong>: focar na primeira letra ou som do nome.<\/li>\n<\/ul>\n\n\n\n<p>Esses m\u00e9todos fortalecem as conex\u00f5es neurais e aumentam a probabilidade de lembran\u00e7a r\u00e1pida em encontros futuros.<\/p>\n\n\n\n<figure class=\"wp-block-embed aligncenter is-type-video is-provider-tiktok wp-block-embed-tiktok\"><div class=\"wp-block-embed__wrapper\">\n<blockquote class=\"tiktok-embed\" cite=\"https:\/\/www.tiktok.com\/@drsavioli_oficial\/video\/7525190061608996102\" data-video-id=\"7525190061608996102\" data-embed-from=\"oembed\" style=\"max-width:605px; min-width:325px;\"> <section> <a target=\"_blank\" title=\"@drsavioli_oficial\" href=\"https:\/\/www.tiktok.com\/@drsavioli_oficial?refer=embed\">@drsavioli_oficial<\/a> <p>Voc\u00ea j\u00e1 se sentiu frustrada por esquecer informa\u00e7\u00f5es importantes ou ter dificuldade em se concentrar? A verdade \u00e9 que muitos h\u00e1bitos di\u00e1rios podem estar sabotando sua capacidade de memoriza\u00e7\u00e3o sem que voc\u00ea perceba. A priva\u00e7\u00e3o do sono e at\u00e9 o excesso de multitarefas podem impactar diretamente a sa\u00fade do seu c\u00e9rebro. Prepare-se para identificar esses vil\u00f5es e descobrir o que voc\u00ea pode fazer para virar o jogo! Qual desses erros j\u00e1 sabotou sua mem\u00f3ria? Compartilhe nos coment\u00e1rios e compartilhe com uma amiga que precisa ver isso!<\/p> <a target=\"_blank\" title=\"\u266c som original - drsavioli_oficial\" href=\"https:\/\/www.tiktok.com\/music\/som-original-7525190108973779717?refer=embed\">\u266c som original &#8211; drsavioli_oficial<\/a> <\/section> <\/blockquote> <script async src=\"https:\/\/www.tiktok.com\/embed.js\"><\/script>\n<\/div><\/figure>\n\n\n\n<h2 class=\"wp-block-heading\">Quais os benef\u00edcios de treinar a mem\u00f3ria de nomes?<\/h2>\n\n\n\n<p>Memorizar nomes fortalece v\u00ednculos sociais e melhora a comunica\u00e7\u00e3o interpessoal. <strong>Lembrar o nome de algu\u00e9m transmite aten\u00e7\u00e3o e empatia<\/strong>, fatores importantes para relacionamentos pessoais e profissionais.<\/p>\n\n\n\n<p>Al\u00e9m disso, praticar essas estrat\u00e9gias estimula o c\u00e9rebro, ajudando a manter a mem\u00f3ria ativa e funcionando de forma eficiente.<\/p>\n\n\n\n<p><strong>Leia tamb\u00e9m: <a href=\"https:\/\/www.correiobraziliense.com.br\/cbradar\/esqueca-os-sprays-essa-mistura-e-o-perfume-natural-que-sua-casa-precisa\/\" target=\"_blank\" rel=\"noreferrer noopener\">Esque\u00e7a os sprays, essa mistura \u00e9 o perfume natural que sua casa precisa<\/a>.<\/strong><\/p>\n\n\n\n<h2 class=\"wp-block-heading\">Curiosidades sobre TOT<\/h2>\n\n\n\n<ul class=\"wp-block-list\">\n<li>O TOT n\u00e3o indica esquecimento permanente: geralmente, o nome vem \u00e0 mente minutos ou horas depois.<\/li>\n\n\n\n<li>Pessoas bil\u00edngues podem ter TOT mais frequente em uma l\u00edngua do que em outra.<\/li>\n\n\n\n<li>Associar nomes a hist\u00f3rias ou experi\u00eancias aumenta a reten\u00e7\u00e3o.<\/li>\n<\/ul>\n\n\n\n<p>Essa combina\u00e7\u00e3o de conhecimento sobre TOT e estrat\u00e9gias pr\u00e1ticas permite que voc\u00ea transforme momentos constrangedores em oportunidades de treino cognitivo, tornando a mem\u00f3ria mais confi\u00e1vel e \u00e1gil.<\/p>\n","protected":false},"excerpt":{"rendered":"<p>Quem nunca passou pela situa\u00e7\u00e3o constrangedora de ter o nome de algu\u00e9m na ponta da l\u00edngua e n\u00e3o conseguir se lembrar? Esse fen\u00f4meno \u00e9 chamado de TOT, ou \u201ctip-of-the-tongue\u201d. Apesar de parecer comum, ele revela aspectos interessantes sobre como nosso c\u00e9rebro armazena e recupera informa\u00e7\u00f5es, especialmente nomes pr\u00f3prios. O que \u00e9 o fen\u00f4meno TOT? O [&hellip;]<\/p>\n","protected":false},"author":8,"featured_media":129886,"comment_status":"open","ping_status":"open","sticky":false,"template":"","format":"standard","meta":{"_yoast_wpseo_focuskw":"esquecer","_yoast_wpseo_title":"","_yoast_wpseo_metadesc":"Esquecer nomes com frequ\u00eancia pode ser mais comum do que parece. Entenda o que esse h\u00e1bito revela sobre sua mem\u00f3ria.","jnews-multi-image_gallery":[],"jnews_single_post":{"format":"standard"},"jnews_primary_category":[],"jnews_social_meta":[],"jnews_override_counter":[],"footnotes":""},"categories":[112],"tags":[3273,5202],"class_list":["post-129857","post","type-post","status-publish","format-standard","has-post-thumbnail","hentry","category-curiosidades","tag-esquecer","tag-nomes"],"yoast_head":"<!-- This site is optimized with the Yoast SEO plugin v24.6 - https:\/\/yoast.com\/wordpress\/plugins\/seo\/ -->\n<title>O que significa esquecer o nome das pessoas com frequ\u00eancia? - Correio Braziliense - Radar<\/title>\n<meta name=\"description\" content=\"Esquecer nomes com frequ\u00eancia pode ser mais comum do que parece. Entenda o que esse h\u00e1bito revela sobre sua mem\u00f3ria.\" \/>\n<meta name=\"robots\" content=\"index, follow, max-snippet:-1, max-image-preview:large, max-video-preview:-1\" \/>\n<link rel=\"canonical\" href=\"https:\/\/www.correiobraziliense.com.br\/cbradar\/o-que-significa-esquecer-o-nome-das-pessoas-com-frequencia\/\" \/>\n<meta property=\"og:locale\" content=\"pt_BR\" \/>\n<meta property=\"og:type\" content=\"article\" \/>\n<meta property=\"og:title\" content=\"O que significa esquecer o nome das pessoas com frequ\u00eancia? - Correio Braziliense - Radar\" \/>\n<meta property=\"og:description\" content=\"Esquecer nomes com frequ\u00eancia pode ser mais comum do que parece. Entenda o que esse h\u00e1bito revela sobre sua mem\u00f3ria.\" \/>\n<meta property=\"og:url\" content=\"https:\/\/www.correiobraziliense.com.br\/cbradar\/o-que-significa-esquecer-o-nome-das-pessoas-com-frequencia\/\" \/>\n<meta property=\"og:site_name\" content=\"Correio Braziliense - Radar\" \/>\n<meta property=\"article:published_time\" content=\"2025-11-03T12:45:00+00:00\" \/>\n<meta property=\"og:image\" content=\"https:\/\/www.correiobraziliense.com.br\/cbradar\/wp-content\/uploads\/2025\/11\/esquecer_1762062123216.jpg\" \/>\n\t<meta property=\"og:image:width\" content=\"1280\" \/>\n\t<meta property=\"og:image:height\" content=\"720\" \/>\n\t<meta property=\"og:image:type\" content=\"image\/jpeg\" \/>\n<meta name=\"author\" content=\"Maura Pereira\" \/>\n<meta name=\"twitter:card\" content=\"summary_large_image\" \/>\n<meta name=\"twitter:label1\" content=\"Escrito por\" \/>\n\t<meta name=\"twitter:data1\" content=\"Maura Pereira\" \/>\n\t<meta name=\"twitter:label2\" content=\"Est. tempo de leitura\" \/>\n\t<meta name=\"twitter:data2\" content=\"3 minutos\" \/>\n<!-- \/ Yoast SEO plugin. -->","yoast_head_json":{"title":"O que significa esquecer o nome das pessoas com frequ\u00eancia? - Correio Braziliense - Radar","description":"Esquecer nomes com frequ\u00eancia pode ser mais comum do que parece. Entenda o que esse h\u00e1bito revela sobre sua mem\u00f3ria.","robots":{"index":"index","follow":"follow","max-snippet":"max-snippet:-1","max-image-preview":"max-image-preview:large","max-video-preview":"max-video-preview:-1"},"canonical":"https:\/\/www.correiobraziliense.com.br\/cbradar\/o-que-significa-esquecer-o-nome-das-pessoas-com-frequencia\/","og_locale":"pt_BR","og_type":"article","og_title":"O que significa esquecer o nome das pessoas com frequ\u00eancia? - Correio Braziliense - Radar","og_description":"Esquecer nomes com frequ\u00eancia pode ser mais comum do que parece. Entenda o que esse h\u00e1bito revela sobre sua mem\u00f3ria.","og_url":"https:\/\/www.correiobraziliense.com.br\/cbradar\/o-que-significa-esquecer-o-nome-das-pessoas-com-frequencia\/","og_site_name":"Correio Braziliense - Radar","article_published_time":"2025-11-03T12:45:00+00:00","og_image":[{"width":1280,"height":720,"url":"https:\/\/www.correiobraziliense.com.br\/cbradar\/wp-content\/uploads\/2025\/11\/esquecer_1762062123216.jpg","type":"image\/jpeg"}],"author":"Maura Pereira","twitter_card":"summary_large_image","twitter_misc":{"Escrito por":"Maura Pereira","Est. tempo de leitura":"3 minutos"},"schema":{"@context":"https:\/\/schema.org","@graph":[{"@type":"WebPage","@id":"https:\/\/www.correiobraziliense.com.br\/cbradar\/o-que-significa-esquecer-o-nome-das-pessoas-com-frequencia\/","url":"https:\/\/www.correiobraziliense.com.br\/cbradar\/o-que-significa-esquecer-o-nome-das-pessoas-com-frequencia\/","name":"O que significa esquecer o nome das pessoas com frequ\u00eancia? - Correio Braziliense - Radar","isPartOf":{"@id":"https:\/\/www.correiobraziliense.com.br\/cbradar\/#website"},"primaryImageOfPage":{"@id":"https:\/\/www.correiobraziliense.com.br\/cbradar\/o-que-significa-esquecer-o-nome-das-pessoas-com-frequencia\/#primaryimage"},"image":{"@id":"https:\/\/www.correiobraziliense.com.br\/cbradar\/o-que-significa-esquecer-o-nome-das-pessoas-com-frequencia\/#primaryimage"},"thumbnailUrl":"https:\/\/www.correiobraziliense.com.br\/cbradar\/wp-content\/uploads\/2025\/11\/esquecer_1762062123216.jpg","datePublished":"2025-11-03T12:45:00+00:00","author":{"@id":"https:\/\/www.correiobraziliense.com.br\/cbradar\/#\/schema\/person\/4053c651a9bfc785afc6f4cbc9032fd3"},"description":"Esquecer nomes com frequ\u00eancia pode ser mais comum do que parece. Entenda o que esse h\u00e1bito revela sobre sua mem\u00f3ria.","breadcrumb":{"@id":"https:\/\/www.correiobraziliense.com.br\/cbradar\/o-que-significa-esquecer-o-nome-das-pessoas-com-frequencia\/#breadcrumb"},"inLanguage":"pt-BR","potentialAction":[{"@type":"ReadAction","target":["https:\/\/www.correiobraziliense.com.br\/cbradar\/o-que-significa-esquecer-o-nome-das-pessoas-com-frequencia\/"]}]},{"@type":"ImageObject","inLanguage":"pt-BR","@id":"https:\/\/www.correiobraziliense.com.br\/cbradar\/o-que-significa-esquecer-o-nome-das-pessoas-com-frequencia\/#primaryimage","url":"https:\/\/www.correiobraziliense.com.br\/cbradar\/wp-content\/uploads\/2025\/11\/esquecer_1762062123216.jpg","contentUrl":"https:\/\/www.correiobraziliense.com.br\/cbradar\/wp-content\/uploads\/2025\/11\/esquecer_1762062123216.jpg","width":1280,"height":720,"caption":"Nomes s\u00e3o dif\u00edceis de memorizar pois funcionam como r\u00f3tulos arbitr\u00e1rios sem conex\u00e3o conceitual. \/\/ Cr\u00e9ditos: depositphotos.com \/ SIphotography"},{"@type":"BreadcrumbList","@id":"https:\/\/www.correiobraziliense.com.br\/cbradar\/o-que-significa-esquecer-o-nome-das-pessoas-com-frequencia\/#breadcrumb","itemListElement":[{"@type":"ListItem","position":1,"name":"In\u00edcio","item":"https:\/\/www.correiobraziliense.com.br\/cbradar\/"},{"@type":"ListItem","position":2,"name":"O que significa esquecer o nome das pessoas com frequ\u00eancia?"}]},{"@type":"WebSite","@id":"https:\/\/www.correiobraziliense.com.br\/cbradar\/#website","url":"https:\/\/www.correiobraziliense.com.br\/cbradar\/","name":"Correio Braziliense - Radar","description":"Acompanhe as \u00faltimas not\u00edcias e fique bem informado sobre tudo o que acontece no Brasil e no mundo.","potentialAction":[{"@type":"SearchAction","target":{"@type":"EntryPoint","urlTemplate":"https:\/\/www.correiobraziliense.com.br\/cbradar\/?s={search_term_string}"},"query-input":{"@type":"PropertyValueSpecification","valueRequired":true,"valueName":"search_term_string"}}],"inLanguage":"pt-BR"},{"@type":"Person","@id":"https:\/\/www.correiobraziliense.com.br\/cbradar\/#\/schema\/person\/4053c651a9bfc785afc6f4cbc9032fd3","name":"Maura Pereira","image":{"@type":"ImageObject","inLanguage":"pt-BR","@id":"https:\/\/www.correiobraziliense.com.br\/cbradar\/#\/schema\/person\/image\/","url":"https:\/\/secure.gravatar.com\/avatar\/3effd6bdadfa447f15089c7f7144eaa6?s=96&d=mm&r=g","contentUrl":"https:\/\/secure.gravatar.com\/avatar\/3effd6bdadfa447f15089c7f7144eaa6?s=96&d=mm&r=g","caption":"Maura Pereira"},"sameAs":["https:\/\/www.correiobraziliense.com.br\/"],"url":"https:\/\/www.correiobraziliense.com.br\/cbradar\/author\/mauramyth\/"}]}},"_links":{"self":[{"href":"https:\/\/www.correiobraziliense.com.br\/cbradar\/wp-json\/wp\/v2\/posts\/129857","targetHints":{"allow":["GET"]}}],"collection":[{"href":"https:\/\/www.correiobraziliense.com.br\/cbradar\/wp-json\/wp\/v2\/posts"}],"about":[{"href":"https:\/\/www.correiobraziliense.com.br\/cbradar\/wp-json\/wp\/v2\/types\/post"}],"author":[{"embeddable":true,"href":"https:\/\/www.correiobraziliense.com.br\/cbradar\/wp-json\/wp\/v2\/users\/8"}],"replies":[{"embeddable":true,"href":"https:\/\/www.correiobraziliense.com.br\/cbradar\/wp-json\/wp\/v2\/comments?post=129857"}],"version-history":[{"count":20,"href":"https:\/\/www.correiobraziliense.com.br\/cbradar\/wp-json\/wp\/v2\/posts\/129857\/revisions"}],"predecessor-version":[{"id":129891,"href":"https:\/\/www.correiobraziliense.com.br\/cbradar\/wp-json\/wp\/v2\/posts\/129857\/revisions\/129891"}],"wp:featuredmedia":[{"embeddable":true,"href":"https:\/\/www.correiobraziliense.com.br\/cbradar\/wp-json\/wp\/v2\/media\/129886"}],"wp:attachment":[{"href":"https:\/\/www.correiobraziliense.com.br\/cbradar\/wp-json\/wp\/v2\/media?parent=129857"}],"wp:term":[{"taxonomy":"category","embeddable":true,"href":"https:\/\/www.correiobraziliense.com.br\/cbradar\/wp-json\/wp\/v2\/categories?post=129857"},{"taxonomy":"post_tag","embeddable":true,"href":"https:\/\/www.correiobraziliense.com.br\/cbradar\/wp-json\/wp\/v2\/tags?post=129857"}],"curies":[{"name":"wp","href":"https:\/\/api.w.org\/{rel}","templated":true}]}}