{"id":12993,"date":"2025-03-16T10:10:21","date_gmt":"2025-03-16T13:10:21","guid":{"rendered":"https:\/\/www.correiobraziliense.com.br\/cbradar\/?p=12993"},"modified":"2025-03-15T14:19:16","modified_gmt":"2025-03-15T17:19:16","slug":"novo-ssd-portatil-promete-desempenho-rapido-e-design-sustentavel","status":"publish","type":"post","link":"https:\/\/www.correiobraziliense.com.br\/cbradar\/novo-ssd-portatil-promete-desempenho-rapido-e-design-sustentavel\/","title":{"rendered":"Novo SSD port\u00e1til promete desempenho r\u00e1pido e design sustent\u00e1vel"},"content":{"rendered":"\n<p>O SSD port\u00e1til <a href=\"https:\/\/www.adata.com\/br\/consumer\/category\/external-ssds-and-hard-drives\/external-solid-state-drive-sc730\/\" target=\"_blank\" rel=\"noopener\">ADATA SC730 <\/a>\u00e9 um dispositivo de armazenamento compacto e leve, projetado para oferecer alta velocidade de leitura e escrita de dados. Com apenas <strong>36 mm de comprimento e pesando 7,8 g<\/strong>, este SSD \u00e9 ideal para quem busca um dispositivo pequeno e f\u00e1cil de transportar. Al\u00e9m disso, sua capa \u00e9 feita com 50% de materiais reciclados p\u00f3s-consumo, destacando-se pela sustentabilidade.<\/p>\n\n\n\n<p>Este SSD utiliza a interface <strong>USB 3.2 Gen 2<\/strong>, que proporciona uma largura de banda de <strong>10 Gbps<\/strong>, permitindo transfer\u00eancias de dados r\u00e1pidas e eficientes. Isso o torna uma excelente op\u00e7\u00e3o para quem precisa de armazenamento extra para dispositivos que suportam USB-C, como smartphones, PCs, notebooks e consoles de videogame.<\/p>\n\n\n\n<h2 class=\"wp-block-heading\">Quais s\u00e3o as vantagens do ADATA SC730 para dispositivos m\u00f3veis?<\/h2>\n\n\n\n<p>O <strong>ADATA SC730<\/strong> oferece diversas vantagens para dispositivos m\u00f3veis, especialmente para smartphones que gravam v\u00eddeos em alta resolu\u00e7\u00e3o, como 4K. A alta velocidade de transfer\u00eancia permite que os usu\u00e1rios salvem v\u00eddeos diretamente no SSD sem comprometer a fluidez da grava\u00e7\u00e3o. Isso \u00e9 particularmente \u00fatil para criadores de conte\u00fado que precisam de armazenamento r\u00e1pido e confi\u00e1vel em movimento.<\/p>\n\n\n\n<p>Al\u00e9m disso, a compatibilidade com a porta<strong> USB-C<\/strong> facilita a conex\u00e3o com uma ampla gama de dispositivos modernos. O SSD pode ser usado como armazenamento adicional para smartphones, aumentando significativamente a capacidade de armazenamento sem a necessidade de substituir o dispositivo principal.<\/p>\n\n\n<div class=\"wp-block-image\">\n<figure class=\"aligncenter size-large\"><img decoding=\"async\" width=\"1024\" height=\"576\" src=\"https:\/\/www.correiobraziliense.com.br\/cbradar\/wp-content\/uploads\/2025\/03\/ssd_1741955063100-1024x576.jpg\" alt=\"Como escolher um SSD sem erro e evitar problemas de compatibilidade\" class=\"wp-image-12455\" srcset=\"https:\/\/www.correiobraziliense.com.br\/cbradar\/wp-content\/uploads\/2025\/03\/ssd_1741955063100-1024x576.jpg 1024w, https:\/\/www.correiobraziliense.com.br\/cbradar\/wp-content\/uploads\/2025\/03\/ssd_1741955063100-300x169.jpg 300w, https:\/\/www.correiobraziliense.com.br\/cbradar\/wp-content\/uploads\/2025\/03\/ssd_1741955063100-768x432.jpg 768w, https:\/\/www.correiobraziliense.com.br\/cbradar\/wp-content\/uploads\/2025\/03\/ssd_1741955063100-750x422.jpg 750w, https:\/\/www.correiobraziliense.com.br\/cbradar\/wp-content\/uploads\/2025\/03\/ssd_1741955063100-1140x641.jpg 1140w, https:\/\/www.correiobraziliense.com.br\/cbradar\/wp-content\/uploads\/2025\/03\/ssd_1741955063100.jpg 1280w\" sizes=\"(max-width: 1024px) 100vw, 1024px\" \/><figcaption class=\"wp-element-caption\">SSD &#8211; Cr\u00e9ditos: depositphotos.com \/ ifeelstock<\/figcaption><\/figure><\/div>\n\n\n<h2 class=\"wp-block-heading\">Como o ADATA SC730 se comporta em consoles de videogame?<\/h2>\n\n\n\n<p>Embora o ADATA SC730 n\u00e3o alcance as velocidades dos SSDs internos de consoles como o <a href=\"https:\/\/www.correiobraziliense.com.br\/cbradar\/xbox-tera-controle-muito-parecido-com-o-dualsense-do-ps5\/\" target=\"_blank\" rel=\"noopener\">Xbox Series<\/a> e o <strong>PS5<\/strong>, ele ainda oferece um desempenho not\u00e1vel. O SSD \u00e9 capaz de carregar jogos pesados com efici\u00eancia, tornando-se uma op\u00e7\u00e3o vi\u00e1vel para jogadores que precisam de armazenamento extra para seus consoles.<\/p>\n\n\n\n<p>O suporte a <strong>USB 3.2 Gen 2<\/strong> garante que os tempos de carregamento sejam reduzidos em compara\u00e7\u00e3o com discos r\u00edgidos tradicionais, proporcionando uma experi\u00eancia de jogo mais suave e r\u00e1pida. Isso \u00e9 especialmente ben\u00e9fico para jogadores que possuem uma vasta biblioteca de jogos e precisam de espa\u00e7o adicional sem comprometer a performance.<\/p>\n\n\n\n<h2 class=\"wp-block-heading\">Quando o ADATA SC730 estar\u00e1 dispon\u00edvel no Brasil?<\/h2>\n\n\n\n<p>At\u00e9 o momento, n\u00e3o h\u00e1 previs\u00e3o de lan\u00e7amento ou informa\u00e7\u00f5es sobre o pre\u00e7o do SSD port\u00e1til ADATA SC730 no mercado brasileiro. Os consumidores interessados devem ficar atentos a an\u00fancios futuros da ADATA para obter detalhes sobre a disponibilidade do produto em sua regi\u00e3o.<\/p>\n\n\n\n<p>Enquanto isso, o <strong>ADATA SC730<\/strong> continua a ser uma op\u00e7\u00e3o atraente para aqueles que buscam um dispositivo de armazenamento port\u00e1til, r\u00e1pido e sustent\u00e1vel, capaz de atender a diversas necessidades de armazenamento em diferentes dispositivos.<\/p>\n","protected":false},"excerpt":{"rendered":"<p>O SSD port\u00e1til ADATA SC730 \u00e9 um dispositivo de armazenamento compacto e leve, projetado para oferecer alta velocidade de leitura e escrita de dados. Com apenas 36 mm de comprimento e pesando 7,8 g, este SSD \u00e9 ideal para quem busca um dispositivo pequeno e f\u00e1cil de transportar. Al\u00e9m disso, sua capa \u00e9 feita com [&hellip;]<\/p>\n","protected":false},"author":9,"featured_media":12995,"comment_status":"open","ping_status":"open","sticky":false,"template":"","format":"standard","meta":{"_yoast_wpseo_focuskw":"ssd","_yoast_wpseo_title":"%%title%% %%page%%","_yoast_wpseo_metadesc":"O ADATA SC730 \u00e9 leve, r\u00e1pido e utiliza materiais reciclados, ideal para quem precisa de armazenamento de alta performance.","jnews-multi-image_gallery":[],"jnews_single_post":{"format":"standard"},"jnews_primary_category":[],"jnews_social_meta":[],"jnews_override_counter":[],"footnotes":""},"categories":[169,115],"tags":[2014,2016,2015,1935,2017],"class_list":["post-12993","post","type-post","status-publish","format-standard","has-post-thumbnail","hentry","category-noticias","category-tecnologia","tag-adata","tag-armazenamento-portatil","tag-sc730","tag-ssd","tag-usb-c"],"yoast_head":"<!-- This site is optimized with the Yoast SEO plugin v24.6 - https:\/\/yoast.com\/wordpress\/plugins\/seo\/ -->\n<title>Novo SSD port\u00e1til promete desempenho r\u00e1pido e design sustent\u00e1vel<\/title>\n<meta name=\"description\" content=\"O ADATA SC730 \u00e9 leve, r\u00e1pido e utiliza materiais reciclados, ideal para quem precisa de armazenamento de alta performance.\" \/>\n<meta name=\"robots\" content=\"index, follow, max-snippet:-1, max-image-preview:large, max-video-preview:-1\" \/>\n<link rel=\"canonical\" href=\"https:\/\/www.correiobraziliense.com.br\/cbradar\/novo-ssd-portatil-promete-desempenho-rapido-e-design-sustentavel\/\" \/>\n<meta property=\"og:locale\" content=\"pt_BR\" \/>\n<meta property=\"og:type\" content=\"article\" \/>\n<meta property=\"og:title\" content=\"Novo SSD port\u00e1til promete desempenho r\u00e1pido e design sustent\u00e1vel\" \/>\n<meta property=\"og:description\" content=\"O ADATA SC730 \u00e9 leve, r\u00e1pido e utiliza materiais reciclados, ideal para quem precisa de armazenamento de alta performance.\" \/>\n<meta property=\"og:url\" content=\"https:\/\/www.correiobraziliense.com.br\/cbradar\/novo-ssd-portatil-promete-desempenho-rapido-e-design-sustentavel\/\" \/>\n<meta property=\"og:site_name\" content=\"Correio Braziliense - Radar\" \/>\n<meta property=\"article:published_time\" content=\"2025-03-16T13:10:21+00:00\" \/>\n<meta property=\"og:image\" content=\"https:\/\/www.correiobraziliense.com.br\/cbradar\/wp-content\/uploads\/2025\/03\/sc730_f_1_1200x695-1.jpg\" \/>\n\t<meta property=\"og:image:width\" content=\"1280\" \/>\n\t<meta property=\"og:image:height\" content=\"720\" \/>\n\t<meta property=\"og:image:type\" content=\"image\/jpeg\" \/>\n<meta name=\"author\" content=\"Daniely Cardoso\" \/>\n<meta name=\"twitter:card\" content=\"summary_large_image\" \/>\n<meta name=\"twitter:label1\" content=\"Escrito por\" \/>\n\t<meta name=\"twitter:data1\" content=\"Daniely Cardoso\" \/>\n\t<meta name=\"twitter:label2\" content=\"Est. tempo de leitura\" \/>\n\t<meta name=\"twitter:data2\" content=\"3 minutos\" \/>\n<!-- \/ Yoast SEO plugin. -->","yoast_head_json":{"title":"Novo SSD port\u00e1til promete desempenho r\u00e1pido e design sustent\u00e1vel","description":"O ADATA SC730 \u00e9 leve, r\u00e1pido e utiliza materiais reciclados, ideal para quem precisa de armazenamento de alta performance.","robots":{"index":"index","follow":"follow","max-snippet":"max-snippet:-1","max-image-preview":"max-image-preview:large","max-video-preview":"max-video-preview:-1"},"canonical":"https:\/\/www.correiobraziliense.com.br\/cbradar\/novo-ssd-portatil-promete-desempenho-rapido-e-design-sustentavel\/","og_locale":"pt_BR","og_type":"article","og_title":"Novo SSD port\u00e1til promete desempenho r\u00e1pido e design sustent\u00e1vel","og_description":"O ADATA SC730 \u00e9 leve, r\u00e1pido e utiliza materiais reciclados, ideal para quem precisa de armazenamento de alta performance.","og_url":"https:\/\/www.correiobraziliense.com.br\/cbradar\/novo-ssd-portatil-promete-desempenho-rapido-e-design-sustentavel\/","og_site_name":"Correio Braziliense - Radar","article_published_time":"2025-03-16T13:10:21+00:00","og_image":[{"width":1280,"height":720,"url":"https:\/\/www.correiobraziliense.com.br\/cbradar\/wp-content\/uploads\/2025\/03\/sc730_f_1_1200x695-1.jpg","type":"image\/jpeg"}],"author":"Daniely Cardoso","twitter_card":"summary_large_image","twitter_misc":{"Escrito por":"Daniely Cardoso","Est. tempo de leitura":"3 minutos"},"schema":{"@context":"https:\/\/schema.org","@graph":[{"@type":"WebPage","@id":"https:\/\/www.correiobraziliense.com.br\/cbradar\/novo-ssd-portatil-promete-desempenho-rapido-e-design-sustentavel\/","url":"https:\/\/www.correiobraziliense.com.br\/cbradar\/novo-ssd-portatil-promete-desempenho-rapido-e-design-sustentavel\/","name":"Novo SSD port\u00e1til promete desempenho r\u00e1pido e design sustent\u00e1vel","isPartOf":{"@id":"https:\/\/www.correiobraziliense.com.br\/cbradar\/#website"},"primaryImageOfPage":{"@id":"https:\/\/www.correiobraziliense.com.br\/cbradar\/novo-ssd-portatil-promete-desempenho-rapido-e-design-sustentavel\/#primaryimage"},"image":{"@id":"https:\/\/www.correiobraziliense.com.br\/cbradar\/novo-ssd-portatil-promete-desempenho-rapido-e-design-sustentavel\/#primaryimage"},"thumbnailUrl":"https:\/\/www.correiobraziliense.com.br\/cbradar\/wp-content\/uploads\/2025\/03\/sc730_f_1_1200x695-1.jpg","datePublished":"2025-03-16T13:10:21+00:00","author":{"@id":"https:\/\/www.correiobraziliense.com.br\/cbradar\/#\/schema\/person\/7356666e12ec0ee53f348ee5db227032"},"description":"O ADATA SC730 \u00e9 leve, r\u00e1pido e utiliza materiais reciclados, ideal para quem precisa de armazenamento de alta performance.","breadcrumb":{"@id":"https:\/\/www.correiobraziliense.com.br\/cbradar\/novo-ssd-portatil-promete-desempenho-rapido-e-design-sustentavel\/#breadcrumb"},"inLanguage":"pt-BR","potentialAction":[{"@type":"ReadAction","target":["https:\/\/www.correiobraziliense.com.br\/cbradar\/novo-ssd-portatil-promete-desempenho-rapido-e-design-sustentavel\/"]}]},{"@type":"ImageObject","inLanguage":"pt-BR","@id":"https:\/\/www.correiobraziliense.com.br\/cbradar\/novo-ssd-portatil-promete-desempenho-rapido-e-design-sustentavel\/#primaryimage","url":"https:\/\/www.correiobraziliense.com.br\/cbradar\/wp-content\/uploads\/2025\/03\/sc730_f_1_1200x695-1.jpg","contentUrl":"https:\/\/www.correiobraziliense.com.br\/cbradar\/wp-content\/uploads\/2025\/03\/sc730_f_1_1200x695-1.jpg","width":1280,"height":720,"caption":"SC730 SSD externo - Foto: Divulga\u00e7\u00e3o\/ADATA"},{"@type":"BreadcrumbList","@id":"https:\/\/www.correiobraziliense.com.br\/cbradar\/novo-ssd-portatil-promete-desempenho-rapido-e-design-sustentavel\/#breadcrumb","itemListElement":[{"@type":"ListItem","position":1,"name":"In\u00edcio","item":"https:\/\/www.correiobraziliense.com.br\/cbradar\/"},{"@type":"ListItem","position":2,"name":"Novo SSD port\u00e1til promete desempenho r\u00e1pido e design sustent\u00e1vel"}]},{"@type":"WebSite","@id":"https:\/\/www.correiobraziliense.com.br\/cbradar\/#website","url":"https:\/\/www.correiobraziliense.com.br\/cbradar\/","name":"Correio Braziliense - Radar","description":"Acompanhe as \u00faltimas not\u00edcias e fique bem informado sobre tudo o que acontece no Brasil e no mundo.","potentialAction":[{"@type":"SearchAction","target":{"@type":"EntryPoint","urlTemplate":"https:\/\/www.correiobraziliense.com.br\/cbradar\/?s={search_term_string}"},"query-input":{"@type":"PropertyValueSpecification","valueRequired":true,"valueName":"search_term_string"}}],"inLanguage":"pt-BR"},{"@type":"Person","@id":"https:\/\/www.correiobraziliense.com.br\/cbradar\/#\/schema\/person\/7356666e12ec0ee53f348ee5db227032","name":"Daniely Cardoso","image":{"@type":"ImageObject","inLanguage":"pt-BR","@id":"https:\/\/www.correiobraziliense.com.br\/cbradar\/#\/schema\/person\/image\/","url":"https:\/\/secure.gravatar.com\/avatar\/4b80ddbd124d1f071b626d52d62e5dff?s=96&d=mm&r=g","contentUrl":"https:\/\/secure.gravatar.com\/avatar\/4b80ddbd124d1f071b626d52d62e5dff?s=96&d=mm&r=g","caption":"Daniely Cardoso"},"description":"Redatora nos portais CB Radar e EM Foco, formada pela Universidade Federal de Goi\u00e1s, em Goi\u00e2nia. Apaixonada por comunica\u00e7\u00e3o, arte, decora\u00e7\u00e3o e tend\u00eancias, atuo na produ\u00e7\u00e3o de conte\u00fados envolventes sobre curiosidades, moda, beleza e paisagismo, sempre com um olhar atento \u00e0s novidades do momento.","sameAs":["https:\/\/www.correiobraziliense.com.br\/cbradar"],"url":"https:\/\/www.correiobraziliense.com.br\/cbradar\/author\/danielymyth\/"}]}},"_links":{"self":[{"href":"https:\/\/www.correiobraziliense.com.br\/cbradar\/wp-json\/wp\/v2\/posts\/12993","targetHints":{"allow":["GET"]}}],"collection":[{"href":"https:\/\/www.correiobraziliense.com.br\/cbradar\/wp-json\/wp\/v2\/posts"}],"about":[{"href":"https:\/\/www.correiobraziliense.com.br\/cbradar\/wp-json\/wp\/v2\/types\/post"}],"author":[{"embeddable":true,"href":"https:\/\/www.correiobraziliense.com.br\/cbradar\/wp-json\/wp\/v2\/users\/9"}],"replies":[{"embeddable":true,"href":"https:\/\/www.correiobraziliense.com.br\/cbradar\/wp-json\/wp\/v2\/comments?post=12993"}],"version-history":[{"count":2,"href":"https:\/\/www.correiobraziliense.com.br\/cbradar\/wp-json\/wp\/v2\/posts\/12993\/revisions"}],"predecessor-version":[{"id":12996,"href":"https:\/\/www.correiobraziliense.com.br\/cbradar\/wp-json\/wp\/v2\/posts\/12993\/revisions\/12996"}],"wp:featuredmedia":[{"embeddable":true,"href":"https:\/\/www.correiobraziliense.com.br\/cbradar\/wp-json\/wp\/v2\/media\/12995"}],"wp:attachment":[{"href":"https:\/\/www.correiobraziliense.com.br\/cbradar\/wp-json\/wp\/v2\/media?parent=12993"}],"wp:term":[{"taxonomy":"category","embeddable":true,"href":"https:\/\/www.correiobraziliense.com.br\/cbradar\/wp-json\/wp\/v2\/categories?post=12993"},{"taxonomy":"post_tag","embeddable":true,"href":"https:\/\/www.correiobraziliense.com.br\/cbradar\/wp-json\/wp\/v2\/tags?post=12993"}],"curies":[{"name":"wp","href":"https:\/\/api.w.org\/{rel}","templated":true}]}}