{"id":13010,"date":"2025-03-16T08:10:34","date_gmt":"2025-03-16T11:10:34","guid":{"rendered":"https:\/\/www.correiobraziliense.com.br\/cbradar\/?p=13010"},"modified":"2025-03-15T14:50:44","modified_gmt":"2025-03-15T17:50:44","slug":"o-movimento-que-esta-mudando-a-forma-de-cuidar-do-meio-ambiente","status":"publish","type":"post","link":"https:\/\/www.correiobraziliense.com.br\/cbradar\/o-movimento-que-esta-mudando-a-forma-de-cuidar-do-meio-ambiente\/","title":{"rendered":"O movimento que est\u00e1 mudando a forma de cuidar do meio ambiente"},"content":{"rendered":"\n<p>A <strong>ecologia radical<\/strong> \u00e9 um movimento que busca transformar a rela\u00e7\u00e3o entre humanos e o meio ambiente, promovendo pr\u00e1ticas que v\u00e3o al\u00e9m da conserva\u00e7\u00e3o tradicional. Este conceito surgiu como uma resposta \u00e0 crescente degrada\u00e7\u00e3o ambiental e \u00e0 necessidade de a\u00e7\u00f5es mais contundentes para restaurar ecossistemas. A ecologia radical defende uma abordagem que integra ativismo ambiental com pr\u00e1ticas regenerativas, visando n\u00e3o apenas a preserva\u00e7\u00e3o, mas a regenera\u00e7\u00e3o ativa dos ecossistemas.<\/p>\n\n\n\n<p>O movimento de ecologia radical \u00e9 importante porque <strong>desafia o status quo das pr\u00e1ticas ambientais convencionais<\/strong>, propondo solu\u00e7\u00f5es inovadoras e sustent\u00e1veis. Ao enfatizar a regenera\u00e7\u00e3o, a ecologia radical busca reparar os danos causados pela atividade humana, promovendo a biodiversidade e a resili\u00eancia dos ecossistemas. Este enfoque \u00e9 crucial em um momento em que as mudan\u00e7as clim\u00e1ticas e a perda de biodiversidade amea\u00e7am a sa\u00fade do planeta.<\/p>\n\n\n\n<h2 class=\"wp-block-heading\">Como o ativismo ambiental e o cultivo regenerativo se conectam?<\/h2>\n\n\n\n<p>O ativismo ambiental e o <a href=\"https:\/\/www.correiobraziliense.com.br\/cbradar\/como-plantar-e-cuidar-de-plantas-carnivoras-em-casa\/\" target=\"_blank\" rel=\"noopener\">cultivo<\/a> regenerativo est\u00e3o intrinsecamente ligados pela busca comum de restaurar e proteger o meio ambiente. O ativismo ambiental tradicionalmente se concentra em protestos e campanhas para conscientizar sobre quest\u00f5es ecol\u00f3gicas, enquanto o cultivo regenerativo oferece solu\u00e7\u00f5es pr\u00e1ticas para reverter a degrada\u00e7\u00e3o ambiental. Juntos, eles formam uma abordagem hol\u00edstica que combina a\u00e7\u00e3o direta com pr\u00e1ticas sustent\u00e1veis.<\/p>\n\n\n\n<p>O cultivo regenerativo envolve t\u00e9cnicas agr\u00edcolas que imitam processos naturais para restaurar a sa\u00fade do solo e aumentar a biodiversidade. Isso inclui pr\u00e1ticas como a <strong>permacultura<\/strong> e a <strong>agroecologia<\/strong>, que s\u00e3o frequentemente adotadas por ativistas ambientais como formas de resist\u00eancia e regenera\u00e7\u00e3o. Ao integrar essas pr\u00e1ticas, o ativismo ambiental n\u00e3o apenas denuncia problemas, mas tamb\u00e9m promove solu\u00e7\u00f5es tang\u00edveis e sustent\u00e1veis.<\/p>\n\n\n\n<h2 class=\"wp-block-heading\">T\u00e9cnicas de reflorestamento e regenera\u00e7\u00e3o usadas por movimentos ecol\u00f3gicos<\/h2>\n\n\n\n<p>Movimentos ecol\u00f3gicos ao redor do mundo t\u00eam adotado diversas t\u00e9cnicas de reflorestamento e regenera\u00e7\u00e3o para restaurar ecossistemas degradados. Uma das pr\u00e1ticas mais comuns \u00e9 o <strong>reflorestamento de guerrilha<\/strong>, que envolve o plantio de \u00e1rvores em \u00e1reas urbanas e rurais sem permiss\u00e3o oficial, visando aumentar a cobertura vegetal e melhorar a qualidade do ar.<\/p>\n\n\n\n<p>Outra t\u00e9cnica amplamente utilizada \u00e9 a <em><strong>agrofloresta<\/strong><\/em>, que combina o cultivo de \u00e1rvores com culturas agr\u00edcolas para criar sistemas produtivos e sustent\u00e1veis. Al\u00e9m disso, a permacultura \u00e9 uma abordagem que desenha ecossistemas <strong>agr\u00edcolas inspirados na natureza<\/strong>, promovendo a diversidade e a resili\u00eancia. Essas pr\u00e1ticas s\u00e3o essenciais para a regenera\u00e7\u00e3o de \u00e1reas degradadas e para a promo\u00e7\u00e3o de um equil\u00edbrio ecol\u00f3gico.<\/p>\n\n\n<div class=\"wp-block-image\">\n<figure class=\"aligncenter size-large\"><img decoding=\"async\" width=\"1024\" height=\"576\" src=\"https:\/\/www.correiobraziliense.com.br\/cbradar\/wp-content\/uploads\/2025\/03\/reflorestamento-_1742060846027-1024x576.jpg\" alt=\"O movimento que est\u00e1 mudando a forma de cuidar do meio ambiente\" class=\"wp-image-13013\" srcset=\"https:\/\/www.correiobraziliense.com.br\/cbradar\/wp-content\/uploads\/2025\/03\/reflorestamento-_1742060846027-1024x576.jpg 1024w, https:\/\/www.correiobraziliense.com.br\/cbradar\/wp-content\/uploads\/2025\/03\/reflorestamento-_1742060846027-300x169.jpg 300w, https:\/\/www.correiobraziliense.com.br\/cbradar\/wp-content\/uploads\/2025\/03\/reflorestamento-_1742060846027-768x432.jpg 768w, https:\/\/www.correiobraziliense.com.br\/cbradar\/wp-content\/uploads\/2025\/03\/reflorestamento-_1742060846027-750x422.jpg 750w, https:\/\/www.correiobraziliense.com.br\/cbradar\/wp-content\/uploads\/2025\/03\/reflorestamento-_1742060846027-1140x641.jpg 1140w, https:\/\/www.correiobraziliense.com.br\/cbradar\/wp-content\/uploads\/2025\/03\/reflorestamento-_1742060846027.jpg 1280w\" sizes=\"(max-width: 1024px) 100vw, 1024px\" \/><figcaption class=\"wp-element-caption\">Reflorestamento &#8211; Cr\u00e9ditos: depositphotos.com \/ XiXinXing<\/figcaption><\/figure><\/div>\n\n\n<h2 class=\"wp-block-heading\">Casos de sucesso: como a ecologia radical restaurou ecossistemas degradados<\/h2>\n\n\n\n<p>Existem diversos exemplos de sucesso onde a ecologia radical conseguiu restaurar ecossistemas degradados. Um caso not\u00e1vel \u00e9 o projeto de <strong>reflorestamento na Mata Atl\u00e2ntica<\/strong>, no <strong>Brasil<\/strong>, onde ativistas e comunidades locais conseguiram recuperar vastas \u00e1reas de floresta atrav\u00e9s de t\u00e9cnicas de plantio nativas e manejo sustent\u00e1vel.<\/p>\n\n\n\n<p>Outro exemplo \u00e9 a recupera\u00e7\u00e3o de solos desertificados na \u00c1frica, onde a combina\u00e7\u00e3o de t\u00e9cnicas de agroecologia e reflorestamento resultou na regenera\u00e7\u00e3o de terras anteriormente inf\u00e9rteis. Esses casos demonstram o potencial da ecologia radical em promover mudan\u00e7as significativas e duradouras no meio ambiente.<\/p>\n\n\n\n<h2 class=\"wp-block-heading\">O futuro da ecologia radical: como podemos promover um impacto duradouro?<\/h2>\n\n\n\n<p>O futuro da ecologia radical depende da capacidade de integrar pr\u00e1ticas regenerativas em larga escala e de promover pol\u00edticas p\u00fablicas que apoiem essas iniciativas. Para alcan\u00e7ar um impacto duradouro, \u00e9 essencial que <strong>governos<\/strong>, <strong>ONGs <\/strong>e <strong>comunidades <\/strong>trabalhem juntos para implementar solu\u00e7\u00f5es sustent\u00e1veis e inovadoras.<\/p>\n\n\n\n<p>Educa\u00e7\u00e3o e conscientiza\u00e7\u00e3o tamb\u00e9m desempenham um papel crucial, capacitando indiv\u00edduos e comunidades a adotarem pr\u00e1ticas ecol\u00f3gicas em suas vidas di\u00e1rias. Al\u00e9m disso, a pesquisa cont\u00ednua em t\u00e9cnicas de regenera\u00e7\u00e3o e a adapta\u00e7\u00e3o a contextos locais s\u00e3o fundamentais para o sucesso a longo prazo da ecologia radical.<\/p>\n","protected":false},"excerpt":{"rendered":"<p>A ecologia radical \u00e9 um movimento que busca transformar a rela\u00e7\u00e3o entre humanos e o meio ambiente, promovendo pr\u00e1ticas que v\u00e3o al\u00e9m da conserva\u00e7\u00e3o tradicional. Este conceito surgiu como uma resposta \u00e0 crescente degrada\u00e7\u00e3o ambiental e \u00e0 necessidade de a\u00e7\u00f5es mais contundentes para restaurar ecossistemas. A ecologia radical defende uma abordagem que integra ativismo ambiental [&hellip;]<\/p>\n","protected":false},"author":9,"featured_media":13012,"comment_status":"open","ping_status":"open","sticky":false,"template":"","format":"standard","meta":{"_yoast_wpseo_focuskw":"ambiente","_yoast_wpseo_title":"%%title%% %%page%%","_yoast_wpseo_metadesc":"Entenda como pr\u00e1ticas inovadoras est\u00e3o promovendo a regenera\u00e7\u00e3o de ecossistemas e combatendo a degrada\u00e7\u00e3o ambiental.","jnews-multi-image_gallery":[],"jnews_single_post":{"format":"standard"},"jnews_primary_category":[],"jnews_social_meta":[],"jnews_override_counter":[],"footnotes":""},"categories":[136],"post_tag":[2027,2028,2026,2029],"class_list":["post-13010","post","type-post","status-publish","format-standard","has-post-thumbnail","hentry","category-jardinagem","tag-ativismo-ambiental","tag-cultivo-regenerativo","tag-ecologia-radical","tag-reflorestamento"],"yoast_head":"<!-- This site is optimized with the Yoast SEO plugin v24.6 - https:\/\/yoast.com\/wordpress\/plugins\/seo\/ -->\n<title>O movimento que est\u00e1 mudando a forma de cuidar do meio ambiente<\/title>\n<meta name=\"description\" content=\"Entenda como pr\u00e1ticas inovadoras est\u00e3o promovendo a regenera\u00e7\u00e3o de ecossistemas e combatendo a degrada\u00e7\u00e3o ambiental.\" \/>\n<meta name=\"robots\" content=\"index, follow, max-snippet:-1, max-image-preview:large, max-video-preview:-1\" \/>\n<link rel=\"canonical\" href=\"https:\/\/www.correiobraziliense.com.br\/cbradar\/o-movimento-que-esta-mudando-a-forma-de-cuidar-do-meio-ambiente\/\" \/>\n<meta property=\"og:locale\" content=\"pt_BR\" \/>\n<meta property=\"og:type\" content=\"article\" \/>\n<meta property=\"og:title\" content=\"O movimento que est\u00e1 mudando a forma de cuidar do meio ambiente\" \/>\n<meta property=\"og:description\" content=\"Entenda como pr\u00e1ticas inovadoras est\u00e3o promovendo a regenera\u00e7\u00e3o de ecossistemas e combatendo a degrada\u00e7\u00e3o ambiental.\" \/>\n<meta property=\"og:url\" content=\"https:\/\/www.correiobraziliense.com.br\/cbradar\/o-movimento-que-esta-mudando-a-forma-de-cuidar-do-meio-ambiente\/\" \/>\n<meta property=\"og:site_name\" content=\"Correio Braziliense - Radar\" \/>\n<meta property=\"article:published_time\" content=\"2025-03-16T11:10:34+00:00\" \/>\n<meta property=\"og:image\" content=\"https:\/\/www.correiobraziliense.com.br\/cbradar\/wp-content\/uploads\/2025\/03\/ecologia_1742060768220.jpg\" \/>\n\t<meta property=\"og:image:width\" content=\"1280\" \/>\n\t<meta property=\"og:image:height\" content=\"720\" \/>\n\t<meta property=\"og:image:type\" content=\"image\/jpeg\" \/>\n<meta name=\"author\" content=\"Daniely Cardoso\" \/>\n<meta name=\"twitter:card\" content=\"summary_large_image\" \/>\n<meta name=\"twitter:label1\" content=\"Escrito por\" \/>\n\t<meta name=\"twitter:data1\" content=\"Daniely Cardoso\" \/>\n\t<meta name=\"twitter:label2\" content=\"Est. tempo de leitura\" \/>\n\t<meta name=\"twitter:data2\" content=\"4 minutos\" \/>\n<!-- \/ Yoast SEO plugin. -->","yoast_head_json":{"title":"O movimento que est\u00e1 mudando a forma de cuidar do meio ambiente","description":"Entenda como pr\u00e1ticas inovadoras est\u00e3o promovendo a regenera\u00e7\u00e3o de ecossistemas e combatendo a degrada\u00e7\u00e3o ambiental.","robots":{"index":"index","follow":"follow","max-snippet":"max-snippet:-1","max-image-preview":"max-image-preview:large","max-video-preview":"max-video-preview:-1"},"canonical":"https:\/\/www.correiobraziliense.com.br\/cbradar\/o-movimento-que-esta-mudando-a-forma-de-cuidar-do-meio-ambiente\/","og_locale":"pt_BR","og_type":"article","og_title":"O movimento que est\u00e1 mudando a forma de cuidar do meio ambiente","og_description":"Entenda como pr\u00e1ticas inovadoras est\u00e3o promovendo a regenera\u00e7\u00e3o de ecossistemas e combatendo a degrada\u00e7\u00e3o ambiental.","og_url":"https:\/\/www.correiobraziliense.com.br\/cbradar\/o-movimento-que-esta-mudando-a-forma-de-cuidar-do-meio-ambiente\/","og_site_name":"Correio Braziliense - Radar","article_published_time":"2025-03-16T11:10:34+00:00","og_image":[{"width":1280,"height":720,"url":"https:\/\/www.correiobraziliense.com.br\/cbradar\/wp-content\/uploads\/2025\/03\/ecologia_1742060768220.jpg","type":"image\/jpeg"}],"author":"Daniely Cardoso","twitter_card":"summary_large_image","twitter_misc":{"Escrito por":"Daniely Cardoso","Est. tempo de leitura":"4 minutos"},"schema":{"@context":"https:\/\/schema.org","@graph":[{"@type":"WebPage","@id":"https:\/\/www.correiobraziliense.com.br\/cbradar\/o-movimento-que-esta-mudando-a-forma-de-cuidar-do-meio-ambiente\/","url":"https:\/\/www.correiobraziliense.com.br\/cbradar\/o-movimento-que-esta-mudando-a-forma-de-cuidar-do-meio-ambiente\/","name":"O movimento que est\u00e1 mudando a forma de cuidar do meio ambiente","isPartOf":{"@id":"https:\/\/www.correiobraziliense.com.br\/cbradar\/#website"},"primaryImageOfPage":{"@id":"https:\/\/www.correiobraziliense.com.br\/cbradar\/o-movimento-que-esta-mudando-a-forma-de-cuidar-do-meio-ambiente\/#primaryimage"},"image":{"@id":"https:\/\/www.correiobraziliense.com.br\/cbradar\/o-movimento-que-esta-mudando-a-forma-de-cuidar-do-meio-ambiente\/#primaryimage"},"thumbnailUrl":"https:\/\/www.correiobraziliense.com.br\/cbradar\/wp-content\/uploads\/2025\/03\/ecologia_1742060768220.jpg","datePublished":"2025-03-16T11:10:34+00:00","author":{"@id":"https:\/\/www.correiobraziliense.com.br\/cbradar\/#\/schema\/person\/7356666e12ec0ee53f348ee5db227032"},"description":"Entenda como pr\u00e1ticas inovadoras est\u00e3o promovendo a regenera\u00e7\u00e3o de ecossistemas e combatendo a degrada\u00e7\u00e3o ambiental.","breadcrumb":{"@id":"https:\/\/www.correiobraziliense.com.br\/cbradar\/o-movimento-que-esta-mudando-a-forma-de-cuidar-do-meio-ambiente\/#breadcrumb"},"inLanguage":"pt-BR","potentialAction":[{"@type":"ReadAction","target":["https:\/\/www.correiobraziliense.com.br\/cbradar\/o-movimento-que-esta-mudando-a-forma-de-cuidar-do-meio-ambiente\/"]}]},{"@type":"ImageObject","inLanguage":"pt-BR","@id":"https:\/\/www.correiobraziliense.com.br\/cbradar\/o-movimento-que-esta-mudando-a-forma-de-cuidar-do-meio-ambiente\/#primaryimage","url":"https:\/\/www.correiobraziliense.com.br\/cbradar\/wp-content\/uploads\/2025\/03\/ecologia_1742060768220.jpg","contentUrl":"https:\/\/www.correiobraziliense.com.br\/cbradar\/wp-content\/uploads\/2025\/03\/ecologia_1742060768220.jpg","width":1280,"height":720,"caption":"Cuidado com o meio ambiente - Cr\u00e9ditos: depositphotos.com \/ Rangizzz"},{"@type":"BreadcrumbList","@id":"https:\/\/www.correiobraziliense.com.br\/cbradar\/o-movimento-que-esta-mudando-a-forma-de-cuidar-do-meio-ambiente\/#breadcrumb","itemListElement":[{"@type":"ListItem","position":1,"name":"In\u00edcio","item":"https:\/\/www.correiobraziliense.com.br\/cbradar\/"},{"@type":"ListItem","position":2,"name":"O movimento que est\u00e1 mudando a forma de cuidar do meio ambiente"}]},{"@type":"WebSite","@id":"https:\/\/www.correiobraziliense.com.br\/cbradar\/#website","url":"https:\/\/www.correiobraziliense.com.br\/cbradar\/","name":"Correio Braziliense - Radar","description":"Acompanhe as \u00faltimas not\u00edcias e fique bem informado sobre tudo o que acontece no Brasil e no mundo.","potentialAction":[{"@type":"SearchAction","target":{"@type":"EntryPoint","urlTemplate":"https:\/\/www.correiobraziliense.com.br\/cbradar\/?s={search_term_string}"},"query-input":{"@type":"PropertyValueSpecification","valueRequired":true,"valueName":"search_term_string"}}],"inLanguage":"pt-BR"},{"@type":"Person","@id":"https:\/\/www.correiobraziliense.com.br\/cbradar\/#\/schema\/person\/7356666e12ec0ee53f348ee5db227032","name":"Daniely Cardoso","image":{"@type":"ImageObject","inLanguage":"pt-BR","@id":"https:\/\/www.correiobraziliense.com.br\/cbradar\/#\/schema\/person\/image\/","url":"https:\/\/secure.gravatar.com\/avatar\/4b80ddbd124d1f071b626d52d62e5dff?s=96&d=mm&r=g","contentUrl":"https:\/\/secure.gravatar.com\/avatar\/4b80ddbd124d1f071b626d52d62e5dff?s=96&d=mm&r=g","caption":"Daniely Cardoso"},"description":"Redatora nos portais CB Radar e EM Foco, formada pela Universidade Federal de Goi\u00e1s, em Goi\u00e2nia. Apaixonada por comunica\u00e7\u00e3o, arte, decora\u00e7\u00e3o e tend\u00eancias, atuo na produ\u00e7\u00e3o de conte\u00fados envolventes sobre curiosidades, moda, beleza e paisagismo, sempre com um olhar atento \u00e0s novidades do momento.","sameAs":["https:\/\/www.correiobraziliense.com.br\/cbradar"],"url":"https:\/\/www.correiobraziliense.com.br\/cbradar\/author\/danielymyth\/"}]}},"_links":{"self":[{"href":"https:\/\/www.correiobraziliense.com.br\/cbradar\/wp-json\/wp\/v2\/posts\/13010","targetHints":{"allow":["GET"]}}],"collection":[{"href":"https:\/\/www.correiobraziliense.com.br\/cbradar\/wp-json\/wp\/v2\/posts"}],"about":[{"href":"https:\/\/www.correiobraziliense.com.br\/cbradar\/wp-json\/wp\/v2\/types\/post"}],"author":[{"embeddable":true,"href":"https:\/\/www.correiobraziliense.com.br\/cbradar\/wp-json\/wp\/v2\/users\/9"}],"replies":[{"embeddable":true,"href":"https:\/\/www.correiobraziliense.com.br\/cbradar\/wp-json\/wp\/v2\/comments?post=13010"}],"version-history":[{"count":2,"href":"https:\/\/www.correiobraziliense.com.br\/cbradar\/wp-json\/wp\/v2\/posts\/13010\/revisions"}],"predecessor-version":[{"id":13014,"href":"https:\/\/www.correiobraziliense.com.br\/cbradar\/wp-json\/wp\/v2\/posts\/13010\/revisions\/13014"}],"wp:featuredmedia":[{"embeddable":true,"href":"https:\/\/www.correiobraziliense.com.br\/cbradar\/wp-json\/wp\/v2\/media\/13012"}],"wp:attachment":[{"href":"https:\/\/www.correiobraziliense.com.br\/cbradar\/wp-json\/wp\/v2\/media?parent=13010"}],"wp:term":[{"taxonomy":"category","embeddable":true,"href":"https:\/\/www.correiobraziliense.com.br\/cbradar\/wp-json\/wp\/v2\/categories?post=13010"},{"taxonomy":"post_tag","embeddable":true,"href":"https:\/\/www.correiobraziliense.com.br\/cbradar\/wp-json\/wp\/v2\/post_tag?post=13010"}],"curies":[{"name":"wp","href":"https:\/\/api.w.org\/{rel}","templated":true}]}}