{"id":130200,"date":"2025-11-04T11:35:00","date_gmt":"2025-11-04T14:35:00","guid":{"rendered":"https:\/\/www.correiobraziliense.com.br\/cbradar\/?p=130200"},"modified":"2025-11-02T19:21:18","modified_gmt":"2025-11-02T22:21:18","slug":"por-que-a-maquina-de-lavar-vibra-quando-usada-esta-pode-ser-a-razao","status":"publish","type":"post","link":"https:\/\/www.correiobraziliense.com.br\/cbradar\/por-que-a-maquina-de-lavar-vibra-quando-usada-esta-pode-ser-a-razao\/","title":{"rendered":"Por que a m\u00e1quina de lavar vibra quando usada? Esta pode ser a raz\u00e3o"},"content":{"rendered":"\n<p>O funcionamento adequado de uma <strong>m\u00e1quina de lavar<\/strong> \u00e9 essencial para garantir que as roupas sejam lavadas de maneira eficiente, por\u00e9m, muitos usu\u00e1rios se preocupam com as <strong>vibra\u00e7\u00f5es excessivas<\/strong> que podem ocorrer, sendo fundamental entender as causas e as solu\u00e7\u00f5es para esse problema.<\/p>\n\n\n\n<h2 class=\"wp-block-heading\">Por que a m\u00e1quina de lavar vibra durante o funcionamento?<\/h2>\n\n\n\n<p>Entre as causas mais comuns de vibra\u00e7\u00e3o est\u00e1 a <strong>distribui\u00e7\u00e3o desigual das roupas<\/strong> dentro do tambor. Quando as pe\u00e7as est\u00e3o mal distribu\u00eddas, o peso n\u00e3o se equilibra, resultando em movimentos descompassados que aumentam a vibra\u00e7\u00e3o durante a lavagem.<\/p>\n\n\n\n<p>\u00c9 igualmente importante conferir se a <strong>m\u00e1quina de lavar<\/strong> est\u00e1 posicionada corretamente, pois uma superf\u00edcie irregular pode amplificar as oscila\u00e7\u00f5es indesejadas e comprometer a estabilidade do aparelho.<\/p>\n\n\n\n<figure class=\"wp-block-image size-large\"><img decoding=\"async\" width=\"1024\" height=\"576\" src=\"https:\/\/www.correiobraziliense.com.br\/cbradar\/wp-content\/uploads\/2025\/11\/maquina-de-lavar_1762122047577-1024x576.jpg\" alt=\"Por que a m\u00e1quina de lavar vibra quando usada? Esta pode ser a raz\u00e3o\" class=\"wp-image-130664\" srcset=\"https:\/\/www.correiobraziliense.com.br\/cbradar\/wp-content\/uploads\/2025\/11\/maquina-de-lavar_1762122047577-1024x576.jpg 1024w, https:\/\/www.correiobraziliense.com.br\/cbradar\/wp-content\/uploads\/2025\/11\/maquina-de-lavar_1762122047577-300x169.jpg 300w, https:\/\/www.correiobraziliense.com.br\/cbradar\/wp-content\/uploads\/2025\/11\/maquina-de-lavar_1762122047577-768x432.jpg 768w, https:\/\/www.correiobraziliense.com.br\/cbradar\/wp-content\/uploads\/2025\/11\/maquina-de-lavar_1762122047577-750x422.jpg 750w, https:\/\/www.correiobraziliense.com.br\/cbradar\/wp-content\/uploads\/2025\/11\/maquina-de-lavar_1762122047577-1140x641.jpg 1140w, https:\/\/www.correiobraziliense.com.br\/cbradar\/wp-content\/uploads\/2025\/11\/maquina-de-lavar_1762122047577.jpg 1280w\" sizes=\"(max-width: 1024px) 100vw, 1024px\" \/><figcaption class=\"wp-element-caption\">Vibra\u00e7\u00f5es excessivas na m\u00e1quina de lavar s\u00e3o causadas geralmente por piso desnivelado, carga mal distribu\u00edda ou parafusos de transporte n\u00e3o removidos. Cr\u00e9ditos: depositphotos.com \/ EdZbarzhyvetsky<\/figcaption><\/figure>\n\n\n\n<h2 class=\"wp-block-heading\">Quais fatores contribuem para aumentar as vibra\u00e7\u00f5es da m\u00e1quina?<\/h2>\n\n\n\n<p>Outro fator a ser considerado \u00e9 a <strong>sobrecarga de roupas<\/strong> no aparelho. Cada modelo possui uma capacidade de carga espec\u00edfica, e ultrapassar esse limite pode afetar o motor e os componentes internos, agravando as vibra\u00e7\u00f5es.<\/p>\n\n\n\n<p>A <strong>manuten\u00e7\u00e3o inadequada<\/strong> tamb\u00e9m \u00e9 um grande vil\u00e3o. Para evitar problemas como esse, confira abaixo algumas causas comuns relacionadas \u00e0 manuten\u00e7\u00e3o:<\/p>\n\n\n\n<ul class=\"wp-block-list\">\n<li>Pernos de amortecimento desgastados ou defeituosos;<\/li>\n\n\n\n<li>Componentes internos danificados ou soltos;<\/li>\n\n\n\n<li>Molas do tambor envelhecidas ou com perda de efici\u00eancia.<\/li>\n<\/ul>\n\n\n\n<h2 class=\"wp-block-heading\">Como a falta de manuten\u00e7\u00e3o afeta a m\u00e1quina de lavar?<\/h2>\n\n\n\n<p>A aus\u00eancia de <strong>manuten\u00e7\u00e3o preventiva<\/strong> reduz a efici\u00eancia de componentes como amortecedores e molas do tambor, diminuindo a absor\u00e7\u00e3o dos impactos do processo de centrifuga\u00e7\u00e3o.<\/p>\n\n\n\n<p>Quando as pe\u00e7as j\u00e1 apresentam sinais de desgaste, a substitui\u00e7\u00e3o por um t\u00e9cnico qualificado \u00e9 a solu\u00e7\u00e3o recomendada para preservar o desempenho do eletrodom\u00e9stico.<\/p>\n\n\n\n<blockquote class=\"tiktok-embed\" cite=\"https:\/\/www.tiktok.com\/@alinerodriguesshop\/video\/7535973403149290758\" data-video-id=\"7535973403149290758\" style=\"max-width: 605px;min-width: 325px;\" > <section> <a target=\"_blank\" title=\"@alinerodriguesshop\" href=\"https:\/\/www.tiktok.com\/@alinerodriguesshop?refer=embed\">@alinerodriguesshop<\/a> \ud83d\udea8 Sua lava e seca est\u00e1 \u201cpulando\u201d? Olha o que eu fiz pra resolver em 1 minuto! \ud83d\udee0\ufe0f\u2728 <a title=\"lavaesecapulando\" target=\"_blank\" href=\"https:\/\/www.tiktok.com\/tag\/lavaesecapulando?refer=embed\">#lavaesecapulando<\/a> <a title=\"lavaesecatrepitando\" target=\"_blank\" href=\"https:\/\/www.tiktok.com\/tag\/lavaesecatrepitando?refer=embed\">#lavaesecatrepitando<\/a> <a title=\"lavaesecasamsung\" target=\"_blank\" href=\"https:\/\/www.tiktok.com\/tag\/lavaesecasamsung?refer=embed\">#lavaesecasamsung<\/a> <a target=\"_blank\" title=\"\u266c som original - Alineshop\" href=\"https:\/\/www.tiktok.com\/music\/som-original-7535973408354339590?refer=embed\">\u266c som original &#8211; Alineshop<\/a> <\/section> <\/blockquote> <script async src=\"https:\/\/www.tiktok.com\/embed.js\"><\/script>\n\n\n\n<h2 class=\"wp-block-heading\">O que fazer para evitar vibra\u00e7\u00f5es excessivas na m\u00e1quina de lavar?<\/h2>\n\n\n\n<p>Tomar algumas medidas simples pode minimizar o problema. A primeira delas \u00e9 ajustar a carga de roupas no tambor para equilibrar bem o peso.<\/p>\n\n\n\n<p>Al\u00e9m disso, realize inspe\u00e7\u00f5es regulares para identificar desgastes mec\u00e2nicos e, quando necess\u00e1rio, reposicione a m\u00e1quina em uma superf\u00edcie mais nivelada ou utilize cal\u00e7os adequados.<\/p>\n\n\n\n<p>Leia tamb\u00e9m: <a href=\"https:\/\/www.correiobraziliense.com.br\/cbradar\/o-segredo-com-vinagre-que-deixa-sua-maquina-de-lavar-limpa\/\" target=\"_blank\" rel=\"noreferrer noopener\">O truque com vinagre que garante m\u00e1quina de lavar sempre limpa<\/a><\/p>\n\n\n\n<h2 class=\"wp-block-heading\">Quando chamar um profissional para resolver o problema?<\/h2>\n\n\n\n<p>Em muitos casos, a orienta\u00e7\u00e3o de um profissional \u00e9 indispens\u00e1vel, especialmente quando as solu\u00e7\u00f5es simples n\u00e3o resolvem a vibra\u00e7\u00e3o. T\u00e9cnicos especializados possuem o conhecimento e as ferramentas necess\u00e1rios para diagnosticar e corrigir falhas estruturais e de funcionamento.<\/p>\n\n\n\n<p>Implementar essas recomenda\u00e7\u00f5es prolonga a vida \u00fatil do aparelho e garante um desempenho mais eficiente ao longo do tempo, mantendo o funcionamento seguro e est\u00e1vel da sua <strong>m\u00e1quina de lavar<\/strong>.<\/p>\n","protected":false},"excerpt":{"rendered":"<p>Descubra as causas e solu\u00e7\u00f5es para evitar vibra\u00e7\u00f5es intensas na sua m\u00e1quina de lavar, garantindo um funcionamento suave e seguro. Saiba mais!<\/p>\n","protected":false},"author":3,"featured_media":130204,"comment_status":"open","ping_status":"open","sticky":false,"template":"","format":"standard","meta":{"jnews-multi-image_gallery":[],"jnews_single_post":{"format":"standard"},"jnews_primary_category":[],"jnews_social_meta":[],"jnews_override_counter":[],"footnotes":""},"categories":[112],"post_tag":[11341,144,2894,11340,4082],"class_list":["post-130200","post","type-post","status-publish","format-standard","has-post-thumbnail","hentry","category-curiosidades","tag-barulhos","tag-curiosidades","tag-manutencao","tag-maquina","tag-maquina-de-lavar"],"yoast_head":"<!-- This site is optimized with the Yoast SEO plugin v24.6 - https:\/\/yoast.com\/wordpress\/plugins\/seo\/ -->\n<title>Por que a m\u00e1quina de lavar vibra quando usada? Esta pode ser a raz\u00e3o<\/title>\n<meta name=\"description\" content=\"Descubra as causas e solu\u00e7\u00f5es para evitar vibra\u00e7\u00f5es intensas na sua m\u00e1quina de lavar, garantindo um funcionamento suave e seguro. Saiba mais!\" \/>\n<meta name=\"robots\" content=\"index, follow, max-snippet:-1, max-image-preview:large, max-video-preview:-1\" \/>\n<link rel=\"canonical\" href=\"https:\/\/www.correiobraziliense.com.br\/cbradar\/por-que-a-maquina-de-lavar-vibra-quando-usada-esta-pode-ser-a-razao\/\" \/>\n<meta property=\"og:locale\" content=\"pt_BR\" \/>\n<meta property=\"og:type\" content=\"article\" \/>\n<meta property=\"og:title\" content=\"Por que a m\u00e1quina de lavar vibra quando usada? Esta pode ser a raz\u00e3o\" \/>\n<meta property=\"og:description\" content=\"Descubra as causas e solu\u00e7\u00f5es para evitar vibra\u00e7\u00f5es intensas na sua m\u00e1quina de lavar, garantindo um funcionamento suave e seguro. Saiba mais!\" \/>\n<meta property=\"og:url\" content=\"https:\/\/www.correiobraziliense.com.br\/cbradar\/por-que-a-maquina-de-lavar-vibra-quando-usada-esta-pode-ser-a-razao\/\" \/>\n<meta property=\"og:site_name\" content=\"Correio Braziliense - Radar\" \/>\n<meta property=\"article:published_time\" content=\"2025-11-04T14:35:00+00:00\" \/>\n<meta property=\"og:image\" content=\"https:\/\/www.correiobraziliense.com.br\/cbradar\/wp-content\/uploads\/2025\/11\/mosaico_1762096531930.jpg\" \/>\n\t<meta property=\"og:image:width\" content=\"1280\" \/>\n\t<meta property=\"og:image:height\" content=\"720\" \/>\n\t<meta property=\"og:image:type\" content=\"image\/jpeg\" \/>\n<meta name=\"author\" content=\"Larissa Carvalho\" \/>\n<meta name=\"twitter:card\" content=\"summary_large_image\" \/>\n<meta name=\"twitter:label1\" content=\"Escrito por\" \/>\n\t<meta name=\"twitter:data1\" content=\"Larissa Carvalho\" \/>\n\t<meta name=\"twitter:label2\" content=\"Est. tempo de leitura\" \/>\n\t<meta name=\"twitter:data2\" content=\"3 minutos\" \/>\n<!-- \/ Yoast SEO plugin. -->","yoast_head_json":{"title":"Por que a m\u00e1quina de lavar vibra quando usada? Esta pode ser a raz\u00e3o","description":"Descubra as causas e solu\u00e7\u00f5es para evitar vibra\u00e7\u00f5es intensas na sua m\u00e1quina de lavar, garantindo um funcionamento suave e seguro. Saiba mais!","robots":{"index":"index","follow":"follow","max-snippet":"max-snippet:-1","max-image-preview":"max-image-preview:large","max-video-preview":"max-video-preview:-1"},"canonical":"https:\/\/www.correiobraziliense.com.br\/cbradar\/por-que-a-maquina-de-lavar-vibra-quando-usada-esta-pode-ser-a-razao\/","og_locale":"pt_BR","og_type":"article","og_title":"Por que a m\u00e1quina de lavar vibra quando usada? Esta pode ser a raz\u00e3o","og_description":"Descubra as causas e solu\u00e7\u00f5es para evitar vibra\u00e7\u00f5es intensas na sua m\u00e1quina de lavar, garantindo um funcionamento suave e seguro. Saiba mais!","og_url":"https:\/\/www.correiobraziliense.com.br\/cbradar\/por-que-a-maquina-de-lavar-vibra-quando-usada-esta-pode-ser-a-razao\/","og_site_name":"Correio Braziliense - Radar","article_published_time":"2025-11-04T14:35:00+00:00","og_image":[{"width":1280,"height":720,"url":"https:\/\/www.correiobraziliense.com.br\/cbradar\/wp-content\/uploads\/2025\/11\/mosaico_1762096531930.jpg","type":"image\/jpeg"}],"author":"Larissa Carvalho","twitter_card":"summary_large_image","twitter_misc":{"Escrito por":"Larissa Carvalho","Est. tempo de leitura":"3 minutos"},"schema":{"@context":"https:\/\/schema.org","@graph":[{"@type":"WebPage","@id":"https:\/\/www.correiobraziliense.com.br\/cbradar\/por-que-a-maquina-de-lavar-vibra-quando-usada-esta-pode-ser-a-razao\/","url":"https:\/\/www.correiobraziliense.com.br\/cbradar\/por-que-a-maquina-de-lavar-vibra-quando-usada-esta-pode-ser-a-razao\/","name":"Por que a m\u00e1quina de lavar vibra quando usada? Esta pode ser a raz\u00e3o","isPartOf":{"@id":"https:\/\/www.correiobraziliense.com.br\/cbradar\/#website"},"primaryImageOfPage":{"@id":"https:\/\/www.correiobraziliense.com.br\/cbradar\/por-que-a-maquina-de-lavar-vibra-quando-usada-esta-pode-ser-a-razao\/#primaryimage"},"image":{"@id":"https:\/\/www.correiobraziliense.com.br\/cbradar\/por-que-a-maquina-de-lavar-vibra-quando-usada-esta-pode-ser-a-razao\/#primaryimage"},"thumbnailUrl":"https:\/\/www.correiobraziliense.com.br\/cbradar\/wp-content\/uploads\/2025\/11\/mosaico_1762096531930.jpg","datePublished":"2025-11-04T14:35:00+00:00","author":{"@id":"https:\/\/www.correiobraziliense.com.br\/cbradar\/#\/schema\/person\/58422787644df994b53a19d3e56c1513"},"description":"Descubra as causas e solu\u00e7\u00f5es para evitar vibra\u00e7\u00f5es intensas na sua m\u00e1quina de lavar, garantindo um funcionamento suave e seguro. Saiba mais!","breadcrumb":{"@id":"https:\/\/www.correiobraziliense.com.br\/cbradar\/por-que-a-maquina-de-lavar-vibra-quando-usada-esta-pode-ser-a-razao\/#breadcrumb"},"inLanguage":"pt-BR","potentialAction":[{"@type":"ReadAction","target":["https:\/\/www.correiobraziliense.com.br\/cbradar\/por-que-a-maquina-de-lavar-vibra-quando-usada-esta-pode-ser-a-razao\/"]}]},{"@type":"ImageObject","inLanguage":"pt-BR","@id":"https:\/\/www.correiobraziliense.com.br\/cbradar\/por-que-a-maquina-de-lavar-vibra-quando-usada-esta-pode-ser-a-razao\/#primaryimage","url":"https:\/\/www.correiobraziliense.com.br\/cbradar\/wp-content\/uploads\/2025\/11\/mosaico_1762096531930.jpg","contentUrl":"https:\/\/www.correiobraziliense.com.br\/cbradar\/wp-content\/uploads\/2025\/11\/mosaico_1762096531930.jpg","width":1280,"height":720,"caption":"Manter a m\u00e1quina est\u00e1vel e bem cuidada garante lavagem eficiente e prolonga sua vida \u00fatil. Cr\u00e9ditos: depositphotos.com \/ EdZbarzhyvetsky e Cr\u00e9ditos: depositphotos.com \/ etaphop"},{"@type":"BreadcrumbList","@id":"https:\/\/www.correiobraziliense.com.br\/cbradar\/por-que-a-maquina-de-lavar-vibra-quando-usada-esta-pode-ser-a-razao\/#breadcrumb","itemListElement":[{"@type":"ListItem","position":1,"name":"In\u00edcio","item":"https:\/\/www.correiobraziliense.com.br\/cbradar\/"},{"@type":"ListItem","position":2,"name":"Por que a m\u00e1quina de lavar vibra quando usada? Esta pode ser a raz\u00e3o"}]},{"@type":"WebSite","@id":"https:\/\/www.correiobraziliense.com.br\/cbradar\/#website","url":"https:\/\/www.correiobraziliense.com.br\/cbradar\/","name":"Correio Braziliense - Radar","description":"Acompanhe as \u00faltimas not\u00edcias e fique bem informado sobre tudo o que acontece no Brasil e no mundo.","potentialAction":[{"@type":"SearchAction","target":{"@type":"EntryPoint","urlTemplate":"https:\/\/www.correiobraziliense.com.br\/cbradar\/?s={search_term_string}"},"query-input":{"@type":"PropertyValueSpecification","valueRequired":true,"valueName":"search_term_string"}}],"inLanguage":"pt-BR"},{"@type":"Person","@id":"https:\/\/www.correiobraziliense.com.br\/cbradar\/#\/schema\/person\/58422787644df994b53a19d3e56c1513","name":"Larissa Carvalho","image":{"@type":"ImageObject","inLanguage":"pt-BR","@id":"https:\/\/www.correiobraziliense.com.br\/cbradar\/#\/schema\/person\/image\/","url":"https:\/\/secure.gravatar.com\/avatar\/fe4f91a0de32b52a838d0d612abdc1aa?s=96&d=mm&r=g","contentUrl":"https:\/\/secure.gravatar.com\/avatar\/fe4f91a0de32b52a838d0d612abdc1aa?s=96&d=mm&r=g","caption":"Larissa Carvalho"},"url":"https:\/\/www.correiobraziliense.com.br\/cbradar\/author\/larissamyth\/"}]}},"_links":{"self":[{"href":"https:\/\/www.correiobraziliense.com.br\/cbradar\/wp-json\/wp\/v2\/posts\/130200","targetHints":{"allow":["GET"]}}],"collection":[{"href":"https:\/\/www.correiobraziliense.com.br\/cbradar\/wp-json\/wp\/v2\/posts"}],"about":[{"href":"https:\/\/www.correiobraziliense.com.br\/cbradar\/wp-json\/wp\/v2\/types\/post"}],"author":[{"embeddable":true,"href":"https:\/\/www.correiobraziliense.com.br\/cbradar\/wp-json\/wp\/v2\/users\/3"}],"replies":[{"embeddable":true,"href":"https:\/\/www.correiobraziliense.com.br\/cbradar\/wp-json\/wp\/v2\/comments?post=130200"}],"version-history":[{"count":3,"href":"https:\/\/www.correiobraziliense.com.br\/cbradar\/wp-json\/wp\/v2\/posts\/130200\/revisions"}],"predecessor-version":[{"id":130665,"href":"https:\/\/www.correiobraziliense.com.br\/cbradar\/wp-json\/wp\/v2\/posts\/130200\/revisions\/130665"}],"wp:featuredmedia":[{"embeddable":true,"href":"https:\/\/www.correiobraziliense.com.br\/cbradar\/wp-json\/wp\/v2\/media\/130204"}],"wp:attachment":[{"href":"https:\/\/www.correiobraziliense.com.br\/cbradar\/wp-json\/wp\/v2\/media?parent=130200"}],"wp:term":[{"taxonomy":"category","embeddable":true,"href":"https:\/\/www.correiobraziliense.com.br\/cbradar\/wp-json\/wp\/v2\/categories?post=130200"},{"taxonomy":"post_tag","embeddable":true,"href":"https:\/\/www.correiobraziliense.com.br\/cbradar\/wp-json\/wp\/v2\/post_tag?post=130200"}],"curies":[{"name":"wp","href":"https:\/\/api.w.org\/{rel}","templated":true}]}}