{"id":130237,"date":"2025-11-10T06:45:00","date_gmt":"2025-11-10T09:45:00","guid":{"rendered":"https:\/\/www.correiobraziliense.com.br\/cbradar\/?p=130237"},"modified":"2025-11-07T03:33:16","modified_gmt":"2025-11-07T06:33:16","slug":"o-elixir-da-vida-e-uma-planta-famosa-entre-influenciadores-que-promete-aumentar-o-colageno-e-rejusvenescer-a-pele","status":"publish","type":"post","link":"https:\/\/www.correiobraziliense.com.br\/cbradar\/o-elixir-da-vida-e-uma-planta-famosa-entre-influenciadores-que-promete-aumentar-o-colageno-e-rejusvenescer-a-pele\/","title":{"rendered":"O \u201cElixir da Vida\u201d \u00e9 uma planta famosa entre influenciadores que promete aumentar o col\u00e1geno e rejusvenescer a pele"},"content":{"rendered":"\n<p><strong>A busca por uma pele jovem e saud\u00e1vel nunca sai de moda.<\/strong> Recentemente, um ingrediente natural tem conquistado destaque no mundo da dermatologia: o <strong>Bakuchiol<\/strong>, conhecido como o \u201cretinol vegano\u201d. Derivado da planta <strong>Babchi (Psoralea corylifolia)<\/strong>, esse composto vem sendo estudado por seus efeitos antienvelhecimento e pela capacidade de estimular o col\u00e1geno sem causar irrita\u00e7\u00f5es.<\/p>\n\n\n\n<h2 class=\"wp-block-heading\">O que \u00e9 o Bakuchiol e por que \u00e9 chamado de retinol vegano?<\/h2>\n\n\n\n<p>O <strong>Bakuchiol <\/strong>\u00e9 um composto bioativo extra\u00eddo das <strong>sementes e folhas da planta indiana Babchi<\/strong>, utilizada h\u00e1 s\u00e9culos na medicina ayurv\u00e9dica. Ele ganhou o apelido de \u201cretinol vegano\u201d por apresentar efeitos semelhantes aos do retinol tradicional \u2014 um derivado da vitamina A amplamente usado em cosm\u00e9ticos anti-idade \u2014, mas com origem 100% vegetal.<\/p>\n\n\n\n<p><strong><a href=\"https:\/\/scholarhub.ui.ac.id\/jdvi\/vol7\/iss2\/9\/\" target=\"_blank\" rel=\"noreferrer noopener\">Segundo o Journal of General-Procedural Dermatology &amp; Venereology Indonesia, <\/a>o Bakuchiol estimula a renova\u00e7\u00e3o celular e a produ\u00e7\u00e3o natural de col\u00e1geno, promovendo firmeza e luminosidade sem os efeitos colaterais comuns do retinol<\/strong>, como descama\u00e7\u00e3o ou vermelhid\u00e3o. Essa caracter\u00edstica o torna ideal para peles sens\u00edveis e para quem busca uma rotina de cuidados mais natural.<\/p>\n\n\n<div class=\"wp-block-image\">\n<figure class=\"aligncenter size-large\"><img decoding=\"async\" width=\"1024\" height=\"576\" src=\"https:\/\/www.correiobraziliense.com.br\/cbradar\/wp-content\/uploads\/2025\/11\/Bakuchiol-_1762034096437-1024x576.jpg\" alt=\"O \u201cElixir da Vida\u201d \u00e9 uma planta famosa entre influenciadores que promete aumentar o col\u00e1geno e rejusvenescer a pele\" class=\"wp-image-130274\" srcset=\"https:\/\/www.correiobraziliense.com.br\/cbradar\/wp-content\/uploads\/2025\/11\/Bakuchiol-_1762034096437-1024x576.jpg 1024w, https:\/\/www.correiobraziliense.com.br\/cbradar\/wp-content\/uploads\/2025\/11\/Bakuchiol-_1762034096437-300x169.jpg 300w, https:\/\/www.correiobraziliense.com.br\/cbradar\/wp-content\/uploads\/2025\/11\/Bakuchiol-_1762034096437-768x432.jpg 768w, https:\/\/www.correiobraziliense.com.br\/cbradar\/wp-content\/uploads\/2025\/11\/Bakuchiol-_1762034096437-750x422.jpg 750w, https:\/\/www.correiobraziliense.com.br\/cbradar\/wp-content\/uploads\/2025\/11\/Bakuchiol-_1762034096437-1140x641.jpg 1140w, https:\/\/www.correiobraziliense.com.br\/cbradar\/wp-content\/uploads\/2025\/11\/Bakuchiol-_1762034096437.jpg 1280w\" sizes=\"(max-width: 1024px) 100vw, 1024px\" \/><figcaption class=\"wp-element-caption\">Babchi  \u00e9 uma planta medicinal usada tradicionalmente para tratar doen\u00e7as de pele variadas. \/\/ Cr\u00e9ditos: depositphotos.com \/ leonardo1<\/figcaption><\/figure><\/div>\n\n\n<h2 class=\"wp-block-heading\">Quais s\u00e3o os benef\u00edcios do Bakuchiol para a pele?<\/h2>\n\n\n\n<p>O Bakuchiol \u00e9 considerado um dos ingredientes mais promissores no universo da cosm\u00e9tica natural. <strong>Ele age como antioxidante e agente antienvelhecimento, ajudando a suavizar linhas finas e uniformizar o tom da pele.<\/strong><\/p>\n\n\n\n<p>Entre seus principais benef\u00edcios, destacam-se:<\/p>\n\n\n\n<ul class=\"wp-block-list\">\n<li>Est\u00edmulo \u00e0 produ\u00e7\u00e3o de col\u00e1geno e elastina<\/li>\n\n\n\n<li>Redu\u00e7\u00e3o de linhas de express\u00e3o e rugas<\/li>\n\n\n\n<li>Clareamento de manchas e melhora da textura<\/li>\n\n\n\n<li>A\u00e7\u00e3o antioxidante contra os radicais livres<\/li>\n<\/ul>\n\n\n\n<p>Estudos cl\u00ednicos demonstram que o uso cont\u00ednuo do Bakuchiol proporciona resultados vis\u00edveis em at\u00e9 12 semanas, com melhora na firmeza e luminosidade facial.<\/p>\n\n\n\n<p>Confira abaixo o v\u00eddeo abaixo do influenciador<strong> @jardeledebran<\/strong> sobre o famoso <strong>Bakuchiol <\/strong>e seus efeitos na pele:<\/p>\n\n\n\n<figure class=\"wp-block-embed aligncenter is-type-video is-provider-tiktok wp-block-embed-tiktok\"><div class=\"wp-block-embed__wrapper\">\n<blockquote class=\"tiktok-embed\" cite=\"https:\/\/www.tiktok.com\/@jardeledebran\/video\/7255687242943925509\" data-video-id=\"7255687242943925509\" data-embed-from=\"oembed\" style=\"max-width:605px; min-width:325px;\"> <section> <a target=\"_blank\" title=\"@jardeledebran\" href=\"https:\/\/www.tiktok.com\/@jardeledebran?refer=embed\">@jardeledebran<\/a> <p>Bakuchiol \u00e9 igual o retinol? Entenda sobre esse ativo que est\u00e1 bombando no skincare. Lembrando que ele pode estar presente nos cosm\u00e9ticos brasileiros como fitoretinol. <a title=\"skinarmy\" target=\"_blank\" href=\"https:\/\/www.tiktok.com\/tag\/skinarmy?refer=embed\">#skinarmy<\/a> <a title=\"bakuchiol\" target=\"_blank\" href=\"https:\/\/www.tiktok.com\/tag\/bakuchiol?refer=embed\">#bakuchiol<\/a> <a title=\"fitoretinol\" target=\"_blank\" href=\"https:\/\/www.tiktok.com\/tag\/fitoretinol?refer=embed\">#fitoretinol<\/a> <a title=\"retinol\" target=\"_blank\" href=\"https:\/\/www.tiktok.com\/tag\/retinol?refer=embed\">#retinol<\/a> <a title=\"skincare\" target=\"_blank\" href=\"https:\/\/www.tiktok.com\/tag\/skincare?refer=embed\">#skincare<\/a> <a title=\"skincarebrasil\" target=\"_blank\" href=\"https:\/\/www.tiktok.com\/tag\/skincarebrasil?refer=embed\">#skincarebrasil<\/a> <\/p> <a target=\"_blank\" title=\"\u266c Rush - Troye Sivan\" href=\"https:\/\/www.tiktok.com\/music\/Rush-7255090778207979521?refer=embed\">\u266c Rush &#8211; Troye Sivan<\/a> <\/section> <\/blockquote> <script async src=\"https:\/\/www.tiktok.com\/embed.js\"><\/script>\n<\/div><\/figure>\n\n\n\n<h2 class=\"wp-block-heading\">Como o Bakuchiol atua no envelhecimento cut\u00e2neo?<\/h2>\n\n\n\n<p>O processo de envelhecimento cut\u00e2neo est\u00e1 ligado \u00e0 redu\u00e7\u00e3o do col\u00e1geno e \u00e0 oxida\u00e7\u00e3o celular. O Bakuchiol atua diretamente nesses dois pontos: <strong>ele estimula os fibroblastos \u2014 c\u00e9lulas respons\u00e1veis pela produ\u00e7\u00e3o de col\u00e1geno \u2014 e inibe a a\u00e7\u00e3o das enzimas que o degradam.<\/strong><\/p>\n\n\n\n<p>Al\u00e9m disso, seu poder antioxidante combate o estresse oxidativo causado pela exposi\u00e7\u00e3o solar, polui\u00e7\u00e3o e m\u00e1 alimenta\u00e7\u00e3o, que aceleram o envelhecimento precoce. Assim, o Bakuchiol melhora a estrutura d\u00e9rmica e devolve \u00e0 pele uma apar\u00eancia mais firme, vi\u00e7osa e uniforme.<\/p>\n\n\n\n<h2 class=\"wp-block-heading\">Como usar o Bakuchiol corretamente na rotina de skincare?<\/h2>\n\n\n\n<p>Para aproveitar todos os benef\u00edcios do Bakuchiol, \u00e9 essencial inclu\u00ed-lo adequadamente na rotina de cuidados. Ele pode ser encontrado em s\u00e9runs, cremes e lo\u00e7\u00f5es, geralmente em concentra\u00e7\u00f5es entre 0,5% e 2%.<\/p>\n\n\n\n<p>Os dermatologistas recomendam o uso di\u00e1rio, preferencialmente \u00e0 noite, embora o Bakuchiol seja est\u00e1vel \u00e0 luz solar \u2014 o que permite seu uso tamb\u00e9m durante o dia. <strong>A principal vantagem \u00e9 que, ao contr\u00e1rio do retinol, o Bakuchiol n\u00e3o causa irrita\u00e7\u00e3o nem aumenta a sensibilidade ao sol.<\/strong><\/p>\n\n\n\n<p>Dicas para aplica\u00e7\u00e3o correta:<\/p>\n\n\n\n<ul class=\"wp-block-list\">\n<li>Limpe e tonifique o rosto antes de aplicar o produto<\/li>\n\n\n\n<li>Use de 3 a 5 gotas do s\u00e9rum, massageando suavemente<\/li>\n\n\n\n<li>Finalize com hidratante e protetor solar (pela manh\u00e3)<\/li>\n<\/ul>\n\n\n\n<p>Com o uso cont\u00ednuo, os resultados tornam-se progressivos, deixando a pele mais firme e uniforme.<\/p>\n\n\n\n<p>Confira abaixo o v\u00eddeo abaixo da<strong> @oceanebeautysmart<\/strong> abordando melhor os benef\u00edcios <strong>Bakuchiol <\/strong>no Skincare e seus efeitos na pele:<\/p>\n\n\n\n<figure class=\"wp-block-embed aligncenter is-type-video is-provider-tiktok wp-block-embed-tiktok\"><div class=\"wp-block-embed__wrapper\">\n<blockquote class=\"tiktok-embed\" cite=\"https:\/\/www.tiktok.com\/@oceanebeautysmart\/video\/7180153228301012229\" data-video-id=\"7180153228301012229\" data-embed-from=\"oembed\" style=\"max-width:605px; min-width:325px;\"> <section> <a target=\"_blank\" title=\"@oceanebeautysmart\" href=\"https:\/\/www.tiktok.com\/@oceanebeautysmart?refer=embed\">@oceanebeautysmart<\/a> <p>Vem conhecer todos os benef\u00edcios do <a title=\"bakuchiol\" target=\"_blank\" href=\"https:\/\/www.tiktok.com\/tag\/bakuchiol?refer=embed\">#bakuchiol<\/a> para o <a title=\"skincare\" target=\"_blank\" href=\"https:\/\/www.tiktok.com\/tag\/skincare?refer=embed\">#skincare<\/a> \ud83d\udc9c <a title=\"fyp\" target=\"_blank\" href=\"https:\/\/www.tiktok.com\/tag\/fyp?refer=embed\">#fyp<\/a> <a title=\"oceane\" target=\"_blank\" href=\"https:\/\/www.tiktok.com\/tag\/oceane?refer=embed\">#oceane<\/a> <a title=\"koreanskincare\" target=\"_blank\" href=\"https:\/\/www.tiktok.com\/tag\/koreanskincare?refer=embed\">#koreanskincare<\/a> <a title=\"retinolskincare\" target=\"_blank\" href=\"https:\/\/www.tiktok.com\/tag\/retinolskincare?refer=embed\">#retinolskincare<\/a> <\/p> <a target=\"_blank\" title=\"\u266c som original - Oc\u00e9ane Brasil\" href=\"https:\/\/www.tiktok.com\/music\/som-original-7180153254764186373?refer=embed\">\u266c som original &#8211; Oc\u00e9ane Brasil<\/a> <\/section> <\/blockquote> <script async src=\"https:\/\/www.tiktok.com\/embed.js\"><\/script>\n<\/div><\/figure>\n\n\n\n<h2 class=\"wp-block-heading\">Comparativo entre retinol tradicional e Bakuchiol<\/h2>\n\n\n\n<p>O Bakuchiol \u00e9 constantemente comparado ao retinol por sua a\u00e7\u00e3o semelhante na pele. No entanto, h\u00e1 diferen\u00e7as importantes que explicam por que o ativo vegetal vem ganhando tanto espa\u00e7o nas f\u00f3rmulas de skincare.<\/p>\n\n\n\n<figure class=\"wp-block-table\"><table class=\"has-fixed-layout\"><thead><tr><th>Caracter\u00edstica<\/th><th>Retinol Tradicional<\/th><th>Bakuchiol<\/th><\/tr><\/thead><tbody><tr><td>Origem<\/td><td>Sint\u00e9tica (vitamina A)<\/td><td>Natural (planta Babchi)<\/td><\/tr><tr><td>A\u00e7\u00e3o<\/td><td>Renova\u00e7\u00e3o celular e est\u00edmulo de col\u00e1geno<\/td><td>Renova\u00e7\u00e3o celular e est\u00edmulo de col\u00e1geno<\/td><\/tr><tr><td>Irrita\u00e7\u00e3o<\/td><td>Comum em peles sens\u00edveis<\/td><td>Praticamente inexistente<\/td><\/tr><tr><td>Uso diurno<\/td><td>Contraindicado (fotossens\u00edvel)<\/td><td>Seguro e est\u00e1vel \u00e0 luz solar<\/td><\/tr><tr><td>Indicado para<\/td><td>Peles resistentes<\/td><td>Todos os tipos de pele<\/td><\/tr><\/tbody><\/table><\/figure>\n\n\n\n<p><strong>O Bakuchiol oferece resultados compar\u00e1veis ao retinol, com uma experi\u00eancia de uso mais suave e natural.<\/strong> Por isso, ele \u00e9 considerado uma alternativa ideal para quem busca efic\u00e1cia sem desconforto.<\/p>\n\n\n<div class=\"wp-block-image\">\n<figure class=\"aligncenter size-large\"><img decoding=\"async\" width=\"1024\" height=\"576\" src=\"https:\/\/www.correiobraziliense.com.br\/cbradar\/wp-content\/uploads\/2025\/11\/Campo-de-Babchi-com-Elixir-da-Vida-1024x576.jpg\" alt=\"O \u201cElixir da Vida\u201d \u00e9 uma planta famosa entre influenciadores que promete aumentar o col\u00e1geno e rejusvenescer a pele\" class=\"wp-image-130272\" srcset=\"https:\/\/www.correiobraziliense.com.br\/cbradar\/wp-content\/uploads\/2025\/11\/Campo-de-Babchi-com-Elixir-da-Vida-1024x576.jpg 1024w, https:\/\/www.correiobraziliense.com.br\/cbradar\/wp-content\/uploads\/2025\/11\/Campo-de-Babchi-com-Elixir-da-Vida-300x169.jpg 300w, https:\/\/www.correiobraziliense.com.br\/cbradar\/wp-content\/uploads\/2025\/11\/Campo-de-Babchi-com-Elixir-da-Vida-768x432.jpg 768w, https:\/\/www.correiobraziliense.com.br\/cbradar\/wp-content\/uploads\/2025\/11\/Campo-de-Babchi-com-Elixir-da-Vida-750x422.jpg 750w, https:\/\/www.correiobraziliense.com.br\/cbradar\/wp-content\/uploads\/2025\/11\/Campo-de-Babchi-com-Elixir-da-Vida-1140x641.jpg 1140w, https:\/\/www.correiobraziliense.com.br\/cbradar\/wp-content\/uploads\/2025\/11\/Campo-de-Babchi-com-Elixir-da-Vida.jpg 1280w\" sizes=\"(max-width: 1024px) 100vw, 1024px\" \/><figcaption class=\"wp-element-caption\">Descubra o poder do Bakuchiol para renovar sua pele com efeito anti-idade suave e natural.<\/figcaption><\/figure><\/div>\n\n\n<p><strong>Leia tamb\u00e9m: <a href=\"https:\/\/www.correiobraziliense.com.br\/cbradar\/o-que-significa-estar-sempre-com-a-mao-na-cintura-segundo-a-psicologia\/\" target=\"_blank\" rel=\"noreferrer noopener\">O que significa estar sempre com a m\u00e3o na cintura, segundo a psicologia<\/a><\/strong><\/p>\n\n\n\n<h2 class=\"wp-block-heading\">Por que o Bakuchiol \u00e9 chamado de elixir da vida eterna?<\/h2>\n\n\n\n<p>O apelido de \u201c<strong>elixir da vida eterna<\/strong>\u201d surgiu devido \u00e0 capacidade do <strong>Bakuchiol <\/strong>de promover rejuvenescimento vis\u00edvel sem agredir a pele. Sua origem natural, aliada \u00e0 efic\u00e1cia comprovada, faz dele um dos ingredientes mais promissores da cosm\u00e9tica moderna. <strong>Ele representa o equil\u00edbrio perfeito entre ci\u00eancia e natureza.<\/strong><\/p>\n\n\n\n<p>Na cultura indiana,<strong> a planta Babchi sempre foi associada \u00e0 cura e \u00e0 longevidade.<\/strong> Hoje, a ci\u00eancia confirma o que a sabedoria ancestral j\u00e1 sabia: o Bakuchiol \u00e9 um aliado poderoso na busca por uma pele saud\u00e1vel, luminosa e jovem por mais tempo.<\/p>\n\n\n\n<p>O futuro dos cuidados com a pele caminha para f\u00f3rmulas mais naturais, sustent\u00e1veis e eficazes. E o Bakuchiol, o verdadeiro \u201celixir da vida\u201d, mostra que \u00e9 poss\u00edvel retardar os sinais do tempo de forma gentil e inteligente.<\/p>\n","protected":false},"excerpt":{"rendered":"<p>A busca por uma pele jovem e saud\u00e1vel nunca sai de moda. Recentemente, um ingrediente natural tem conquistado destaque no mundo da dermatologia: o Bakuchiol, conhecido como o \u201cretinol vegano\u201d. Derivado da planta Babchi (Psoralea corylifolia), esse composto vem sendo estudado por seus efeitos antienvelhecimento e pela capacidade de estimular o col\u00e1geno sem causar irrita\u00e7\u00f5es. [&hellip;]<\/p>\n","protected":false},"author":8,"featured_media":130297,"comment_status":"open","ping_status":"open","sticky":false,"template":"","format":"standard","meta":{"_yoast_wpseo_focuskw":"Elixir da Vida","_yoast_wpseo_title":"","_yoast_wpseo_metadesc":"Chamado de \u201cElixir da Vida\u201d, esse ingrediente natural promete aumentar o col\u00e1geno e devolver firmeza e juventude \u00e0 pele.","jnews-multi-image_gallery":[],"jnews_single_post":{"format":"standard"},"jnews_primary_category":[],"jnews_social_meta":[],"jnews_override_counter":[],"footnotes":""},"categories":[112],"post_tag":[11453,11452],"class_list":["post-130237","post","type-post","status-publish","format-standard","has-post-thumbnail","hentry","category-curiosidades","tag-bakuchiol","tag-exilir-da-vida"],"yoast_head":"<!-- This site is optimized with the Yoast SEO plugin v24.6 - https:\/\/yoast.com\/wordpress\/plugins\/seo\/ -->\n<title>O \u201cElixir da Vida\u201d \u00e9 uma planta famosa entre influenciadores que promete aumentar o col\u00e1geno e rejusvenescer a pele - Correio Braziliense - Radar<\/title>\n<meta name=\"description\" content=\"Chamado de \u201cElixir da Vida\u201d, esse ingrediente natural promete aumentar o col\u00e1geno e devolver firmeza e juventude \u00e0 pele.\" \/>\n<meta name=\"robots\" content=\"index, follow, max-snippet:-1, max-image-preview:large, max-video-preview:-1\" \/>\n<link rel=\"canonical\" href=\"https:\/\/www.correiobraziliense.com.br\/cbradar\/o-elixir-da-vida-e-uma-planta-famosa-entre-influenciadores-que-promete-aumentar-o-colageno-e-rejusvenescer-a-pele\/\" \/>\n<meta property=\"og:locale\" content=\"pt_BR\" \/>\n<meta property=\"og:type\" content=\"article\" \/>\n<meta property=\"og:title\" content=\"O \u201cElixir da Vida\u201d \u00e9 uma planta famosa entre influenciadores que promete aumentar o col\u00e1geno e rejusvenescer a pele - Correio Braziliense - Radar\" \/>\n<meta property=\"og:description\" content=\"Chamado de \u201cElixir da Vida\u201d, esse ingrediente natural promete aumentar o col\u00e1geno e devolver firmeza e juventude \u00e0 pele.\" \/>\n<meta property=\"og:url\" content=\"https:\/\/www.correiobraziliense.com.br\/cbradar\/o-elixir-da-vida-e-uma-planta-famosa-entre-influenciadores-que-promete-aumentar-o-colageno-e-rejusvenescer-a-pele\/\" \/>\n<meta property=\"og:site_name\" content=\"Correio Braziliense - Radar\" \/>\n<meta property=\"article:published_time\" content=\"2025-11-10T09:45:00+00:00\" \/>\n<meta property=\"og:image\" content=\"https:\/\/www.correiobraziliense.com.br\/cbradar\/wp-content\/uploads\/2025\/11\/Pessoa_Pele_Perfeita_Bakuchiol_Lilas_Glitter_1280x720.png\" \/>\n\t<meta property=\"og:image:width\" content=\"1280\" \/>\n\t<meta property=\"og:image:height\" content=\"720\" \/>\n\t<meta property=\"og:image:type\" content=\"image\/png\" \/>\n<meta name=\"author\" content=\"Maura Pereira\" \/>\n<meta name=\"twitter:card\" content=\"summary_large_image\" \/>\n<meta name=\"twitter:label1\" content=\"Escrito por\" \/>\n\t<meta name=\"twitter:data1\" content=\"Maura Pereira\" \/>\n\t<meta name=\"twitter:label2\" content=\"Est. tempo de leitura\" \/>\n\t<meta name=\"twitter:data2\" content=\"6 minutos\" \/>\n<!-- \/ Yoast SEO plugin. -->","yoast_head_json":{"title":"O \u201cElixir da Vida\u201d \u00e9 uma planta famosa entre influenciadores que promete aumentar o col\u00e1geno e rejusvenescer a pele - Correio Braziliense - Radar","description":"Chamado de \u201cElixir da Vida\u201d, esse ingrediente natural promete aumentar o col\u00e1geno e devolver firmeza e juventude \u00e0 pele.","robots":{"index":"index","follow":"follow","max-snippet":"max-snippet:-1","max-image-preview":"max-image-preview:large","max-video-preview":"max-video-preview:-1"},"canonical":"https:\/\/www.correiobraziliense.com.br\/cbradar\/o-elixir-da-vida-e-uma-planta-famosa-entre-influenciadores-que-promete-aumentar-o-colageno-e-rejusvenescer-a-pele\/","og_locale":"pt_BR","og_type":"article","og_title":"O \u201cElixir da Vida\u201d \u00e9 uma planta famosa entre influenciadores que promete aumentar o col\u00e1geno e rejusvenescer a pele - Correio Braziliense - Radar","og_description":"Chamado de \u201cElixir da Vida\u201d, esse ingrediente natural promete aumentar o col\u00e1geno e devolver firmeza e juventude \u00e0 pele.","og_url":"https:\/\/www.correiobraziliense.com.br\/cbradar\/o-elixir-da-vida-e-uma-planta-famosa-entre-influenciadores-que-promete-aumentar-o-colageno-e-rejusvenescer-a-pele\/","og_site_name":"Correio Braziliense - Radar","article_published_time":"2025-11-10T09:45:00+00:00","og_image":[{"width":1280,"height":720,"url":"https:\/\/www.correiobraziliense.com.br\/cbradar\/wp-content\/uploads\/2025\/11\/Pessoa_Pele_Perfeita_Bakuchiol_Lilas_Glitter_1280x720.png","type":"image\/png"}],"author":"Maura Pereira","twitter_card":"summary_large_image","twitter_misc":{"Escrito por":"Maura Pereira","Est. tempo de leitura":"6 minutos"},"schema":{"@context":"https:\/\/schema.org","@graph":[{"@type":"WebPage","@id":"https:\/\/www.correiobraziliense.com.br\/cbradar\/o-elixir-da-vida-e-uma-planta-famosa-entre-influenciadores-que-promete-aumentar-o-colageno-e-rejusvenescer-a-pele\/","url":"https:\/\/www.correiobraziliense.com.br\/cbradar\/o-elixir-da-vida-e-uma-planta-famosa-entre-influenciadores-que-promete-aumentar-o-colageno-e-rejusvenescer-a-pele\/","name":"O \u201cElixir da Vida\u201d \u00e9 uma planta famosa entre influenciadores que promete aumentar o col\u00e1geno e rejusvenescer a pele - Correio Braziliense - Radar","isPartOf":{"@id":"https:\/\/www.correiobraziliense.com.br\/cbradar\/#website"},"primaryImageOfPage":{"@id":"https:\/\/www.correiobraziliense.com.br\/cbradar\/o-elixir-da-vida-e-uma-planta-famosa-entre-influenciadores-que-promete-aumentar-o-colageno-e-rejusvenescer-a-pele\/#primaryimage"},"image":{"@id":"https:\/\/www.correiobraziliense.com.br\/cbradar\/o-elixir-da-vida-e-uma-planta-famosa-entre-influenciadores-que-promete-aumentar-o-colageno-e-rejusvenescer-a-pele\/#primaryimage"},"thumbnailUrl":"https:\/\/www.correiobraziliense.com.br\/cbradar\/wp-content\/uploads\/2025\/11\/Pessoa_Pele_Perfeita_Bakuchiol_Lilas_Glitter_1280x720.png","datePublished":"2025-11-10T09:45:00+00:00","author":{"@id":"https:\/\/www.correiobraziliense.com.br\/cbradar\/#\/schema\/person\/4053c651a9bfc785afc6f4cbc9032fd3"},"description":"Chamado de \u201cElixir da Vida\u201d, esse ingrediente natural promete aumentar o col\u00e1geno e devolver firmeza e juventude \u00e0 pele.","breadcrumb":{"@id":"https:\/\/www.correiobraziliense.com.br\/cbradar\/o-elixir-da-vida-e-uma-planta-famosa-entre-influenciadores-que-promete-aumentar-o-colageno-e-rejusvenescer-a-pele\/#breadcrumb"},"inLanguage":"pt-BR","potentialAction":[{"@type":"ReadAction","target":["https:\/\/www.correiobraziliense.com.br\/cbradar\/o-elixir-da-vida-e-uma-planta-famosa-entre-influenciadores-que-promete-aumentar-o-colageno-e-rejusvenescer-a-pele\/"]}]},{"@type":"ImageObject","inLanguage":"pt-BR","@id":"https:\/\/www.correiobraziliense.com.br\/cbradar\/o-elixir-da-vida-e-uma-planta-famosa-entre-influenciadores-que-promete-aumentar-o-colageno-e-rejusvenescer-a-pele\/#primaryimage","url":"https:\/\/www.correiobraziliense.com.br\/cbradar\/wp-content\/uploads\/2025\/11\/Pessoa_Pele_Perfeita_Bakuchiol_Lilas_Glitter_1280x720.png","contentUrl":"https:\/\/www.correiobraziliense.com.br\/cbradar\/wp-content\/uploads\/2025\/11\/Pessoa_Pele_Perfeita_Bakuchiol_Lilas_Glitter_1280x720.png","width":1280,"height":720,"caption":"Bakuchiol ganha popularidade como alternativa ao retinol, ideal para peles sens\u00edveis."},{"@type":"BreadcrumbList","@id":"https:\/\/www.correiobraziliense.com.br\/cbradar\/o-elixir-da-vida-e-uma-planta-famosa-entre-influenciadores-que-promete-aumentar-o-colageno-e-rejusvenescer-a-pele\/#breadcrumb","itemListElement":[{"@type":"ListItem","position":1,"name":"In\u00edcio","item":"https:\/\/www.correiobraziliense.com.br\/cbradar\/"},{"@type":"ListItem","position":2,"name":"O \u201cElixir da Vida\u201d \u00e9 uma planta famosa entre influenciadores que promete aumentar o col\u00e1geno e rejusvenescer a pele"}]},{"@type":"WebSite","@id":"https:\/\/www.correiobraziliense.com.br\/cbradar\/#website","url":"https:\/\/www.correiobraziliense.com.br\/cbradar\/","name":"Correio Braziliense - Radar","description":"Acompanhe as \u00faltimas not\u00edcias e fique bem informado sobre tudo o que acontece no Brasil e no mundo.","potentialAction":[{"@type":"SearchAction","target":{"@type":"EntryPoint","urlTemplate":"https:\/\/www.correiobraziliense.com.br\/cbradar\/?s={search_term_string}"},"query-input":{"@type":"PropertyValueSpecification","valueRequired":true,"valueName":"search_term_string"}}],"inLanguage":"pt-BR"},{"@type":"Person","@id":"https:\/\/www.correiobraziliense.com.br\/cbradar\/#\/schema\/person\/4053c651a9bfc785afc6f4cbc9032fd3","name":"Maura Pereira","image":{"@type":"ImageObject","inLanguage":"pt-BR","@id":"https:\/\/www.correiobraziliense.com.br\/cbradar\/#\/schema\/person\/image\/","url":"https:\/\/secure.gravatar.com\/avatar\/3effd6bdadfa447f15089c7f7144eaa6?s=96&d=mm&r=g","contentUrl":"https:\/\/secure.gravatar.com\/avatar\/3effd6bdadfa447f15089c7f7144eaa6?s=96&d=mm&r=g","caption":"Maura Pereira"},"sameAs":["https:\/\/www.correiobraziliense.com.br\/"],"url":"https:\/\/www.correiobraziliense.com.br\/cbradar\/author\/mauramyth\/"}]}},"_links":{"self":[{"href":"https:\/\/www.correiobraziliense.com.br\/cbradar\/wp-json\/wp\/v2\/posts\/130237","targetHints":{"allow":["GET"]}}],"collection":[{"href":"https:\/\/www.correiobraziliense.com.br\/cbradar\/wp-json\/wp\/v2\/posts"}],"about":[{"href":"https:\/\/www.correiobraziliense.com.br\/cbradar\/wp-json\/wp\/v2\/types\/post"}],"author":[{"embeddable":true,"href":"https:\/\/www.correiobraziliense.com.br\/cbradar\/wp-json\/wp\/v2\/users\/8"}],"replies":[{"embeddable":true,"href":"https:\/\/www.correiobraziliense.com.br\/cbradar\/wp-json\/wp\/v2\/comments?post=130237"}],"version-history":[{"count":24,"href":"https:\/\/www.correiobraziliense.com.br\/cbradar\/wp-json\/wp\/v2\/posts\/130237\/revisions"}],"predecessor-version":[{"id":132940,"href":"https:\/\/www.correiobraziliense.com.br\/cbradar\/wp-json\/wp\/v2\/posts\/130237\/revisions\/132940"}],"wp:featuredmedia":[{"embeddable":true,"href":"https:\/\/www.correiobraziliense.com.br\/cbradar\/wp-json\/wp\/v2\/media\/130297"}],"wp:attachment":[{"href":"https:\/\/www.correiobraziliense.com.br\/cbradar\/wp-json\/wp\/v2\/media?parent=130237"}],"wp:term":[{"taxonomy":"category","embeddable":true,"href":"https:\/\/www.correiobraziliense.com.br\/cbradar\/wp-json\/wp\/v2\/categories?post=130237"},{"taxonomy":"post_tag","embeddable":true,"href":"https:\/\/www.correiobraziliense.com.br\/cbradar\/wp-json\/wp\/v2\/post_tag?post=130237"}],"curies":[{"name":"wp","href":"https:\/\/api.w.org\/{rel}","templated":true}]}}