{"id":13055,"date":"2025-03-18T18:30:00","date_gmt":"2025-03-18T21:30:00","guid":{"rendered":"https:\/\/www.correiobraziliense.com.br\/cbradar\/?p=13055"},"modified":"2025-03-17T16:14:54","modified_gmt":"2025-03-17T19:14:54","slug":"o-lugar-onde-os-bebes-nascem-com-dupla-cidadania-automaticamente","status":"publish","type":"post","link":"https:\/\/www.correiobraziliense.com.br\/cbradar\/o-lugar-onde-os-bebes-nascem-com-dupla-cidadania-automaticamente\/","title":{"rendered":"O lugar onde os beb\u00eas nascem com dupla cidadania automaticamente"},"content":{"rendered":"\n<p>O vilarejo de <strong>Baarle-Hertog<\/strong> e <strong>Baarle-Nassau<\/strong>, localizada na fronteira entre <strong>B\u00e9lgica<\/strong> e <strong>Holanda<\/strong>, tem uma orienta\u00e7\u00e3o \u00fanica: seus beb\u00eas podem nascer com <strong>dupla cidadania automaticamente<\/strong>. A raz\u00e3o para isso \u00e9 a complexa divis\u00e3o territorial que faz com que as ruas, casas e at\u00e9 mesmo c\u00f4modos perten\u00e7am a dois pa\u00edses diferentes.<\/p>\n\n\n\n<h2 class=\"wp-block-heading\">Como funciona a divis\u00e3o territorial?<\/h2>\n\n\n\n<p>Diferente de qualquer outra cidade no mundo, <strong>Baarle-Hertog<\/strong> (territ\u00f3rio belga) e <strong>Baarle-Nassau<\/strong> (territ\u00f3rio holand\u00eas) s\u00e3o completamente entrela\u00e7ados. Isso significa que dentro do vilarejo existem <strong>enclaves e subenclaves<\/strong>, onde pequenos trechos de terra pertencem a um pa\u00eds dentro do territ\u00f3rio do outro.<\/p>\n\n\n\n<p>Isso cria situa\u00e7\u00f5es inusitadas, como casas divididas ao meio pela fronteira, onde a <strong>nacionalidade do residente depende da localiza\u00e7\u00e3o da porta de entrada<\/strong>. Assim, um beb\u00ea nascido em uma casa pode automaticamente ter cidadania belga ou holandesa, dependendo de onde est\u00e1 a porta principal da resid\u00eancia.<\/p>\n\n\n\n<figure class=\"wp-block-image size-large\"><img decoding=\"async\" width=\"1024\" height=\"576\" src=\"https:\/\/www.correiobraziliense.com.br\/cbradar\/wp-content\/uploads\/2025\/03\/Baarle-Nassau_1742210402544-1024x576.jpg\" alt=\"O lugar onde os beb\u00eas nascem com dupla cidadania automaticamente\" class=\"wp-image-13056\" srcset=\"https:\/\/www.correiobraziliense.com.br\/cbradar\/wp-content\/uploads\/2025\/03\/Baarle-Nassau_1742210402544-1024x576.jpg 1024w, https:\/\/www.correiobraziliense.com.br\/cbradar\/wp-content\/uploads\/2025\/03\/Baarle-Nassau_1742210402544-300x169.jpg 300w, https:\/\/www.correiobraziliense.com.br\/cbradar\/wp-content\/uploads\/2025\/03\/Baarle-Nassau_1742210402544-768x432.jpg 768w, https:\/\/www.correiobraziliense.com.br\/cbradar\/wp-content\/uploads\/2025\/03\/Baarle-Nassau_1742210402544-750x422.jpg 750w, https:\/\/www.correiobraziliense.com.br\/cbradar\/wp-content\/uploads\/2025\/03\/Baarle-Nassau_1742210402544-1140x641.jpg 1140w, https:\/\/www.correiobraziliense.com.br\/cbradar\/wp-content\/uploads\/2025\/03\/Baarle-Nassau_1742210402544.jpg 1280w\" sizes=\"(max-width: 1024px) 100vw, 1024px\" \/><figcaption class=\"wp-element-caption\">Baarle-Nassau. Cr\u00e9ditos: depositphotos.com \/ naiveangel.com@gmail.com<\/figcaption><\/figure>\n\n\n\n<h2 class=\"wp-block-heading\">O que acontece com os beb\u00eas nascidos no vilarejo?<\/h2>\n\n\n\n<p>Os beb\u00eas nascidos em <strong>Baarle-Hertog\/Baarle-Nassau<\/strong> podem, em alguns casos, ser registrados como cidad\u00e3os de ambos os pa\u00edses. Isso ocorre devido \u00e0 confus\u00e3o territorial e \u00e0s leis de nacionalidade que envolvem diferentes fatores, como o local de nascimento e a cidadania dos pais.<\/p>\n\n\n\n<p>Al\u00e9m disso, a quest\u00e3o da nacionalidade dupla pode gerar curiosidades burocr\u00e1ticas, como <strong>endere\u00e7os que pertencem a dois pa\u00edses ao mesmo tempo<\/strong>, resultando em diferentes leis tribut\u00e1rias e sistemas administrativos para os moradores.<\/p>\n\n\n\n<h2 class=\"wp-block-heading\">Curiosidades sobre Baarle-Hertog\/Baarle-Nassau<\/h2>\n\n\n\n<ul class=\"wp-block-list\">\n<li><strong>Fronteira invis\u00edvel: a<\/strong>s linhas que dividem B\u00e9lgica e Holanda passam por ruas, casas e at\u00e9 restaurantes.<\/li>\n\n\n\n<li><strong>Casas de duas nacionalidades<\/strong>: algumas resid\u00eancias t\u00eam duas portas para evitar confus\u00e3o com a nacionalidade dos moradores.<\/li>\n\n\n\n<li><strong>Duas prefeituras: <\/strong>cada parte do vilarejo tem sua pr\u00f3pria administra\u00e7\u00e3o, apesar da conviv\u00eancia harmoniosa.<\/li>\n\n\n\n<li><strong>Lojas com hor\u00e1rios diferentes: p<\/strong>or conta das leis de cada pa\u00eds, uma loja pode ter dois hor\u00e1rios de funcionamento.<\/li>\n\n\n\n<li><strong>Destino tur\u00edstico<\/strong>: O vilarejo atrai curiosos do mundo todo por sua peculiar divis\u00e3o territorial.<\/li>\n<\/ul>\n\n\n\n<p>Esse pequeno vilarejo \u00e9 um exemplo fascinante de como as fronteiras podem ser algo relativo e de como a geografia pode influenciar at\u00e9 mesmo a <strong>nacionalidade de uma pessoa antes mesmo de seu nascimento<\/strong>.<\/p>\n","protected":false},"excerpt":{"rendered":"<p>Um vilarejo dividido entre dois pa\u00edses permite que beb\u00eas nas\u00e7am com dupla cidadania automaticamente. Descubra como essa curiosa fronteira!<\/p>\n","protected":false},"author":3,"featured_media":13057,"comment_status":"open","ping_status":"open","sticky":false,"template":"","format":"standard","meta":{"_yoast_wpseo_focuskw":"beb\u00eas dupla cidadania","_yoast_wpseo_title":"%%title%%","_yoast_wpseo_metadesc":"Um vilarejo dividido entre dois pa\u00edses permite que beb\u00eas nas\u00e7am com dupla cidadania automaticamente. Descubra como essa curiosa fronteira!","jnews-multi-image_gallery":[],"jnews_single_post":{"format":"standard"},"jnews_primary_category":[],"jnews_social_meta":[],"jnews_override_counter":[],"footnotes":""},"categories":[108],"post_tag":[109],"class_list":["post-13055","post","type-post","status-publish","format-standard","has-post-thumbnail","hentry","category-cidades","tag-cidades"],"yoast_head":"<!-- This site is optimized with the Yoast SEO plugin v24.6 - https:\/\/yoast.com\/wordpress\/plugins\/seo\/ -->\n<title>O lugar onde os beb\u00eas nascem com dupla cidadania automaticamente<\/title>\n<meta name=\"description\" content=\"Um vilarejo dividido entre dois pa\u00edses permite que beb\u00eas nas\u00e7am com dupla cidadania automaticamente. Descubra como essa curiosa fronteira!\" \/>\n<meta name=\"robots\" content=\"index, follow, max-snippet:-1, max-image-preview:large, max-video-preview:-1\" \/>\n<link rel=\"canonical\" href=\"https:\/\/www.correiobraziliense.com.br\/cbradar\/o-lugar-onde-os-bebes-nascem-com-dupla-cidadania-automaticamente\/\" \/>\n<meta property=\"og:locale\" content=\"pt_BR\" \/>\n<meta property=\"og:type\" content=\"article\" \/>\n<meta property=\"og:title\" content=\"O lugar onde os beb\u00eas nascem com dupla cidadania automaticamente\" \/>\n<meta property=\"og:description\" content=\"Um vilarejo dividido entre dois pa\u00edses permite que beb\u00eas nas\u00e7am com dupla cidadania automaticamente. Descubra como essa curiosa fronteira!\" \/>\n<meta property=\"og:url\" content=\"https:\/\/www.correiobraziliense.com.br\/cbradar\/o-lugar-onde-os-bebes-nascem-com-dupla-cidadania-automaticamente\/\" \/>\n<meta property=\"og:site_name\" content=\"Correio Braziliense - Radar\" \/>\n<meta property=\"article:published_time\" content=\"2025-03-18T21:30:00+00:00\" \/>\n<meta property=\"og:image\" content=\"https:\/\/www.correiobraziliense.com.br\/cbradar\/wp-content\/uploads\/2025\/03\/Holanda_1742210429215.jpg\" \/>\n\t<meta property=\"og:image:width\" content=\"1280\" \/>\n\t<meta property=\"og:image:height\" content=\"720\" \/>\n\t<meta property=\"og:image:type\" content=\"image\/jpeg\" \/>\n<meta name=\"author\" content=\"Larissa Carvalho\" \/>\n<meta name=\"twitter:card\" content=\"summary_large_image\" \/>\n<meta name=\"twitter:label1\" content=\"Escrito por\" \/>\n\t<meta name=\"twitter:data1\" content=\"Larissa Carvalho\" \/>\n\t<meta name=\"twitter:label2\" content=\"Est. tempo de leitura\" \/>\n\t<meta name=\"twitter:data2\" content=\"3 minutos\" \/>\n<!-- \/ Yoast SEO plugin. -->","yoast_head_json":{"title":"O lugar onde os beb\u00eas nascem com dupla cidadania automaticamente","description":"Um vilarejo dividido entre dois pa\u00edses permite que beb\u00eas nas\u00e7am com dupla cidadania automaticamente. Descubra como essa curiosa fronteira!","robots":{"index":"index","follow":"follow","max-snippet":"max-snippet:-1","max-image-preview":"max-image-preview:large","max-video-preview":"max-video-preview:-1"},"canonical":"https:\/\/www.correiobraziliense.com.br\/cbradar\/o-lugar-onde-os-bebes-nascem-com-dupla-cidadania-automaticamente\/","og_locale":"pt_BR","og_type":"article","og_title":"O lugar onde os beb\u00eas nascem com dupla cidadania automaticamente","og_description":"Um vilarejo dividido entre dois pa\u00edses permite que beb\u00eas nas\u00e7am com dupla cidadania automaticamente. Descubra como essa curiosa fronteira!","og_url":"https:\/\/www.correiobraziliense.com.br\/cbradar\/o-lugar-onde-os-bebes-nascem-com-dupla-cidadania-automaticamente\/","og_site_name":"Correio Braziliense - Radar","article_published_time":"2025-03-18T21:30:00+00:00","og_image":[{"width":1280,"height":720,"url":"https:\/\/www.correiobraziliense.com.br\/cbradar\/wp-content\/uploads\/2025\/03\/Holanda_1742210429215.jpg","type":"image\/jpeg"}],"author":"Larissa Carvalho","twitter_card":"summary_large_image","twitter_misc":{"Escrito por":"Larissa Carvalho","Est. tempo de leitura":"3 minutos"},"schema":{"@context":"https:\/\/schema.org","@graph":[{"@type":"WebPage","@id":"https:\/\/www.correiobraziliense.com.br\/cbradar\/o-lugar-onde-os-bebes-nascem-com-dupla-cidadania-automaticamente\/","url":"https:\/\/www.correiobraziliense.com.br\/cbradar\/o-lugar-onde-os-bebes-nascem-com-dupla-cidadania-automaticamente\/","name":"O lugar onde os beb\u00eas nascem com dupla cidadania automaticamente","isPartOf":{"@id":"https:\/\/www.correiobraziliense.com.br\/cbradar\/#website"},"primaryImageOfPage":{"@id":"https:\/\/www.correiobraziliense.com.br\/cbradar\/o-lugar-onde-os-bebes-nascem-com-dupla-cidadania-automaticamente\/#primaryimage"},"image":{"@id":"https:\/\/www.correiobraziliense.com.br\/cbradar\/o-lugar-onde-os-bebes-nascem-com-dupla-cidadania-automaticamente\/#primaryimage"},"thumbnailUrl":"https:\/\/www.correiobraziliense.com.br\/cbradar\/wp-content\/uploads\/2025\/03\/Holanda_1742210429215.jpg","datePublished":"2025-03-18T21:30:00+00:00","author":{"@id":"https:\/\/www.correiobraziliense.com.br\/cbradar\/#\/schema\/person\/58422787644df994b53a19d3e56c1513"},"description":"Um vilarejo dividido entre dois pa\u00edses permite que beb\u00eas nas\u00e7am com dupla cidadania automaticamente. Descubra como essa curiosa fronteira!","breadcrumb":{"@id":"https:\/\/www.correiobraziliense.com.br\/cbradar\/o-lugar-onde-os-bebes-nascem-com-dupla-cidadania-automaticamente\/#breadcrumb"},"inLanguage":"pt-BR","potentialAction":[{"@type":"ReadAction","target":["https:\/\/www.correiobraziliense.com.br\/cbradar\/o-lugar-onde-os-bebes-nascem-com-dupla-cidadania-automaticamente\/"]}]},{"@type":"ImageObject","inLanguage":"pt-BR","@id":"https:\/\/www.correiobraziliense.com.br\/cbradar\/o-lugar-onde-os-bebes-nascem-com-dupla-cidadania-automaticamente\/#primaryimage","url":"https:\/\/www.correiobraziliense.com.br\/cbradar\/wp-content\/uploads\/2025\/03\/Holanda_1742210429215.jpg","contentUrl":"https:\/\/www.correiobraziliense.com.br\/cbradar\/wp-content\/uploads\/2025\/03\/Holanda_1742210429215.jpg","width":1280,"height":720,"caption":"Holanda. Cr\u00e9ditos: depositphotos.com \/ IraGirichBO"},{"@type":"BreadcrumbList","@id":"https:\/\/www.correiobraziliense.com.br\/cbradar\/o-lugar-onde-os-bebes-nascem-com-dupla-cidadania-automaticamente\/#breadcrumb","itemListElement":[{"@type":"ListItem","position":1,"name":"In\u00edcio","item":"https:\/\/www.correiobraziliense.com.br\/cbradar\/"},{"@type":"ListItem","position":2,"name":"O lugar onde os beb\u00eas nascem com dupla cidadania automaticamente"}]},{"@type":"WebSite","@id":"https:\/\/www.correiobraziliense.com.br\/cbradar\/#website","url":"https:\/\/www.correiobraziliense.com.br\/cbradar\/","name":"Correio Braziliense - Radar","description":"Acompanhe as \u00faltimas not\u00edcias e fique bem informado sobre tudo o que acontece no Brasil e no mundo.","potentialAction":[{"@type":"SearchAction","target":{"@type":"EntryPoint","urlTemplate":"https:\/\/www.correiobraziliense.com.br\/cbradar\/?s={search_term_string}"},"query-input":{"@type":"PropertyValueSpecification","valueRequired":true,"valueName":"search_term_string"}}],"inLanguage":"pt-BR"},{"@type":"Person","@id":"https:\/\/www.correiobraziliense.com.br\/cbradar\/#\/schema\/person\/58422787644df994b53a19d3e56c1513","name":"Larissa Carvalho","image":{"@type":"ImageObject","inLanguage":"pt-BR","@id":"https:\/\/www.correiobraziliense.com.br\/cbradar\/#\/schema\/person\/image\/","url":"https:\/\/secure.gravatar.com\/avatar\/fe4f91a0de32b52a838d0d612abdc1aa?s=96&d=mm&r=g","contentUrl":"https:\/\/secure.gravatar.com\/avatar\/fe4f91a0de32b52a838d0d612abdc1aa?s=96&d=mm&r=g","caption":"Larissa Carvalho"},"url":"https:\/\/www.correiobraziliense.com.br\/cbradar\/author\/larissamyth\/"}]}},"_links":{"self":[{"href":"https:\/\/www.correiobraziliense.com.br\/cbradar\/wp-json\/wp\/v2\/posts\/13055","targetHints":{"allow":["GET"]}}],"collection":[{"href":"https:\/\/www.correiobraziliense.com.br\/cbradar\/wp-json\/wp\/v2\/posts"}],"about":[{"href":"https:\/\/www.correiobraziliense.com.br\/cbradar\/wp-json\/wp\/v2\/types\/post"}],"author":[{"embeddable":true,"href":"https:\/\/www.correiobraziliense.com.br\/cbradar\/wp-json\/wp\/v2\/users\/3"}],"replies":[{"embeddable":true,"href":"https:\/\/www.correiobraziliense.com.br\/cbradar\/wp-json\/wp\/v2\/comments?post=13055"}],"version-history":[{"count":1,"href":"https:\/\/www.correiobraziliense.com.br\/cbradar\/wp-json\/wp\/v2\/posts\/13055\/revisions"}],"predecessor-version":[{"id":13058,"href":"https:\/\/www.correiobraziliense.com.br\/cbradar\/wp-json\/wp\/v2\/posts\/13055\/revisions\/13058"}],"wp:featuredmedia":[{"embeddable":true,"href":"https:\/\/www.correiobraziliense.com.br\/cbradar\/wp-json\/wp\/v2\/media\/13057"}],"wp:attachment":[{"href":"https:\/\/www.correiobraziliense.com.br\/cbradar\/wp-json\/wp\/v2\/media?parent=13055"}],"wp:term":[{"taxonomy":"category","embeddable":true,"href":"https:\/\/www.correiobraziliense.com.br\/cbradar\/wp-json\/wp\/v2\/categories?post=13055"},{"taxonomy":"post_tag","embeddable":true,"href":"https:\/\/www.correiobraziliense.com.br\/cbradar\/wp-json\/wp\/v2\/post_tag?post=13055"}],"curies":[{"name":"wp","href":"https:\/\/api.w.org\/{rel}","templated":true}]}}