{"id":13067,"date":"2025-03-18T22:50:00","date_gmt":"2025-03-19T01:50:00","guid":{"rendered":"https:\/\/www.correiobraziliense.com.br\/cbradar\/?p=13067"},"modified":"2025-03-17T16:16:31","modified_gmt":"2025-03-17T19:16:31","slug":"conheca-a-cidade-projetada-para-nao-precisar-de-carros","status":"publish","type":"post","link":"https:\/\/www.correiobraziliense.com.br\/cbradar\/conheca-a-cidade-projetada-para-nao-precisar-de-carros\/","title":{"rendered":"Conhe\u00e7a a cidade projetada para n\u00e3o precisar de carros"},"content":{"rendered":"\n<p>Na cidade de <strong>Vauban<\/strong>, na <strong>Alemanha<\/strong>, os carros s\u00e3o praticamente inexistentes. Planejado para ser um modelo de <strong>urbanismo sustent\u00e1vel<\/strong>, Vauban foi desenvolvido com foco em transporte p\u00fablico, bicicletas e mobilidade a p\u00e9, eliminando a necessidade de ve\u00edculos particulares.<\/p>\n\n\n\n<h2 class=\"wp-block-heading\">Como Vauban foi projetado sem carros?<\/h2>\n\n\n\n<p>Desde sua cria\u00e7\u00e3o, Vauban avan\u00e7ou um planejamento urbano inovador. As ruas s\u00e3o estreitas, os estacionamentos s\u00e3o limitados e as moradias foram constru\u00eddas pr\u00f3ximas umas das outras para facilitar o deslocamento a p\u00e9 ou de bicicleta. Al\u00e9m disso, a cidade conta com um sistema de <strong>transporte p\u00fablico eficiente<\/strong>, que inclui bondes e \u00f4nibus el\u00e9tricos.<\/p>\n\n\n\n<p>Para reduzir ainda mais o uso de carros, <strong>quem deseja possuir um ve\u00edculo precisa pagar por um estacionamento separado, fora da cidade<\/strong>. Isso estimula a posse de autom\u00f3veis e incentiva o uso de meios de transporte sustent\u00e1veis.<\/p>\n\n\n\n<figure class=\"wp-block-image size-large\"><img decoding=\"async\" width=\"1024\" height=\"576\" src=\"https:\/\/www.correiobraziliense.com.br\/cbradar\/wp-content\/uploads\/2025\/03\/Vauban_1742214003087-1024x576.jpg\" alt=\"Conhe\u00e7a a cidade projetada para n\u00e3o precisar de carros\" class=\"wp-image-13069\" srcset=\"https:\/\/www.correiobraziliense.com.br\/cbradar\/wp-content\/uploads\/2025\/03\/Vauban_1742214003087-1024x576.jpg 1024w, https:\/\/www.correiobraziliense.com.br\/cbradar\/wp-content\/uploads\/2025\/03\/Vauban_1742214003087-300x169.jpg 300w, https:\/\/www.correiobraziliense.com.br\/cbradar\/wp-content\/uploads\/2025\/03\/Vauban_1742214003087-768x432.jpg 768w, https:\/\/www.correiobraziliense.com.br\/cbradar\/wp-content\/uploads\/2025\/03\/Vauban_1742214003087-750x422.jpg 750w, https:\/\/www.correiobraziliense.com.br\/cbradar\/wp-content\/uploads\/2025\/03\/Vauban_1742214003087-1140x642.jpg 1140w, https:\/\/www.correiobraziliense.com.br\/cbradar\/wp-content\/uploads\/2025\/03\/Vauban_1742214003087.jpg 1279w\" sizes=\"(max-width: 1024px) 100vw, 1024px\" \/><figcaption class=\"wp-element-caption\">Vauban. Cr\u00e9ditos: depositphotos.com \/ jehoede<\/figcaption><\/figure>\n\n\n\n<h2 class=\"wp-block-heading\">Como os moradores se locomovem?<\/h2>\n\n\n\n<p>A estrutura de Vauban foi projetada para que <strong>tudo fique a poucos minutos de dist\u00e2ncia<\/strong>, permitindo que os moradores realizem suas atividades di\u00e1rias sem precisar de um carro. Entre os principais meios de locomo\u00e7\u00e3o est\u00e3o:<\/p>\n\n\n\n<ul class=\"wp-block-list\">\n<li><strong>Bicicletas<\/strong>: Vauban tem ciclovias bem estruturadas e seguras.<\/li>\n\n\n\n<li><strong>Transporte p\u00fablico<\/strong>: Bondes e \u00f4nibus el\u00e9tricos fazem a conex\u00e3o com outras cidades.<\/li>\n\n\n\n<li><strong>Caminhadas<\/strong>: A infraestrutura urbana incentiva a desloca\u00e7\u00e3o a p\u00e9.<\/li>\n<\/ul>\n\n\n\n<p>Esse modelo urbano j\u00e1 atraiu a aten\u00e7\u00e3o de outros pa\u00edses que buscam solu\u00e7\u00f5es sustent\u00e1veis \u200b\u200bpara o futuro das cidades.<\/p>\n\n\n\n<h2 class=\"wp-block-heading\">Curiosidades sobre Vauban<\/h2>\n\n\n\n<ul class=\"wp-block-list\">\n<li><strong>90% dos moradores vivem sem carro pr\u00f3prio.<\/strong><\/li>\n\n\n\n<li><strong>O bairro foi constru\u00eddo numa antiga base militar desativada.<\/strong><\/li>\n\n\n\n<li><strong>A cidade gera energia renov\u00e1vel e tem edif\u00edcios de baixo consumo de energia.<\/strong><\/li>\n\n\n\n<li><strong>O aluguel de bicicletas e transporte p\u00fablico \u00e9 altamente acess\u00edvel.<\/strong><\/li>\n\n\n\n<li><strong>\u00c9 um exemplo global de urbanismo sustent\u00e1vel.<\/strong><\/li>\n<\/ul>\n\n\n\n<p>Vauban mostra que \u00e9 poss\u00edvel viver sem carros e ainda manter qualidade de vida e mobilidade eficiente!<\/p>\n","protected":false},"excerpt":{"rendered":"<p>Uma cidade alem\u00e3 eliminou os carros e apostou em bicicletas e transporte p\u00fablico. Descubra como funciona sem ve\u00edculos particulares!<\/p>\n","protected":false},"author":3,"featured_media":13068,"comment_status":"open","ping_status":"open","sticky":false,"template":"","format":"standard","meta":{"_yoast_wpseo_focuskw":"cidade sem carros","_yoast_wpseo_title":"%%title%%","_yoast_wpseo_metadesc":"Uma cidade alem\u00e3 eliminou os carros e apostou em bicicletas e transporte p\u00fablico. Descubra como funciona sem ve\u00edculos particulares!","jnews-multi-image_gallery":[],"jnews_single_post":{"format":"standard"},"jnews_primary_category":[],"jnews_social_meta":[],"jnews_override_counter":[],"footnotes":""},"categories":[108],"post_tag":[109],"class_list":["post-13067","post","type-post","status-publish","format-standard","has-post-thumbnail","hentry","category-cidades","tag-cidades"],"yoast_head":"<!-- This site is optimized with the Yoast SEO plugin v24.6 - https:\/\/yoast.com\/wordpress\/plugins\/seo\/ -->\n<title>Conhe\u00e7a a cidade projetada para n\u00e3o precisar de carros<\/title>\n<meta name=\"description\" content=\"Uma cidade alem\u00e3 eliminou os carros e apostou em bicicletas e transporte p\u00fablico. Descubra como funciona sem ve\u00edculos particulares!\" \/>\n<meta name=\"robots\" content=\"index, follow, max-snippet:-1, max-image-preview:large, max-video-preview:-1\" \/>\n<link rel=\"canonical\" href=\"https:\/\/www.correiobraziliense.com.br\/cbradar\/conheca-a-cidade-projetada-para-nao-precisar-de-carros\/\" \/>\n<meta property=\"og:locale\" content=\"pt_BR\" \/>\n<meta property=\"og:type\" content=\"article\" \/>\n<meta property=\"og:title\" content=\"Conhe\u00e7a a cidade projetada para n\u00e3o precisar de carros\" \/>\n<meta property=\"og:description\" content=\"Uma cidade alem\u00e3 eliminou os carros e apostou em bicicletas e transporte p\u00fablico. Descubra como funciona sem ve\u00edculos particulares!\" \/>\n<meta property=\"og:url\" content=\"https:\/\/www.correiobraziliense.com.br\/cbradar\/conheca-a-cidade-projetada-para-nao-precisar-de-carros\/\" \/>\n<meta property=\"og:site_name\" content=\"Correio Braziliense - Radar\" \/>\n<meta property=\"article:published_time\" content=\"2025-03-19T01:50:00+00:00\" \/>\n<meta property=\"og:image\" content=\"https:\/\/www.correiobraziliense.com.br\/cbradar\/wp-content\/uploads\/2025\/03\/Vauban_1742213946907.jpg\" \/>\n\t<meta property=\"og:image:width\" content=\"1280\" \/>\n\t<meta property=\"og:image:height\" content=\"720\" \/>\n\t<meta property=\"og:image:type\" content=\"image\/jpeg\" \/>\n<meta name=\"author\" content=\"Larissa Carvalho\" \/>\n<meta name=\"twitter:card\" content=\"summary_large_image\" \/>\n<meta name=\"twitter:label1\" content=\"Escrito por\" \/>\n\t<meta name=\"twitter:data1\" content=\"Larissa Carvalho\" \/>\n\t<meta name=\"twitter:label2\" content=\"Est. tempo de leitura\" \/>\n\t<meta name=\"twitter:data2\" content=\"3 minutos\" \/>\n<!-- \/ Yoast SEO plugin. -->","yoast_head_json":{"title":"Conhe\u00e7a a cidade projetada para n\u00e3o precisar de carros","description":"Uma cidade alem\u00e3 eliminou os carros e apostou em bicicletas e transporte p\u00fablico. Descubra como funciona sem ve\u00edculos particulares!","robots":{"index":"index","follow":"follow","max-snippet":"max-snippet:-1","max-image-preview":"max-image-preview:large","max-video-preview":"max-video-preview:-1"},"canonical":"https:\/\/www.correiobraziliense.com.br\/cbradar\/conheca-a-cidade-projetada-para-nao-precisar-de-carros\/","og_locale":"pt_BR","og_type":"article","og_title":"Conhe\u00e7a a cidade projetada para n\u00e3o precisar de carros","og_description":"Uma cidade alem\u00e3 eliminou os carros e apostou em bicicletas e transporte p\u00fablico. Descubra como funciona sem ve\u00edculos particulares!","og_url":"https:\/\/www.correiobraziliense.com.br\/cbradar\/conheca-a-cidade-projetada-para-nao-precisar-de-carros\/","og_site_name":"Correio Braziliense - Radar","article_published_time":"2025-03-19T01:50:00+00:00","og_image":[{"width":1280,"height":720,"url":"https:\/\/www.correiobraziliense.com.br\/cbradar\/wp-content\/uploads\/2025\/03\/Vauban_1742213946907.jpg","type":"image\/jpeg"}],"author":"Larissa Carvalho","twitter_card":"summary_large_image","twitter_misc":{"Escrito por":"Larissa Carvalho","Est. tempo de leitura":"3 minutos"},"schema":{"@context":"https:\/\/schema.org","@graph":[{"@type":"WebPage","@id":"https:\/\/www.correiobraziliense.com.br\/cbradar\/conheca-a-cidade-projetada-para-nao-precisar-de-carros\/","url":"https:\/\/www.correiobraziliense.com.br\/cbradar\/conheca-a-cidade-projetada-para-nao-precisar-de-carros\/","name":"Conhe\u00e7a a cidade projetada para n\u00e3o precisar de carros","isPartOf":{"@id":"https:\/\/www.correiobraziliense.com.br\/cbradar\/#website"},"primaryImageOfPage":{"@id":"https:\/\/www.correiobraziliense.com.br\/cbradar\/conheca-a-cidade-projetada-para-nao-precisar-de-carros\/#primaryimage"},"image":{"@id":"https:\/\/www.correiobraziliense.com.br\/cbradar\/conheca-a-cidade-projetada-para-nao-precisar-de-carros\/#primaryimage"},"thumbnailUrl":"https:\/\/www.correiobraziliense.com.br\/cbradar\/wp-content\/uploads\/2025\/03\/Vauban_1742213946907.jpg","datePublished":"2025-03-19T01:50:00+00:00","author":{"@id":"https:\/\/www.correiobraziliense.com.br\/cbradar\/#\/schema\/person\/58422787644df994b53a19d3e56c1513"},"description":"Uma cidade alem\u00e3 eliminou os carros e apostou em bicicletas e transporte p\u00fablico. Descubra como funciona sem ve\u00edculos particulares!","breadcrumb":{"@id":"https:\/\/www.correiobraziliense.com.br\/cbradar\/conheca-a-cidade-projetada-para-nao-precisar-de-carros\/#breadcrumb"},"inLanguage":"pt-BR","potentialAction":[{"@type":"ReadAction","target":["https:\/\/www.correiobraziliense.com.br\/cbradar\/conheca-a-cidade-projetada-para-nao-precisar-de-carros\/"]}]},{"@type":"ImageObject","inLanguage":"pt-BR","@id":"https:\/\/www.correiobraziliense.com.br\/cbradar\/conheca-a-cidade-projetada-para-nao-precisar-de-carros\/#primaryimage","url":"https:\/\/www.correiobraziliense.com.br\/cbradar\/wp-content\/uploads\/2025\/03\/Vauban_1742213946907.jpg","contentUrl":"https:\/\/www.correiobraziliense.com.br\/cbradar\/wp-content\/uploads\/2025\/03\/Vauban_1742213946907.jpg","width":1280,"height":720,"caption":"Vauban. Cr\u00e9ditos: depositphotos.com \/ pillerss"},{"@type":"BreadcrumbList","@id":"https:\/\/www.correiobraziliense.com.br\/cbradar\/conheca-a-cidade-projetada-para-nao-precisar-de-carros\/#breadcrumb","itemListElement":[{"@type":"ListItem","position":1,"name":"In\u00edcio","item":"https:\/\/www.correiobraziliense.com.br\/cbradar\/"},{"@type":"ListItem","position":2,"name":"Conhe\u00e7a a cidade projetada para n\u00e3o precisar de carros"}]},{"@type":"WebSite","@id":"https:\/\/www.correiobraziliense.com.br\/cbradar\/#website","url":"https:\/\/www.correiobraziliense.com.br\/cbradar\/","name":"Correio Braziliense - Radar","description":"Acompanhe as \u00faltimas not\u00edcias e fique bem informado sobre tudo o que acontece no Brasil e no mundo.","potentialAction":[{"@type":"SearchAction","target":{"@type":"EntryPoint","urlTemplate":"https:\/\/www.correiobraziliense.com.br\/cbradar\/?s={search_term_string}"},"query-input":{"@type":"PropertyValueSpecification","valueRequired":true,"valueName":"search_term_string"}}],"inLanguage":"pt-BR"},{"@type":"Person","@id":"https:\/\/www.correiobraziliense.com.br\/cbradar\/#\/schema\/person\/58422787644df994b53a19d3e56c1513","name":"Larissa Carvalho","image":{"@type":"ImageObject","inLanguage":"pt-BR","@id":"https:\/\/www.correiobraziliense.com.br\/cbradar\/#\/schema\/person\/image\/","url":"https:\/\/secure.gravatar.com\/avatar\/fe4f91a0de32b52a838d0d612abdc1aa?s=96&d=mm&r=g","contentUrl":"https:\/\/secure.gravatar.com\/avatar\/fe4f91a0de32b52a838d0d612abdc1aa?s=96&d=mm&r=g","caption":"Larissa Carvalho"},"url":"https:\/\/www.correiobraziliense.com.br\/cbradar\/author\/larissamyth\/"}]}},"_links":{"self":[{"href":"https:\/\/www.correiobraziliense.com.br\/cbradar\/wp-json\/wp\/v2\/posts\/13067","targetHints":{"allow":["GET"]}}],"collection":[{"href":"https:\/\/www.correiobraziliense.com.br\/cbradar\/wp-json\/wp\/v2\/posts"}],"about":[{"href":"https:\/\/www.correiobraziliense.com.br\/cbradar\/wp-json\/wp\/v2\/types\/post"}],"author":[{"embeddable":true,"href":"https:\/\/www.correiobraziliense.com.br\/cbradar\/wp-json\/wp\/v2\/users\/3"}],"replies":[{"embeddable":true,"href":"https:\/\/www.correiobraziliense.com.br\/cbradar\/wp-json\/wp\/v2\/comments?post=13067"}],"version-history":[{"count":1,"href":"https:\/\/www.correiobraziliense.com.br\/cbradar\/wp-json\/wp\/v2\/posts\/13067\/revisions"}],"predecessor-version":[{"id":13070,"href":"https:\/\/www.correiobraziliense.com.br\/cbradar\/wp-json\/wp\/v2\/posts\/13067\/revisions\/13070"}],"wp:featuredmedia":[{"embeddable":true,"href":"https:\/\/www.correiobraziliense.com.br\/cbradar\/wp-json\/wp\/v2\/media\/13068"}],"wp:attachment":[{"href":"https:\/\/www.correiobraziliense.com.br\/cbradar\/wp-json\/wp\/v2\/media?parent=13067"}],"wp:term":[{"taxonomy":"category","embeddable":true,"href":"https:\/\/www.correiobraziliense.com.br\/cbradar\/wp-json\/wp\/v2\/categories?post=13067"},{"taxonomy":"post_tag","embeddable":true,"href":"https:\/\/www.correiobraziliense.com.br\/cbradar\/wp-json\/wp\/v2\/post_tag?post=13067"}],"curies":[{"name":"wp","href":"https:\/\/api.w.org\/{rel}","templated":true}]}}