{"id":130818,"date":"2025-11-04T06:25:00","date_gmt":"2025-11-04T09:25:00","guid":{"rendered":"https:\/\/www.correiobraziliense.com.br\/cbradar\/?p=130818"},"modified":"2025-11-03T01:01:01","modified_gmt":"2025-11-03T04:01:01","slug":"a-cidade-que-virou-referencia-nacional-em-qualidade-de-vida-no-brasil","status":"publish","type":"post","link":"https:\/\/www.correiobraziliense.com.br\/cbradar\/a-cidade-que-virou-referencia-nacional-em-qualidade-de-vida-no-brasil\/","title":{"rendered":"A cidade que virou refer\u00eancia nacional em qualidade de vida no Brasil"},"content":{"rendered":"\n<p><strong>S\u00e3o Caetano do Sul<\/strong>, na <strong>Grande ABC<\/strong> de <strong>S\u00e3o Paulo<\/strong>, <strong>Brasil<\/strong>, a 12 km de <strong>S\u00e3o Paulo<\/strong> e pr\u00f3xima a <strong>Santo Andr\u00e9<\/strong> e <strong>S\u00e3o Bernardo do Campo<\/strong>, \u00e9 conhecida como \u201cCidade com o Maior IDH do Brasil\u201d. Com o melhor <strong>\u00cdndice de Desenvolvimento Humano<\/strong> do pa\u00eds e infraestrutura exemplar, <strong>S\u00e3o Caetano do Sul<\/strong> \u00e9 ideal para morar. Vivencie o que torna esta cidade um exemplo de qualidade de vida.<\/p>\n\n\n\n<ul class=\"wp-block-list\">\n<li>Economia robusta com ind\u00fastria, com\u00e9rcio e servi\u00e7os diversificados.<\/li>\n\n\n\n<li>Educa\u00e7\u00e3o de excel\u00eancia com 48,2% da popula\u00e7\u00e3o com ensino superior completo.<\/li>\n\n\n\n<li>Qualidade de vida incompar\u00e1vel com expectativa de vida de 78,5 anos.<\/li>\n<\/ul>\n\n\n\n<h2 class=\"wp-block-heading\">Por que morar em S\u00e3o Caetano do Sul?<\/h2>\n\n\n\n<p><strong>S\u00e3o Caetano do Sul<\/strong> possui um IDH de 0,862, segundo o <strong>Programa das Na\u00e7\u00f5es Unidas para o Desenvolvimento<\/strong>. A economia \u00e9 movida por ind\u00fastria, com\u00e9rcio e servi\u00e7os, conforme a <a href=\"https:\/\/www.saocaetanodosul.sp.gov.br\/home\" target=\"_blank\" rel=\"noreferrer noopener\"><strong>Prefeitura de S\u00e3o Caetano do Sul<\/strong>.<\/a><\/p>\n\n\n\n<p>Com cerca de 172.693 habitantes estimados, <a href=\"https:\/\/www.ibge.gov.br\/cidades-e-estados\/sp\/sao-caetano-do-sul.html\" target=\"_blank\" rel=\"noreferrer noopener\"><strong>segundo o<\/strong> <strong>IBGE<\/strong><\/a>, a cidade oferece servi\u00e7os p\u00fablicos de qualidade excepcional. A seguran\u00e7a \u00e9 refor\u00e7ada em \u00e1reas residenciais com \u00edndices de criminalidade baixos.<\/p>\n\n\n\n<p>O custo de vida equilibrado combina servi\u00e7os de primeira linha com valores mais acess\u00edveis que a capital. O sistema de sa\u00fade \u00e9 refer\u00eancia nacional com unidades modernas.<\/p>\n\n\n\n<p>A educa\u00e7\u00e3o destaca-se com taxa de analfabetismo de somente 1,5%, uma das menores do pa\u00eds. A prefeitura destina mais de 30% do or\u00e7amento para a \u00e1rea educacional, garantindo qualidade continuada.<\/p>\n\n\n<div class=\"wp-block-image\">\n<figure class=\"aligncenter size-large\"><img decoding=\"async\" width=\"1024\" height=\"576\" src=\"https:\/\/www.correiobraziliense.com.br\/cbradar\/wp-content\/uploads\/2025\/09\/Design-sem-nome-28-1024x576.png\" alt=\"Cidade de S\u00e3o Paulo se destaca em qualidade de vida para aposentados\" class=\"wp-image-106342\" srcset=\"https:\/\/www.correiobraziliense.com.br\/cbradar\/wp-content\/uploads\/2025\/09\/Design-sem-nome-28-1024x576.png 1024w, https:\/\/www.correiobraziliense.com.br\/cbradar\/wp-content\/uploads\/2025\/09\/Design-sem-nome-28-300x169.png 300w, https:\/\/www.correiobraziliense.com.br\/cbradar\/wp-content\/uploads\/2025\/09\/Design-sem-nome-28-768x432.png 768w, https:\/\/www.correiobraziliense.com.br\/cbradar\/wp-content\/uploads\/2025\/09\/Design-sem-nome-28-750x422.png 750w, https:\/\/www.correiobraziliense.com.br\/cbradar\/wp-content\/uploads\/2025\/09\/Design-sem-nome-28-1140x641.png 1140w, https:\/\/www.correiobraziliense.com.br\/cbradar\/wp-content\/uploads\/2025\/09\/Design-sem-nome-28.png 1280w\" sizes=\"(max-width: 1024px) 100vw, 1024px\" \/><figcaption class=\"wp-element-caption\">Rotina tranquila, ruas arborizadas e bem-estar fazem de S\u00e3o Caetano do Sul um modelo de cidade moderna. \/\/ Cr\u00e9ditos: YouTube @ACDrone<\/figcaption><\/figure><\/div>\n\n\n<h2 class=\"wp-block-heading\">Quais s\u00e3o os melhores bairros para morar em S\u00e3o Caetano do Sul?<\/h2>\n\n\n\n<ul class=\"wp-block-list\">\n<li>O <strong>Centro<\/strong> \u00e9 vibrante, com com\u00e9rcio diversificado e acesso ao <strong>Parque Chico Mendes<\/strong>. Ideal para quem busca praticidade e infraestrutura completa.<\/li>\n\n\n\n<li>O <strong>Barcelona<\/strong> oferece ambiente residencial tranquilo com boa estrutura de servi\u00e7os. Pr\u00f3ximo a escolas e supermercados, atrai fam\u00edlias jovens.<\/li>\n\n\n\n<li>A <strong>Santa Paula<\/strong> destaca-se pela qualidade de vida com \u00e1reas verdes preservadas. Possui condom\u00ednios modernos e seguran\u00e7a refor\u00e7ada.<\/li>\n\n\n\n<li>O <strong>Cer\u00e2mica<\/strong> combina tradi\u00e7\u00e3o industrial com crescimento residencial planejado. Oferece acessibilidade e proximidade aos principais corredores vi\u00e1rios.<\/li>\n<\/ul>\n\n\n\n<figure class=\"wp-block-embed aligncenter is-type-video is-provider-youtube wp-block-embed-youtube wp-embed-aspect-16-9 wp-has-aspect-ratio\"><div class=\"wp-block-embed__wrapper\">\n<div class=\"jeg_video_container jeg_video_content\"><iframe loading=\"lazy\" title=\"S\u00c3O CAETANO DO SUL - SP - 8K\" width=\"500\" height=\"281\" src=\"https:\/\/www.youtube.com\/embed\/eGPlWN4L6DE?start=11&#038;feature=oembed\" frameborder=\"0\" allow=\"accelerometer; autoplay; clipboard-write; encrypted-media; gyroscope; picture-in-picture; web-share\" referrerpolicy=\"strict-origin-when-cross-origin\" allowfullscreen><\/iframe><\/div>\n<\/div><figcaption class=\"wp-element-caption\"> S\u00e3o Caetano do Sul \/\/ Cr\u00e9ditos: YouTube @BRASILVISTOPORDRONE<\/figcaption><\/figure>\n\n\n\n<h2 class=\"wp-block-heading\">Quais s\u00e3o as principais atra\u00e7\u00f5es tur\u00edsticas de S\u00e3o Caetano do Sul?<\/h2>\n\n\n\n<p>O <strong>Parque Chico Mendes<\/strong> encanta com \u00e1reas verdes extensas e infraestrutura para atividades ao ar livre. \u00c9 o principal espa\u00e7o de lazer da cidade, segundo o <strong>Melhores Destinos<\/strong>.<\/p>\n\n\n\n<p>A <strong>Pra\u00e7a Bar\u00e3o do Rio Branco<\/strong> representa o cora\u00e7\u00e3o do centro hist\u00f3rico. Possui chafariz e \u00e1rea de lazer para crian\u00e7as, al\u00e9m de com\u00e9rcio tradicional no entorno.<\/p>\n\n\n\n<p>O <strong>Espa\u00e7o Verde Chico Mendes<\/strong> complementa a oferta de lazer com pistas de caminhada e quadras poliesportivas. Promove eventos culturais regulares para a comunidade.<\/p>\n\n\n\n<p>O <strong>Teatro Paulo Machado de Carvalho<\/strong> oferece programa\u00e7\u00e3o cultural diversificada. Apresenta espet\u00e1culos de teatro, m\u00fasica e dan\u00e7a durante todo o ano.<\/p>\n\n\n\n<p>A <strong>Casa de Cultura Antonino Assump\u00e7\u00e3o<\/strong> preserva a mem\u00f3ria hist\u00f3rica do munic\u00edpio. Realiza exposi\u00e7\u00f5es e oficinas culturais abertas ao p\u00fablico.<\/p>\n\n\n\n<ul class=\"wp-block-list\">\n<li><strong>Parque Chico Mendes<\/strong>: Principal \u00e1rea verde com infraestrutura completa para lazer familiar.<\/li>\n\n\n\n<li><strong>Pra\u00e7a Bar\u00e3o do Rio Branco<\/strong>: Centro hist\u00f3rico com chafariz e com\u00e9rcio tradicional.<\/li>\n\n\n\n<li><strong>Espa\u00e7o Verde Chico Mendes<\/strong>: Complexo esportivo e cultural com eventos regulares.<\/li>\n\n\n\n<li><strong>Teatro Paulo Machado de Carvalho<\/strong>: Programa\u00e7\u00e3o cultural diversificada ao longo do ano.<\/li>\n\n\n\n<li><strong>Casa de Cultura Antonino Assump\u00e7\u00e3o<\/strong>: Preserva\u00e7\u00e3o da mem\u00f3ria e exposi\u00e7\u00f5es hist\u00f3ricas.<\/li>\n<\/ul>\n\n\n<div class=\"wp-block-image\">\n<figure class=\"aligncenter size-large\"><img decoding=\"async\" width=\"1024\" height=\"576\" src=\"https:\/\/www.correiobraziliense.com.br\/cbradar\/wp-content\/uploads\/2025\/08\/Edicoes-34-1024x576.png\" alt=\"\" class=\"wp-image-79492\" srcset=\"https:\/\/www.correiobraziliense.com.br\/cbradar\/wp-content\/uploads\/2025\/08\/Edicoes-34-1024x576.png 1024w, https:\/\/www.correiobraziliense.com.br\/cbradar\/wp-content\/uploads\/2025\/08\/Edicoes-34-300x169.png 300w, https:\/\/www.correiobraziliense.com.br\/cbradar\/wp-content\/uploads\/2025\/08\/Edicoes-34-768x432.png 768w, https:\/\/www.correiobraziliense.com.br\/cbradar\/wp-content\/uploads\/2025\/08\/Edicoes-34-750x422.png 750w, https:\/\/www.correiobraziliense.com.br\/cbradar\/wp-content\/uploads\/2025\/08\/Edicoes-34-1140x641.png 1140w, https:\/\/www.correiobraziliense.com.br\/cbradar\/wp-content\/uploads\/2025\/08\/Edicoes-34.png 1280w\" sizes=\"(max-width: 1024px) 100vw, 1024px\" \/><figcaption class=\"wp-element-caption\">S\u00e3o Caetano do Sul atrai fam\u00edlias e investidores com qualidade de vida, mobilidade e desenvolvimento sustent\u00e1vel. \/\/ Cr\u00e9ditos: YouTube @dronenatrilha<\/figcaption><\/figure><\/div>\n\n\n<h2 class=\"wp-block-heading\">Como \u00e9 a vida cultural em S\u00e3o Caetano do Sul?<\/h2>\n\n\n\n<p><strong>S\u00e3o Caetano do Sul<\/strong> vibra com eventos culturais ao longo do ano. A <strong>Festa Italiana<\/strong> celebra as ra\u00edzes dos imigrantes com gastronomia e m\u00fasica t\u00edpica.<\/p>\n\n\n\n<p>O <strong>Festival de M\u00fasica<\/strong> re\u00fane artistas regionais e nacionais em apresenta\u00e7\u00f5es gratuitas. Acontece anualmente em espa\u00e7os p\u00fablicos da cidade.<\/p>\n\n\n\n<p>A gastronomia diversificada oferece restaurantes de culin\u00e1ria italiana, japonesa e brasileira. Bares e caf\u00e9s concentram-se no centro e atraem moradores e visitantes.<\/p>\n\n\n\n<p>O artesanato local valoriza t\u00e9cnicas tradicionais dos imigrantes italianos. Feiras regulares promovem a venda de produtos artesanais e aliment\u00edcios.<\/p>\n\n\n\n<h2 class=\"wp-block-heading\">Por que S\u00e3o Caetano do Sul \u00e9 refer\u00eancia em educa\u00e7\u00e3o?<\/h2>\n\n\n\n<p><strong>S\u00e3o Caetano do Sul<\/strong> \u00e9 conhecida pelos \u00edndices educacionais excepcionais, segundo o <strong>IBGE<\/strong>. A cidade possui a maior propor\u00e7\u00e3o de habitantes com ensino superior completo entre munic\u00edpios com mais de 100 mil habitantes.<\/p>\n\n\n\n<p>O investimento cont\u00ednuo em capacita\u00e7\u00e3o de professores e moderniza\u00e7\u00e3o das escolas garante qualidade. A <strong>Universidade Municipal de S\u00e3o Caetano do Sul<\/strong> complementa a oferta educacional com cursos superiores gratuitos.<\/p>\n\n\n\n<p>O <strong>IDEB<\/strong> da cidade supera as m\u00e9dias estaduais e nacionais tanto nos anos iniciais quanto finais. A taxa de escolariza\u00e7\u00e3o de 98,51% demonstra o compromisso com a universaliza\u00e7\u00e3o do ensino.<\/p>\n\n\n<div class=\"wp-block-image\">\n<figure class=\"aligncenter size-large\"><img decoding=\"async\" width=\"1024\" height=\"576\" src=\"https:\/\/www.correiobraziliense.com.br\/cbradar\/wp-content\/uploads\/2025\/09\/Design-sem-nome-26-1024x576.png\" alt=\"Cidade de S\u00e3o Paulo se destaca em qualidade de vida para aposentados\" class=\"wp-image-106343\" srcset=\"https:\/\/www.correiobraziliense.com.br\/cbradar\/wp-content\/uploads\/2025\/09\/Design-sem-nome-26-1024x576.png 1024w, https:\/\/www.correiobraziliense.com.br\/cbradar\/wp-content\/uploads\/2025\/09\/Design-sem-nome-26-300x169.png 300w, https:\/\/www.correiobraziliense.com.br\/cbradar\/wp-content\/uploads\/2025\/09\/Design-sem-nome-26-768x432.png 768w, https:\/\/www.correiobraziliense.com.br\/cbradar\/wp-content\/uploads\/2025\/09\/Design-sem-nome-26-750x422.png 750w, https:\/\/www.correiobraziliense.com.br\/cbradar\/wp-content\/uploads\/2025\/09\/Design-sem-nome-26-1140x641.png 1140w, https:\/\/www.correiobraziliense.com.br\/cbradar\/wp-content\/uploads\/2025\/09\/Design-sem-nome-26.png 1280w\" sizes=\"(max-width: 1024px) 100vw, 1024px\" \/><figcaption class=\"wp-element-caption\">S\u00e3o Caetano do Sul lidera rankings nacionais de educa\u00e7\u00e3o, renda e qualidade de vida no pa\u00eds. \/\/ Cr\u00e9ditos: YouTube @ACDrone<\/figcaption><\/figure><\/div>\n\n\n<h2 class=\"wp-block-heading\">A origem do t\u00edtulo de Maior IDH do Brasil<\/h2>\n\n\n\n<p><strong>S\u00e3o Caetano do Sul<\/strong> conquistou o t\u00edtulo de maior IDH do Brasil desde 1991. A trajet\u00f3ria de desenvolvimento remonta ao s\u00e9culo XX como polo industrial do <strong>ABC Paulista<\/strong>.<\/p>\n\n\n\n<p>A presen\u00e7a de grandes empresas como a <strong>General Motors<\/strong> impulsionou a economia local. Investimentos em infraestrutura e servi\u00e7os p\u00fablicos criaram ambiente prop\u00edcio ao crescimento humano.<\/p>\n\n\n\n<p>O planejamento urbano com revitaliza\u00e7\u00e3o de \u00e1reas p\u00fablicas, ciclovias e \u00e1reas verdes melhorou a qualidade de vida. Pol\u00edticas de mobilidade urbana reduziram tr\u00e2nsito e polui\u00e7\u00e3o progressivamente.<\/p>\n\n\n\n<h2 class=\"wp-block-heading\">Melhor \u00e9poca para visitar S\u00e3o Caetano do Sul?<\/h2>\n\n\n\n<p>Entre <strong>abril<\/strong> e <strong>setembro<\/strong>, <strong>S\u00e3o Caetano do Sul<\/strong> tem temperaturas entre 15\u202f\u00b0C e 25\u202f\u00b0C, segundo o <strong>Climatempo<\/strong>. A esta\u00e7\u00e3o mais amena \u00e9 ideal para conhecer os parques e espa\u00e7os culturais.<\/p>\n\n\n\n<p>Os meses de <strong>maio<\/strong> a <strong>agosto<\/strong> concentram menos chuvas, facilitando passeios externos. A cidade mant\u00e9m agenda cultural ativa durante todo o ano.<\/p>\n\n\n\n<p><strong>Outubro<\/strong> e <strong>novembro<\/strong> trazem primavera com temperaturas agrad\u00e1veis e flora\u00e7\u00e3o nos parques. \u00c9 per\u00edodo excelente para atividades ao ar livre e eventos comunit\u00e1rios.<\/p>\n\n\n\n<p><strong>Leia tamb\u00e9m: <a href=\"https:\/\/www.correiobraziliense.com.br\/cbradar\/cidade-se-destaca-com-1-medico-para-cada-100-habitantes-e-saude-de-qualidade\/\" target=\"_blank\" rel=\"noreferrer noopener\">Cidade se destaca com 1 m\u00e9dico para cada 100 habitantes e sa\u00fade de qualidade<\/a><\/strong><\/p>\n\n\n\n<h2 class=\"wp-block-heading\">Vivencie S\u00e3o Caetano do Sul<\/h2>\n\n\n\n<p><strong>S\u00e3o Caetano do Sul<\/strong> une qualidade de vida, educa\u00e7\u00e3o de excel\u00eancia e infraestrutura exemplar em <strong>S\u00e3o Paulo<\/strong>. Do <strong>Parque Chico Mendes<\/strong> aos eventos culturais, \u00e9 uma cidade que oferece o melhor em servi\u00e7os p\u00fablicos. Planeje sua mudan\u00e7a para viver o padr\u00e3o de qualidade de <strong>S\u00e3o Caetano do Sul<\/strong>.<\/p>\n\n\n\n<ul class=\"wp-block-list\">\n<li>Maior IDH do Brasil com educa\u00e7\u00e3o, sa\u00fade e longevidade excepcionais.<\/li>\n\n\n\n<li>Infraestrutura completa com parques, cultura e seguran\u00e7a.<\/li>\n\n\n\n<li>Localiza\u00e7\u00e3o estrat\u00e9gica a 12 km de <strong>S\u00e3o Paulo<\/strong> com acesso facilitado.<\/li>\n<\/ul>\n","protected":false},"excerpt":{"rendered":"<p>S\u00e3o Caetano do Sul, na Grande ABC de S\u00e3o Paulo, Brasil, a 12 km de S\u00e3o Paulo e pr\u00f3xima a Santo Andr\u00e9 e S\u00e3o Bernardo do Campo, \u00e9 conhecida como \u201cCidade com o Maior IDH do Brasil\u201d. Com o melhor \u00cdndice de Desenvolvimento Humano do pa\u00eds e infraestrutura exemplar, S\u00e3o Caetano do Sul \u00e9 ideal [&hellip;]<\/p>\n","protected":false},"author":8,"featured_media":106341,"comment_status":"open","ping_status":"open","sticky":false,"template":"","format":"standard","meta":{"_yoast_wpseo_focuskw":"cidade qualidade de vida","_yoast_wpseo_title":"","_yoast_wpseo_metadesc":"Essa cidade brasileira se destaca pela qualidade de vida e bem-estar. Descubra o que a torna um exemplo no pa\u00eds.","jnews-multi-image_gallery":[],"jnews_single_post":{"format":"standard"},"jnews_primary_category":[],"jnews_social_meta":[],"jnews_override_counter":[],"footnotes":""},"categories":[108,111],"post_tag":[225,247],"class_list":["post-130818","post","type-post","status-publish","format-standard","has-post-thumbnail","hentry","category-cidades","category-turismo","tag-brasil","tag-qualidade-de-vida"],"yoast_head":"<!-- This site is optimized with the Yoast SEO plugin v24.6 - https:\/\/yoast.com\/wordpress\/plugins\/seo\/ -->\n<title>A cidade que virou refer\u00eancia nacional em qualidade de vida no Brasil - Correio Braziliense - Radar<\/title>\n<meta name=\"description\" content=\"Essa cidade brasileira se destaca pela qualidade de vida e bem-estar. Descubra o que a torna um exemplo no pa\u00eds.\" \/>\n<meta name=\"robots\" content=\"index, follow, max-snippet:-1, max-image-preview:large, max-video-preview:-1\" \/>\n<link rel=\"canonical\" href=\"https:\/\/www.correiobraziliense.com.br\/cbradar\/a-cidade-que-virou-referencia-nacional-em-qualidade-de-vida-no-brasil\/\" \/>\n<meta property=\"og:locale\" content=\"pt_BR\" \/>\n<meta property=\"og:type\" content=\"article\" \/>\n<meta property=\"og:title\" content=\"A cidade que virou refer\u00eancia nacional em qualidade de vida no Brasil - Correio Braziliense - Radar\" \/>\n<meta property=\"og:description\" content=\"Essa cidade brasileira se destaca pela qualidade de vida e bem-estar. Descubra o que a torna um exemplo no pa\u00eds.\" \/>\n<meta property=\"og:url\" content=\"https:\/\/www.correiobraziliense.com.br\/cbradar\/a-cidade-que-virou-referencia-nacional-em-qualidade-de-vida-no-brasil\/\" \/>\n<meta property=\"og:site_name\" content=\"Correio Braziliense - Radar\" \/>\n<meta property=\"article:published_time\" content=\"2025-11-04T09:25:00+00:00\" \/>\n<meta property=\"og:image\" content=\"https:\/\/www.correiobraziliense.com.br\/cbradar\/wp-content\/uploads\/2025\/09\/Design-sem-nome-29.png\" \/>\n\t<meta property=\"og:image:width\" content=\"1280\" \/>\n\t<meta property=\"og:image:height\" content=\"720\" \/>\n\t<meta property=\"og:image:type\" content=\"image\/png\" \/>\n<meta name=\"author\" content=\"Maura Pereira\" \/>\n<meta name=\"twitter:card\" content=\"summary_large_image\" \/>\n<meta name=\"twitter:label1\" content=\"Escrito por\" \/>\n\t<meta name=\"twitter:data1\" content=\"Maura Pereira\" \/>\n\t<meta name=\"twitter:label2\" content=\"Est. tempo de leitura\" \/>\n\t<meta name=\"twitter:data2\" content=\"7 minutos\" \/>\n<!-- \/ Yoast SEO plugin. -->","yoast_head_json":{"title":"A cidade que virou refer\u00eancia nacional em qualidade de vida no Brasil - Correio Braziliense - Radar","description":"Essa cidade brasileira se destaca pela qualidade de vida e bem-estar. Descubra o que a torna um exemplo no pa\u00eds.","robots":{"index":"index","follow":"follow","max-snippet":"max-snippet:-1","max-image-preview":"max-image-preview:large","max-video-preview":"max-video-preview:-1"},"canonical":"https:\/\/www.correiobraziliense.com.br\/cbradar\/a-cidade-que-virou-referencia-nacional-em-qualidade-de-vida-no-brasil\/","og_locale":"pt_BR","og_type":"article","og_title":"A cidade que virou refer\u00eancia nacional em qualidade de vida no Brasil - Correio Braziliense - Radar","og_description":"Essa cidade brasileira se destaca pela qualidade de vida e bem-estar. Descubra o que a torna um exemplo no pa\u00eds.","og_url":"https:\/\/www.correiobraziliense.com.br\/cbradar\/a-cidade-que-virou-referencia-nacional-em-qualidade-de-vida-no-brasil\/","og_site_name":"Correio Braziliense - Radar","article_published_time":"2025-11-04T09:25:00+00:00","og_image":[{"width":1280,"height":720,"url":"https:\/\/www.correiobraziliense.com.br\/cbradar\/wp-content\/uploads\/2025\/09\/Design-sem-nome-29.png","type":"image\/png"}],"author":"Maura Pereira","twitter_card":"summary_large_image","twitter_misc":{"Escrito por":"Maura Pereira","Est. tempo de leitura":"7 minutos"},"schema":{"@context":"https:\/\/schema.org","@graph":[{"@type":"WebPage","@id":"https:\/\/www.correiobraziliense.com.br\/cbradar\/a-cidade-que-virou-referencia-nacional-em-qualidade-de-vida-no-brasil\/","url":"https:\/\/www.correiobraziliense.com.br\/cbradar\/a-cidade-que-virou-referencia-nacional-em-qualidade-de-vida-no-brasil\/","name":"A cidade que virou refer\u00eancia nacional em qualidade de vida no Brasil - Correio Braziliense - Radar","isPartOf":{"@id":"https:\/\/www.correiobraziliense.com.br\/cbradar\/#website"},"primaryImageOfPage":{"@id":"https:\/\/www.correiobraziliense.com.br\/cbradar\/a-cidade-que-virou-referencia-nacional-em-qualidade-de-vida-no-brasil\/#primaryimage"},"image":{"@id":"https:\/\/www.correiobraziliense.com.br\/cbradar\/a-cidade-que-virou-referencia-nacional-em-qualidade-de-vida-no-brasil\/#primaryimage"},"thumbnailUrl":"https:\/\/www.correiobraziliense.com.br\/cbradar\/wp-content\/uploads\/2025\/09\/Design-sem-nome-29.png","datePublished":"2025-11-04T09:25:00+00:00","author":{"@id":"https:\/\/www.correiobraziliense.com.br\/cbradar\/#\/schema\/person\/4053c651a9bfc785afc6f4cbc9032fd3"},"description":"Essa cidade brasileira se destaca pela qualidade de vida e bem-estar. Descubra o que a torna um exemplo no pa\u00eds.","breadcrumb":{"@id":"https:\/\/www.correiobraziliense.com.br\/cbradar\/a-cidade-que-virou-referencia-nacional-em-qualidade-de-vida-no-brasil\/#breadcrumb"},"inLanguage":"pt-BR","potentialAction":[{"@type":"ReadAction","target":["https:\/\/www.correiobraziliense.com.br\/cbradar\/a-cidade-que-virou-referencia-nacional-em-qualidade-de-vida-no-brasil\/"]}]},{"@type":"ImageObject","inLanguage":"pt-BR","@id":"https:\/\/www.correiobraziliense.com.br\/cbradar\/a-cidade-que-virou-referencia-nacional-em-qualidade-de-vida-no-brasil\/#primaryimage","url":"https:\/\/www.correiobraziliense.com.br\/cbradar\/wp-content\/uploads\/2025\/09\/Design-sem-nome-29.png","contentUrl":"https:\/\/www.correiobraziliense.com.br\/cbradar\/wp-content\/uploads\/2025\/09\/Design-sem-nome-29.png","width":1280,"height":720,"caption":"S\u00e3o Caetano do Sul atrai fam\u00edlias e investidores com qualidade de vida, mobilidade e desenvolvimento sustent\u00e1vel. \/\/ Cr\u00e9ditos: YouTube @ACDrone"},{"@type":"BreadcrumbList","@id":"https:\/\/www.correiobraziliense.com.br\/cbradar\/a-cidade-que-virou-referencia-nacional-em-qualidade-de-vida-no-brasil\/#breadcrumb","itemListElement":[{"@type":"ListItem","position":1,"name":"In\u00edcio","item":"https:\/\/www.correiobraziliense.com.br\/cbradar\/"},{"@type":"ListItem","position":2,"name":"A cidade que virou refer\u00eancia nacional em qualidade de vida no Brasil"}]},{"@type":"WebSite","@id":"https:\/\/www.correiobraziliense.com.br\/cbradar\/#website","url":"https:\/\/www.correiobraziliense.com.br\/cbradar\/","name":"Correio Braziliense - Radar","description":"Acompanhe as \u00faltimas not\u00edcias e fique bem informado sobre tudo o que acontece no Brasil e no mundo.","potentialAction":[{"@type":"SearchAction","target":{"@type":"EntryPoint","urlTemplate":"https:\/\/www.correiobraziliense.com.br\/cbradar\/?s={search_term_string}"},"query-input":{"@type":"PropertyValueSpecification","valueRequired":true,"valueName":"search_term_string"}}],"inLanguage":"pt-BR"},{"@type":"Person","@id":"https:\/\/www.correiobraziliense.com.br\/cbradar\/#\/schema\/person\/4053c651a9bfc785afc6f4cbc9032fd3","name":"Maura Pereira","image":{"@type":"ImageObject","inLanguage":"pt-BR","@id":"https:\/\/www.correiobraziliense.com.br\/cbradar\/#\/schema\/person\/image\/","url":"https:\/\/secure.gravatar.com\/avatar\/3effd6bdadfa447f15089c7f7144eaa6?s=96&d=mm&r=g","contentUrl":"https:\/\/secure.gravatar.com\/avatar\/3effd6bdadfa447f15089c7f7144eaa6?s=96&d=mm&r=g","caption":"Maura Pereira"},"sameAs":["https:\/\/www.correiobraziliense.com.br\/"],"url":"https:\/\/www.correiobraziliense.com.br\/cbradar\/author\/mauramyth\/"}]}},"_links":{"self":[{"href":"https:\/\/www.correiobraziliense.com.br\/cbradar\/wp-json\/wp\/v2\/posts\/130818","targetHints":{"allow":["GET"]}}],"collection":[{"href":"https:\/\/www.correiobraziliense.com.br\/cbradar\/wp-json\/wp\/v2\/posts"}],"about":[{"href":"https:\/\/www.correiobraziliense.com.br\/cbradar\/wp-json\/wp\/v2\/types\/post"}],"author":[{"embeddable":true,"href":"https:\/\/www.correiobraziliense.com.br\/cbradar\/wp-json\/wp\/v2\/users\/8"}],"replies":[{"embeddable":true,"href":"https:\/\/www.correiobraziliense.com.br\/cbradar\/wp-json\/wp\/v2\/comments?post=130818"}],"version-history":[{"count":12,"href":"https:\/\/www.correiobraziliense.com.br\/cbradar\/wp-json\/wp\/v2\/posts\/130818\/revisions"}],"predecessor-version":[{"id":130858,"href":"https:\/\/www.correiobraziliense.com.br\/cbradar\/wp-json\/wp\/v2\/posts\/130818\/revisions\/130858"}],"wp:featuredmedia":[{"embeddable":true,"href":"https:\/\/www.correiobraziliense.com.br\/cbradar\/wp-json\/wp\/v2\/media\/106341"}],"wp:attachment":[{"href":"https:\/\/www.correiobraziliense.com.br\/cbradar\/wp-json\/wp\/v2\/media?parent=130818"}],"wp:term":[{"taxonomy":"category","embeddable":true,"href":"https:\/\/www.correiobraziliense.com.br\/cbradar\/wp-json\/wp\/v2\/categories?post=130818"},{"taxonomy":"post_tag","embeddable":true,"href":"https:\/\/www.correiobraziliense.com.br\/cbradar\/wp-json\/wp\/v2\/post_tag?post=130818"}],"curies":[{"name":"wp","href":"https:\/\/api.w.org\/{rel}","templated":true}]}}