{"id":13088,"date":"2025-03-18T19:30:00","date_gmt":"2025-03-18T22:30:00","guid":{"rendered":"https:\/\/www.correiobraziliense.com.br\/cbradar\/?p=13088"},"modified":"2025-06-02T17:56:30","modified_gmt":"2025-06-02T20:56:30","slug":"filme-com-fernanda-montenegro-demorou-20-anos-para-sair-do-papel","status":"publish","type":"post","link":"https:\/\/www.correiobraziliense.com.br\/cbradar\/filme-com-fernanda-montenegro-demorou-20-anos-para-sair-do-papel\/","title":{"rendered":"Filme com Fernanda Montenegro demorou 20 anos para sair do papel"},"content":{"rendered":"\n<p>O filme &#8220;<strong>Vit\u00f3ria<\/strong>&#8220;, estrelado por <strong>Fernanda Montenegro<\/strong>, chega aos cinemas trazendo uma hist\u00f3ria inspirada em eventos reais que marcaram a sociedade brasileira. A trama gira em torno de <strong>Dona Nina<\/strong>, uma mulher que decide documentar crimes em sua comunidade, desmascarando uma rede de traficantes e policiais corruptos. Este enredo \u00e9 baseado na vida de <strong>Joana da Paz<\/strong>, cuja coragem e determina\u00e7\u00e3o em expor a corrup\u00e7\u00e3o foram fundamentais para a realiza\u00e7\u00e3o do filme.<\/p>\n\n\n\n<p>Dirigido por <strong>Andrucha Waddington<\/strong>, o longa-metragem levou quase duas d\u00e9cadas para ser conclu\u00eddo, refletindo o cuidado e a responsabilidade em retratar uma hist\u00f3ria t\u00e3o delicada. A produ\u00e7\u00e3o busca n\u00e3o apenas entreter, mas tamb\u00e9m provocar reflex\u00f5es sobre a realidade social do <strong>Brasil<\/strong>, destacando a for\u00e7a de uma mulher comum em meio a um cen\u00e1rio de viol\u00eancia e injusti\u00e7a.<\/p>\n\n\n\n<h2 class=\"wp-block-heading\">Como &#8220;Vit\u00f3ria&#8221; retrata a realidade brasileira?<\/h2>\n\n\n\n<p>&#8220;Vit\u00f3ria&#8221; \u00e9 um filme que se prop\u00f5e a ser um retrato fiel da realidade brasileira, especialmente das comunidades afetadas pela viol\u00eancia e pela corrup\u00e7\u00e3o. A dire\u00e7\u00e3o de arte e fotografia foram cuidadosamente planejadas para criar uma atmosfera crua e realista, evitando cair em melodramas e estere\u00f3tipos. O objetivo \u00e9 mostrar a complexidade da vida em uma favela, onde a luta pela justi\u00e7a se torna uma batalha di\u00e1ria.<\/p>\n\n\n\n<p>O filme destaca a resili\u00eancia de Dona Nina, uma personagem que, apesar das adversidades, enfrenta de igual para igual autoridades e criminosos. Sua hist\u00f3ria \u00e9 um testemunho da coragem e determina\u00e7\u00e3o de muitas mulheres brasileiras que, silenciosamente, lutam por um futuro melhor. &#8220;Vit\u00f3ria&#8221; n\u00e3o apenas conta uma hist\u00f3ria, mas tamb\u00e9m homenageia essas hero\u00ednas an\u00f4nimas.<\/p>\n\n\n\n<iframe loading=\"lazy\" width=\"560\" height=\"315\" src=\"https:\/\/www.youtube.com\/embed\/3Zr6YJ02r5g?si=H-X77PiduA2hEhdH\" title=\"YouTube video player\" frameborder=\"0\" allow=\"accelerometer; autoplay; clipboard-write; encrypted-media; gyroscope; picture-in-picture; web-share\" referrerpolicy=\"strict-origin-when-cross-origin\" allowfullscreen><\/iframe>\n\n\n\n<h2 class=\"wp-block-heading\">Qual \u00e9 a import\u00e2ncia de &#8220;Vit\u00f3ria&#8221; para o cinema nacional?<\/h2>\n\n\n\n<p>&#8220;Vit\u00f3ria&#8221; representa um marco no cinema nacional por sua abordagem realista e por trazer \u00e0 tona quest\u00f5es sociais relevantes. A escolha de Fernanda Montenegro para o papel principal refor\u00e7a a import\u00e2ncia da narrativa, j\u00e1 que a atriz \u00e9 reconhecida por suas atua\u00e7\u00f5es impactantes e por sua contribui\u00e7\u00e3o ao cinema brasileiro. O filme tamb\u00e9m destaca a import\u00e2ncia do jornalismo investigativo, representado pelo rep\u00f3rter que apoia Dona Nina em sua jornada.<\/p>\n\n\n\n<p>A produ\u00e7\u00e3o de &#8220;Vit\u00f3ria&#8221; enfrentou desafios significativos, incluindo a morte do diretor <strong>Breno Silveira<\/strong> no in\u00edcio das filmagens. No entanto, a determina\u00e7\u00e3o da equipe em contar essa hist\u00f3ria prevaleceu, resultando em um filme que promete emocionar e inspirar o p\u00fablico. A estreia de &#8220;Vit\u00f3ria&#8221; n\u00e3o \u00e9 apenas um evento cinematogr\u00e1fico, mas tamb\u00e9m um convite \u00e0 reflex\u00e3o sobre a realidade social do Brasil.<\/p>\n\n\n\n<figure class=\"wp-block-image size-large\"><img decoding=\"async\" width=\"1024\" height=\"576\" src=\"https:\/\/www.correiobraziliense.com.br\/cbradar\/wp-content\/uploads\/2025\/03\/Vitoria-2-1024x576.png\" alt=\"Filme com Fernanda Montenegro demorou 20 anos para sair do papel\" class=\"wp-image-13092\" srcset=\"https:\/\/www.correiobraziliense.com.br\/cbradar\/wp-content\/uploads\/2025\/03\/Vitoria-2-1024x576.png 1024w, https:\/\/www.correiobraziliense.com.br\/cbradar\/wp-content\/uploads\/2025\/03\/Vitoria-2-300x169.png 300w, https:\/\/www.correiobraziliense.com.br\/cbradar\/wp-content\/uploads\/2025\/03\/Vitoria-2-768x432.png 768w, https:\/\/www.correiobraziliense.com.br\/cbradar\/wp-content\/uploads\/2025\/03\/Vitoria-2-750x422.png 750w, https:\/\/www.correiobraziliense.com.br\/cbradar\/wp-content\/uploads\/2025\/03\/Vitoria-2-1140x641.png 1140w, https:\/\/www.correiobraziliense.com.br\/cbradar\/wp-content\/uploads\/2025\/03\/Vitoria-2.png 1280w\" sizes=\"(max-width: 1024px) 100vw, 1024px\" \/><figcaption class=\"wp-element-caption\">Vit\u00f3ria. Fonte: instagram \/ @fernandamontenegrooficial<\/figcaption><\/figure>\n\n\n\n<h2 class=\"wp-block-heading\">O legado de Joana da Paz e a mensagem de &#8220;Vit\u00f3ria&#8221;<\/h2>\n\n\n\n<p>Joana da Paz, a mulher real por tr\u00e1s da hist\u00f3ria de &#8220;Vit\u00f3ria&#8221;, deixou um legado de coragem e resist\u00eancia. Sua decis\u00e3o de expor a corrup\u00e7\u00e3o, mesmo sob risco de vida, \u00e9 um exemplo poderoso de como indiv\u00edduos podem provocar mudan\u00e7as significativas. O filme busca preservar sua mem\u00f3ria e destacar a import\u00e2ncia de lutar por justi\u00e7a, mesmo quando as circunst\u00e2ncias s\u00e3o adversas.<\/p>\n\n\n\n<p>&#8220;Vit\u00f3ria&#8221; \u00e9 mais do que um filme; \u00e9 uma mensagem de esperan\u00e7a e resist\u00eancia. Ao trazer \u00e0 tona a hist\u00f3ria de Joana da Paz, a produ\u00e7\u00e3o convida o p\u00fablico a refletir sobre seu papel na sociedade e a import\u00e2ncia de se posicionar contra a injusti\u00e7a. Em um pa\u00eds onde a viol\u00eancia e a corrup\u00e7\u00e3o s\u00e3o realidades constantes, &#8220;Vit\u00f3ria&#8221; surge como um farol de inspira\u00e7\u00e3o e mudan\u00e7a.<\/p>\n","protected":false},"excerpt":{"rendered":"<p>O filme &#8216;Vit\u00f3ria&#8217; e seu impacto na sociedade brasileira. Uma homenagem \u00e0 coragem de Joana da Paz e Dona Nina.<\/p>\n","protected":false},"author":3,"featured_media":13091,"comment_status":"open","ping_status":"open","sticky":false,"template":"","format":"standard","meta":{"jnews-multi-image_gallery":[],"jnews_single_post":{"format":"standard"},"jnews_primary_category":[],"jnews_social_meta":[],"jnews_override_counter":[],"footnotes":""},"categories":[140],"post_tag":[2086,568],"class_list":["post-13088","post","type-post","status-publish","format-standard","has-post-thumbnail","hentry","category-entretenimento","tag-fernanda-montenegro","tag-series-e-filmes"],"yoast_head":"<!-- This site is optimized with the Yoast SEO plugin v24.6 - https:\/\/yoast.com\/wordpress\/plugins\/seo\/ -->\n<title>Filme com Fernanda Montenegro demorou 20 anos para sair do papel<\/title>\n<meta name=\"description\" content=\"O filme &#039;Vit\u00f3ria&#039; e seu impacto na sociedade brasileira. Uma homenagem \u00e0 coragem de Joana da Paz e Dona Nina.\" \/>\n<meta name=\"robots\" content=\"index, follow, max-snippet:-1, max-image-preview:large, max-video-preview:-1\" \/>\n<link rel=\"canonical\" href=\"https:\/\/www.correiobraziliense.com.br\/cbradar\/filme-com-fernanda-montenegro-demorou-20-anos-para-sair-do-papel\/\" \/>\n<meta property=\"og:locale\" content=\"pt_BR\" \/>\n<meta property=\"og:type\" content=\"article\" \/>\n<meta property=\"og:title\" content=\"Filme com Fernanda Montenegro demorou 20 anos para sair do papel\" \/>\n<meta property=\"og:description\" content=\"O filme &#039;Vit\u00f3ria&#039; e seu impacto na sociedade brasileira. Uma homenagem \u00e0 coragem de Joana da Paz e Dona Nina.\" \/>\n<meta property=\"og:url\" content=\"https:\/\/www.correiobraziliense.com.br\/cbradar\/filme-com-fernanda-montenegro-demorou-20-anos-para-sair-do-papel\/\" \/>\n<meta property=\"og:site_name\" content=\"Correio Braziliense - Radar\" \/>\n<meta property=\"article:published_time\" content=\"2025-03-18T22:30:00+00:00\" \/>\n<meta property=\"article:modified_time\" content=\"2025-06-02T20:56:30+00:00\" \/>\n<meta property=\"og:image\" content=\"https:\/\/www.correiobraziliense.com.br\/cbradar\/wp-content\/uploads\/2025\/03\/Vitoria.png\" \/>\n\t<meta property=\"og:image:width\" content=\"1280\" \/>\n\t<meta property=\"og:image:height\" content=\"720\" \/>\n\t<meta property=\"og:image:type\" content=\"image\/png\" \/>\n<meta name=\"author\" content=\"Larissa Carvalho\" \/>\n<meta name=\"twitter:card\" content=\"summary_large_image\" \/>\n<meta name=\"twitter:label1\" content=\"Escrito por\" \/>\n\t<meta name=\"twitter:data1\" content=\"Larissa Carvalho\" \/>\n\t<meta name=\"twitter:label2\" content=\"Est. tempo de leitura\" \/>\n\t<meta name=\"twitter:data2\" content=\"4 minutos\" \/>\n<!-- \/ Yoast SEO plugin. -->","yoast_head_json":{"title":"Filme com Fernanda Montenegro demorou 20 anos para sair do papel","description":"O filme 'Vit\u00f3ria' e seu impacto na sociedade brasileira. Uma homenagem \u00e0 coragem de Joana da Paz e Dona Nina.","robots":{"index":"index","follow":"follow","max-snippet":"max-snippet:-1","max-image-preview":"max-image-preview:large","max-video-preview":"max-video-preview:-1"},"canonical":"https:\/\/www.correiobraziliense.com.br\/cbradar\/filme-com-fernanda-montenegro-demorou-20-anos-para-sair-do-papel\/","og_locale":"pt_BR","og_type":"article","og_title":"Filme com Fernanda Montenegro demorou 20 anos para sair do papel","og_description":"O filme 'Vit\u00f3ria' e seu impacto na sociedade brasileira. Uma homenagem \u00e0 coragem de Joana da Paz e Dona Nina.","og_url":"https:\/\/www.correiobraziliense.com.br\/cbradar\/filme-com-fernanda-montenegro-demorou-20-anos-para-sair-do-papel\/","og_site_name":"Correio Braziliense - Radar","article_published_time":"2025-03-18T22:30:00+00:00","article_modified_time":"2025-06-02T20:56:30+00:00","og_image":[{"width":1280,"height":720,"url":"https:\/\/www.correiobraziliense.com.br\/cbradar\/wp-content\/uploads\/2025\/03\/Vitoria.png","type":"image\/png"}],"author":"Larissa Carvalho","twitter_card":"summary_large_image","twitter_misc":{"Escrito por":"Larissa Carvalho","Est. tempo de leitura":"4 minutos"},"schema":{"@context":"https:\/\/schema.org","@graph":[{"@type":"WebPage","@id":"https:\/\/www.correiobraziliense.com.br\/cbradar\/filme-com-fernanda-montenegro-demorou-20-anos-para-sair-do-papel\/","url":"https:\/\/www.correiobraziliense.com.br\/cbradar\/filme-com-fernanda-montenegro-demorou-20-anos-para-sair-do-papel\/","name":"Filme com Fernanda Montenegro demorou 20 anos para sair do papel","isPartOf":{"@id":"https:\/\/www.correiobraziliense.com.br\/cbradar\/#website"},"primaryImageOfPage":{"@id":"https:\/\/www.correiobraziliense.com.br\/cbradar\/filme-com-fernanda-montenegro-demorou-20-anos-para-sair-do-papel\/#primaryimage"},"image":{"@id":"https:\/\/www.correiobraziliense.com.br\/cbradar\/filme-com-fernanda-montenegro-demorou-20-anos-para-sair-do-papel\/#primaryimage"},"thumbnailUrl":"https:\/\/www.correiobraziliense.com.br\/cbradar\/wp-content\/uploads\/2025\/03\/Vitoria.png","datePublished":"2025-03-18T22:30:00+00:00","dateModified":"2025-06-02T20:56:30+00:00","author":{"@id":"https:\/\/www.correiobraziliense.com.br\/cbradar\/#\/schema\/person\/58422787644df994b53a19d3e56c1513"},"description":"O filme 'Vit\u00f3ria' e seu impacto na sociedade brasileira. Uma homenagem \u00e0 coragem de Joana da Paz e Dona Nina.","breadcrumb":{"@id":"https:\/\/www.correiobraziliense.com.br\/cbradar\/filme-com-fernanda-montenegro-demorou-20-anos-para-sair-do-papel\/#breadcrumb"},"inLanguage":"pt-BR","potentialAction":[{"@type":"ReadAction","target":["https:\/\/www.correiobraziliense.com.br\/cbradar\/filme-com-fernanda-montenegro-demorou-20-anos-para-sair-do-papel\/"]}]},{"@type":"ImageObject","inLanguage":"pt-BR","@id":"https:\/\/www.correiobraziliense.com.br\/cbradar\/filme-com-fernanda-montenegro-demorou-20-anos-para-sair-do-papel\/#primaryimage","url":"https:\/\/www.correiobraziliense.com.br\/cbradar\/wp-content\/uploads\/2025\/03\/Vitoria.png","contentUrl":"https:\/\/www.correiobraziliense.com.br\/cbradar\/wp-content\/uploads\/2025\/03\/Vitoria.png","width":1280,"height":720,"caption":"Vit\u00f3ria. Fonte: instagram \/ @fernandamontenegrooficial"},{"@type":"BreadcrumbList","@id":"https:\/\/www.correiobraziliense.com.br\/cbradar\/filme-com-fernanda-montenegro-demorou-20-anos-para-sair-do-papel\/#breadcrumb","itemListElement":[{"@type":"ListItem","position":1,"name":"In\u00edcio","item":"https:\/\/www.correiobraziliense.com.br\/cbradar\/"},{"@type":"ListItem","position":2,"name":"Filme com Fernanda Montenegro demorou 20 anos para sair do papel"}]},{"@type":"WebSite","@id":"https:\/\/www.correiobraziliense.com.br\/cbradar\/#website","url":"https:\/\/www.correiobraziliense.com.br\/cbradar\/","name":"Correio Braziliense - Radar","description":"Acompanhe as \u00faltimas not\u00edcias e fique bem informado sobre tudo o que acontece no Brasil e no mundo.","potentialAction":[{"@type":"SearchAction","target":{"@type":"EntryPoint","urlTemplate":"https:\/\/www.correiobraziliense.com.br\/cbradar\/?s={search_term_string}"},"query-input":{"@type":"PropertyValueSpecification","valueRequired":true,"valueName":"search_term_string"}}],"inLanguage":"pt-BR"},{"@type":"Person","@id":"https:\/\/www.correiobraziliense.com.br\/cbradar\/#\/schema\/person\/58422787644df994b53a19d3e56c1513","name":"Larissa Carvalho","image":{"@type":"ImageObject","inLanguage":"pt-BR","@id":"https:\/\/www.correiobraziliense.com.br\/cbradar\/#\/schema\/person\/image\/","url":"https:\/\/secure.gravatar.com\/avatar\/fe4f91a0de32b52a838d0d612abdc1aa?s=96&d=mm&r=g","contentUrl":"https:\/\/secure.gravatar.com\/avatar\/fe4f91a0de32b52a838d0d612abdc1aa?s=96&d=mm&r=g","caption":"Larissa Carvalho"},"url":"https:\/\/www.correiobraziliense.com.br\/cbradar\/author\/larissamyth\/"}]}},"_links":{"self":[{"href":"https:\/\/www.correiobraziliense.com.br\/cbradar\/wp-json\/wp\/v2\/posts\/13088","targetHints":{"allow":["GET"]}}],"collection":[{"href":"https:\/\/www.correiobraziliense.com.br\/cbradar\/wp-json\/wp\/v2\/posts"}],"about":[{"href":"https:\/\/www.correiobraziliense.com.br\/cbradar\/wp-json\/wp\/v2\/types\/post"}],"author":[{"embeddable":true,"href":"https:\/\/www.correiobraziliense.com.br\/cbradar\/wp-json\/wp\/v2\/users\/3"}],"replies":[{"embeddable":true,"href":"https:\/\/www.correiobraziliense.com.br\/cbradar\/wp-json\/wp\/v2\/comments?post=13088"}],"version-history":[{"count":1,"href":"https:\/\/www.correiobraziliense.com.br\/cbradar\/wp-json\/wp\/v2\/posts\/13088\/revisions"}],"predecessor-version":[{"id":13095,"href":"https:\/\/www.correiobraziliense.com.br\/cbradar\/wp-json\/wp\/v2\/posts\/13088\/revisions\/13095"}],"wp:featuredmedia":[{"embeddable":true,"href":"https:\/\/www.correiobraziliense.com.br\/cbradar\/wp-json\/wp\/v2\/media\/13091"}],"wp:attachment":[{"href":"https:\/\/www.correiobraziliense.com.br\/cbradar\/wp-json\/wp\/v2\/media?parent=13088"}],"wp:term":[{"taxonomy":"category","embeddable":true,"href":"https:\/\/www.correiobraziliense.com.br\/cbradar\/wp-json\/wp\/v2\/categories?post=13088"},{"taxonomy":"post_tag","embeddable":true,"href":"https:\/\/www.correiobraziliense.com.br\/cbradar\/wp-json\/wp\/v2\/post_tag?post=13088"}],"curies":[{"name":"wp","href":"https:\/\/api.w.org\/{rel}","templated":true}]}}