{"id":130939,"date":"2025-11-03T07:45:00","date_gmt":"2025-11-03T10:45:00","guid":{"rendered":"https:\/\/www.correiobraziliense.com.br\/cbradar\/?p=130939"},"modified":"2025-11-03T00:45:22","modified_gmt":"2025-11-03T03:45:22","slug":"o-detalhe-no-cabelo-que-transforma-seu-visual-aos-40-e-levanta-sua-autoestima","status":"publish","type":"post","link":"https:\/\/www.correiobraziliense.com.br\/cbradar\/o-detalhe-no-cabelo-que-transforma-seu-visual-aos-40-e-levanta-sua-autoestima\/","title":{"rendered":"O detalhe no cabelo que transforma seu visual aos 40 e levanta sua autoestima"},"content":{"rendered":"\n<p>Com o passar dos anos, \u00e9 comum que muitas mulheres decidam renovar seu estilo, e o cabelo frequentemente se torna o ponto de partida dessa transforma\u00e7\u00e3o. <strong>Cabelos <\/strong>longos oferecem in\u00fameras possibilidades, mas escolher um corte que valorize a beleza e ofere\u00e7a praticidade e eleg\u00e2ncia \u00e9 essencial, especialmente ap\u00f3s os 40 anos. Optar por um corte que reflita a personalidade e as necessidades di\u00e1rias pode fazer uma diferen\u00e7a significativa na autoestima e confian\u00e7a pessoal.<\/p>\n\n\n\n<p>Os cortes de cabelo n\u00e3o s\u00e3o apenas sobre est\u00e9tica; eles tamb\u00e9m devem considerar o tipo de cabelo, a estrutura facial e o estilo de vida de cada indiv\u00edduo. Um corte bem escolhido n\u00e3o apenas exalta tra\u00e7os faciais, mas tamb\u00e9m simplifica os cuidados di\u00e1rios, permitindo que a mulher se sinta mais \u00e0 vontade e confiante em qualquer situa\u00e7\u00e3o.<\/p>\n\n\n\n<h2 class=\"wp-block-heading\">Quais s\u00e3o os benef\u00edcios do corte em camadas?<\/h2>\n\n\n\n<p>O corte em camadas se destaca entre as mulheres maduras por renovar o visual sem a necessidade de comprometer o comprimento dos fios longos. Este estilo \u00e9 ideal para adicionar\u00a0<strong>movimento<\/strong>\u00a0e\u00a0<strong>leveza<\/strong>, al\u00e9m de equilibrar o volume, tornando-o indicado para Cabelos lisos e ondulados. As camadas oferecem a perfei\u00e7\u00e3o na suaviza\u00e7\u00e3o do contorno do rosto, trazendo uma apar\u00eancia mais delicada e moderna.<\/p>\n\n\n\n<p>Al\u00e9m das quest\u00f5es est\u00e9ticas, o corte em camadas facilita o cuidado do dia a dia, tornando-se ben\u00e9fico para aqueles que preferem manter os fios male\u00e1veis e f\u00e1ceis de modelar. Entre os principais benef\u00edcios deste estilo est\u00e3o a adi\u00e7\u00e3o de leveza, a melhor distribui\u00e7\u00e3o do volume, e a diversidade de op\u00e7\u00f5es de finaliza\u00e7\u00e3o que permitem inova\u00e7\u00f5es di\u00e1rias no visual.<\/p>\n\n\n\n<h2 class=\"wp-block-heading\">Como ocorte em V pode valorizar o visual?<\/h2>\n\n\n\n<p>Para quem busca um visual&nbsp;<strong>elegante<\/strong>&nbsp;e&nbsp;<strong>definido<\/strong>, o corte em V \u00e9 uma escolha perfeita. Este corte cria uma silhueta refinada, proporcionando uma estrutura marcante sem a necessidade de mudan\u00e7as dr\u00e1sticas. O efeito alongado confere sofistica\u00e7\u00e3o e uma apar\u00eancia distinta, mantendo a facilidade de manuten\u00e7\u00e3o.<\/p>\n\n\n\n<p>Uma das maiores vantagens do corte em V \u00e9 sua capacidade de preservar o formato por mais tempo, sendo ideal para quem aprecia penteados variados ou pretende diminuir o excesso de volume em Cabelos grossos. Este estilo confere atitude e dimens\u00e3o aos fios, destacando-se em qualquer ocasi\u00e3o.<\/p>\n\n\n\n<h2 class=\"wp-block-heading\">Franja lateral longa une a modernidade e suavidade no visual?<\/h2>\n\n\n\n<p>Adicionar uma franja lateral longa pode ser uma maneira eficaz de atualizar o visual, oferecendo&nbsp;<strong>modernidade<\/strong>&nbsp;e&nbsp;<strong>suavidade<\/strong>&nbsp;sem grandes mudan\u00e7as no comprimento do cabelo. Este detalhe ajuda a suavizar os tra\u00e7os e pode ser moldado de m\u00faltiplas formas, adaptando-se a diversas situa\u00e7\u00f5es.<\/p>\n\n\n\n<p>A franja lateral alia praticidade e versatilidade, sendo facilmente estilizada com o uso de secador ou chapinha. \u00c9 uma tend\u00eancia que transforma o visual de maneira sutil, sendo adequada para diferentes formatos de rosto e proporcionando uma mudan\u00e7a sem a necessidade de cortes radicais.<\/p>\n\n\n\n<h2 class=\"wp-block-heading\">Quais as dicas para escolher o corte ideal?<\/h2>\n\n\n\n<p>A escolha do corte de cabelo perfeito deve considerar m\u00faltiplos fatores, como o formato do rosto, tipo de cabelo e a rotina pessoal. Consultar um cabeleireiro de confian\u00e7a \u00e9 crucial para encontrar o estilo que une beleza natural e praticidade. O cuidado regular com hidrata\u00e7\u00e3o e prote\u00e7\u00e3o t\u00e9rmica \u00e9 imprescind\u00edvel para manter o brilho e <a href=\"https:\/\/www.correiobraziliense.com.br\/cbradar\/dr-baltazar-leao-neurocirurgiao-hernia-de-disco-tem-cura-entenda-os-tratamentos\/\" target=\"_blank\" rel=\"noreferrer noopener\">sa\u00fade <\/a>dos fios, independentemente do corte escolhido.<\/p>\n\n\n\n<p>Ao optar pelo corte ideal, \u00e9 poss\u00edvel destacar a individualidade e elevar a autoestima em qualquer fase da vida. A transforma\u00e7\u00e3o capilar n\u00e3o \u00e9 apenas uma quest\u00e3o de moda, mas tamb\u00e9m uma express\u00e3o de identidade e confian\u00e7a pessoal, refletindo o desejo das mulheres de se sentirem bem consigo mesmas enquanto atravessam as diferentes etapas da vida.<\/p>\n\n\n<a href=\"https:\/\/www.instagram.com\/dra.annaluisabf\/\" target=\"_blank\" rel=\"noopener\" style=\"text-decoration: none; color: inherit;\">\n    <span style=\"display: inline-block; border: 1px solid #ccc; border-radius: 10px; padding: 15px; max-width: 550px; font-family: sans-serif; box-shadow: 0 2px 5px rgba(0,0,0,0.1); width: 100%;\">\n\n      <!-- T\u00edtulo -->\n      <span style=\"display: block; margin: 0 0 15px 0; font-weight: bold; color: #2c3e50; text-align: center;\">\n        Entre em contato:\n      <\/span>\n\n      <!-- Linha do perfil -->\n      <span style=\"display: flex; align-items: center; gap: 15px;\">\n        <img decoding=\"async\"\n          src=\"https:\/\/www.correiobraziliense.com.br\/cbradar\/wp-content\/uploads\/2025\/08\/dra_anna_luisa.jpeg\"\n          alt=\"Foto da Dra. Anna Lu\u00edsa\"\n          style=\"border-radius: 50%; width: 80px; height: 80px; object-fit: cover;\"\n        \/>\n        <span style=\"display: flex; flex-direction: column;\">\n          <span style=\"font-size: 18px; font-weight: 700; color: #2c3e50;\">Dra. Anna Lu\u00edsa Barbosa Fernandes<\/span>\n          <span style=\"color: #555;\">CRM-GO 33.271<\/span>\n        <\/span>\n      <\/span>\n\n      <!-- Redes -->\n      <span style=\"display: flex; align-items: center; gap: 10px; margin-top: 12px;\">\n        <img decoding=\"async\" src=\"https:\/\/cdn-icons-png.flaticon.com\/24\/1384\/1384063.png\" alt=\"Instagram\" width=\"24\" height=\"24\" \/>\n        <span style=\"text-decoration: underline; color: #2c3e50;\">@dra.annaluisabf<\/span>\n      <\/span>\n\n    <\/span>\n  <\/a>\n\n\n<p><\/p>\n","protected":false},"excerpt":{"rendered":"<p>Com o passar dos anos, \u00e9 comum que muitas mulheres decidam renovar seu estilo, e o cabelo frequentemente se torna o ponto de partida dessa transforma\u00e7\u00e3o. Cabelos longos oferecem in\u00fameras possibilidades, mas escolher um corte que valorize a beleza e ofere\u00e7a praticidade e eleg\u00e2ncia \u00e9 essencial, especialmente ap\u00f3s os 40 anos. Optar por um corte [&hellip;]<\/p>\n","protected":false},"author":14,"featured_media":0,"comment_status":"open","ping_status":"open","sticky":false,"template":"","format":"standard","meta":{"_yoast_wpseo_focuskw":"Cabelos","_yoast_wpseo_title":"","_yoast_wpseo_metadesc":"Quer renovar o visual? Veja os melhores cortes de cabelo longo ap\u00f3s os 40 que elevam a autoestima e real\u00e7am sua beleza natural.","jnews-multi-image_gallery":[],"jnews_single_post":{"format":"standard"},"jnews_primary_category":[],"jnews_social_meta":[],"jnews_override_counter":[],"footnotes":""},"categories":[4404],"post_tag":[120,247,1318],"class_list":["post-130939","post","type-post","status-publish","format-standard","hentry","category-saude","tag-bem-estar","tag-qualidade-de-vida","tag-saude-2"],"yoast_head":"<!-- This site is optimized with the Yoast SEO plugin v24.6 - https:\/\/yoast.com\/wordpress\/plugins\/seo\/ -->\n<title>O detalhe no cabelo que transforma seu visual aos 40 e levanta sua autoestima - Correio Braziliense - Radar<\/title>\n<meta name=\"description\" content=\"Quer renovar o visual? Veja os melhores cortes de cabelo longo ap\u00f3s os 40 que elevam a autoestima e real\u00e7am sua beleza natural.\" \/>\n<meta name=\"robots\" content=\"index, follow, max-snippet:-1, max-image-preview:large, max-video-preview:-1\" \/>\n<link rel=\"canonical\" href=\"https:\/\/www.correiobraziliense.com.br\/cbradar\/o-detalhe-no-cabelo-que-transforma-seu-visual-aos-40-e-levanta-sua-autoestima\/\" \/>\n<meta property=\"og:locale\" content=\"pt_BR\" \/>\n<meta property=\"og:type\" content=\"article\" \/>\n<meta property=\"og:title\" content=\"O detalhe no cabelo que transforma seu visual aos 40 e levanta sua autoestima - Correio Braziliense - Radar\" \/>\n<meta property=\"og:description\" content=\"Quer renovar o visual? Veja os melhores cortes de cabelo longo ap\u00f3s os 40 que elevam a autoestima e real\u00e7am sua beleza natural.\" \/>\n<meta property=\"og:url\" content=\"https:\/\/www.correiobraziliense.com.br\/cbradar\/o-detalhe-no-cabelo-que-transforma-seu-visual-aos-40-e-levanta-sua-autoestima\/\" \/>\n<meta property=\"og:site_name\" content=\"Correio Braziliense - Radar\" \/>\n<meta property=\"article:published_time\" content=\"2025-11-03T10:45:00+00:00\" \/>\n<meta name=\"author\" content=\"guilherme_saude\" \/>\n<meta name=\"twitter:card\" content=\"summary_large_image\" \/>\n<meta name=\"twitter:label1\" content=\"Escrito por\" \/>\n\t<meta name=\"twitter:data1\" content=\"guilherme_saude\" \/>\n\t<meta name=\"twitter:label2\" content=\"Est. tempo de leitura\" \/>\n\t<meta name=\"twitter:data2\" content=\"4 minutos\" \/>\n<!-- \/ Yoast SEO plugin. -->","yoast_head_json":{"title":"O detalhe no cabelo que transforma seu visual aos 40 e levanta sua autoestima - Correio Braziliense - Radar","description":"Quer renovar o visual? Veja os melhores cortes de cabelo longo ap\u00f3s os 40 que elevam a autoestima e real\u00e7am sua beleza natural.","robots":{"index":"index","follow":"follow","max-snippet":"max-snippet:-1","max-image-preview":"max-image-preview:large","max-video-preview":"max-video-preview:-1"},"canonical":"https:\/\/www.correiobraziliense.com.br\/cbradar\/o-detalhe-no-cabelo-que-transforma-seu-visual-aos-40-e-levanta-sua-autoestima\/","og_locale":"pt_BR","og_type":"article","og_title":"O detalhe no cabelo que transforma seu visual aos 40 e levanta sua autoestima - Correio Braziliense - Radar","og_description":"Quer renovar o visual? Veja os melhores cortes de cabelo longo ap\u00f3s os 40 que elevam a autoestima e real\u00e7am sua beleza natural.","og_url":"https:\/\/www.correiobraziliense.com.br\/cbradar\/o-detalhe-no-cabelo-que-transforma-seu-visual-aos-40-e-levanta-sua-autoestima\/","og_site_name":"Correio Braziliense - Radar","article_published_time":"2025-11-03T10:45:00+00:00","author":"guilherme_saude","twitter_card":"summary_large_image","twitter_misc":{"Escrito por":"guilherme_saude","Est. tempo de leitura":"4 minutos"},"schema":{"@context":"https:\/\/schema.org","@graph":[{"@type":"WebPage","@id":"https:\/\/www.correiobraziliense.com.br\/cbradar\/o-detalhe-no-cabelo-que-transforma-seu-visual-aos-40-e-levanta-sua-autoestima\/","url":"https:\/\/www.correiobraziliense.com.br\/cbradar\/o-detalhe-no-cabelo-que-transforma-seu-visual-aos-40-e-levanta-sua-autoestima\/","name":"O detalhe no cabelo que transforma seu visual aos 40 e levanta sua autoestima - Correio Braziliense - Radar","isPartOf":{"@id":"https:\/\/www.correiobraziliense.com.br\/cbradar\/#website"},"datePublished":"2025-11-03T10:45:00+00:00","author":{"@id":"https:\/\/www.correiobraziliense.com.br\/cbradar\/#\/schema\/person\/5aa4bf3c8fa699c267933611de12978b"},"description":"Quer renovar o visual? Veja os melhores cortes de cabelo longo ap\u00f3s os 40 que elevam a autoestima e real\u00e7am sua beleza natural.","breadcrumb":{"@id":"https:\/\/www.correiobraziliense.com.br\/cbradar\/o-detalhe-no-cabelo-que-transforma-seu-visual-aos-40-e-levanta-sua-autoestima\/#breadcrumb"},"inLanguage":"pt-BR","potentialAction":[{"@type":"ReadAction","target":["https:\/\/www.correiobraziliense.com.br\/cbradar\/o-detalhe-no-cabelo-que-transforma-seu-visual-aos-40-e-levanta-sua-autoestima\/"]}]},{"@type":"BreadcrumbList","@id":"https:\/\/www.correiobraziliense.com.br\/cbradar\/o-detalhe-no-cabelo-que-transforma-seu-visual-aos-40-e-levanta-sua-autoestima\/#breadcrumb","itemListElement":[{"@type":"ListItem","position":1,"name":"In\u00edcio","item":"https:\/\/www.correiobraziliense.com.br\/cbradar\/"},{"@type":"ListItem","position":2,"name":"O detalhe no cabelo que transforma seu visual aos 40 e levanta sua autoestima"}]},{"@type":"WebSite","@id":"https:\/\/www.correiobraziliense.com.br\/cbradar\/#website","url":"https:\/\/www.correiobraziliense.com.br\/cbradar\/","name":"Correio Braziliense - Radar","description":"Acompanhe as \u00faltimas not\u00edcias e fique bem informado sobre tudo o que acontece no Brasil e no mundo.","potentialAction":[{"@type":"SearchAction","target":{"@type":"EntryPoint","urlTemplate":"https:\/\/www.correiobraziliense.com.br\/cbradar\/?s={search_term_string}"},"query-input":{"@type":"PropertyValueSpecification","valueRequired":true,"valueName":"search_term_string"}}],"inLanguage":"pt-BR"},{"@type":"Person","@id":"https:\/\/www.correiobraziliense.com.br\/cbradar\/#\/schema\/person\/5aa4bf3c8fa699c267933611de12978b","name":"guilherme_saude","image":{"@type":"ImageObject","inLanguage":"pt-BR","@id":"https:\/\/www.correiobraziliense.com.br\/cbradar\/#\/schema\/person\/image\/","url":"https:\/\/secure.gravatar.com\/avatar\/df9adfb835d344bc0af109d41756253f?s=96&d=mm&r=g","contentUrl":"https:\/\/secure.gravatar.com\/avatar\/df9adfb835d344bc0af109d41756253f?s=96&d=mm&r=g","caption":"guilherme_saude"},"url":"https:\/\/www.correiobraziliense.com.br\/cbradar\/author\/guilherme_saude\/"}]}},"_links":{"self":[{"href":"https:\/\/www.correiobraziliense.com.br\/cbradar\/wp-json\/wp\/v2\/posts\/130939","targetHints":{"allow":["GET"]}}],"collection":[{"href":"https:\/\/www.correiobraziliense.com.br\/cbradar\/wp-json\/wp\/v2\/posts"}],"about":[{"href":"https:\/\/www.correiobraziliense.com.br\/cbradar\/wp-json\/wp\/v2\/types\/post"}],"author":[{"embeddable":true,"href":"https:\/\/www.correiobraziliense.com.br\/cbradar\/wp-json\/wp\/v2\/users\/14"}],"replies":[{"embeddable":true,"href":"https:\/\/www.correiobraziliense.com.br\/cbradar\/wp-json\/wp\/v2\/comments?post=130939"}],"version-history":[{"count":1,"href":"https:\/\/www.correiobraziliense.com.br\/cbradar\/wp-json\/wp\/v2\/posts\/130939\/revisions"}],"predecessor-version":[{"id":130940,"href":"https:\/\/www.correiobraziliense.com.br\/cbradar\/wp-json\/wp\/v2\/posts\/130939\/revisions\/130940"}],"wp:attachment":[{"href":"https:\/\/www.correiobraziliense.com.br\/cbradar\/wp-json\/wp\/v2\/media?parent=130939"}],"wp:term":[{"taxonomy":"category","embeddable":true,"href":"https:\/\/www.correiobraziliense.com.br\/cbradar\/wp-json\/wp\/v2\/categories?post=130939"},{"taxonomy":"post_tag","embeddable":true,"href":"https:\/\/www.correiobraziliense.com.br\/cbradar\/wp-json\/wp\/v2\/post_tag?post=130939"}],"curies":[{"name":"wp","href":"https:\/\/api.w.org\/{rel}","templated":true}]}}