{"id":130968,"date":"2025-11-03T20:25:00","date_gmt":"2025-11-03T23:25:00","guid":{"rendered":"https:\/\/www.correiobraziliense.com.br\/cbradar\/?p=130968"},"modified":"2025-11-03T01:04:50","modified_gmt":"2025-11-03T04:04:50","slug":"esse-suplemento-comum-infantil-acaba-de-ser-desaconselhado","status":"publish","type":"post","link":"https:\/\/www.correiobraziliense.com.br\/cbradar\/esse-suplemento-comum-infantil-acaba-de-ser-desaconselhado\/","title":{"rendered":"Esse suplemento comum infantil acaba de ser desaconselhado"},"content":{"rendered":"\n<p>Nos Estados Unidos, a <strong>Food and Drug Administration (FDA)<\/strong>, institui\u00e7\u00e3o respons\u00e1vel por regular medicamentos e alimentos, tomou medidas significativas com rela\u00e7\u00e3o ao uso de produtos contendo <strong>Fl\u00faor <\/strong>para crian\u00e7as. Ap\u00f3s uma avalia\u00e7\u00e3o cient\u00edfica criteriosa, a ag\u00eancia concluiu que o uso de medicamentos e suplementos fluoretados inger\u00edveis para crian\u00e7as pode representar mais riscos do que benef\u00edcios, especialmente em rela\u00e7\u00e3o \u00e0 preven\u00e7\u00e3o de c\u00e1ries. Assim, a FDA notificou algumas empresas que comercializam esses produtos para crian\u00e7as sem a devida aprova\u00e7\u00e3o, em especial aqueles voltados para menores de tr\u00eas anos ou para crian\u00e7as mais velhas com um risco reduzido de c\u00e1ries.<\/p>\n\n\n\n<p>A decis\u00e3o da FDA gerou comunicados direcionados a profissionais da <a href=\"https:\/\/www.correiobraziliense.com.br\/cbradar\/dr-baltazar-leao-neurocirurgiao-hernia-de-disco-tem-cura-entenda-os-tratamentos\/\" target=\"_blank\" rel=\"noreferrer noopener\">sa\u00fade<\/a>, instruindo sobre os cuidados com o uso dessas subst\u00e2ncias. Marty Makary, comiss\u00e1rio da FDA, destacou a exist\u00eancia de alternativas mais seguras para a prote\u00e7\u00e3o dental infantil que n\u00e3o envolvem a ingest\u00e3o de Fl\u00faor n\u00e3o autorizado, j\u00e1 que tal pr\u00e1tica foi associada a altera\u00e7\u00f5es no microbioma intestinal. Esta mudan\u00e7a de postura visa proteger a sa\u00fade infantil de maneira mais abrangente e segura.<\/p>\n\n\n\n<h2 class=\"wp-block-heading\">Por que o excesso de Fl\u00faor \u00e9 uma preocupa\u00e7\u00e3o?<\/h2>\n\n\n\n<p>Embora o Fl\u00faor desempenhe um papel importante na sa\u00fade dental, o uso inadequado ou excessivo pode levar a uma condi\u00e7\u00e3o chamada fluorose dent\u00e1ria, que se manifesta como manchas brancas nos dentes em desenvolvimento. Para algumas crian\u00e7as, isso representa apenas um problema est\u00e9tico; no entanto, em casos mais severos, pode resultar na fragiliza\u00e7\u00e3o e desgaste dos dentes. No Brasil, por exemplo, a recomenda\u00e7\u00e3o de concentra\u00e7\u00e3o de Fl\u00faor na \u00e1gua \u00e9 entre 0,6 e 0,8 mg\/L, taxa esta considerada segura pela Organiza\u00e7\u00e3o Mundial da Sa\u00fade (OMS) para a preven\u00e7\u00e3o de c\u00e1ries.<\/p>\n\n\n<div class=\"wp-block-image\">\n<figure class=\"aligncenter size-large\"><img decoding=\"async\" width=\"1024\" height=\"576\" src=\"https:\/\/www.correiobraziliense.com.br\/cbradar\/wp-content\/uploads\/2025\/11\/Fluor_1762142654721-1024x576.jpg\" alt=\"\" class=\"wp-image-130969\" srcset=\"https:\/\/www.correiobraziliense.com.br\/cbradar\/wp-content\/uploads\/2025\/11\/Fluor_1762142654721-1024x576.jpg 1024w, https:\/\/www.correiobraziliense.com.br\/cbradar\/wp-content\/uploads\/2025\/11\/Fluor_1762142654721-300x169.jpg 300w, https:\/\/www.correiobraziliense.com.br\/cbradar\/wp-content\/uploads\/2025\/11\/Fluor_1762142654721-768x432.jpg 768w, https:\/\/www.correiobraziliense.com.br\/cbradar\/wp-content\/uploads\/2025\/11\/Fluor_1762142654721-750x422.jpg 750w, https:\/\/www.correiobraziliense.com.br\/cbradar\/wp-content\/uploads\/2025\/11\/Fluor_1762142654721-1140x641.jpg 1140w, https:\/\/www.correiobraziliense.com.br\/cbradar\/wp-content\/uploads\/2025\/11\/Fluor_1762142654721.jpg 1280w\" sizes=\"(max-width: 1024px) 100vw, 1024px\" \/><figcaption class=\"wp-element-caption\">saude &#8211; Cr\u00e9ditos: depositphotos.com \/ StudioLaMagica<\/figcaption><\/figure><\/div>\n\n\n<h2 class=\"wp-block-heading\">Quais s\u00e3o os efeitos adversos reportados?<\/h2>\n\n\n\n<p>Os suplementos de Fl\u00faor, antes indicados via gotas, pastilhas ou comprimidos para crian\u00e7as em regi\u00f5es com baixo teor do mineral na \u00e1gua, est\u00e3o agora sob avalia\u00e7\u00e3o rigorosa. A FDA recomenda seu uso restrito a casos espec\u00edficos, considerando que a ingest\u00e3o desnecess\u00e1ria dessa subst\u00e2ncia pode trazer consequ\u00eancias negativas. Entre as preocupa\u00e7\u00f5es est\u00e3o as mudan\u00e7as no microbioma intestinal, aumento de peso e potencial afeta\u00e7\u00e3o cognitiva. Tais efeitos, ainda sob investiga\u00e7\u00e3o, destacam a import\u00e2ncia de um uso cuidadoso e informado.<\/p>\n\n\n\n<h2 class=\"wp-block-heading\">Como garantir a prote\u00e7\u00e3o adequada contra c\u00e1ries?<\/h2>\n\n\n\n<p>A nova diretriz da FDA n\u00e3o interfere no uso de produtos t\u00f3picos, como cremes dentais e enxaguantes bucais, nem nas aplica\u00e7\u00f5es de Fl\u00faor realizadas em consult\u00f3rios odontol\u00f3gicos. Estas pr\u00e1ticas permanecem sendo m\u00e9todos eficazes e seguros para a preven\u00e7\u00e3o de c\u00e1ries. O foco principal da ag\u00eancia \u00e9 evitar que crian\u00e7as pequenas sejam expostas a formas inger\u00edveis de fl\u00faor sem o respaldo cient\u00edfico, promovendo assim abordagens preventivas mais seguras e baseadas em evid\u00eancias.<\/p>\n\n\n\n<ul class=\"wp-block-list\">\n<li>Cuidado com a ingest\u00e3o desnecess\u00e1ria de Fl\u00faor.<\/li>\n\n\n\n<li>Prefira m\u00e9todos t\u00f3picos para prote\u00e7\u00e3o dental.<\/li>\n\n\n\n<li>Siga orienta\u00e7\u00f5es profissionais para suplementos.<\/li>\n\n\n\n<li>Monitorar a concentra\u00e7\u00e3o de Fl\u00faor na \u00e1gua local.<\/li>\n<\/ul>\n\n\n\n<p>Essas medidas refletem um compromisso com a <a href=\"https:\/\/www.correiobraziliense.com.br\/cbradar\/dr-baltazar-leao-neurocirurgiao-hernia-de-disco-tem-cura-entenda-os-tratamentos\/\" target=\"_blank\" rel=\"noreferrer noopener\">sa\u00fade <\/a>p\u00fablica e a seguran\u00e7a infantil, priorizando pr\u00e1ticas que garantam prote\u00e7\u00e3o dental eficaz sem comprometer outros aspectos da sa\u00fade.<\/p>\n\n\n<a href=\"https:\/\/www.instagram.com\/dra.annaluisabf\/\" target=\"_blank\" rel=\"noopener\" style=\"text-decoration: none; color: inherit;\">\n    <span style=\"display: inline-block; border: 1px solid #ccc; border-radius: 10px; padding: 15px; max-width: 550px; font-family: sans-serif; box-shadow: 0 2px 5px rgba(0,0,0,0.1); width: 100%;\">\n\n      <!-- T\u00edtulo -->\n      <span style=\"display: block; margin: 0 0 15px 0; font-weight: bold; color: #2c3e50; text-align: center;\">\n        Entre em contato:\n      <\/span>\n\n      <!-- Linha do perfil -->\n      <span style=\"display: flex; align-items: center; gap: 15px;\">\n        <img decoding=\"async\"\n          src=\"https:\/\/www.correiobraziliense.com.br\/cbradar\/wp-content\/uploads\/2025\/08\/dra_anna_luisa.jpeg\"\n          alt=\"Foto da Dra. Anna Lu\u00edsa\"\n          style=\"border-radius: 50%; width: 80px; height: 80px; object-fit: cover;\"\n        \/>\n        <span style=\"display: flex; flex-direction: column;\">\n          <span style=\"font-size: 18px; font-weight: 700; color: #2c3e50;\">Dra. Anna Lu\u00edsa Barbosa Fernandes<\/span>\n          <span style=\"color: #555;\">CRM-GO 33.271<\/span>\n        <\/span>\n      <\/span>\n\n      <!-- Redes -->\n      <span style=\"display: flex; align-items: center; gap: 10px; margin-top: 12px;\">\n        <img decoding=\"async\" src=\"https:\/\/cdn-icons-png.flaticon.com\/24\/1384\/1384063.png\" alt=\"Instagram\" width=\"24\" height=\"24\" \/>\n        <span style=\"text-decoration: underline; color: #2c3e50;\">@dra.annaluisabf<\/span>\n      <\/span>\n\n    <\/span>\n  <\/a>","protected":false},"excerpt":{"rendered":"<p>Nos Estados Unidos, a Food and Drug Administration (FDA), institui\u00e7\u00e3o respons\u00e1vel por regular medicamentos e alimentos, tomou medidas significativas com rela\u00e7\u00e3o ao uso de produtos contendo Fl\u00faor para crian\u00e7as. Ap\u00f3s uma avalia\u00e7\u00e3o cient\u00edfica criteriosa, a ag\u00eancia concluiu que o uso de medicamentos e suplementos fluoretados inger\u00edveis para crian\u00e7as pode representar mais riscos do que benef\u00edcios, [&hellip;]<\/p>\n","protected":false},"author":14,"featured_media":130970,"comment_status":"open","ping_status":"open","sticky":false,"template":"","format":"standard","meta":{"_yoast_wpseo_focuskw":"Fl\u00faor","_yoast_wpseo_title":"","_yoast_wpseo_metadesc":"FDA alerta sobre o uso de fl\u00faor em crian\u00e7as e suspende suplementos inger\u00edveis. Descubra o motivo e o que muda na preven\u00e7\u00e3o de c\u00e1ries.","jnews-multi-image_gallery":[],"jnews_single_post":{"format":"standard"},"jnews_primary_category":[],"jnews_social_meta":[],"jnews_override_counter":[],"footnotes":""},"categories":[4404],"post_tag":[120,11370,1318],"class_list":["post-130968","post","type-post","status-publish","format-standard","has-post-thumbnail","hentry","category-saude","tag-bem-estar","tag-fluor","tag-saude-2"],"yoast_head":"<!-- This site is optimized with the Yoast SEO plugin v24.6 - https:\/\/yoast.com\/wordpress\/plugins\/seo\/ -->\n<title>Esse suplemento comum infantil acaba de ser desaconselhado - Correio Braziliense - Radar<\/title>\n<meta name=\"description\" content=\"FDA alerta sobre o uso de fl\u00faor em crian\u00e7as e suspende suplementos inger\u00edveis. Descubra o motivo e o que muda na preven\u00e7\u00e3o de c\u00e1ries.\" \/>\n<meta name=\"robots\" content=\"index, follow, max-snippet:-1, max-image-preview:large, max-video-preview:-1\" \/>\n<link rel=\"canonical\" href=\"https:\/\/www.correiobraziliense.com.br\/cbradar\/esse-suplemento-comum-infantil-acaba-de-ser-desaconselhado\/\" \/>\n<meta property=\"og:locale\" content=\"pt_BR\" \/>\n<meta property=\"og:type\" content=\"article\" \/>\n<meta property=\"og:title\" content=\"Esse suplemento comum infantil acaba de ser desaconselhado - Correio Braziliense - Radar\" \/>\n<meta property=\"og:description\" content=\"FDA alerta sobre o uso de fl\u00faor em crian\u00e7as e suspende suplementos inger\u00edveis. Descubra o motivo e o que muda na preven\u00e7\u00e3o de c\u00e1ries.\" \/>\n<meta property=\"og:url\" content=\"https:\/\/www.correiobraziliense.com.br\/cbradar\/esse-suplemento-comum-infantil-acaba-de-ser-desaconselhado\/\" \/>\n<meta property=\"og:site_name\" content=\"Correio Braziliense - Radar\" \/>\n<meta property=\"article:published_time\" content=\"2025-11-03T23:25:00+00:00\" \/>\n<meta property=\"og:image\" content=\"https:\/\/www.correiobraziliense.com.br\/cbradar\/wp-content\/uploads\/2025\/11\/Fluor_1762142681484.jpg\" \/>\n\t<meta property=\"og:image:width\" content=\"1280\" \/>\n\t<meta property=\"og:image:height\" content=\"720\" \/>\n\t<meta property=\"og:image:type\" content=\"image\/jpeg\" \/>\n<meta name=\"author\" content=\"guilherme_saude\" \/>\n<meta name=\"twitter:card\" content=\"summary_large_image\" \/>\n<meta name=\"twitter:label1\" content=\"Escrito por\" \/>\n\t<meta name=\"twitter:data1\" content=\"guilherme_saude\" \/>\n\t<meta name=\"twitter:label2\" content=\"Est. tempo de leitura\" \/>\n\t<meta name=\"twitter:data2\" content=\"4 minutos\" \/>\n<!-- \/ Yoast SEO plugin. -->","yoast_head_json":{"title":"Esse suplemento comum infantil acaba de ser desaconselhado - Correio Braziliense - Radar","description":"FDA alerta sobre o uso de fl\u00faor em crian\u00e7as e suspende suplementos inger\u00edveis. Descubra o motivo e o que muda na preven\u00e7\u00e3o de c\u00e1ries.","robots":{"index":"index","follow":"follow","max-snippet":"max-snippet:-1","max-image-preview":"max-image-preview:large","max-video-preview":"max-video-preview:-1"},"canonical":"https:\/\/www.correiobraziliense.com.br\/cbradar\/esse-suplemento-comum-infantil-acaba-de-ser-desaconselhado\/","og_locale":"pt_BR","og_type":"article","og_title":"Esse suplemento comum infantil acaba de ser desaconselhado - Correio Braziliense - Radar","og_description":"FDA alerta sobre o uso de fl\u00faor em crian\u00e7as e suspende suplementos inger\u00edveis. Descubra o motivo e o que muda na preven\u00e7\u00e3o de c\u00e1ries.","og_url":"https:\/\/www.correiobraziliense.com.br\/cbradar\/esse-suplemento-comum-infantil-acaba-de-ser-desaconselhado\/","og_site_name":"Correio Braziliense - Radar","article_published_time":"2025-11-03T23:25:00+00:00","og_image":[{"width":1280,"height":720,"url":"https:\/\/www.correiobraziliense.com.br\/cbradar\/wp-content\/uploads\/2025\/11\/Fluor_1762142681484.jpg","type":"image\/jpeg"}],"author":"guilherme_saude","twitter_card":"summary_large_image","twitter_misc":{"Escrito por":"guilherme_saude","Est. tempo de leitura":"4 minutos"},"schema":{"@context":"https:\/\/schema.org","@graph":[{"@type":"WebPage","@id":"https:\/\/www.correiobraziliense.com.br\/cbradar\/esse-suplemento-comum-infantil-acaba-de-ser-desaconselhado\/","url":"https:\/\/www.correiobraziliense.com.br\/cbradar\/esse-suplemento-comum-infantil-acaba-de-ser-desaconselhado\/","name":"Esse suplemento comum infantil acaba de ser desaconselhado - Correio Braziliense - Radar","isPartOf":{"@id":"https:\/\/www.correiobraziliense.com.br\/cbradar\/#website"},"primaryImageOfPage":{"@id":"https:\/\/www.correiobraziliense.com.br\/cbradar\/esse-suplemento-comum-infantil-acaba-de-ser-desaconselhado\/#primaryimage"},"image":{"@id":"https:\/\/www.correiobraziliense.com.br\/cbradar\/esse-suplemento-comum-infantil-acaba-de-ser-desaconselhado\/#primaryimage"},"thumbnailUrl":"https:\/\/www.correiobraziliense.com.br\/cbradar\/wp-content\/uploads\/2025\/11\/Fluor_1762142681484.jpg","datePublished":"2025-11-03T23:25:00+00:00","author":{"@id":"https:\/\/www.correiobraziliense.com.br\/cbradar\/#\/schema\/person\/5aa4bf3c8fa699c267933611de12978b"},"description":"FDA alerta sobre o uso de fl\u00faor em crian\u00e7as e suspende suplementos inger\u00edveis. Descubra o motivo e o que muda na preven\u00e7\u00e3o de c\u00e1ries.","breadcrumb":{"@id":"https:\/\/www.correiobraziliense.com.br\/cbradar\/esse-suplemento-comum-infantil-acaba-de-ser-desaconselhado\/#breadcrumb"},"inLanguage":"pt-BR","potentialAction":[{"@type":"ReadAction","target":["https:\/\/www.correiobraziliense.com.br\/cbradar\/esse-suplemento-comum-infantil-acaba-de-ser-desaconselhado\/"]}]},{"@type":"ImageObject","inLanguage":"pt-BR","@id":"https:\/\/www.correiobraziliense.com.br\/cbradar\/esse-suplemento-comum-infantil-acaba-de-ser-desaconselhado\/#primaryimage","url":"https:\/\/www.correiobraziliense.com.br\/cbradar\/wp-content\/uploads\/2025\/11\/Fluor_1762142681484.jpg","contentUrl":"https:\/\/www.correiobraziliense.com.br\/cbradar\/wp-content\/uploads\/2025\/11\/Fluor_1762142681484.jpg","width":1280,"height":720,"caption":"Fl\u00faor - Cr\u00e9ditos: depositphotos.com \/ Antoine2K"},{"@type":"BreadcrumbList","@id":"https:\/\/www.correiobraziliense.com.br\/cbradar\/esse-suplemento-comum-infantil-acaba-de-ser-desaconselhado\/#breadcrumb","itemListElement":[{"@type":"ListItem","position":1,"name":"In\u00edcio","item":"https:\/\/www.correiobraziliense.com.br\/cbradar\/"},{"@type":"ListItem","position":2,"name":"Esse suplemento comum infantil acaba de ser desaconselhado"}]},{"@type":"WebSite","@id":"https:\/\/www.correiobraziliense.com.br\/cbradar\/#website","url":"https:\/\/www.correiobraziliense.com.br\/cbradar\/","name":"Correio Braziliense - Radar","description":"Acompanhe as \u00faltimas not\u00edcias e fique bem informado sobre tudo o que acontece no Brasil e no mundo.","potentialAction":[{"@type":"SearchAction","target":{"@type":"EntryPoint","urlTemplate":"https:\/\/www.correiobraziliense.com.br\/cbradar\/?s={search_term_string}"},"query-input":{"@type":"PropertyValueSpecification","valueRequired":true,"valueName":"search_term_string"}}],"inLanguage":"pt-BR"},{"@type":"Person","@id":"https:\/\/www.correiobraziliense.com.br\/cbradar\/#\/schema\/person\/5aa4bf3c8fa699c267933611de12978b","name":"guilherme_saude","image":{"@type":"ImageObject","inLanguage":"pt-BR","@id":"https:\/\/www.correiobraziliense.com.br\/cbradar\/#\/schema\/person\/image\/","url":"https:\/\/secure.gravatar.com\/avatar\/df9adfb835d344bc0af109d41756253f?s=96&d=mm&r=g","contentUrl":"https:\/\/secure.gravatar.com\/avatar\/df9adfb835d344bc0af109d41756253f?s=96&d=mm&r=g","caption":"guilherme_saude"},"url":"https:\/\/www.correiobraziliense.com.br\/cbradar\/author\/guilherme_saude\/"}]}},"_links":{"self":[{"href":"https:\/\/www.correiobraziliense.com.br\/cbradar\/wp-json\/wp\/v2\/posts\/130968","targetHints":{"allow":["GET"]}}],"collection":[{"href":"https:\/\/www.correiobraziliense.com.br\/cbradar\/wp-json\/wp\/v2\/posts"}],"about":[{"href":"https:\/\/www.correiobraziliense.com.br\/cbradar\/wp-json\/wp\/v2\/types\/post"}],"author":[{"embeddable":true,"href":"https:\/\/www.correiobraziliense.com.br\/cbradar\/wp-json\/wp\/v2\/users\/14"}],"replies":[{"embeddable":true,"href":"https:\/\/www.correiobraziliense.com.br\/cbradar\/wp-json\/wp\/v2\/comments?post=130968"}],"version-history":[{"count":1,"href":"https:\/\/www.correiobraziliense.com.br\/cbradar\/wp-json\/wp\/v2\/posts\/130968\/revisions"}],"predecessor-version":[{"id":130971,"href":"https:\/\/www.correiobraziliense.com.br\/cbradar\/wp-json\/wp\/v2\/posts\/130968\/revisions\/130971"}],"wp:featuredmedia":[{"embeddable":true,"href":"https:\/\/www.correiobraziliense.com.br\/cbradar\/wp-json\/wp\/v2\/media\/130970"}],"wp:attachment":[{"href":"https:\/\/www.correiobraziliense.com.br\/cbradar\/wp-json\/wp\/v2\/media?parent=130968"}],"wp:term":[{"taxonomy":"category","embeddable":true,"href":"https:\/\/www.correiobraziliense.com.br\/cbradar\/wp-json\/wp\/v2\/categories?post=130968"},{"taxonomy":"post_tag","embeddable":true,"href":"https:\/\/www.correiobraziliense.com.br\/cbradar\/wp-json\/wp\/v2\/post_tag?post=130968"}],"curies":[{"name":"wp","href":"https:\/\/api.w.org\/{rel}","templated":true}]}}