{"id":131020,"date":"2025-11-04T10:15:00","date_gmt":"2025-11-04T13:15:00","guid":{"rendered":"https:\/\/www.correiobraziliense.com.br\/cbradar\/?p=131020"},"modified":"2025-11-03T11:45:21","modified_gmt":"2025-11-03T14:45:21","slug":"por-que-os-joanetes-aparecem-e-como-evita-las-em-estagios-iniciais","status":"publish","type":"post","link":"https:\/\/www.correiobraziliense.com.br\/cbradar\/por-que-os-joanetes-aparecem-e-como-evita-las-em-estagios-iniciais\/","title":{"rendered":"Por que os joanetes aparecem e como evit\u00e1-las em est\u00e1gios iniciais"},"content":{"rendered":"\n<p>O<strong> joanete (h\u00e1lux valgo)<\/strong> \u00e9 uma deformidade \u00f3ssea comum na base do ded\u00e3o, causando dor e desalinhamento. Entender sua causa \u00e9 o primeiro passo para gerenciar a progress\u00e3o nos est\u00e1gios iniciais, antes que se torne um problema cir\u00fargico.<\/p>\n\n\n\n<h2 class=\"wp-block-heading\">O que exatamente \u00e9 um joanete e por que ele se forma?<\/h2>\n\n\n\n<p>O joanete, clinicamente chamado de <strong>h\u00e1lux valgo<\/strong>, n\u00e3o \u00e9 um &#8220;osso extra&#8221; que cresce, mas sim um desvio estrutural progressivo. Ocorre quando o osso longo (primeiro metatarso) se desloca para <em>fora<\/em>, for\u00e7ando o ded\u00e3o (h\u00e1lux) a apontar <em>para dentro<\/em>, em dire\u00e7\u00e3o aos outros dedos, criando a protuber\u00e2ncia \u00f3ssea caracter\u00edstica.<\/p>\n\n\n\n<p>A causa \u00e9 multifatorial, mas a <strong>predisposi\u00e7\u00e3o gen\u00e9tica<\/strong> \u00e9 o fator dominante (tipo de p\u00e9, hipermobilidade articular). No entanto, o fator que &#8220;ativa&#8221; e acelera essa predisposi\u00e7\u00e3o \u00e9 o <strong>cal\u00e7ado inadequado<\/strong>, especialmente sapatos apertados, de bico fino ou salto alto, que comprimem os dedos na posi\u00e7\u00e3o errada por anos.<\/p>\n\n\n\n<figure class=\"wp-block-image aligncenter size-large\"><img decoding=\"async\" width=\"1024\" height=\"576\" src=\"https:\/\/www.correiobraziliense.com.br\/cbradar\/wp-content\/uploads\/2025\/11\/halux-valgo-pe_1762181061645-1024x576.jpg\" alt=\"Por que os joanetes aparecem e como evit\u00e1-las em est\u00e1gios iniciais\" class=\"wp-image-131025\" srcset=\"https:\/\/www.correiobraziliense.com.br\/cbradar\/wp-content\/uploads\/2025\/11\/halux-valgo-pe_1762181061645-1024x576.jpg 1024w, https:\/\/www.correiobraziliense.com.br\/cbradar\/wp-content\/uploads\/2025\/11\/halux-valgo-pe_1762181061645-300x169.jpg 300w, https:\/\/www.correiobraziliense.com.br\/cbradar\/wp-content\/uploads\/2025\/11\/halux-valgo-pe_1762181061645-768x432.jpg 768w, https:\/\/www.correiobraziliense.com.br\/cbradar\/wp-content\/uploads\/2025\/11\/halux-valgo-pe_1762181061645-750x422.jpg 750w, https:\/\/www.correiobraziliense.com.br\/cbradar\/wp-content\/uploads\/2025\/11\/halux-valgo-pe_1762181061645-1140x641.jpg 1140w, https:\/\/www.correiobraziliense.com.br\/cbradar\/wp-content\/uploads\/2025\/11\/halux-valgo-pe_1762181061645.jpg 1280w\" sizes=\"(max-width: 1024px) 100vw, 1024px\" \/><figcaption class=\"wp-element-caption\">Motivos do aparecimento dos joanetes e cuidados eficazes para preveni-los no in\u00edcio &#8211; Cr\u00e9ditos: depositphotos.com \/ CharMoment\n<\/figcaption><\/figure>\n\n\n\n<p>Leia tamb\u00e9m: <a href=\"https:\/\/www.correiobraziliense.com.br\/cbradar\/exercicios-fundamentais-para-fortalecer-os-ossos-em-mulheres-acima-de-50-anos\" target=\"_blank\" rel=\"noreferrer noopener\">Exerc\u00edcios fundamentais para fortalecer os ossos em mulheres acima de 50 anos<\/a><\/p>\n\n\n\n<h2 class=\"wp-block-heading\">Quais s\u00e3o os primeiros sinais de alerta de um joanete em forma\u00e7\u00e3o?<\/h2>\n\n\n\n<p>Nos est\u00e1gios iniciais, o joanete \u00e9 flex\u00edvel e os sintomas s\u00e3o leves. O primeiro sinal \u00e9, muitas vezes, o pr\u00f3prio <strong>desvio do ded\u00e3o<\/strong>, que come\u00e7a a &#8220;empurrar&#8221; o segundo dedo, acompanhado de vermelhid\u00e3o ou incha\u00e7o na articula\u00e7\u00e3o (bursa) ap\u00f3s o uso de sapatos apertados.<\/p>\n\n\n\n<p>A dor pode ser intermitente, aparecendo apenas ap\u00f3s longas caminhadas ou uso de cal\u00e7ado inadequado. Ficar atento aos sinais iniciais \u00e9 crucial, pois \u00e9 nesta fase que as medidas conservadoras s\u00e3o mais eficazes.<\/p>\n\n\n\n<ul class=\"wp-block-list\">\n<li>Sinais de alerta iniciais:<\/li>\n\n\n\n<li><strong>Vermelhid\u00e3o<\/strong> ou sensibilidade na lateral do ded\u00e3o.<\/li>\n\n\n\n<li>Um <strong>calo<\/strong> ou pele grossa formando-se entre o primeiro e o segundo dedo.<\/li>\n\n\n\n<li>Dificuldade em usar sapatos que antes eram confort\u00e1veis.<\/li>\n\n\n\n<li>Dor na articula\u00e7\u00e3o que piora com a atividade.<\/li>\n<\/ul>\n\n\n\n<h2 class=\"wp-block-heading\">Como o cal\u00e7ado correto pode impedir a progress\u00e3o do joanete?<\/h2>\n\n\n\n<p>O cal\u00e7ado \u00e9 a interven\u00e7\u00e3o n\u00e3o cir\u00fargica mais importante. Sapatos de bico fino e salto alto for\u00e7am o p\u00e9 a uma posi\u00e7\u00e3o triangular n\u00e3o natural, aplicando press\u00e3o direta que acelera o desvio do h\u00e1lux valgo.<\/p>\n\n\n\n<p>Para evitar a progress\u00e3o, a mudan\u00e7a para sapatos com uma <strong>caixa de dedos larga<\/strong> (<em>wide toe box<\/em>) \u00e9 fundamental. Isso permite que os dedos se espalhem naturalmente (posi\u00e7\u00e3o fisiol\u00f3gica), removendo a compress\u00e3o lateral sobre a articula\u00e7\u00e3o do joanete e aliviando a dor.<\/p>\n\n\n\n<iframe loading=\"lazy\" width=\"342\" height=\"608\" src=\"https:\/\/www.youtube.com\/embed\/ZfjZtVYuFHw\" title=\"Se voc\u00ea tem joanete, voc\u00ea precisa ver isso!\" frameborder=\"0\" allow=\"accelerometer; autoplay; clipboard-write; encrypted-media; gyroscope; picture-in-picture; web-share\" referrerpolicy=\"strict-origin-when-cross-origin\" allowfullscreen><\/iframe>\n\n\n\n<p>Leia tamb\u00e9m: <a href=\"https:\/\/www.correiobraziliense.com.br\/cbradar\/como-cuidar-de-plantas-melhora-o-seu-humor-segundo-a-ciencia\" target=\"_blank\" rel=\"noreferrer noopener\">Como cuidar de plantas melhora o seu humor, segundo a ci\u00eancia<\/a><\/p>\n\n\n\n<h2 class=\"wp-block-heading\">Quais exerc\u00edcios para os p\u00e9s podem ajudar nos est\u00e1gios iniciais?<\/h2>\n\n\n\n<p>Em est\u00e1gios iniciais, os exerc\u00edcios focam em fortalecer os <strong>m\u00fasculos intr\u00ednsecos<\/strong> (o &#8220;core&#8221; do p\u00e9) para ajudar a estabilizar o arco e o metatarso. A<strong> <a href=\"https:\/\/orthoinfo.aaos.org\/en\/diseases--conditions\/bunions\" target=\"_blank\" rel=\"noreferrer noopener\">Academia Americana de Cirurgi\u00f5es Ortop\u00e9dicos (AAOS)<\/a><\/strong> confirma que, embora os exerc\u00edcios n\u00e3o <em>corrijam<\/em> a deformidade, eles podem aliviar a dor e melhorar a fun\u00e7\u00e3o.<\/p>\n\n\n\n<p>A mobilidade do ded\u00e3o tamb\u00e9m \u00e9 importante para evitar que a articula\u00e7\u00e3o fique r\u00edgida.<\/p>\n\n\n\n<ul class=\"wp-block-list\">\n<li>Exerc\u00edcios de suporte para o p\u00e9:<\/li>\n\n\n\n<li><strong>&#8220;Yoga para os dedos&#8221;:<\/strong> Usar os dedos das m\u00e3os para separar e alongar os dedos dos p\u00e9s (ou usar separadores de dedos).<\/li>\n\n\n\n<li><strong>Pegar objetos:<\/strong> Tentar pegar uma toalha pequena ou uma caneta do ch\u00e3o usando apenas os dedos dos p\u00e9s.<\/li>\n\n\n\n<li><strong>Mobiliza\u00e7\u00e3o do ded\u00e3o:<\/strong> Puxar suavemente o ded\u00e3o para uma posi\u00e7\u00e3o alinhada e segurar por 10 segundos.<\/li>\n\n\n\n<li><strong>&#8220;P\u00e9 curto&#8221;:<\/strong> Tentar encurtar o p\u00e9 (puxando a ponta em dire\u00e7\u00e3o ao calcanhar) sem curvar os dedos, para ativar o arco.<\/li>\n<\/ul>\n\n\n\n<h2 class=\"wp-block-heading\">Quando as medidas simples (como sapatos) deixam de ser suficientes?<\/h2>\n\n\n\n<p>As medidas conservadoras funcionam melhor quando o joanete ainda \u00e9 &#8220;flex\u00edvel&#8221;. O sinal de que a progress\u00e3o est\u00e1 avan\u00e7ando \u00e9 quando a <strong>dor se torna cr\u00f4nica<\/strong> (di\u00e1ria), mesmo com sapatos adequados, ou quando o joanete se torna &#8220;r\u00edgido&#8221; (voc\u00ea n\u00e3o consegue mais endireitar o dedo manualmente).<\/p>\n\n\n\n<p>Se a dor interfere nas atividades di\u00e1rias, ou se os outros dedos come\u00e7am a deformar (como <strong>dedos em martelo<\/strong>), \u00e9 fundamental procurar um <strong>ortopedista<\/strong> ou podiatra. A <a href=\"https:\/\/www.health.harvard.edu\/diseases-and-conditions\/what-to-do-about-bunions\" target=\"_blank\" rel=\"noreferrer noopener\"><strong>Harvard Health<\/strong><\/a> explica que, em casos avan\u00e7ados, a cirurgia pode ser a \u00fanica op\u00e7\u00e3o para corrigir a dor e a deformidade.<\/p>\n\n\n\n<figure class=\"wp-block-table\"><table class=\"has-fixed-layout\"><thead><tr><td><strong>Est\u00e1gio do Joanete<\/strong><\/td><td><strong>Sintomas Comuns<\/strong><\/td><td><strong>Tratamento Conservador<\/strong><\/td><\/tr><\/thead><tbody><tr><td><strong>Inicial \/ Flex\u00edvel<\/strong><\/td><td>Dor intermitente \/ Vermelhid\u00e3o<\/td><td><strong>Eficaz<\/strong> (Sapatos largos, exerc\u00edcios)<\/td><\/tr><tr><td><strong>Avan\u00e7ado \/ R\u00edgido<\/strong><\/td><td>Dor cr\u00f4nica \/ Dedos em martelo<\/td><td><strong>Ineficaz<\/strong> (Cirurgia geralmente indicada)<\/td><\/tr><\/tbody><\/table><\/figure>\n","protected":false},"excerpt":{"rendered":"<p>O joanete (h\u00e1lux valgo) \u00e9 uma deformidade \u00f3ssea comum na base do ded\u00e3o, causando dor e desalinhamento. Entender sua causa \u00e9 o primeiro passo para gerenciar a progress\u00e3o nos est\u00e1gios iniciais, antes que se torne um problema cir\u00fargico. O que exatamente \u00e9 um joanete e por que ele se forma? O joanete, clinicamente chamado de [&hellip;]<\/p>\n","protected":false},"author":11,"featured_media":131024,"comment_status":"open","ping_status":"open","sticky":false,"template":"","format":"standard","meta":{"jnews-multi-image_gallery":[],"jnews_single_post":{"format":"standard"},"jnews_primary_category":[],"jnews_social_meta":[],"jnews_override_counter":[],"footnotes":""},"categories":[119],"post_tag":[11374,1318],"class_list":["post-131020","post","type-post","status-publish","format-standard","has-post-thumbnail","hentry","category-bem-estar","tag-joanetes","tag-saude-2"],"yoast_head":"<!-- This site is optimized with the Yoast SEO plugin v24.6 - https:\/\/yoast.com\/wordpress\/plugins\/seo\/ -->\n<title>Por que os joanetes aparecem e como evit\u00e1-las em est\u00e1gios iniciais - Correio Braziliense - Radar<\/title>\n<meta name=\"description\" content=\"Entender a causa dos joanetes ajuda a agir cedo com ajustes simples no cal\u00e7ado e cuidados que evitam o avan\u00e7o do problema\" \/>\n<meta name=\"robots\" content=\"index, follow, max-snippet:-1, max-image-preview:large, max-video-preview:-1\" \/>\n<link rel=\"canonical\" href=\"https:\/\/www.correiobraziliense.com.br\/cbradar\/por-que-os-joanetes-aparecem-e-como-evita-las-em-estagios-iniciais\/\" \/>\n<meta property=\"og:locale\" content=\"pt_BR\" \/>\n<meta property=\"og:type\" content=\"article\" \/>\n<meta property=\"og:title\" content=\"Por que os joanetes aparecem e como evit\u00e1-las em est\u00e1gios iniciais - Correio Braziliense - Radar\" \/>\n<meta property=\"og:description\" content=\"Entender a causa dos joanetes ajuda a agir cedo com ajustes simples no cal\u00e7ado e cuidados que evitam o avan\u00e7o do problema\" \/>\n<meta property=\"og:url\" content=\"https:\/\/www.correiobraziliense.com.br\/cbradar\/por-que-os-joanetes-aparecem-e-como-evita-las-em-estagios-iniciais\/\" \/>\n<meta property=\"og:site_name\" content=\"Correio Braziliense - Radar\" \/>\n<meta property=\"article:published_time\" content=\"2025-11-04T13:15:00+00:00\" \/>\n<meta property=\"og:image\" content=\"https:\/\/www.correiobraziliense.com.br\/cbradar\/wp-content\/uploads\/2025\/11\/mosaico_1762180991678.jpg\" \/>\n\t<meta property=\"og:image:width\" content=\"1280\" \/>\n\t<meta property=\"og:image:height\" content=\"720\" \/>\n\t<meta property=\"og:image:type\" content=\"image\/jpeg\" \/>\n<meta name=\"author\" content=\"Paulo Custodio\" \/>\n<meta name=\"twitter:card\" content=\"summary_large_image\" \/>\n<meta name=\"twitter:label1\" content=\"Escrito por\" \/>\n\t<meta name=\"twitter:data1\" content=\"Paulo Custodio\" \/>\n\t<meta name=\"twitter:label2\" content=\"Est. tempo de leitura\" \/>\n\t<meta name=\"twitter:data2\" content=\"5 minutos\" \/>\n<!-- \/ Yoast SEO plugin. -->","yoast_head_json":{"title":"Por que os joanetes aparecem e como evit\u00e1-las em est\u00e1gios iniciais - Correio Braziliense - Radar","description":"Entender a causa dos joanetes ajuda a agir cedo com ajustes simples no cal\u00e7ado e cuidados que evitam o avan\u00e7o do problema","robots":{"index":"index","follow":"follow","max-snippet":"max-snippet:-1","max-image-preview":"max-image-preview:large","max-video-preview":"max-video-preview:-1"},"canonical":"https:\/\/www.correiobraziliense.com.br\/cbradar\/por-que-os-joanetes-aparecem-e-como-evita-las-em-estagios-iniciais\/","og_locale":"pt_BR","og_type":"article","og_title":"Por que os joanetes aparecem e como evit\u00e1-las em est\u00e1gios iniciais - Correio Braziliense - Radar","og_description":"Entender a causa dos joanetes ajuda a agir cedo com ajustes simples no cal\u00e7ado e cuidados que evitam o avan\u00e7o do problema","og_url":"https:\/\/www.correiobraziliense.com.br\/cbradar\/por-que-os-joanetes-aparecem-e-como-evita-las-em-estagios-iniciais\/","og_site_name":"Correio Braziliense - Radar","article_published_time":"2025-11-04T13:15:00+00:00","og_image":[{"width":1280,"height":720,"url":"https:\/\/www.correiobraziliense.com.br\/cbradar\/wp-content\/uploads\/2025\/11\/mosaico_1762180991678.jpg","type":"image\/jpeg"}],"author":"Paulo Custodio","twitter_card":"summary_large_image","twitter_misc":{"Escrito por":"Paulo Custodio","Est. tempo de leitura":"5 minutos"},"schema":{"@context":"https:\/\/schema.org","@graph":[{"@type":"WebPage","@id":"https:\/\/www.correiobraziliense.com.br\/cbradar\/por-que-os-joanetes-aparecem-e-como-evita-las-em-estagios-iniciais\/","url":"https:\/\/www.correiobraziliense.com.br\/cbradar\/por-que-os-joanetes-aparecem-e-como-evita-las-em-estagios-iniciais\/","name":"Por que os joanetes aparecem e como evit\u00e1-las em est\u00e1gios iniciais - Correio Braziliense - Radar","isPartOf":{"@id":"https:\/\/www.correiobraziliense.com.br\/cbradar\/#website"},"primaryImageOfPage":{"@id":"https:\/\/www.correiobraziliense.com.br\/cbradar\/por-que-os-joanetes-aparecem-e-como-evita-las-em-estagios-iniciais\/#primaryimage"},"image":{"@id":"https:\/\/www.correiobraziliense.com.br\/cbradar\/por-que-os-joanetes-aparecem-e-como-evita-las-em-estagios-iniciais\/#primaryimage"},"thumbnailUrl":"https:\/\/www.correiobraziliense.com.br\/cbradar\/wp-content\/uploads\/2025\/11\/mosaico_1762180991678.jpg","datePublished":"2025-11-04T13:15:00+00:00","author":{"@id":"https:\/\/www.correiobraziliense.com.br\/cbradar\/#\/schema\/person\/4cec7857301a9a1a2ef249893cd908d3"},"description":"Entender a causa dos joanetes ajuda a agir cedo com ajustes simples no cal\u00e7ado e cuidados que evitam o avan\u00e7o do problema","breadcrumb":{"@id":"https:\/\/www.correiobraziliense.com.br\/cbradar\/por-que-os-joanetes-aparecem-e-como-evita-las-em-estagios-iniciais\/#breadcrumb"},"inLanguage":"pt-BR","potentialAction":[{"@type":"ReadAction","target":["https:\/\/www.correiobraziliense.com.br\/cbradar\/por-que-os-joanetes-aparecem-e-como-evita-las-em-estagios-iniciais\/"]}]},{"@type":"ImageObject","inLanguage":"pt-BR","@id":"https:\/\/www.correiobraziliense.com.br\/cbradar\/por-que-os-joanetes-aparecem-e-como-evita-las-em-estagios-iniciais\/#primaryimage","url":"https:\/\/www.correiobraziliense.com.br\/cbradar\/wp-content\/uploads\/2025\/11\/mosaico_1762180991678.jpg","contentUrl":"https:\/\/www.correiobraziliense.com.br\/cbradar\/wp-content\/uploads\/2025\/11\/mosaico_1762180991678.jpg","width":1280,"height":720,"caption":"Por que os joanetes aparecem e como evit\u00e1-las em est\u00e1gios iniciais - Cr\u00e9ditos: depositphotos.com \/ t.scentrio@gmail.com - Cr\u00e9ditos: depositphotos.com \/ IgorVetushko"},{"@type":"BreadcrumbList","@id":"https:\/\/www.correiobraziliense.com.br\/cbradar\/por-que-os-joanetes-aparecem-e-como-evita-las-em-estagios-iniciais\/#breadcrumb","itemListElement":[{"@type":"ListItem","position":1,"name":"In\u00edcio","item":"https:\/\/www.correiobraziliense.com.br\/cbradar\/"},{"@type":"ListItem","position":2,"name":"Por que os joanetes aparecem e como evit\u00e1-las em est\u00e1gios iniciais"}]},{"@type":"WebSite","@id":"https:\/\/www.correiobraziliense.com.br\/cbradar\/#website","url":"https:\/\/www.correiobraziliense.com.br\/cbradar\/","name":"Correio Braziliense - Radar","description":"Acompanhe as \u00faltimas not\u00edcias e fique bem informado sobre tudo o que acontece no Brasil e no mundo.","potentialAction":[{"@type":"SearchAction","target":{"@type":"EntryPoint","urlTemplate":"https:\/\/www.correiobraziliense.com.br\/cbradar\/?s={search_term_string}"},"query-input":{"@type":"PropertyValueSpecification","valueRequired":true,"valueName":"search_term_string"}}],"inLanguage":"pt-BR"},{"@type":"Person","@id":"https:\/\/www.correiobraziliense.com.br\/cbradar\/#\/schema\/person\/4cec7857301a9a1a2ef249893cd908d3","name":"Paulo Custodio","image":{"@type":"ImageObject","inLanguage":"pt-BR","@id":"https:\/\/www.correiobraziliense.com.br\/cbradar\/#\/schema\/person\/image\/","url":"https:\/\/secure.gravatar.com\/avatar\/bcd67168d1534e8fcf4f45c726a87cea?s=96&d=mm&r=g","contentUrl":"https:\/\/secure.gravatar.com\/avatar\/bcd67168d1534e8fcf4f45c726a87cea?s=96&d=mm&r=g","caption":"Paulo Custodio"},"sameAs":["https:\/\/www.correiobraziliense.com.br\/cbradar"],"url":"https:\/\/www.correiobraziliense.com.br\/cbradar\/author\/paulomyth\/"}]}},"_links":{"self":[{"href":"https:\/\/www.correiobraziliense.com.br\/cbradar\/wp-json\/wp\/v2\/posts\/131020","targetHints":{"allow":["GET"]}}],"collection":[{"href":"https:\/\/www.correiobraziliense.com.br\/cbradar\/wp-json\/wp\/v2\/posts"}],"about":[{"href":"https:\/\/www.correiobraziliense.com.br\/cbradar\/wp-json\/wp\/v2\/types\/post"}],"author":[{"embeddable":true,"href":"https:\/\/www.correiobraziliense.com.br\/cbradar\/wp-json\/wp\/v2\/users\/11"}],"replies":[{"embeddable":true,"href":"https:\/\/www.correiobraziliense.com.br\/cbradar\/wp-json\/wp\/v2\/comments?post=131020"}],"version-history":[{"count":1,"href":"https:\/\/www.correiobraziliense.com.br\/cbradar\/wp-json\/wp\/v2\/posts\/131020\/revisions"}],"predecessor-version":[{"id":131026,"href":"https:\/\/www.correiobraziliense.com.br\/cbradar\/wp-json\/wp\/v2\/posts\/131020\/revisions\/131026"}],"wp:featuredmedia":[{"embeddable":true,"href":"https:\/\/www.correiobraziliense.com.br\/cbradar\/wp-json\/wp\/v2\/media\/131024"}],"wp:attachment":[{"href":"https:\/\/www.correiobraziliense.com.br\/cbradar\/wp-json\/wp\/v2\/media?parent=131020"}],"wp:term":[{"taxonomy":"category","embeddable":true,"href":"https:\/\/www.correiobraziliense.com.br\/cbradar\/wp-json\/wp\/v2\/categories?post=131020"},{"taxonomy":"post_tag","embeddable":true,"href":"https:\/\/www.correiobraziliense.com.br\/cbradar\/wp-json\/wp\/v2\/post_tag?post=131020"}],"curies":[{"name":"wp","href":"https:\/\/api.w.org\/{rel}","templated":true}]}}