{"id":13107,"date":"2025-03-18T07:30:00","date_gmt":"2025-03-18T10:30:00","guid":{"rendered":"https:\/\/www.correiobraziliense.com.br\/cbradar\/?p=13107"},"modified":"2025-03-17T16:12:21","modified_gmt":"2025-03-17T19:12:21","slug":"essa-cidade-brasileira-entrou-na-lista-de-mais-procuradas-para-viagem","status":"publish","type":"post","link":"https:\/\/www.correiobraziliense.com.br\/cbradar\/essa-cidade-brasileira-entrou-na-lista-de-mais-procuradas-para-viagem\/","title":{"rendered":"Essa cidade brasileira entrou na lista de mais procuradas para viagem"},"content":{"rendered":"\n<p>Em 2025, viajantes de todo o mundo est\u00e3o em busca de novos destinos que oferecem experi\u00eancias \u00fanicas e inesquec\u00edveis. A plataforma de <strong><a href=\"https:\/\/www.airbnb.com.br\/\" target=\"_blank\" rel=\"noreferrer noopener\">hospedagens Airbnb<\/a><\/strong> destacou locais que tiveram um aumento significativo nas buscas, revelando tend\u00eancias de viagem para o ano. Entre praias paradis\u00edacas, cidades hist\u00f3ricas e metr\u00f3poles vibrantes, os destinos selecionados prometem agradar a diversos perfis de turistas.<\/p>\n\n\n\n<p>Com base no crescimento das buscas em compara\u00e7\u00e3o ao ano anterior, a lista inclui locais que variam de ref\u00fagios tranquilos a centros culturais din\u00e2micos. A seguir, exploramos alguns dos destinos que se destacaram nessa sele\u00e7\u00e3o, cada um com suas caracter\u00edsticas e atra\u00e7\u00f5es singulares.<\/p>\n\n\n\n<h2 class=\"wp-block-heading\">O que faz de Ubatuba um destino imperd\u00edvel?<\/h2>\n\n\n\n<p>Localizada no litoral paulista, <strong>Ubatuba<\/strong> \u00e9 conhecida por suas mais de cem praias, que atraem tanto aqueles em busca de tranquilidade quanto aventureiros em busca de esportes aqu\u00e1ticos e trilhas. A cidade oferece a oportunidade de explorar a <strong>Mata Atl\u00e2ntica,<\/strong> visitar cachoeiras e desfrutar de uma vida noturna animada com restaurantes e bares no centro.<\/p>\n\n\n\n<figure class=\"wp-block-image size-large\"><img decoding=\"async\" width=\"1024\" height=\"576\" src=\"https:\/\/www.correiobraziliense.com.br\/cbradar\/wp-content\/uploads\/2025\/03\/viagem-_1742217156404-1024x576.jpg\" alt=\"Destinos Imperd\u00edveis para Viajar em 2025\" class=\"wp-image-13117\" srcset=\"https:\/\/www.correiobraziliense.com.br\/cbradar\/wp-content\/uploads\/2025\/03\/viagem-_1742217156404-1024x576.jpg 1024w, https:\/\/www.correiobraziliense.com.br\/cbradar\/wp-content\/uploads\/2025\/03\/viagem-_1742217156404-300x169.jpg 300w, https:\/\/www.correiobraziliense.com.br\/cbradar\/wp-content\/uploads\/2025\/03\/viagem-_1742217156404-768x432.jpg 768w, https:\/\/www.correiobraziliense.com.br\/cbradar\/wp-content\/uploads\/2025\/03\/viagem-_1742217156404-750x422.jpg 750w, https:\/\/www.correiobraziliense.com.br\/cbradar\/wp-content\/uploads\/2025\/03\/viagem-_1742217156404-1140x641.jpg 1140w, https:\/\/www.correiobraziliense.com.br\/cbradar\/wp-content\/uploads\/2025\/03\/viagem-_1742217156404.jpg 1280w\" sizes=\"(max-width: 1024px) 100vw, 1024px\" \/><figcaption class=\"wp-element-caption\">viagem.Cr\u00e9ditos: depositphotos.com \/ VadimVasenin<\/figcaption><\/figure>\n\n\n\n<p>Al\u00e9m disso, Ubatuba \u00e9 um ponto privilegiado para a observa\u00e7\u00e3o de animais marinhos, como tartarugas e golfinhos, tornando-se um destino ideal para os amantes da natureza. Com sua rica biodiversidade e paisagens deslumbrantes, Ubatuba continua a ser um dos principais destinos tur\u00edsticos do <strong>Brasil<\/strong>.<\/p>\n\n\n\n<h2 class=\"wp-block-heading\">Por que Gulf Shores \u00e9 popular entre os turistas?<\/h2>\n\n\n\n<p><strong>Gulf Shores<\/strong>, localizada no Golfo do <strong>M\u00e9xico<\/strong>, \u00e9 famosa por suas praias de areia branca e \u00e1guas cristalinas. A cidade \u00e9 um destino popular para aqueles que apreciam frutos-do-mar frescos, com uma variedade de restaurantes especializados. Al\u00e9m disso, Gulf Shores \u00e9 um local procurado para a pr\u00e1tica de esportes aqu\u00e1ticos e pesca, oferecendo atividades para todos os gostos.<\/p>\n\n\n\n<p>O ambiente acolhedor e as diversas op\u00e7\u00f5es de lazer fazem de Gulf Shores um destino atrativo para fam\u00edlias e viajantes individuais. A cidade combina o charme de uma pequena cidade costeira com a emo\u00e7\u00e3o de atividades ao ar livre, garantindo uma experi\u00eancia memor\u00e1vel para seus visitantes.<\/p>\n\n\n\n<h2 class=\"wp-block-heading\">Quais atra\u00e7\u00f5es esperam os visitantes em corfu?<\/h2>\n\n\n\n<p><strong>Corfu<\/strong>, uma ilha grega, \u00e9 um destino que encanta com suas montanhas e praias de areia branca. Em 2025, a ilha ser\u00e1 palco de diversos festivais culturais, incluindo o Festival de Jardins de Corfu, que contar\u00e1 com exibi\u00e7\u00f5es florais e oficinas de jardinagem. Esses eventos oferecem uma oportunidade \u00fanica para os visitantes se imergirem na cultura local.<\/p>\n\n\n\n<p>A beleza natural de Corfu, combinada com sua rica heran\u00e7a cultural, faz da ilha um destino desejado por turistas de todo o mundo. As \u00e1guas cristalinas e a hospitalidade grega garantem uma experi\u00eancia inesquec\u00edvel para aqueles que exploram esta joia do Mediterr\u00e2neo.<\/p>\n\n\n\n<h2 class=\"wp-block-heading\">Explorando outros destinos de destaque<\/h2>\n\n\n\n<ul class=\"wp-block-list\">\n<li><strong>Punta Cana, Rep\u00fablica Dominicana:<\/strong>&nbsp;Conhecida por suas praias paradis\u00edacas e ecoturismo, oferece atividades como mergulho e surfe.<\/li>\n\n\n\n<li><strong>Amsterd\u00e3, Holanda:<\/strong>&nbsp;Famosa por seus canais charmosos, vida noturna vibrante e museus ic\u00f4nicos.<\/li>\n\n\n\n<li><strong>Basileia, Su\u00ed\u00e7a:<\/strong>&nbsp;Destaca-se por sua arquitetura e eventos culturais, como competi\u00e7\u00f5es internacionais de m\u00fasica.<\/li>\n\n\n\n<li><strong>Taito, Jap\u00e3o:<\/strong>&nbsp;Uma fus\u00e3o de tradi\u00e7\u00e3o e modernidade, com templos antigos e arranha-c\u00e9us.<\/li>\n\n\n\n<li><strong>Col\u00f4nia, Alemanha:<\/strong>&nbsp;Rica em hist\u00f3ria, abriga a imponente Catedral de Col\u00f4nia e diversos museus.<\/li>\n\n\n\n<li><strong>Mil\u00e3o, It\u00e1lia:<\/strong>&nbsp;Um centro de moda e design, especialmente durante a Milan Design Week.<\/li>\n\n\n\n<li><strong>Stillwater, EUA:<\/strong>&nbsp;Conhecida por seus eventos culturais organizados por universidades locais.<\/li>\n<\/ul>\n\n\n\n<p>Esses destinos refletem a diversidade de experi\u00eancias que os viajantes buscam em 2025. Seja explorando a natureza, imergindo em culturas locais ou desfrutando de eventos \u00fanicos, cada local oferece algo especial para seus visitantes.<\/p>\n","protected":false},"excerpt":{"rendered":"<p>Descubra os destinos mais procurados de 2025 em todo o mundo. Desde praias paradis\u00edacas at\u00e9 cidades vibrantes!<\/p>\n","protected":false},"author":3,"featured_media":13120,"comment_status":"open","ping_status":"open","sticky":false,"template":"","format":"standard","meta":{"_yoast_wpseo_focuskw":"viagem","_yoast_wpseo_title":"%%title%%","_yoast_wpseo_metadesc":"Descubra os destinos mais procurados de 2025 em todo o mundo. Desde praias paradis\u00edacas at\u00e9 cidades vibrantes!","jnews-multi-image_gallery":[],"jnews_single_post":{"format":"standard"},"jnews_primary_category":[],"jnews_social_meta":[],"jnews_override_counter":[],"footnotes":""},"categories":[108],"post_tag":[109],"class_list":["post-13107","post","type-post","status-publish","format-standard","has-post-thumbnail","hentry","category-cidades","tag-cidades"],"yoast_head":"<!-- This site is optimized with the Yoast SEO plugin v24.6 - https:\/\/yoast.com\/wordpress\/plugins\/seo\/ -->\n<title>Essa cidade brasileira entrou na lista de mais procuradas para viagem<\/title>\n<meta name=\"description\" content=\"Descubra os destinos mais procurados de 2025 em todo o mundo. Desde praias paradis\u00edacas at\u00e9 cidades vibrantes!\" \/>\n<meta name=\"robots\" content=\"index, follow, max-snippet:-1, max-image-preview:large, max-video-preview:-1\" \/>\n<link rel=\"canonical\" href=\"https:\/\/www.correiobraziliense.com.br\/cbradar\/essa-cidade-brasileira-entrou-na-lista-de-mais-procuradas-para-viagem\/\" \/>\n<meta property=\"og:locale\" content=\"pt_BR\" \/>\n<meta property=\"og:type\" content=\"article\" \/>\n<meta property=\"og:title\" content=\"Essa cidade brasileira entrou na lista de mais procuradas para viagem\" \/>\n<meta property=\"og:description\" content=\"Descubra os destinos mais procurados de 2025 em todo o mundo. Desde praias paradis\u00edacas at\u00e9 cidades vibrantes!\" \/>\n<meta property=\"og:url\" content=\"https:\/\/www.correiobraziliense.com.br\/cbradar\/essa-cidade-brasileira-entrou-na-lista-de-mais-procuradas-para-viagem\/\" \/>\n<meta property=\"og:site_name\" content=\"Correio Braziliense - Radar\" \/>\n<meta property=\"article:published_time\" content=\"2025-03-18T10:30:00+00:00\" \/>\n<meta property=\"og:image\" content=\"https:\/\/www.correiobraziliense.com.br\/cbradar\/wp-content\/uploads\/2025\/03\/viagem-_1742217293783.jpg\" \/>\n\t<meta property=\"og:image:width\" content=\"1280\" \/>\n\t<meta property=\"og:image:height\" content=\"720\" \/>\n\t<meta property=\"og:image:type\" content=\"image\/jpeg\" \/>\n<meta name=\"author\" content=\"Larissa Carvalho\" \/>\n<meta name=\"twitter:card\" content=\"summary_large_image\" \/>\n<meta name=\"twitter:label1\" content=\"Escrito por\" \/>\n\t<meta name=\"twitter:data1\" content=\"Larissa Carvalho\" \/>\n\t<meta name=\"twitter:label2\" content=\"Est. tempo de leitura\" \/>\n\t<meta name=\"twitter:data2\" content=\"4 minutos\" \/>\n<!-- \/ Yoast SEO plugin. -->","yoast_head_json":{"title":"Essa cidade brasileira entrou na lista de mais procuradas para viagem","description":"Descubra os destinos mais procurados de 2025 em todo o mundo. Desde praias paradis\u00edacas at\u00e9 cidades vibrantes!","robots":{"index":"index","follow":"follow","max-snippet":"max-snippet:-1","max-image-preview":"max-image-preview:large","max-video-preview":"max-video-preview:-1"},"canonical":"https:\/\/www.correiobraziliense.com.br\/cbradar\/essa-cidade-brasileira-entrou-na-lista-de-mais-procuradas-para-viagem\/","og_locale":"pt_BR","og_type":"article","og_title":"Essa cidade brasileira entrou na lista de mais procuradas para viagem","og_description":"Descubra os destinos mais procurados de 2025 em todo o mundo. Desde praias paradis\u00edacas at\u00e9 cidades vibrantes!","og_url":"https:\/\/www.correiobraziliense.com.br\/cbradar\/essa-cidade-brasileira-entrou-na-lista-de-mais-procuradas-para-viagem\/","og_site_name":"Correio Braziliense - Radar","article_published_time":"2025-03-18T10:30:00+00:00","og_image":[{"width":1280,"height":720,"url":"https:\/\/www.correiobraziliense.com.br\/cbradar\/wp-content\/uploads\/2025\/03\/viagem-_1742217293783.jpg","type":"image\/jpeg"}],"author":"Larissa Carvalho","twitter_card":"summary_large_image","twitter_misc":{"Escrito por":"Larissa Carvalho","Est. tempo de leitura":"4 minutos"},"schema":{"@context":"https:\/\/schema.org","@graph":[{"@type":"WebPage","@id":"https:\/\/www.correiobraziliense.com.br\/cbradar\/essa-cidade-brasileira-entrou-na-lista-de-mais-procuradas-para-viagem\/","url":"https:\/\/www.correiobraziliense.com.br\/cbradar\/essa-cidade-brasileira-entrou-na-lista-de-mais-procuradas-para-viagem\/","name":"Essa cidade brasileira entrou na lista de mais procuradas para viagem","isPartOf":{"@id":"https:\/\/www.correiobraziliense.com.br\/cbradar\/#website"},"primaryImageOfPage":{"@id":"https:\/\/www.correiobraziliense.com.br\/cbradar\/essa-cidade-brasileira-entrou-na-lista-de-mais-procuradas-para-viagem\/#primaryimage"},"image":{"@id":"https:\/\/www.correiobraziliense.com.br\/cbradar\/essa-cidade-brasileira-entrou-na-lista-de-mais-procuradas-para-viagem\/#primaryimage"},"thumbnailUrl":"https:\/\/www.correiobraziliense.com.br\/cbradar\/wp-content\/uploads\/2025\/03\/viagem-_1742217293783.jpg","datePublished":"2025-03-18T10:30:00+00:00","author":{"@id":"https:\/\/www.correiobraziliense.com.br\/cbradar\/#\/schema\/person\/58422787644df994b53a19d3e56c1513"},"description":"Descubra os destinos mais procurados de 2025 em todo o mundo. Desde praias paradis\u00edacas at\u00e9 cidades vibrantes!","breadcrumb":{"@id":"https:\/\/www.correiobraziliense.com.br\/cbradar\/essa-cidade-brasileira-entrou-na-lista-de-mais-procuradas-para-viagem\/#breadcrumb"},"inLanguage":"pt-BR","potentialAction":[{"@type":"ReadAction","target":["https:\/\/www.correiobraziliense.com.br\/cbradar\/essa-cidade-brasileira-entrou-na-lista-de-mais-procuradas-para-viagem\/"]}]},{"@type":"ImageObject","inLanguage":"pt-BR","@id":"https:\/\/www.correiobraziliense.com.br\/cbradar\/essa-cidade-brasileira-entrou-na-lista-de-mais-procuradas-para-viagem\/#primaryimage","url":"https:\/\/www.correiobraziliense.com.br\/cbradar\/wp-content\/uploads\/2025\/03\/viagem-_1742217293783.jpg","contentUrl":"https:\/\/www.correiobraziliense.com.br\/cbradar\/wp-content\/uploads\/2025\/03\/viagem-_1742217293783.jpg","width":1280,"height":720,"caption":"viagem.Cr\u00e9ditos: depositphotos.com \/ AllaSerebrina"},{"@type":"BreadcrumbList","@id":"https:\/\/www.correiobraziliense.com.br\/cbradar\/essa-cidade-brasileira-entrou-na-lista-de-mais-procuradas-para-viagem\/#breadcrumb","itemListElement":[{"@type":"ListItem","position":1,"name":"In\u00edcio","item":"https:\/\/www.correiobraziliense.com.br\/cbradar\/"},{"@type":"ListItem","position":2,"name":"Essa cidade brasileira entrou na lista de mais procuradas para viagem"}]},{"@type":"WebSite","@id":"https:\/\/www.correiobraziliense.com.br\/cbradar\/#website","url":"https:\/\/www.correiobraziliense.com.br\/cbradar\/","name":"Correio Braziliense - Radar","description":"Acompanhe as \u00faltimas not\u00edcias e fique bem informado sobre tudo o que acontece no Brasil e no mundo.","potentialAction":[{"@type":"SearchAction","target":{"@type":"EntryPoint","urlTemplate":"https:\/\/www.correiobraziliense.com.br\/cbradar\/?s={search_term_string}"},"query-input":{"@type":"PropertyValueSpecification","valueRequired":true,"valueName":"search_term_string"}}],"inLanguage":"pt-BR"},{"@type":"Person","@id":"https:\/\/www.correiobraziliense.com.br\/cbradar\/#\/schema\/person\/58422787644df994b53a19d3e56c1513","name":"Larissa Carvalho","image":{"@type":"ImageObject","inLanguage":"pt-BR","@id":"https:\/\/www.correiobraziliense.com.br\/cbradar\/#\/schema\/person\/image\/","url":"https:\/\/secure.gravatar.com\/avatar\/fe4f91a0de32b52a838d0d612abdc1aa?s=96&d=mm&r=g","contentUrl":"https:\/\/secure.gravatar.com\/avatar\/fe4f91a0de32b52a838d0d612abdc1aa?s=96&d=mm&r=g","caption":"Larissa Carvalho"},"url":"https:\/\/www.correiobraziliense.com.br\/cbradar\/author\/larissamyth\/"}]}},"_links":{"self":[{"href":"https:\/\/www.correiobraziliense.com.br\/cbradar\/wp-json\/wp\/v2\/posts\/13107","targetHints":{"allow":["GET"]}}],"collection":[{"href":"https:\/\/www.correiobraziliense.com.br\/cbradar\/wp-json\/wp\/v2\/posts"}],"about":[{"href":"https:\/\/www.correiobraziliense.com.br\/cbradar\/wp-json\/wp\/v2\/types\/post"}],"author":[{"embeddable":true,"href":"https:\/\/www.correiobraziliense.com.br\/cbradar\/wp-json\/wp\/v2\/users\/3"}],"replies":[{"embeddable":true,"href":"https:\/\/www.correiobraziliense.com.br\/cbradar\/wp-json\/wp\/v2\/comments?post=13107"}],"version-history":[{"count":2,"href":"https:\/\/www.correiobraziliense.com.br\/cbradar\/wp-json\/wp\/v2\/posts\/13107\/revisions"}],"predecessor-version":[{"id":13360,"href":"https:\/\/www.correiobraziliense.com.br\/cbradar\/wp-json\/wp\/v2\/posts\/13107\/revisions\/13360"}],"wp:featuredmedia":[{"embeddable":true,"href":"https:\/\/www.correiobraziliense.com.br\/cbradar\/wp-json\/wp\/v2\/media\/13120"}],"wp:attachment":[{"href":"https:\/\/www.correiobraziliense.com.br\/cbradar\/wp-json\/wp\/v2\/media?parent=13107"}],"wp:term":[{"taxonomy":"category","embeddable":true,"href":"https:\/\/www.correiobraziliense.com.br\/cbradar\/wp-json\/wp\/v2\/categories?post=13107"},{"taxonomy":"post_tag","embeddable":true,"href":"https:\/\/www.correiobraziliense.com.br\/cbradar\/wp-json\/wp\/v2\/post_tag?post=13107"}],"curies":[{"name":"wp","href":"https:\/\/api.w.org\/{rel}","templated":true}]}}