{"id":131099,"date":"2025-11-04T07:35:00","date_gmt":"2025-11-04T10:35:00","guid":{"rendered":"https:\/\/www.correiobraziliense.com.br\/cbradar\/?p=131099"},"modified":"2025-11-03T15:09:59","modified_gmt":"2025-11-03T18:09:59","slug":"o-superalimento-nordestino-que-poucos-aproveitam","status":"publish","type":"post","link":"https:\/\/www.correiobraziliense.com.br\/cbradar\/o-superalimento-nordestino-que-poucos-aproveitam\/","title":{"rendered":"O superalimento nordestino que poucos aproveitam"},"content":{"rendered":"\n<p><strong>Maxixe <\/strong>\u00e9 um vegetal que, embora muitas vezes subestimado, oferece uma s\u00e9rie de benef\u00edcios nutricionais significativos. Este pequeno fruto \u00e9 incrivelmente rico em vitamina C, o que o torna um aliado eficiente na manuten\u00e7\u00e3o do sistema imunol\u00f3gico. A presen\u00e7a de antioxidantes no maxixe ajuda a proteger o corpo contra os danos celulares causados por radicais livres, desempenhando um papel importante na promo\u00e7\u00e3o da sa\u00fade geral.<\/p>\n\n\n\n<p>Al\u00e9m de suas propriedades antioxidantes, o maxixe \u00e9 uma excelente fonte de fibras, fundamentais para uma boa <a href=\"https:\/\/www.correiobraziliense.com.br\/cbradar\/o-remedio-mais-esperado-de-2025-chega-com-promessa-inedita\/\" target=\"_blank\" rel=\"noreferrer noopener\">sa\u00fade <\/a>digestiva. As fibras n\u00e3o apenas auxiliam no funcionamento regular do intestino, mas tamb\u00e9m ajudam a prevenir problemas como constipa\u00e7\u00e3o, contribuindo para um sistema digestivo mais equilibrado e eficiente.<\/p>\n\n\n\n<figure class=\"wp-block-image aligncenter size-large\"><img decoding=\"async\" width=\"1024\" height=\"576\" src=\"https:\/\/www.correiobraziliense.com.br\/cbradar\/wp-content\/uploads\/2025\/05\/maxixe_1747749710293-1024x576.jpg\" alt=\"\" class=\"wp-image-40031\" srcset=\"https:\/\/www.correiobraziliense.com.br\/cbradar\/wp-content\/uploads\/2025\/05\/maxixe_1747749710293-1024x576.jpg 1024w, https:\/\/www.correiobraziliense.com.br\/cbradar\/wp-content\/uploads\/2025\/05\/maxixe_1747749710293-300x169.jpg 300w, https:\/\/www.correiobraziliense.com.br\/cbradar\/wp-content\/uploads\/2025\/05\/maxixe_1747749710293-768x432.jpg 768w, https:\/\/www.correiobraziliense.com.br\/cbradar\/wp-content\/uploads\/2025\/05\/maxixe_1747749710293-750x422.jpg 750w, https:\/\/www.correiobraziliense.com.br\/cbradar\/wp-content\/uploads\/2025\/05\/maxixe_1747749710293-1140x642.jpg 1140w, https:\/\/www.correiobraziliense.com.br\/cbradar\/wp-content\/uploads\/2025\/05\/maxixe_1747749710293.jpg 1279w\" sizes=\"(max-width: 1024px) 100vw, 1024px\" \/><figcaption class=\"wp-element-caption\">maxixe \u00e9 eleito o melhor aliado contra press\u00e3o alta &#8211; Cr\u00e9ditos: depositphotos.com \/ micsmt\n<\/figcaption><\/figure>\n\n\n\n<h2 class=\"wp-block-heading\">De que maneira o Maxixe pode contribuir para a sa\u00fade a longo prazo?<\/h2>\n\n\n\n<p>O consumo de maxixe tamb\u00e9m oferece benef\u00edcios significativos para a sa\u00fade \u00f3ssea, pois \u00e9 uma fonte natural de c\u00e1lcio e magn\u00e9sio. Enquanto o c\u00e1lcio \u00e9 essencial para a forma\u00e7\u00e3o e manuten\u00e7\u00e3o de ossos fortes e saud\u00e1veis, o magn\u00e9sio complementa esta fun\u00e7\u00e3o ao prevenir o desenvolvimento de doen\u00e7as como a osteoporose. Al\u00e9m disso, o maxixe tem propriedades que podem ajudar na regula\u00e7\u00e3o dos n\u00edveis de glicose no sangue, uma vantagem especial para pessoas que vivem com diabetes, pois pode aumentar a sensibilidade \u00e0 insulina.<\/p>\n\n\n\n<h2 class=\"wp-block-heading\">Quais s\u00e3o as formas pr\u00e1ticas de incluir o Maxixe na dieta di\u00e1ria?<\/h2>\n\n\n\n<p>Existem v\u00e1rias maneiras de incorporar o maxixe \u00e0 dieta habitual. Ele pode ser consumido cru em saladas, adicionando croc\u00e2ncia e nutri\u00e7\u00e3o. Cozido, pode ser inclu\u00eddo em sopas e ensopados, onde seu sabor se mistura bem com outros ingredientes. Tamb\u00e9m \u00e9 poss\u00edvel refog\u00e1-lo, formando um acompanhamento nutritivo para pratos principais. Outra maneira interessante de consumo \u00e9 utiliz\u00e1-lo em sucos ou smoothies, onde pode ser combinado com outras frutas para uma bebida refrescante e saud\u00e1vel.<\/p>\n\n\n\n<h2 class=\"wp-block-heading\">Quais cuidados devem ser tomados na ingest\u00e3o de Maxixe?<\/h2>\n\n\n\n<p>Embora o maxixe ofere\u00e7a muitos benef\u00edcios \u00e0 sa\u00fade, \u00e9 importante consumir este vegetal como parte de uma dieta equilibrada. Garantir que o maxixe esteja bem lavado \u00e9 essencial para evitar a ingest\u00e3o de res\u00edduos e pesticidas. Optar por maxixe de origem org\u00e2nica \u00e9 uma maneira eficaz de reduzir essa exposi\u00e7\u00e3o. Pessoas com condi\u00e7\u00f5es de sa\u00fade espec\u00edficas devem consultar um profissional de sa\u00fade antes de introduzir o maxixe ou qualquer outro novo alimento em sua dieta.<\/p>\n\n\n\n<ul class=\"wp-block-list\">\n<li><strong>Import\u00e2ncia da lavagem adequada:<\/strong>\u00a0Certifique-se de higienizar bem o maxixe antes do consumo.<\/li>\n\n\n\n<li><strong>Equil\u00edbrio alimentar:<\/strong>\u00a0Consuma maxixe como parte de uma dieta variada e equilibrada.<\/li>\n\n\n\n<li><strong>Consultoria m\u00e9dica:<\/strong>\u00a0Para condi\u00e7\u00f5es de sa\u00fade especiais, consulte um m\u00e9dico antes de mudar sua dieta.<\/li>\n<\/ul>\n\n\n\n<h2 class=\"wp-block-heading\">Por que o Maxixe \u00e9 uma adi\u00e7\u00e3o valiosa \u00e0 dieta cotidiana?<\/h2>\n\n\n\n<p>Adotar o maxixe na dieta di\u00e1ria pode oferecer v\u00e1rios benef\u00edcios devido ao seu perfil nutricional robusto. Este vegetal, dispon\u00edvel principalmente nas regi\u00f5es Norte e Nordeste do Brasil, oferece uma alternativa saud\u00e1vel e econ\u00f4mica, semelhante a vegetais como pepino e melancia, mas com suas pr\u00f3prias caracter\u00edsticas \u00fanicas de sabor e textura. Considerado tanto pela sua versatilidade quanto pelos benef\u00edcios \u00e0 sa\u00fade, o maxixe \u00e9 uma escolha excelente para diversificar e enriquecer o card\u00e1pio di\u00e1rio de forma saborosa e nutritiva.<\/p>\n\n\n<a href=\"https:\/\/www.instagram.com\/dra.annaluisabf\/\" target=\"_blank\" rel=\"noopener\" style=\"text-decoration: none; color: inherit;\">\n    <span style=\"display: inline-block; border: 1px solid #ccc; border-radius: 10px; padding: 15px; max-width: 550px; font-family: sans-serif; box-shadow: 0 2px 5px rgba(0,0,0,0.1); width: 100%;\">\n\n      <!-- T\u00edtulo -->\n      <span style=\"display: block; margin: 0 0 15px 0; font-weight: bold; color: #2c3e50; text-align: center;\">\n        Entre em contato:\n      <\/span>\n\n      <!-- Linha do perfil -->\n      <span style=\"display: flex; align-items: center; gap: 15px;\">\n        <img decoding=\"async\"\n          src=\"https:\/\/www.correiobraziliense.com.br\/cbradar\/wp-content\/uploads\/2025\/08\/dra_anna_luisa.jpeg\"\n          alt=\"Foto da Dra. Anna Lu\u00edsa\"\n          style=\"border-radius: 50%; width: 80px; height: 80px; object-fit: cover;\"\n        \/>\n        <span style=\"display: flex; flex-direction: column;\">\n          <span style=\"font-size: 18px; font-weight: 700; color: #2c3e50;\">Dra. Anna Lu\u00edsa Barbosa Fernandes<\/span>\n          <span style=\"color: #555;\">CRM-GO 33.271<\/span>\n        <\/span>\n      <\/span>\n\n      <!-- Redes -->\n      <span style=\"display: flex; align-items: center; gap: 10px; margin-top: 12px;\">\n        <img decoding=\"async\" src=\"https:\/\/cdn-icons-png.flaticon.com\/24\/1384\/1384063.png\" alt=\"Instagram\" width=\"24\" height=\"24\" \/>\n        <span style=\"text-decoration: underline; color: #2c3e50;\">@dra.annaluisabf<\/span>\n      <\/span>\n\n    <\/span>\n  <\/a>","protected":false},"excerpt":{"rendered":"<p>Maxixe \u00e9 um vegetal que, embora muitas vezes subestimado, oferece uma s\u00e9rie de benef\u00edcios nutricionais significativos. Este pequeno fruto \u00e9 incrivelmente rico em vitamina C, o que o torna um aliado eficiente na manuten\u00e7\u00e3o do sistema imunol\u00f3gico. A presen\u00e7a de antioxidantes no maxixe ajuda a proteger o corpo contra os danos celulares causados por radicais [&hellip;]<\/p>\n","protected":false},"author":14,"featured_media":40033,"comment_status":"open","ping_status":"open","sticky":false,"template":"","format":"standard","meta":{"_yoast_wpseo_focuskw":"Maxixe","_yoast_wpseo_title":"","_yoast_wpseo_metadesc":"Os benef\u00edcios do maxixe v\u00e3o al\u00e9m do que voc\u00ea imagina. Veja como ele ajuda no intestino, diabetes e sa\u00fade dos ossos com sabor e economia.","jnews-multi-image_gallery":[],"jnews_single_post":{"format":"standard"},"jnews_primary_category":[],"jnews_social_meta":[],"jnews_override_counter":[],"footnotes":""},"categories":[4404],"post_tag":[],"class_list":["post-131099","post","type-post","status-publish","format-standard","has-post-thumbnail","hentry","category-saude"],"yoast_head":"<!-- This site is optimized with the Yoast SEO plugin v24.6 - https:\/\/yoast.com\/wordpress\/plugins\/seo\/ -->\n<title>O superalimento nordestino que poucos aproveitam - Correio Braziliense - Radar<\/title>\n<meta name=\"description\" content=\"Os benef\u00edcios do maxixe v\u00e3o al\u00e9m do que voc\u00ea imagina. Veja como ele ajuda no intestino, diabetes e sa\u00fade dos ossos com sabor e economia.\" \/>\n<meta name=\"robots\" content=\"index, follow, max-snippet:-1, max-image-preview:large, max-video-preview:-1\" \/>\n<link rel=\"canonical\" href=\"https:\/\/www.correiobraziliense.com.br\/cbradar\/o-superalimento-nordestino-que-poucos-aproveitam\/\" \/>\n<meta property=\"og:locale\" content=\"pt_BR\" \/>\n<meta property=\"og:type\" content=\"article\" \/>\n<meta property=\"og:title\" content=\"O superalimento nordestino que poucos aproveitam - Correio Braziliense - Radar\" \/>\n<meta property=\"og:description\" content=\"Os benef\u00edcios do maxixe v\u00e3o al\u00e9m do que voc\u00ea imagina. Veja como ele ajuda no intestino, diabetes e sa\u00fade dos ossos com sabor e economia.\" \/>\n<meta property=\"og:url\" content=\"https:\/\/www.correiobraziliense.com.br\/cbradar\/o-superalimento-nordestino-que-poucos-aproveitam\/\" \/>\n<meta property=\"og:site_name\" content=\"Correio Braziliense - Radar\" \/>\n<meta property=\"article:published_time\" content=\"2025-11-04T10:35:00+00:00\" \/>\n<meta property=\"og:image\" content=\"https:\/\/www.correiobraziliense.com.br\/cbradar\/wp-content\/uploads\/2025\/05\/maxixe_1747749857562.jpg\" \/>\n\t<meta property=\"og:image:width\" content=\"1279\" \/>\n\t<meta property=\"og:image:height\" content=\"720\" \/>\n\t<meta property=\"og:image:type\" content=\"image\/jpeg\" \/>\n<meta name=\"author\" content=\"guilherme_saude\" \/>\n<meta name=\"twitter:card\" content=\"summary_large_image\" \/>\n<meta name=\"twitter:label1\" content=\"Escrito por\" \/>\n\t<meta name=\"twitter:data1\" content=\"guilherme_saude\" \/>\n\t<meta name=\"twitter:label2\" content=\"Est. tempo de leitura\" \/>\n\t<meta name=\"twitter:data2\" content=\"4 minutos\" \/>\n<!-- \/ Yoast SEO plugin. -->","yoast_head_json":{"title":"O superalimento nordestino que poucos aproveitam - Correio Braziliense - Radar","description":"Os benef\u00edcios do maxixe v\u00e3o al\u00e9m do que voc\u00ea imagina. Veja como ele ajuda no intestino, diabetes e sa\u00fade dos ossos com sabor e economia.","robots":{"index":"index","follow":"follow","max-snippet":"max-snippet:-1","max-image-preview":"max-image-preview:large","max-video-preview":"max-video-preview:-1"},"canonical":"https:\/\/www.correiobraziliense.com.br\/cbradar\/o-superalimento-nordestino-que-poucos-aproveitam\/","og_locale":"pt_BR","og_type":"article","og_title":"O superalimento nordestino que poucos aproveitam - Correio Braziliense - Radar","og_description":"Os benef\u00edcios do maxixe v\u00e3o al\u00e9m do que voc\u00ea imagina. Veja como ele ajuda no intestino, diabetes e sa\u00fade dos ossos com sabor e economia.","og_url":"https:\/\/www.correiobraziliense.com.br\/cbradar\/o-superalimento-nordestino-que-poucos-aproveitam\/","og_site_name":"Correio Braziliense - Radar","article_published_time":"2025-11-04T10:35:00+00:00","og_image":[{"width":1279,"height":720,"url":"https:\/\/www.correiobraziliense.com.br\/cbradar\/wp-content\/uploads\/2025\/05\/maxixe_1747749857562.jpg","type":"image\/jpeg"}],"author":"guilherme_saude","twitter_card":"summary_large_image","twitter_misc":{"Escrito por":"guilherme_saude","Est. tempo de leitura":"4 minutos"},"schema":{"@context":"https:\/\/schema.org","@graph":[{"@type":"WebPage","@id":"https:\/\/www.correiobraziliense.com.br\/cbradar\/o-superalimento-nordestino-que-poucos-aproveitam\/","url":"https:\/\/www.correiobraziliense.com.br\/cbradar\/o-superalimento-nordestino-que-poucos-aproveitam\/","name":"O superalimento nordestino que poucos aproveitam - Correio Braziliense - Radar","isPartOf":{"@id":"https:\/\/www.correiobraziliense.com.br\/cbradar\/#website"},"primaryImageOfPage":{"@id":"https:\/\/www.correiobraziliense.com.br\/cbradar\/o-superalimento-nordestino-que-poucos-aproveitam\/#primaryimage"},"image":{"@id":"https:\/\/www.correiobraziliense.com.br\/cbradar\/o-superalimento-nordestino-que-poucos-aproveitam\/#primaryimage"},"thumbnailUrl":"https:\/\/www.correiobraziliense.com.br\/cbradar\/wp-content\/uploads\/2025\/05\/maxixe_1747749857562.jpg","datePublished":"2025-11-04T10:35:00+00:00","author":{"@id":"https:\/\/www.correiobraziliense.com.br\/cbradar\/#\/schema\/person\/5aa4bf3c8fa699c267933611de12978b"},"description":"Os benef\u00edcios do maxixe v\u00e3o al\u00e9m do que voc\u00ea imagina. Veja como ele ajuda no intestino, diabetes e sa\u00fade dos ossos com sabor e economia.","breadcrumb":{"@id":"https:\/\/www.correiobraziliense.com.br\/cbradar\/o-superalimento-nordestino-que-poucos-aproveitam\/#breadcrumb"},"inLanguage":"pt-BR","potentialAction":[{"@type":"ReadAction","target":["https:\/\/www.correiobraziliense.com.br\/cbradar\/o-superalimento-nordestino-que-poucos-aproveitam\/"]}]},{"@type":"ImageObject","inLanguage":"pt-BR","@id":"https:\/\/www.correiobraziliense.com.br\/cbradar\/o-superalimento-nordestino-que-poucos-aproveitam\/#primaryimage","url":"https:\/\/www.correiobraziliense.com.br\/cbradar\/wp-content\/uploads\/2025\/05\/maxixe_1747749857562.jpg","contentUrl":"https:\/\/www.correiobraziliense.com.br\/cbradar\/wp-content\/uploads\/2025\/05\/maxixe_1747749857562.jpg","width":1279,"height":720,"caption":"Maxixe - Cr\u00e9ditos: depositphotos.com \/ micsmt"},{"@type":"BreadcrumbList","@id":"https:\/\/www.correiobraziliense.com.br\/cbradar\/o-superalimento-nordestino-que-poucos-aproveitam\/#breadcrumb","itemListElement":[{"@type":"ListItem","position":1,"name":"In\u00edcio","item":"https:\/\/www.correiobraziliense.com.br\/cbradar\/"},{"@type":"ListItem","position":2,"name":"O superalimento nordestino que poucos aproveitam"}]},{"@type":"WebSite","@id":"https:\/\/www.correiobraziliense.com.br\/cbradar\/#website","url":"https:\/\/www.correiobraziliense.com.br\/cbradar\/","name":"Correio Braziliense - Radar","description":"Acompanhe as \u00faltimas not\u00edcias e fique bem informado sobre tudo o que acontece no Brasil e no mundo.","potentialAction":[{"@type":"SearchAction","target":{"@type":"EntryPoint","urlTemplate":"https:\/\/www.correiobraziliense.com.br\/cbradar\/?s={search_term_string}"},"query-input":{"@type":"PropertyValueSpecification","valueRequired":true,"valueName":"search_term_string"}}],"inLanguage":"pt-BR"},{"@type":"Person","@id":"https:\/\/www.correiobraziliense.com.br\/cbradar\/#\/schema\/person\/5aa4bf3c8fa699c267933611de12978b","name":"guilherme_saude","image":{"@type":"ImageObject","inLanguage":"pt-BR","@id":"https:\/\/www.correiobraziliense.com.br\/cbradar\/#\/schema\/person\/image\/","url":"https:\/\/secure.gravatar.com\/avatar\/df9adfb835d344bc0af109d41756253f?s=96&d=mm&r=g","contentUrl":"https:\/\/secure.gravatar.com\/avatar\/df9adfb835d344bc0af109d41756253f?s=96&d=mm&r=g","caption":"guilherme_saude"},"url":"https:\/\/www.correiobraziliense.com.br\/cbradar\/author\/guilherme_saude\/"}]}},"_links":{"self":[{"href":"https:\/\/www.correiobraziliense.com.br\/cbradar\/wp-json\/wp\/v2\/posts\/131099","targetHints":{"allow":["GET"]}}],"collection":[{"href":"https:\/\/www.correiobraziliense.com.br\/cbradar\/wp-json\/wp\/v2\/posts"}],"about":[{"href":"https:\/\/www.correiobraziliense.com.br\/cbradar\/wp-json\/wp\/v2\/types\/post"}],"author":[{"embeddable":true,"href":"https:\/\/www.correiobraziliense.com.br\/cbradar\/wp-json\/wp\/v2\/users\/14"}],"replies":[{"embeddable":true,"href":"https:\/\/www.correiobraziliense.com.br\/cbradar\/wp-json\/wp\/v2\/comments?post=131099"}],"version-history":[{"count":1,"href":"https:\/\/www.correiobraziliense.com.br\/cbradar\/wp-json\/wp\/v2\/posts\/131099\/revisions"}],"predecessor-version":[{"id":131100,"href":"https:\/\/www.correiobraziliense.com.br\/cbradar\/wp-json\/wp\/v2\/posts\/131099\/revisions\/131100"}],"wp:featuredmedia":[{"embeddable":true,"href":"https:\/\/www.correiobraziliense.com.br\/cbradar\/wp-json\/wp\/v2\/media\/40033"}],"wp:attachment":[{"href":"https:\/\/www.correiobraziliense.com.br\/cbradar\/wp-json\/wp\/v2\/media?parent=131099"}],"wp:term":[{"taxonomy":"category","embeddable":true,"href":"https:\/\/www.correiobraziliense.com.br\/cbradar\/wp-json\/wp\/v2\/categories?post=131099"},{"taxonomy":"post_tag","embeddable":true,"href":"https:\/\/www.correiobraziliense.com.br\/cbradar\/wp-json\/wp\/v2\/post_tag?post=131099"}],"curies":[{"name":"wp","href":"https:\/\/api.w.org\/{rel}","templated":true}]}}