{"id":131102,"date":"2025-11-04T12:05:00","date_gmt":"2025-11-04T15:05:00","guid":{"rendered":"https:\/\/www.correiobraziliense.com.br\/cbradar\/?p=131102"},"modified":"2025-11-03T16:02:58","modified_gmt":"2025-11-03T19:02:58","slug":"a-estrategia-mais-eficaz-para-manter-o-foco-na-dieta","status":"publish","type":"post","link":"https:\/\/www.correiobraziliense.com.br\/cbradar\/a-estrategia-mais-eficaz-para-manter-o-foco-na-dieta\/","title":{"rendered":"A estrat\u00e9gia mais eficaz para manter o foco na dieta"},"content":{"rendered":"\n<p>Iniciar um processo de <strong>Emagrecimento <\/strong>nem sempre \u00e9 uma tarefa f\u00e1cil. Encontrar a motiva\u00e7\u00e3o adequada pode ser desafiador, mas existem algumas estrat\u00e9gias que podem ajudar a manter o foco e a determina\u00e7\u00e3o ao longo do caminho. O fundamental \u00e9 lembrar de respeitar a si mesmo e compreender que cada pessoa tem seu pr\u00f3prio ritmo de evolu\u00e7\u00e3o. O objetivo deve ser adotar um estilo de vida saud\u00e1vel e prazeroso, garantindo que essa mudan\u00e7a se transforme em algo duradouro e satisfat\u00f3rio.<\/p>\n\n\n\n<p>Para algumas pessoas, a motiva\u00e7\u00e3o pode ser um desafio constante. Contudo, alinhar as expectativas e definir metas pessoais claras pode auxiliar nessa jornada. Narrativas internas de autoconfian\u00e7a e autoefic\u00e1cia desempenham um papel crucial na fideliza\u00e7\u00e3o ao novo estilo de vida, enquanto a vis\u00e3o de objetivos alcan\u00e7\u00e1veis pode tornar o processo menos \u00e1rduo e mais realiz\u00e1vel.<\/p>\n\n\n\n<h2 class=\"wp-block-heading\">Por que \u00e9 importante definir objetivos pessoais para a perda de peso?<\/h2>\n\n\n\n<p>Um dos primeiros passos para encontrar motiva\u00e7\u00e3o \u00e9 definir o motivo genu\u00edno para perder peso. Perder peso apenas para agradar outras pessoas pode n\u00e3o ser a motiva\u00e7\u00e3o mais eficaz. Estudos indicam que dietas t\u00eam mais sucesso quando a motiva\u00e7\u00e3o vem de dentro. Estabelecer objetivos pessoais claros, como vestir uma certa pe\u00e7a de roupa ou sentir-se bem consigo mesmo em eventos sociais, pode proporcionar um impulso motivacional mais s\u00f3lido. Registrar essas metas em algum lugar vis\u00edvel, como um di\u00e1rio ou um aplicativo, pode servir como lembrete constante dos objetivos pessoais, ajudando a manter o foco no processo.<\/p>\n\n\n\n<h2 class=\"wp-block-heading\">Como a confian\u00e7a pode influenciar o sucesso na dieta?<\/h2>\n\n\n\n<p>A confian\u00e7a em si mesmo \u00e9 um fator determinante para o sucesso em qualquer jornada de Emagrecimento. Frequentemente, ao iniciar uma dieta, muitos se prendem a pensamentos de fracasso passado. No entanto, essa mentalidade pode ser um obst\u00e1culo significativo. Acreditar na pr\u00f3pria capacidade de alcan\u00e7ar metas e superar desafios \u00e9 crucial para permanecer motivado. Quando a confian\u00e7a \u00e9 fortalecida, a predisposi\u00e7\u00e3o para se empenhar e buscar solu\u00e7\u00f5es tende a aumentar, contribuindo para uma jornada mais bem-sucedida e satisfat\u00f3ria.<\/p>\n\n\n\n<figure class=\"wp-block-image aligncenter size-large\"><img decoding=\"async\" width=\"1024\" height=\"576\" src=\"https:\/\/www.correiobraziliense.com.br\/cbradar\/wp-content\/uploads\/2025\/05\/dieta-mediterranea_1743605354448-1024x576.jpg\" alt=\"\" class=\"wp-image-35604\" srcset=\"https:\/\/www.correiobraziliense.com.br\/cbradar\/wp-content\/uploads\/2025\/05\/dieta-mediterranea_1743605354448-1024x576.jpg 1024w, https:\/\/www.correiobraziliense.com.br\/cbradar\/wp-content\/uploads\/2025\/05\/dieta-mediterranea_1743605354448-300x169.jpg 300w, https:\/\/www.correiobraziliense.com.br\/cbradar\/wp-content\/uploads\/2025\/05\/dieta-mediterranea_1743605354448-768x432.jpg 768w, https:\/\/www.correiobraziliense.com.br\/cbradar\/wp-content\/uploads\/2025\/05\/dieta-mediterranea_1743605354448-750x422.jpg 750w, https:\/\/www.correiobraziliense.com.br\/cbradar\/wp-content\/uploads\/2025\/05\/dieta-mediterranea_1743605354448-1140x642.jpg 1140w, https:\/\/www.correiobraziliense.com.br\/cbradar\/wp-content\/uploads\/2025\/05\/dieta-mediterranea_1743605354448.jpg 1279w\" sizes=\"(max-width: 1024px) 100vw, 1024px\" \/><figcaption class=\"wp-element-caption\">alimentos  &#8211; Cr\u00e9ditos: depositphotos.com \/ fuzullhanum\n\n<\/figcaption><\/figure>\n\n\n\n<h2 class=\"wp-block-heading\">Qual o papel do di\u00e1rio alimentar na dieta?<\/h2>\n\n\n\n<p>Manter um di\u00e1rio alimentar pode ser uma ferramenta poderosa durante a dieta. Muitas vezes, subestimamos a quantidade de alimentos consumidos, o que pode levar a deslizes na contagem cal\u00f3rica. Estudos comprovam que o registro continuo do que se come aumenta as chances de sucesso na perda de peso. Al\u00e9m de servir como monitoramento, anotar os sentimentos associados aos dias em que h\u00e1 indulg\u00eancias pode fornecer insights valiosos sobre padr\u00f5es alimentares emocionais. Este processo pode ser digital, atrav\u00e9s de aplicativos, ou mesmo tradicional, em papel.<\/p>\n\n\n\n<h2 class=\"wp-block-heading\">Qual a import\u00e2ncia de estabelecer metas reais e prazos alcan\u00e7\u00e1veis?<\/h2>\n\n\n\n<p>Tra\u00e7ar metas realistas \u00e9 essencial para manter-se motivado e mensurar o progresso consistentemente. Estabelecer objetivos menores e espec\u00edficos, como perder alguns quilos em um m\u00eas ou frequentar a academia algumas vezes por semana, facilita o monitoramento. Essas pequenas metas servem de marcos que celebram conquistas, mantendo a motiva\u00e7\u00e3o em alta. Evitar metas desproporcionais, como perder muito peso em pouco tempo, \u00e9 fundamental para evitar a frustra\u00e7\u00e3o e o des\u00e2nimo.<\/p>\n\n\n\n<h2 class=\"wp-block-heading\">Como o apoio de terceiros pode influenciar na jornada do emagrecimento?<\/h2>\n\n\n\n<p>Ter a companhia de amigos ou familiares nesse processo pode ser extremamente ben\u00e9fico. Um parceiro de caminhada ou um amigo que frequenta a mesma academia pode impulsionar o comprometimento com a nova rotina saud\u00e1vel. Al\u00e9m disso, a socializa\u00e7\u00e3o em ambientes de atividade f\u00edsica, como academias ou aulas de grupo, pode tornar o treinamento mais agrad\u00e1vel e motivador. Interagir com outras pessoas que compartilham dos mesmos objetivos de <a href=\"https:\/\/www.correiobraziliense.com.br\/cbradar\/o-remedio-mais-esperado-de-2025-chega-com-promessa-inedita\/\" target=\"_blank\" rel=\"noreferrer noopener\">sa\u00fade <\/a>pode fortalecer o sentido de comunidade e facilitar o alcance das metas.<\/p>\n\n\n\n<p>Em \u00faltima an\u00e1lise, a jornada para o emagrecimento eficaz e saud\u00e1vel \u00e9 muito mais do que uma simples dieta; trata-se de uma mudan\u00e7a de estilo de vida que requer compromisso cont\u00ednuo, paci\u00eancia e compreens\u00e3o consigo mesmo. Estrat\u00e9gias centradas em autoconhecimento, defini\u00e7\u00e3o de objetivos claros e uso do apoio social s\u00e3o fundamentais para garantir durabilidade e sucesso a longo prazo, combatendo n\u00e3o apenas o peso, mas promovendo sa\u00fade e bem-estar em geral.<\/p>\n\n\n<a href=\"https:\/\/www.instagram.com\/dra.annaluisabf\/\" target=\"_blank\" rel=\"noopener\" style=\"text-decoration: none; color: inherit;\">\n    <span style=\"display: inline-block; border: 1px solid #ccc; border-radius: 10px; padding: 15px; max-width: 550px; font-family: sans-serif; box-shadow: 0 2px 5px rgba(0,0,0,0.1); width: 100%;\">\n\n      <!-- T\u00edtulo -->\n      <span style=\"display: block; margin: 0 0 15px 0; font-weight: bold; color: #2c3e50; text-align: center;\">\n        Entre em contato:\n      <\/span>\n\n      <!-- Linha do perfil -->\n      <span style=\"display: flex; align-items: center; gap: 15px;\">\n        <img decoding=\"async\"\n          src=\"https:\/\/www.correiobraziliense.com.br\/cbradar\/wp-content\/uploads\/2025\/08\/dra_anna_luisa.jpeg\"\n          alt=\"Foto da Dra. Anna Lu\u00edsa\"\n          style=\"border-radius: 50%; width: 80px; height: 80px; object-fit: cover;\"\n        \/>\n        <span style=\"display: flex; flex-direction: column;\">\n          <span style=\"font-size: 18px; font-weight: 700; color: #2c3e50;\">Dra. Anna Lu\u00edsa Barbosa Fernandes<\/span>\n          <span style=\"color: #555;\">CRM-GO 33.271<\/span>\n        <\/span>\n      <\/span>\n\n      <!-- Redes -->\n      <span style=\"display: flex; align-items: center; gap: 10px; margin-top: 12px;\">\n        <img decoding=\"async\" src=\"https:\/\/cdn-icons-png.flaticon.com\/24\/1384\/1384063.png\" alt=\"Instagram\" width=\"24\" height=\"24\" \/>\n        <span style=\"text-decoration: underline; color: #2c3e50;\">@dra.annaluisabf<\/span>\n      <\/span>\n\n    <\/span>\n  <\/a>","protected":false},"excerpt":{"rendered":"<p>Iniciar um processo de Emagrecimento nem sempre \u00e9 uma tarefa f\u00e1cil. Encontrar a motiva\u00e7\u00e3o adequada pode ser desafiador, mas existem algumas estrat\u00e9gias que podem ajudar a manter o foco e a determina\u00e7\u00e3o ao longo do caminho. O fundamental \u00e9 lembrar de respeitar a si mesmo e compreender que cada pessoa tem seu pr\u00f3prio ritmo de [&hellip;]<\/p>\n","protected":false},"author":14,"featured_media":35605,"comment_status":"open","ping_status":"open","sticky":false,"template":"","format":"standard","meta":{"_yoast_wpseo_focuskw":"Emagrecimento","_yoast_wpseo_title":"","_yoast_wpseo_metadesc":"Quer motiva\u00e7\u00e3o para emagrecer de forma saud\u00e1vel? Veja como metas reais, autoconfian\u00e7a e apoio social podem transformar sua jornada.","jnews-multi-image_gallery":[],"jnews_single_post":{"format":"standard"},"jnews_primary_category":[],"jnews_social_meta":[],"jnews_override_counter":[],"footnotes":""},"categories":[4404],"post_tag":[120,1318],"class_list":["post-131102","post","type-post","status-publish","format-standard","has-post-thumbnail","hentry","category-saude","tag-bem-estar","tag-saude-2"],"yoast_head":"<!-- This site is optimized with the Yoast SEO plugin v24.6 - https:\/\/yoast.com\/wordpress\/plugins\/seo\/ -->\n<title>A estrat\u00e9gia mais eficaz para manter o foco na dieta - Correio Braziliense - Radar<\/title>\n<meta name=\"description\" content=\"Quer motiva\u00e7\u00e3o para emagrecer de forma saud\u00e1vel? Veja como metas reais, autoconfian\u00e7a e apoio social podem transformar sua jornada.\" \/>\n<meta name=\"robots\" content=\"index, follow, max-snippet:-1, max-image-preview:large, max-video-preview:-1\" \/>\n<link rel=\"canonical\" href=\"https:\/\/www.correiobraziliense.com.br\/cbradar\/a-estrategia-mais-eficaz-para-manter-o-foco-na-dieta\/\" \/>\n<meta property=\"og:locale\" content=\"pt_BR\" \/>\n<meta property=\"og:type\" content=\"article\" \/>\n<meta property=\"og:title\" content=\"A estrat\u00e9gia mais eficaz para manter o foco na dieta - Correio Braziliense - Radar\" \/>\n<meta property=\"og:description\" content=\"Quer motiva\u00e7\u00e3o para emagrecer de forma saud\u00e1vel? Veja como metas reais, autoconfian\u00e7a e apoio social podem transformar sua jornada.\" \/>\n<meta property=\"og:url\" content=\"https:\/\/www.correiobraziliense.com.br\/cbradar\/a-estrategia-mais-eficaz-para-manter-o-foco-na-dieta\/\" \/>\n<meta property=\"og:site_name\" content=\"Correio Braziliense - Radar\" \/>\n<meta property=\"article:published_time\" content=\"2025-11-04T15:05:00+00:00\" \/>\n<meta property=\"og:image\" content=\"https:\/\/www.correiobraziliense.com.br\/cbradar\/wp-content\/uploads\/2025\/05\/dieta_1747008031054.jpg\" \/>\n\t<meta property=\"og:image:width\" content=\"1280\" \/>\n\t<meta property=\"og:image:height\" content=\"720\" \/>\n\t<meta property=\"og:image:type\" content=\"image\/jpeg\" \/>\n<meta name=\"author\" content=\"guilherme_saude\" \/>\n<meta name=\"twitter:card\" content=\"summary_large_image\" \/>\n<meta name=\"twitter:label1\" content=\"Escrito por\" \/>\n\t<meta name=\"twitter:data1\" content=\"guilherme_saude\" \/>\n\t<meta name=\"twitter:label2\" content=\"Est. tempo de leitura\" \/>\n\t<meta name=\"twitter:data2\" content=\"5 minutos\" \/>\n<!-- \/ Yoast SEO plugin. -->","yoast_head_json":{"title":"A estrat\u00e9gia mais eficaz para manter o foco na dieta - Correio Braziliense - Radar","description":"Quer motiva\u00e7\u00e3o para emagrecer de forma saud\u00e1vel? Veja como metas reais, autoconfian\u00e7a e apoio social podem transformar sua jornada.","robots":{"index":"index","follow":"follow","max-snippet":"max-snippet:-1","max-image-preview":"max-image-preview:large","max-video-preview":"max-video-preview:-1"},"canonical":"https:\/\/www.correiobraziliense.com.br\/cbradar\/a-estrategia-mais-eficaz-para-manter-o-foco-na-dieta\/","og_locale":"pt_BR","og_type":"article","og_title":"A estrat\u00e9gia mais eficaz para manter o foco na dieta - Correio Braziliense - Radar","og_description":"Quer motiva\u00e7\u00e3o para emagrecer de forma saud\u00e1vel? Veja como metas reais, autoconfian\u00e7a e apoio social podem transformar sua jornada.","og_url":"https:\/\/www.correiobraziliense.com.br\/cbradar\/a-estrategia-mais-eficaz-para-manter-o-foco-na-dieta\/","og_site_name":"Correio Braziliense - Radar","article_published_time":"2025-11-04T15:05:00+00:00","og_image":[{"width":1280,"height":720,"url":"https:\/\/www.correiobraziliense.com.br\/cbradar\/wp-content\/uploads\/2025\/05\/dieta_1747008031054.jpg","type":"image\/jpeg"}],"author":"guilherme_saude","twitter_card":"summary_large_image","twitter_misc":{"Escrito por":"guilherme_saude","Est. tempo de leitura":"5 minutos"},"schema":{"@context":"https:\/\/schema.org","@graph":[{"@type":"WebPage","@id":"https:\/\/www.correiobraziliense.com.br\/cbradar\/a-estrategia-mais-eficaz-para-manter-o-foco-na-dieta\/","url":"https:\/\/www.correiobraziliense.com.br\/cbradar\/a-estrategia-mais-eficaz-para-manter-o-foco-na-dieta\/","name":"A estrat\u00e9gia mais eficaz para manter o foco na dieta - Correio Braziliense - Radar","isPartOf":{"@id":"https:\/\/www.correiobraziliense.com.br\/cbradar\/#website"},"primaryImageOfPage":{"@id":"https:\/\/www.correiobraziliense.com.br\/cbradar\/a-estrategia-mais-eficaz-para-manter-o-foco-na-dieta\/#primaryimage"},"image":{"@id":"https:\/\/www.correiobraziliense.com.br\/cbradar\/a-estrategia-mais-eficaz-para-manter-o-foco-na-dieta\/#primaryimage"},"thumbnailUrl":"https:\/\/www.correiobraziliense.com.br\/cbradar\/wp-content\/uploads\/2025\/05\/dieta_1747008031054.jpg","datePublished":"2025-11-04T15:05:00+00:00","author":{"@id":"https:\/\/www.correiobraziliense.com.br\/cbradar\/#\/schema\/person\/5aa4bf3c8fa699c267933611de12978b"},"description":"Quer motiva\u00e7\u00e3o para emagrecer de forma saud\u00e1vel? Veja como metas reais, autoconfian\u00e7a e apoio social podem transformar sua jornada.","breadcrumb":{"@id":"https:\/\/www.correiobraziliense.com.br\/cbradar\/a-estrategia-mais-eficaz-para-manter-o-foco-na-dieta\/#breadcrumb"},"inLanguage":"pt-BR","potentialAction":[{"@type":"ReadAction","target":["https:\/\/www.correiobraziliense.com.br\/cbradar\/a-estrategia-mais-eficaz-para-manter-o-foco-na-dieta\/"]}]},{"@type":"ImageObject","inLanguage":"pt-BR","@id":"https:\/\/www.correiobraziliense.com.br\/cbradar\/a-estrategia-mais-eficaz-para-manter-o-foco-na-dieta\/#primaryimage","url":"https:\/\/www.correiobraziliense.com.br\/cbradar\/wp-content\/uploads\/2025\/05\/dieta_1747008031054.jpg","contentUrl":"https:\/\/www.correiobraziliense.com.br\/cbradar\/wp-content\/uploads\/2025\/05\/dieta_1747008031054.jpg","width":1280,"height":720,"caption":"Dieta - Cr\u00e9ditos: depositphotos.com \/ beats1"},{"@type":"BreadcrumbList","@id":"https:\/\/www.correiobraziliense.com.br\/cbradar\/a-estrategia-mais-eficaz-para-manter-o-foco-na-dieta\/#breadcrumb","itemListElement":[{"@type":"ListItem","position":1,"name":"In\u00edcio","item":"https:\/\/www.correiobraziliense.com.br\/cbradar\/"},{"@type":"ListItem","position":2,"name":"A estrat\u00e9gia mais eficaz para manter o foco na dieta"}]},{"@type":"WebSite","@id":"https:\/\/www.correiobraziliense.com.br\/cbradar\/#website","url":"https:\/\/www.correiobraziliense.com.br\/cbradar\/","name":"Correio Braziliense - Radar","description":"Acompanhe as \u00faltimas not\u00edcias e fique bem informado sobre tudo o que acontece no Brasil e no mundo.","potentialAction":[{"@type":"SearchAction","target":{"@type":"EntryPoint","urlTemplate":"https:\/\/www.correiobraziliense.com.br\/cbradar\/?s={search_term_string}"},"query-input":{"@type":"PropertyValueSpecification","valueRequired":true,"valueName":"search_term_string"}}],"inLanguage":"pt-BR"},{"@type":"Person","@id":"https:\/\/www.correiobraziliense.com.br\/cbradar\/#\/schema\/person\/5aa4bf3c8fa699c267933611de12978b","name":"guilherme_saude","image":{"@type":"ImageObject","inLanguage":"pt-BR","@id":"https:\/\/www.correiobraziliense.com.br\/cbradar\/#\/schema\/person\/image\/","url":"https:\/\/secure.gravatar.com\/avatar\/df9adfb835d344bc0af109d41756253f?s=96&d=mm&r=g","contentUrl":"https:\/\/secure.gravatar.com\/avatar\/df9adfb835d344bc0af109d41756253f?s=96&d=mm&r=g","caption":"guilherme_saude"},"url":"https:\/\/www.correiobraziliense.com.br\/cbradar\/author\/guilherme_saude\/"}]}},"_links":{"self":[{"href":"https:\/\/www.correiobraziliense.com.br\/cbradar\/wp-json\/wp\/v2\/posts\/131102","targetHints":{"allow":["GET"]}}],"collection":[{"href":"https:\/\/www.correiobraziliense.com.br\/cbradar\/wp-json\/wp\/v2\/posts"}],"about":[{"href":"https:\/\/www.correiobraziliense.com.br\/cbradar\/wp-json\/wp\/v2\/types\/post"}],"author":[{"embeddable":true,"href":"https:\/\/www.correiobraziliense.com.br\/cbradar\/wp-json\/wp\/v2\/users\/14"}],"replies":[{"embeddable":true,"href":"https:\/\/www.correiobraziliense.com.br\/cbradar\/wp-json\/wp\/v2\/comments?post=131102"}],"version-history":[{"count":1,"href":"https:\/\/www.correiobraziliense.com.br\/cbradar\/wp-json\/wp\/v2\/posts\/131102\/revisions"}],"predecessor-version":[{"id":131103,"href":"https:\/\/www.correiobraziliense.com.br\/cbradar\/wp-json\/wp\/v2\/posts\/131102\/revisions\/131103"}],"wp:featuredmedia":[{"embeddable":true,"href":"https:\/\/www.correiobraziliense.com.br\/cbradar\/wp-json\/wp\/v2\/media\/35605"}],"wp:attachment":[{"href":"https:\/\/www.correiobraziliense.com.br\/cbradar\/wp-json\/wp\/v2\/media?parent=131102"}],"wp:term":[{"taxonomy":"category","embeddable":true,"href":"https:\/\/www.correiobraziliense.com.br\/cbradar\/wp-json\/wp\/v2\/categories?post=131102"},{"taxonomy":"post_tag","embeddable":true,"href":"https:\/\/www.correiobraziliense.com.br\/cbradar\/wp-json\/wp\/v2\/post_tag?post=131102"}],"curies":[{"name":"wp","href":"https:\/\/api.w.org\/{rel}","templated":true}]}}