{"id":131105,"date":"2025-11-04T13:15:00","date_gmt":"2025-11-04T16:15:00","guid":{"rendered":"https:\/\/www.correiobraziliense.com.br\/cbradar\/?p=131105"},"modified":"2025-11-03T16:08:19","modified_gmt":"2025-11-03T19:08:19","slug":"o-alimento-mais-poderoso-para-incluir-no-cafe-da-manha","status":"publish","type":"post","link":"https:\/\/www.correiobraziliense.com.br\/cbradar\/o-alimento-mais-poderoso-para-incluir-no-cafe-da-manha\/","title":{"rendered":"O alimento mais poderoso para incluir no caf\u00e9 da manh\u00e3"},"content":{"rendered":"\n<p>O <strong>Caf\u00e9 da Manh\u00e3 <\/strong>\u00e9 amplamente reconhecido como uma refei\u00e7\u00e3o crucial, proporcionando energia para iniciar o dia de maneira eficaz. Consumir uma primeira refei\u00e7\u00e3o equilibrada n\u00e3o apenas estabiliza os n\u00edveis de a\u00e7\u00facar no sangue, mas tamb\u00e9m ajuda na manuten\u00e7\u00e3o da concentra\u00e7\u00e3o e energia desejadas ao longo do dia. Ao contr\u00e1rio do que muitos podem optar, pular o Caf\u00e9 da Manh\u00e3 pode trazer efeitos adversos \u00e0 concentra\u00e7\u00e3o e ao humor.<\/p>\n\n\n\n<p>Estudos refor\u00e7am a import\u00e2ncia de uma refei\u00e7\u00e3o matinal nutritiva, mostrando aumento do metabolismo e melhorias significativas no estado mental. Profissionais da <a href=\"https:\/\/www.correiobraziliense.com.br\/cbradar\/o-remedio-mais-esperado-de-2025-chega-com-promessa-inedita\/\" target=\"_blank\" rel=\"noreferrer noopener\">sa\u00fade <\/a>frequentemente ressaltam que indiv\u00edduos que come\u00e7am o dia com alimentos ricos em nutrientes tendem a manter h\u00e1bitos alimentares mais saud\u00e1veis durante o resto do dia. Por isso, \u00e9 essencial escolher alimentos que cubram diferentes grupos de nutrientes, como frutas para vitaminas, gr\u00e3os integrais para energia e prote\u00ednas magras para saciedade.<\/p>\n\n\n\n<h2 class=\"wp-block-heading\">Como montar um Caf\u00e9 da Manh\u00e3 saud\u00e1vel?<\/h2>\n\n\n\n<p>Incorporar alimentos integrais e nutritivos \u00e9 fundamental na cria\u00e7\u00e3o de um Caf\u00e9 da Manh\u00e3 saud\u00e1vel. Frutas, ovos e aveia s\u00e3o exemplos de op\u00e7\u00f5es acess\u00edveis que proporcionam fibras e prote\u00ednas essenciais. Ao escolher p\u00e3es integrais, a ingest\u00e3o de fibras \u00e9 garantida, favorecendo a digest\u00e3o e aumentando a sensa\u00e7\u00e3o de saciedade por mais tempo.<\/p>\n\n\n<div class=\"wp-block-image\">\n<figure class=\"aligncenter size-large\"><img decoding=\"async\" width=\"1024\" height=\"576\" src=\"https:\/\/www.correiobraziliense.com.br\/cbradar\/wp-content\/uploads\/2025\/07\/cafe-da-manha_1752495921537-1024x576.jpg\" alt=\"\" class=\"wp-image-69598\" srcset=\"https:\/\/www.correiobraziliense.com.br\/cbradar\/wp-content\/uploads\/2025\/07\/cafe-da-manha_1752495921537-1024x576.jpg 1024w, https:\/\/www.correiobraziliense.com.br\/cbradar\/wp-content\/uploads\/2025\/07\/cafe-da-manha_1752495921537-300x169.jpg 300w, https:\/\/www.correiobraziliense.com.br\/cbradar\/wp-content\/uploads\/2025\/07\/cafe-da-manha_1752495921537-768x432.jpg 768w, https:\/\/www.correiobraziliense.com.br\/cbradar\/wp-content\/uploads\/2025\/07\/cafe-da-manha_1752495921537-750x422.jpg 750w, https:\/\/www.correiobraziliense.com.br\/cbradar\/wp-content\/uploads\/2025\/07\/cafe-da-manha_1752495921537-1140x641.jpg 1140w, https:\/\/www.correiobraziliense.com.br\/cbradar\/wp-content\/uploads\/2025\/07\/cafe-da-manha_1752495921537.jpg 1280w\" sizes=\"(max-width: 1024px) 100vw, 1024px\" \/><figcaption class=\"wp-element-caption\">Caf\u00e9 da manh\u00e3 &#8211; Cr\u00e9ditos: depositphotos.com \/ VadimVasenin<\/figcaption><\/figure><\/div>\n\n\n<h2 class=\"wp-block-heading\">Por que evitar ultraprocessados pela manh\u00e3?<\/h2>\n\n\n\n<p>Alimentos ultraprocessados frequentemente cont\u00eam n\u00edveis elevados de a\u00e7\u00facar, s\u00f3dio e aditivos qu\u00edmicos, que podem ser prejudiciais quando consumidos regularmente. Optar por op\u00e7\u00f5es mais naturais reduz a ingest\u00e3o desses componentes indesejados. Por exemplo, substituir cereais prontos por aveia e frutas \u00e9 um m\u00e9todo eficaz de minimizar o consumo de ultraprocessados, resultando n\u00e3o s\u00f3 em uma escolha mais <a href=\"https:\/\/www.gov.br\/saude\/pt-br\" target=\"_blank\" rel=\"noreferrer noopener\">saud\u00e1vel<\/a>, mas tamb\u00e9m econ\u00f4mica.<\/p>\n\n\n\n<h2 class=\"wp-block-heading\">Quais s\u00e3o as melhores op\u00e7\u00f5es para um Caf\u00e9 da Manh\u00e3 variado?<\/h2>\n\n\n\n<p>Pequenas altera\u00e7\u00f5es na rotina do Caf\u00e9 da Manh\u00e3 podem ter um impacto positivo na qualidade de vida. Adicionar frutas frescas ou preparar receitas simples, como panquecas de banana ou vitaminas caseiras, pode diversificar o card\u00e1pio de forma saud\u00e1vel. Aproveitar frutas da esta\u00e7\u00e3o e comprar ingredientes a granel, como diferentes gr\u00e3os, n\u00e3o s\u00f3 oferece variedade, como tamb\u00e9m \u00e9 uma escolha econ\u00f4mica e sustent\u00e1vel.<\/p>\n\n\n\n<p>A pr\u00e1tica de planejar o card\u00e1pio semanalmente ajuda a evitar desperd\u00edcios, al\u00e9m de garantir a inclus\u00e3o de uma gama ampla de nutrientes necess\u00e1rios para come\u00e7ar o dia de forma adequada. Assim, com planejamento e algumas escolhas conscientes, \u00e9 poss\u00edvel transformar o Caf\u00e9 da Manh\u00e3 em uma refei\u00e7\u00e3o deliciosa e nutricionalmente rica.<\/p>\n\n\n<a href=\"https:\/\/www.instagram.com\/dra.annaluisabf\/\" target=\"_blank\" rel=\"noopener\" style=\"text-decoration: none; color: inherit;\">\n    <span style=\"display: inline-block; border: 1px solid #ccc; border-radius: 10px; padding: 15px; max-width: 550px; font-family: sans-serif; box-shadow: 0 2px 5px rgba(0,0,0,0.1); width: 100%;\">\n\n      <!-- T\u00edtulo -->\n      <span style=\"display: block; margin: 0 0 15px 0; font-weight: bold; color: #2c3e50; text-align: center;\">\n        Entre em contato:\n      <\/span>\n\n      <!-- Linha do perfil -->\n      <span style=\"display: flex; align-items: center; gap: 15px;\">\n        <img decoding=\"async\"\n          src=\"https:\/\/www.correiobraziliense.com.br\/cbradar\/wp-content\/uploads\/2025\/08\/dra_anna_luisa.jpeg\"\n          alt=\"Foto da Dra. Anna Lu\u00edsa\"\n          style=\"border-radius: 50%; width: 80px; height: 80px; object-fit: cover;\"\n        \/>\n        <span style=\"display: flex; flex-direction: column;\">\n          <span style=\"font-size: 18px; font-weight: 700; color: #2c3e50;\">Dra. Anna Lu\u00edsa Barbosa Fernandes<\/span>\n          <span style=\"color: #555;\">CRM-GO 33.271<\/span>\n        <\/span>\n      <\/span>\n\n      <!-- Redes -->\n      <span style=\"display: flex; align-items: center; gap: 10px; margin-top: 12px;\">\n        <img decoding=\"async\" src=\"https:\/\/cdn-icons-png.flaticon.com\/24\/1384\/1384063.png\" alt=\"Instagram\" width=\"24\" height=\"24\" \/>\n        <span style=\"text-decoration: underline; color: #2c3e50;\">@dra.annaluisabf<\/span>\n      <\/span>\n\n    <\/span>\n  <\/a>","protected":false},"excerpt":{"rendered":"<p>O Caf\u00e9 da Manh\u00e3 \u00e9 amplamente reconhecido como uma refei\u00e7\u00e3o crucial, proporcionando energia para iniciar o dia de maneira eficaz. Consumir uma primeira refei\u00e7\u00e3o equilibrada n\u00e3o apenas estabiliza os n\u00edveis de a\u00e7\u00facar no sangue, mas tamb\u00e9m ajuda na manuten\u00e7\u00e3o da concentra\u00e7\u00e3o e energia desejadas ao longo do dia. Ao contr\u00e1rio do que muitos podem optar, [&hellip;]<\/p>\n","protected":false},"author":14,"featured_media":69597,"comment_status":"open","ping_status":"open","sticky":false,"template":"","format":"standard","meta":{"_yoast_wpseo_focuskw":"Caf\u00e9 da Manh\u00e3","_yoast_wpseo_title":"","_yoast_wpseo_metadesc":"Caf\u00e9 da manh\u00e3 saud\u00e1vel pode mudar seu dia. Veja o erro que prejudica sua energia e as melhores escolhas para manter o foco e a saciedade.","jnews-multi-image_gallery":[],"jnews_single_post":{"format":"standard"},"jnews_primary_category":[],"jnews_social_meta":[],"jnews_override_counter":[],"footnotes":""},"categories":[4404],"post_tag":[120,4319,1318],"class_list":["post-131105","post","type-post","status-publish","format-standard","has-post-thumbnail","hentry","category-saude","tag-bem-estar","tag-cafe-da-manha","tag-saude-2"],"yoast_head":"<!-- This site is optimized with the Yoast SEO plugin v24.6 - https:\/\/yoast.com\/wordpress\/plugins\/seo\/ -->\n<title>O alimento mais poderoso para incluir no caf\u00e9 da manh\u00e3 - Correio Braziliense - Radar<\/title>\n<meta name=\"description\" content=\"Caf\u00e9 da manh\u00e3 saud\u00e1vel pode mudar seu dia. Veja o erro que prejudica sua energia e as melhores escolhas para manter o foco e a saciedade.\" \/>\n<meta name=\"robots\" content=\"index, follow, max-snippet:-1, max-image-preview:large, max-video-preview:-1\" \/>\n<link rel=\"canonical\" href=\"https:\/\/www.correiobraziliense.com.br\/cbradar\/o-alimento-mais-poderoso-para-incluir-no-cafe-da-manha\/\" \/>\n<meta property=\"og:locale\" content=\"pt_BR\" \/>\n<meta property=\"og:type\" content=\"article\" \/>\n<meta property=\"og:title\" content=\"O alimento mais poderoso para incluir no caf\u00e9 da manh\u00e3 - Correio Braziliense - Radar\" \/>\n<meta property=\"og:description\" content=\"Caf\u00e9 da manh\u00e3 saud\u00e1vel pode mudar seu dia. Veja o erro que prejudica sua energia e as melhores escolhas para manter o foco e a saciedade.\" \/>\n<meta property=\"og:url\" content=\"https:\/\/www.correiobraziliense.com.br\/cbradar\/o-alimento-mais-poderoso-para-incluir-no-cafe-da-manha\/\" \/>\n<meta property=\"og:site_name\" content=\"Correio Braziliense - Radar\" \/>\n<meta property=\"article:published_time\" content=\"2025-11-04T16:15:00+00:00\" \/>\n<meta property=\"og:image\" content=\"https:\/\/www.correiobraziliense.com.br\/cbradar\/wp-content\/uploads\/2025\/07\/cafe-da-manha_1752495896617.jpg\" \/>\n\t<meta property=\"og:image:width\" content=\"1280\" \/>\n\t<meta property=\"og:image:height\" content=\"720\" \/>\n\t<meta property=\"og:image:type\" content=\"image\/jpeg\" \/>\n<meta name=\"author\" content=\"guilherme_saude\" \/>\n<meta name=\"twitter:card\" content=\"summary_large_image\" \/>\n<meta name=\"twitter:label1\" content=\"Escrito por\" \/>\n\t<meta name=\"twitter:data1\" content=\"guilherme_saude\" \/>\n\t<meta name=\"twitter:label2\" content=\"Est. tempo de leitura\" \/>\n\t<meta name=\"twitter:data2\" content=\"4 minutos\" \/>\n<!-- \/ Yoast SEO plugin. -->","yoast_head_json":{"title":"O alimento mais poderoso para incluir no caf\u00e9 da manh\u00e3 - Correio Braziliense - Radar","description":"Caf\u00e9 da manh\u00e3 saud\u00e1vel pode mudar seu dia. Veja o erro que prejudica sua energia e as melhores escolhas para manter o foco e a saciedade.","robots":{"index":"index","follow":"follow","max-snippet":"max-snippet:-1","max-image-preview":"max-image-preview:large","max-video-preview":"max-video-preview:-1"},"canonical":"https:\/\/www.correiobraziliense.com.br\/cbradar\/o-alimento-mais-poderoso-para-incluir-no-cafe-da-manha\/","og_locale":"pt_BR","og_type":"article","og_title":"O alimento mais poderoso para incluir no caf\u00e9 da manh\u00e3 - Correio Braziliense - Radar","og_description":"Caf\u00e9 da manh\u00e3 saud\u00e1vel pode mudar seu dia. Veja o erro que prejudica sua energia e as melhores escolhas para manter o foco e a saciedade.","og_url":"https:\/\/www.correiobraziliense.com.br\/cbradar\/o-alimento-mais-poderoso-para-incluir-no-cafe-da-manha\/","og_site_name":"Correio Braziliense - Radar","article_published_time":"2025-11-04T16:15:00+00:00","og_image":[{"width":1280,"height":720,"url":"https:\/\/www.correiobraziliense.com.br\/cbradar\/wp-content\/uploads\/2025\/07\/cafe-da-manha_1752495896617.jpg","type":"image\/jpeg"}],"author":"guilherme_saude","twitter_card":"summary_large_image","twitter_misc":{"Escrito por":"guilherme_saude","Est. tempo de leitura":"4 minutos"},"schema":{"@context":"https:\/\/schema.org","@graph":[{"@type":"WebPage","@id":"https:\/\/www.correiobraziliense.com.br\/cbradar\/o-alimento-mais-poderoso-para-incluir-no-cafe-da-manha\/","url":"https:\/\/www.correiobraziliense.com.br\/cbradar\/o-alimento-mais-poderoso-para-incluir-no-cafe-da-manha\/","name":"O alimento mais poderoso para incluir no caf\u00e9 da manh\u00e3 - Correio Braziliense - Radar","isPartOf":{"@id":"https:\/\/www.correiobraziliense.com.br\/cbradar\/#website"},"primaryImageOfPage":{"@id":"https:\/\/www.correiobraziliense.com.br\/cbradar\/o-alimento-mais-poderoso-para-incluir-no-cafe-da-manha\/#primaryimage"},"image":{"@id":"https:\/\/www.correiobraziliense.com.br\/cbradar\/o-alimento-mais-poderoso-para-incluir-no-cafe-da-manha\/#primaryimage"},"thumbnailUrl":"https:\/\/www.correiobraziliense.com.br\/cbradar\/wp-content\/uploads\/2025\/07\/cafe-da-manha_1752495896617.jpg","datePublished":"2025-11-04T16:15:00+00:00","author":{"@id":"https:\/\/www.correiobraziliense.com.br\/cbradar\/#\/schema\/person\/5aa4bf3c8fa699c267933611de12978b"},"description":"Caf\u00e9 da manh\u00e3 saud\u00e1vel pode mudar seu dia. Veja o erro que prejudica sua energia e as melhores escolhas para manter o foco e a saciedade.","breadcrumb":{"@id":"https:\/\/www.correiobraziliense.com.br\/cbradar\/o-alimento-mais-poderoso-para-incluir-no-cafe-da-manha\/#breadcrumb"},"inLanguage":"pt-BR","potentialAction":[{"@type":"ReadAction","target":["https:\/\/www.correiobraziliense.com.br\/cbradar\/o-alimento-mais-poderoso-para-incluir-no-cafe-da-manha\/"]}]},{"@type":"ImageObject","inLanguage":"pt-BR","@id":"https:\/\/www.correiobraziliense.com.br\/cbradar\/o-alimento-mais-poderoso-para-incluir-no-cafe-da-manha\/#primaryimage","url":"https:\/\/www.correiobraziliense.com.br\/cbradar\/wp-content\/uploads\/2025\/07\/cafe-da-manha_1752495896617.jpg","contentUrl":"https:\/\/www.correiobraziliense.com.br\/cbradar\/wp-content\/uploads\/2025\/07\/cafe-da-manha_1752495896617.jpg","width":1280,"height":720,"caption":"caf\u00e9 da manh\u00e3 - Cr\u00e9ditos: depositphotos.com \/ VadimVasenin"},{"@type":"BreadcrumbList","@id":"https:\/\/www.correiobraziliense.com.br\/cbradar\/o-alimento-mais-poderoso-para-incluir-no-cafe-da-manha\/#breadcrumb","itemListElement":[{"@type":"ListItem","position":1,"name":"In\u00edcio","item":"https:\/\/www.correiobraziliense.com.br\/cbradar\/"},{"@type":"ListItem","position":2,"name":"O alimento mais poderoso para incluir no caf\u00e9 da manh\u00e3"}]},{"@type":"WebSite","@id":"https:\/\/www.correiobraziliense.com.br\/cbradar\/#website","url":"https:\/\/www.correiobraziliense.com.br\/cbradar\/","name":"Correio Braziliense - Radar","description":"Acompanhe as \u00faltimas not\u00edcias e fique bem informado sobre tudo o que acontece no Brasil e no mundo.","potentialAction":[{"@type":"SearchAction","target":{"@type":"EntryPoint","urlTemplate":"https:\/\/www.correiobraziliense.com.br\/cbradar\/?s={search_term_string}"},"query-input":{"@type":"PropertyValueSpecification","valueRequired":true,"valueName":"search_term_string"}}],"inLanguage":"pt-BR"},{"@type":"Person","@id":"https:\/\/www.correiobraziliense.com.br\/cbradar\/#\/schema\/person\/5aa4bf3c8fa699c267933611de12978b","name":"guilherme_saude","image":{"@type":"ImageObject","inLanguage":"pt-BR","@id":"https:\/\/www.correiobraziliense.com.br\/cbradar\/#\/schema\/person\/image\/","url":"https:\/\/secure.gravatar.com\/avatar\/df9adfb835d344bc0af109d41756253f?s=96&d=mm&r=g","contentUrl":"https:\/\/secure.gravatar.com\/avatar\/df9adfb835d344bc0af109d41756253f?s=96&d=mm&r=g","caption":"guilherme_saude"},"url":"https:\/\/www.correiobraziliense.com.br\/cbradar\/author\/guilherme_saude\/"}]}},"_links":{"self":[{"href":"https:\/\/www.correiobraziliense.com.br\/cbradar\/wp-json\/wp\/v2\/posts\/131105","targetHints":{"allow":["GET"]}}],"collection":[{"href":"https:\/\/www.correiobraziliense.com.br\/cbradar\/wp-json\/wp\/v2\/posts"}],"about":[{"href":"https:\/\/www.correiobraziliense.com.br\/cbradar\/wp-json\/wp\/v2\/types\/post"}],"author":[{"embeddable":true,"href":"https:\/\/www.correiobraziliense.com.br\/cbradar\/wp-json\/wp\/v2\/users\/14"}],"replies":[{"embeddable":true,"href":"https:\/\/www.correiobraziliense.com.br\/cbradar\/wp-json\/wp\/v2\/comments?post=131105"}],"version-history":[{"count":1,"href":"https:\/\/www.correiobraziliense.com.br\/cbradar\/wp-json\/wp\/v2\/posts\/131105\/revisions"}],"predecessor-version":[{"id":131106,"href":"https:\/\/www.correiobraziliense.com.br\/cbradar\/wp-json\/wp\/v2\/posts\/131105\/revisions\/131106"}],"wp:featuredmedia":[{"embeddable":true,"href":"https:\/\/www.correiobraziliense.com.br\/cbradar\/wp-json\/wp\/v2\/media\/69597"}],"wp:attachment":[{"href":"https:\/\/www.correiobraziliense.com.br\/cbradar\/wp-json\/wp\/v2\/media?parent=131105"}],"wp:term":[{"taxonomy":"category","embeddable":true,"href":"https:\/\/www.correiobraziliense.com.br\/cbradar\/wp-json\/wp\/v2\/categories?post=131105"},{"taxonomy":"post_tag","embeddable":true,"href":"https:\/\/www.correiobraziliense.com.br\/cbradar\/wp-json\/wp\/v2\/post_tag?post=131105"}],"curies":[{"name":"wp","href":"https:\/\/api.w.org\/{rel}","templated":true}]}}