{"id":131127,"date":"2025-11-04T21:35:00","date_gmt":"2025-11-05T00:35:00","guid":{"rendered":"https:\/\/www.correiobraziliense.com.br\/cbradar\/?p=131127"},"modified":"2025-11-03T16:35:24","modified_gmt":"2025-11-03T19:35:24","slug":"voce-vive-em-alerta-constante-pode-ser-ansiedade-traco","status":"publish","type":"post","link":"https:\/\/www.correiobraziliense.com.br\/cbradar\/voce-vive-em-alerta-constante-pode-ser-ansiedade-traco\/","title":{"rendered":"Voc\u00ea vive em alerta constante? Pode ser ansiedade-tra\u00e7o"},"content":{"rendered":"\n<p>A <strong>Ansiedade <\/strong>\u00e9 um estado emocional complexo e cont\u00ednuo que pode afetar profundamente o bem-estar di\u00e1rio de uma pessoa. Caracterizada por preocupa\u00e7\u00f5es persistentes e um sentimento de apreens\u00e3o, a Ansiedade vai al\u00e9m de momentos isolados de nervosismo e se manifesta de maneiras mais estruturais na vida de um indiv\u00edduo. Psicologicamente, esse fen\u00f4meno \u00e9 frequentemente associado a certos tra\u00e7os de personalidade, criando padr\u00f5es emocionais que influenciam como as pessoas percebem e respondem ao mundo ao seu redor.<\/p>\n\n\n\n<p>Pessoas com o que os especialistas chamam de &#8220;Ansiedade -tra\u00e7o&#8221; vivem em um estado constante de alerta, n\u00e3o apenas em situa\u00e7\u00f5es desafiadoras, mas tamb\u00e9m diante de eventos de rotina. Esse tipo de Ansiedade reflete uma predisposi\u00e7\u00e3o interna, onde a predisposi\u00e7\u00e3o emocional resulta em uma resposta exacerbada a est\u00edmulos cotidianos. Tr\u00eas caracter\u00edsticas principais deste padr\u00e3o incluem a autocr\u00edtica, a busca pelo controle e uma sensibilidade emocional aumentada.<\/p>\n\n\n\n<h2 class=\"wp-block-heading\">Qual o desafio da autocr\u00edtica?<\/h2>\n\n\n\n<p>Um dos aspectos centrais na vida de pessoas ansiosas \u00e9 a tend\u00eancia \u00e0 autocr\u00edtica intensa. Elas podem perceber pequenas falhas ou erros como um reflexo de seu valor pessoal geral, levando a um ciclo de autoavalia\u00e7\u00e3o negativa e aumento dos n\u00edveis de estresse. Estes indiv\u00edduos muitas vezes se colocam sob um microsc\u00f3pio, examinando suas a\u00e7\u00f5es minuciosamente, o que dificulta encontrar a paz e pode criar uma barreira para aproveitar <a href=\"https:\/\/www.gov.br\/saude\/pt-br\" target=\"_blank\" rel=\"noreferrer noopener\">experi\u00eancias <\/a>simples.<\/p>\n\n\n\n<figure class=\"wp-block-image aligncenter size-large\"><img decoding=\"async\" width=\"1024\" height=\"576\" src=\"https:\/\/www.correiobraziliense.com.br\/cbradar\/wp-content\/uploads\/2025\/05\/ansiedade_1748699859576-1024x576.jpg\" alt=\"\" class=\"wp-image-45682\" srcset=\"https:\/\/www.correiobraziliense.com.br\/cbradar\/wp-content\/uploads\/2025\/05\/ansiedade_1748699859576-1024x576.jpg 1024w, https:\/\/www.correiobraziliense.com.br\/cbradar\/wp-content\/uploads\/2025\/05\/ansiedade_1748699859576-300x169.jpg 300w, https:\/\/www.correiobraziliense.com.br\/cbradar\/wp-content\/uploads\/2025\/05\/ansiedade_1748699859576-768x432.jpg 768w, https:\/\/www.correiobraziliense.com.br\/cbradar\/wp-content\/uploads\/2025\/05\/ansiedade_1748699859576-750x422.jpg 750w, https:\/\/www.correiobraziliense.com.br\/cbradar\/wp-content\/uploads\/2025\/05\/ansiedade_1748699859576-1140x641.jpg 1140w, https:\/\/www.correiobraziliense.com.br\/cbradar\/wp-content\/uploads\/2025\/05\/ansiedade_1748699859576.jpg 1280w\" sizes=\"(max-width: 1024px) 100vw, 1024px\" \/><figcaption class=\"wp-element-caption\">Ansiedade  &#8211; Cr\u00e9ditos: depositphotos.com \/ AndrewLozovyi\n\n<\/figcaption><\/figure>\n\n\n\n<h2 class=\"wp-block-heading\">Qual a necessidade de controle?<\/h2>\n\n\n\n<p>Outro componente significativo \u00e9 a necessidade de controle sobre eventos e ambientes. Essas pessoas costumam planejar minuciosamente e evitam o desconhecido, pois sentem-se mais seguras quando sabem o que esperar. Entretanto, esse desejo cont\u00ednuo de previsibilidade em um mundo naturalmente imprevis\u00edvel pode resultar em frustra\u00e7\u00e3o e exaust\u00e3o, j\u00e1 que \u00e9 imposs\u00edvel ter controle total sobre todas as <a href=\"https:\/\/www.correiobraziliense.com.br\/cbradar\/o-remedio-mais-esperado-de-2025-chega-com-promessa-inedita\/\" target=\"_blank\" rel=\"noreferrer noopener\">situa\u00e7\u00f5es<\/a>.<\/p>\n\n\n\n<h2 class=\"wp-block-heading\">Como controlar a sensibilidade emocional elevada?<\/h2>\n\n\n\n<p>A hipersensibilidade emocional \u00e9 um tra\u00e7o que torna os indiv\u00edduos ansiosos altamente receptivos a emo\u00e7\u00f5es, tanto internas quanto externas. Essa sensibilidade pode ser uma faca de dois gumes, promovendo empatia e profundidade nas rela\u00e7\u00f5es, mas tamb\u00e9m levando a uma sobrecarga emocional. O excesso de est\u00edmulos emocionais pode tornar-se avassalador, intensificando o estresse e a inquieta\u00e7\u00e3o interna.<\/p>\n\n\n\n<h2 class=\"wp-block-heading\">Quais os m\u00e9todos de gerenciamento e adapta\u00e7\u00e3o?<\/h2>\n\n\n\n<p>Para gerenciar a Ansiedade e seus efeitos, \u00e9 vital desenvolver estrat\u00e9gias que reduzam a intensidade dessas experi\u00eancias emocionais. T\u00e9cnicas terap\u00eauticas, como a terapia cognitivo-comportamental, s\u00e3o essenciais para ajudar as pessoas a identificar e modificar pensamentos e comportamentos disfuncionais. Pr\u00e1ticas de aten\u00e7\u00e3o plena, como a medita\u00e7\u00e3o, tamb\u00e9m s\u00e3o \u00fateis para cultivar uma resposta mais equilibrada \u00e0s emo\u00e7\u00f5es. Com o apoio adequado e o desenvolvimento de habilidades de enfrentamento, \u00e9 poss\u00edvel para aqueles com Ansiedade criar uma vida mais tranquila e equilibrada.<\/p>\n\n\n<a href=\"https:\/\/www.instagram.com\/dra.annaluisabf\/\" target=\"_blank\" rel=\"noopener\" style=\"text-decoration: none; color: inherit;\">\n    <span style=\"display: inline-block; border: 1px solid #ccc; border-radius: 10px; padding: 15px; max-width: 550px; font-family: sans-serif; box-shadow: 0 2px 5px rgba(0,0,0,0.1); width: 100%;\">\n\n      <!-- T\u00edtulo -->\n      <span style=\"display: block; margin: 0 0 15px 0; font-weight: bold; color: #2c3e50; text-align: center;\">\n        Entre em contato:\n      <\/span>\n\n      <!-- Linha do perfil -->\n      <span style=\"display: flex; align-items: center; gap: 15px;\">\n        <img decoding=\"async\"\n          src=\"https:\/\/www.correiobraziliense.com.br\/cbradar\/wp-content\/uploads\/2025\/08\/dra_anna_luisa.jpeg\"\n          alt=\"Foto da Dra. Anna Lu\u00edsa\"\n          style=\"border-radius: 50%; width: 80px; height: 80px; object-fit: cover;\"\n        \/>\n        <span style=\"display: flex; flex-direction: column;\">\n          <span style=\"font-size: 18px; font-weight: 700; color: #2c3e50;\">Dra. Anna Lu\u00edsa Barbosa Fernandes<\/span>\n          <span style=\"color: #555;\">CRM-GO 33.271<\/span>\n        <\/span>\n      <\/span>\n\n      <!-- Redes -->\n      <span style=\"display: flex; align-items: center; gap: 10px; margin-top: 12px;\">\n        <img decoding=\"async\" src=\"https:\/\/cdn-icons-png.flaticon.com\/24\/1384\/1384063.png\" alt=\"Instagram\" width=\"24\" height=\"24\" \/>\n        <span style=\"text-decoration: underline; color: #2c3e50;\">@dra.annaluisabf<\/span>\n      <\/span>\n\n    <\/span>\n  <\/a>","protected":false},"excerpt":{"rendered":"<p>A Ansiedade \u00e9 um estado emocional complexo e cont\u00ednuo que pode afetar profundamente o bem-estar di\u00e1rio de uma pessoa. Caracterizada por preocupa\u00e7\u00f5es persistentes e um sentimento de apreens\u00e3o, a Ansiedade vai al\u00e9m de momentos isolados de nervosismo e se manifesta de maneiras mais estruturais na vida de um indiv\u00edduo. Psicologicamente, esse fen\u00f4meno \u00e9 frequentemente associado [&hellip;]<\/p>\n","protected":false},"author":14,"featured_media":128516,"comment_status":"open","ping_status":"open","sticky":false,"template":"","format":"standard","meta":{"_yoast_wpseo_focuskw":"Ansiedade","_yoast_wpseo_title":"","_yoast_wpseo_metadesc":"Voc\u00ea sente ansiedade mesmo sem motivo aparente? Entenda o que \u00e9 ansiedade-tra\u00e7o e descubra estrat\u00e9gias para enfrent\u00e1-la.","jnews-multi-image_gallery":[],"jnews_single_post":{"format":"standard"},"jnews_primary_category":[],"jnews_social_meta":[],"jnews_override_counter":[],"footnotes":""},"categories":[4404],"post_tag":[812,120,1318],"class_list":["post-131127","post","type-post","status-publish","format-standard","has-post-thumbnail","hentry","category-saude","tag-ansiedade","tag-bem-estar","tag-saude-2"],"yoast_head":"<!-- This site is optimized with the Yoast SEO plugin v24.6 - https:\/\/yoast.com\/wordpress\/plugins\/seo\/ -->\n<title>Voc\u00ea vive em alerta constante? Pode ser ansiedade-tra\u00e7o - Correio Braziliense - Radar<\/title>\n<meta name=\"description\" content=\"Voc\u00ea sente ansiedade mesmo sem motivo aparente? Entenda o que \u00e9 ansiedade-tra\u00e7o e descubra estrat\u00e9gias para enfrent\u00e1-la.\" \/>\n<meta name=\"robots\" content=\"index, follow, max-snippet:-1, max-image-preview:large, max-video-preview:-1\" \/>\n<link rel=\"canonical\" href=\"https:\/\/www.correiobraziliense.com.br\/cbradar\/voce-vive-em-alerta-constante-pode-ser-ansiedade-traco\/\" \/>\n<meta property=\"og:locale\" content=\"pt_BR\" \/>\n<meta property=\"og:type\" content=\"article\" \/>\n<meta property=\"og:title\" content=\"Voc\u00ea vive em alerta constante? Pode ser ansiedade-tra\u00e7o - Correio Braziliense - Radar\" \/>\n<meta property=\"og:description\" content=\"Voc\u00ea sente ansiedade mesmo sem motivo aparente? Entenda o que \u00e9 ansiedade-tra\u00e7o e descubra estrat\u00e9gias para enfrent\u00e1-la.\" \/>\n<meta property=\"og:url\" content=\"https:\/\/www.correiobraziliense.com.br\/cbradar\/voce-vive-em-alerta-constante-pode-ser-ansiedade-traco\/\" \/>\n<meta property=\"og:site_name\" content=\"Correio Braziliense - Radar\" \/>\n<meta property=\"article:published_time\" content=\"2025-11-05T00:35:00+00:00\" \/>\n<meta property=\"og:image\" content=\"https:\/\/www.correiobraziliense.com.br\/cbradar\/wp-content\/uploads\/2025\/10\/Ansiedade-_1761845872831.jpg\" \/>\n\t<meta property=\"og:image:width\" content=\"1280\" \/>\n\t<meta property=\"og:image:height\" content=\"720\" \/>\n\t<meta property=\"og:image:type\" content=\"image\/jpeg\" \/>\n<meta name=\"author\" content=\"guilherme_saude\" \/>\n<meta name=\"twitter:card\" content=\"summary_large_image\" \/>\n<meta name=\"twitter:label1\" content=\"Escrito por\" \/>\n\t<meta name=\"twitter:data1\" content=\"guilherme_saude\" \/>\n\t<meta name=\"twitter:label2\" content=\"Est. tempo de leitura\" \/>\n\t<meta name=\"twitter:data2\" content=\"4 minutos\" \/>\n<!-- \/ Yoast SEO plugin. -->","yoast_head_json":{"title":"Voc\u00ea vive em alerta constante? Pode ser ansiedade-tra\u00e7o - Correio Braziliense - Radar","description":"Voc\u00ea sente ansiedade mesmo sem motivo aparente? Entenda o que \u00e9 ansiedade-tra\u00e7o e descubra estrat\u00e9gias para enfrent\u00e1-la.","robots":{"index":"index","follow":"follow","max-snippet":"max-snippet:-1","max-image-preview":"max-image-preview:large","max-video-preview":"max-video-preview:-1"},"canonical":"https:\/\/www.correiobraziliense.com.br\/cbradar\/voce-vive-em-alerta-constante-pode-ser-ansiedade-traco\/","og_locale":"pt_BR","og_type":"article","og_title":"Voc\u00ea vive em alerta constante? Pode ser ansiedade-tra\u00e7o - Correio Braziliense - Radar","og_description":"Voc\u00ea sente ansiedade mesmo sem motivo aparente? Entenda o que \u00e9 ansiedade-tra\u00e7o e descubra estrat\u00e9gias para enfrent\u00e1-la.","og_url":"https:\/\/www.correiobraziliense.com.br\/cbradar\/voce-vive-em-alerta-constante-pode-ser-ansiedade-traco\/","og_site_name":"Correio Braziliense - Radar","article_published_time":"2025-11-05T00:35:00+00:00","og_image":[{"width":1280,"height":720,"url":"https:\/\/www.correiobraziliense.com.br\/cbradar\/wp-content\/uploads\/2025\/10\/Ansiedade-_1761845872831.jpg","type":"image\/jpeg"}],"author":"guilherme_saude","twitter_card":"summary_large_image","twitter_misc":{"Escrito por":"guilherme_saude","Est. tempo de leitura":"4 minutos"},"schema":{"@context":"https:\/\/schema.org","@graph":[{"@type":"WebPage","@id":"https:\/\/www.correiobraziliense.com.br\/cbradar\/voce-vive-em-alerta-constante-pode-ser-ansiedade-traco\/","url":"https:\/\/www.correiobraziliense.com.br\/cbradar\/voce-vive-em-alerta-constante-pode-ser-ansiedade-traco\/","name":"Voc\u00ea vive em alerta constante? Pode ser ansiedade-tra\u00e7o - Correio Braziliense - Radar","isPartOf":{"@id":"https:\/\/www.correiobraziliense.com.br\/cbradar\/#website"},"primaryImageOfPage":{"@id":"https:\/\/www.correiobraziliense.com.br\/cbradar\/voce-vive-em-alerta-constante-pode-ser-ansiedade-traco\/#primaryimage"},"image":{"@id":"https:\/\/www.correiobraziliense.com.br\/cbradar\/voce-vive-em-alerta-constante-pode-ser-ansiedade-traco\/#primaryimage"},"thumbnailUrl":"https:\/\/www.correiobraziliense.com.br\/cbradar\/wp-content\/uploads\/2025\/10\/Ansiedade-_1761845872831.jpg","datePublished":"2025-11-05T00:35:00+00:00","author":{"@id":"https:\/\/www.correiobraziliense.com.br\/cbradar\/#\/schema\/person\/5aa4bf3c8fa699c267933611de12978b"},"description":"Voc\u00ea sente ansiedade mesmo sem motivo aparente? Entenda o que \u00e9 ansiedade-tra\u00e7o e descubra estrat\u00e9gias para enfrent\u00e1-la.","breadcrumb":{"@id":"https:\/\/www.correiobraziliense.com.br\/cbradar\/voce-vive-em-alerta-constante-pode-ser-ansiedade-traco\/#breadcrumb"},"inLanguage":"pt-BR","potentialAction":[{"@type":"ReadAction","target":["https:\/\/www.correiobraziliense.com.br\/cbradar\/voce-vive-em-alerta-constante-pode-ser-ansiedade-traco\/"]}]},{"@type":"ImageObject","inLanguage":"pt-BR","@id":"https:\/\/www.correiobraziliense.com.br\/cbradar\/voce-vive-em-alerta-constante-pode-ser-ansiedade-traco\/#primaryimage","url":"https:\/\/www.correiobraziliense.com.br\/cbradar\/wp-content\/uploads\/2025\/10\/Ansiedade-_1761845872831.jpg","contentUrl":"https:\/\/www.correiobraziliense.com.br\/cbradar\/wp-content\/uploads\/2025\/10\/Ansiedade-_1761845872831.jpg","width":1280,"height":720,"caption":"Ansiedade - Cr\u00e9ditos: depositphotos.com \/ AndrewLozovyi"},{"@type":"BreadcrumbList","@id":"https:\/\/www.correiobraziliense.com.br\/cbradar\/voce-vive-em-alerta-constante-pode-ser-ansiedade-traco\/#breadcrumb","itemListElement":[{"@type":"ListItem","position":1,"name":"In\u00edcio","item":"https:\/\/www.correiobraziliense.com.br\/cbradar\/"},{"@type":"ListItem","position":2,"name":"Voc\u00ea vive em alerta constante? Pode ser ansiedade-tra\u00e7o"}]},{"@type":"WebSite","@id":"https:\/\/www.correiobraziliense.com.br\/cbradar\/#website","url":"https:\/\/www.correiobraziliense.com.br\/cbradar\/","name":"Correio Braziliense - Radar","description":"Acompanhe as \u00faltimas not\u00edcias e fique bem informado sobre tudo o que acontece no Brasil e no mundo.","potentialAction":[{"@type":"SearchAction","target":{"@type":"EntryPoint","urlTemplate":"https:\/\/www.correiobraziliense.com.br\/cbradar\/?s={search_term_string}"},"query-input":{"@type":"PropertyValueSpecification","valueRequired":true,"valueName":"search_term_string"}}],"inLanguage":"pt-BR"},{"@type":"Person","@id":"https:\/\/www.correiobraziliense.com.br\/cbradar\/#\/schema\/person\/5aa4bf3c8fa699c267933611de12978b","name":"guilherme_saude","image":{"@type":"ImageObject","inLanguage":"pt-BR","@id":"https:\/\/www.correiobraziliense.com.br\/cbradar\/#\/schema\/person\/image\/","url":"https:\/\/secure.gravatar.com\/avatar\/df9adfb835d344bc0af109d41756253f?s=96&d=mm&r=g","contentUrl":"https:\/\/secure.gravatar.com\/avatar\/df9adfb835d344bc0af109d41756253f?s=96&d=mm&r=g","caption":"guilherme_saude"},"url":"https:\/\/www.correiobraziliense.com.br\/cbradar\/author\/guilherme_saude\/"}]}},"_links":{"self":[{"href":"https:\/\/www.correiobraziliense.com.br\/cbradar\/wp-json\/wp\/v2\/posts\/131127","targetHints":{"allow":["GET"]}}],"collection":[{"href":"https:\/\/www.correiobraziliense.com.br\/cbradar\/wp-json\/wp\/v2\/posts"}],"about":[{"href":"https:\/\/www.correiobraziliense.com.br\/cbradar\/wp-json\/wp\/v2\/types\/post"}],"author":[{"embeddable":true,"href":"https:\/\/www.correiobraziliense.com.br\/cbradar\/wp-json\/wp\/v2\/users\/14"}],"replies":[{"embeddable":true,"href":"https:\/\/www.correiobraziliense.com.br\/cbradar\/wp-json\/wp\/v2\/comments?post=131127"}],"version-history":[{"count":1,"href":"https:\/\/www.correiobraziliense.com.br\/cbradar\/wp-json\/wp\/v2\/posts\/131127\/revisions"}],"predecessor-version":[{"id":131128,"href":"https:\/\/www.correiobraziliense.com.br\/cbradar\/wp-json\/wp\/v2\/posts\/131127\/revisions\/131128"}],"wp:featuredmedia":[{"embeddable":true,"href":"https:\/\/www.correiobraziliense.com.br\/cbradar\/wp-json\/wp\/v2\/media\/128516"}],"wp:attachment":[{"href":"https:\/\/www.correiobraziliense.com.br\/cbradar\/wp-json\/wp\/v2\/media?parent=131127"}],"wp:term":[{"taxonomy":"category","embeddable":true,"href":"https:\/\/www.correiobraziliense.com.br\/cbradar\/wp-json\/wp\/v2\/categories?post=131127"},{"taxonomy":"post_tag","embeddable":true,"href":"https:\/\/www.correiobraziliense.com.br\/cbradar\/wp-json\/wp\/v2\/post_tag?post=131127"}],"curies":[{"name":"wp","href":"https:\/\/api.w.org\/{rel}","templated":true}]}}