{"id":13113,"date":"2025-03-18T17:23:00","date_gmt":"2025-03-18T20:23:00","guid":{"rendered":"https:\/\/www.correiobraziliense.com.br\/cbradar\/?p=13113"},"modified":"2025-03-17T11:09:40","modified_gmt":"2025-03-17T14:09:40","slug":"a-mudanca-oculta-da-pele-que-voce-nao-percebe-mas-precisa-dar-atencao","status":"publish","type":"post","link":"https:\/\/www.correiobraziliense.com.br\/cbradar\/a-mudanca-oculta-da-pele-que-voce-nao-percebe-mas-precisa-dar-atencao\/","title":{"rendered":"A mudan\u00e7a oculta da pele que voc\u00ea n\u00e3o percebe, mas precisa dar aten\u00e7\u00e3o"},"content":{"rendered":"\n<p>Com o passar dos anos, a <a href=\"https:\/\/pt.wikipedia.org\/wiki\/Pele_humana\" target=\"_blank\" rel=\"noreferrer noopener\">pele <\/a>naturalmente passa por mudan\u00e7as, tornando-se mais fina, menos el\u00e1stica e propensa a rugas e linhas finas. Uma rotina de skincare bem estruturada e focada nas necessidades da pele madura pode ajudar a minimizar esses sinais de envelhecimento, mantendo a pele hidratada, radiante e com uma apar\u00eancia <a href=\"https:\/\/www.correiobraziliense.com.br\/cbradar\/revelada-pratica-milenar-que-utiliza-oleos-que-podem-te-ajudar-a-ficar-mais-calmo\/\" target=\"_blank\" rel=\"noreferrer noopener\">saud\u00e1vel<\/a>. Este guia passo a passo apresenta os produtos e ingredientes mais eficazes, al\u00e9m de dicas valiosas para cuidar da sua pele madura.<\/p>\n\n\n\n<h2 class=\"wp-block-heading\">Entendendo as necessidades da pele madura<\/h2>\n\n\n\n<p>A pele madura apresenta caracter\u00edsticas espec\u00edficas que exigem cuidados diferenciados. A produ\u00e7\u00e3o de col\u00e1geno e elastina diminui, resultando em perda de firmeza e elasticidade. A renova\u00e7\u00e3o celular se torna mais lenta, o que pode levar a um aspecto mais opaco e \u00e0 forma\u00e7\u00e3o de manchas. <\/p>\n\n\n\n<p>A pele tamb\u00e9m tende a ficar mais seca devido \u00e0 redu\u00e7\u00e3o da produ\u00e7\u00e3o de sebo. As principais preocupa\u00e7\u00f5es da pele madura incluem rugas e linhas finas, perda de firmeza, ressecamento, hiperpigmenta\u00e7\u00e3o (manchas da idade) e sensibilidade. Uma rotina de skincare eficaz para pele madura deve focar na hidrata\u00e7\u00e3o intensa, na estimula\u00e7\u00e3o da produ\u00e7\u00e3o de col\u00e1geno e elastina, na prote\u00e7\u00e3o contra os radicais livres e na renova\u00e7\u00e3o celular suave.<\/p>\n\n\n<div class=\"wp-block-image\">\n<figure class=\"aligncenter size-large\"><img decoding=\"async\" width=\"1024\" height=\"576\" src=\"https:\/\/www.correiobraziliense.com.br\/cbradar\/wp-content\/uploads\/2025\/03\/pele_1742218029547-1024x576.jpg\" alt=\"A mudan\u00e7a oculta da pele que voc\u00ea n\u00e3o percebe, mas precisa dar aten\u00e7\u00e3o\" class=\"wp-image-13146\" srcset=\"https:\/\/www.correiobraziliense.com.br\/cbradar\/wp-content\/uploads\/2025\/03\/pele_1742218029547-1024x576.jpg 1024w, https:\/\/www.correiobraziliense.com.br\/cbradar\/wp-content\/uploads\/2025\/03\/pele_1742218029547-300x169.jpg 300w, https:\/\/www.correiobraziliense.com.br\/cbradar\/wp-content\/uploads\/2025\/03\/pele_1742218029547-768x432.jpg 768w, https:\/\/www.correiobraziliense.com.br\/cbradar\/wp-content\/uploads\/2025\/03\/pele_1742218029547-750x422.jpg 750w, https:\/\/www.correiobraziliense.com.br\/cbradar\/wp-content\/uploads\/2025\/03\/pele_1742218029547-1140x641.jpg 1140w, https:\/\/www.correiobraziliense.com.br\/cbradar\/wp-content\/uploads\/2025\/03\/pele_1742218029547.jpg 1280w\" sizes=\"(max-width: 1024px) 100vw, 1024px\" \/><figcaption class=\"wp-element-caption\">Mulher &#8211; Cr\u00e9ditos: depositphotos.com \/ bartekwardziak<\/figcaption><\/figure><\/div>\n\n\n<h2 class=\"wp-block-heading\">Ingredientes anti-idade eficazes para pele madura<\/h2>\n\n\n\n<p>A escolha dos produtos certos \u00e9 crucial para uma rotina de skincare eficaz para pele madura. Alguns ingredientes comprovadamente trazem benef\u00edcios significativos:<\/p>\n\n\n\n<h3 class=\"wp-block-heading\">Retinol<\/h3>\n\n\n\n<p>O <strong>retinol<\/strong> \u00e9 um derivado da <strong>vitamina A<\/strong> considerado um dos ingredientes anti-idade mais eficazes. Ele estimula a produ\u00e7\u00e3o de col\u00e1geno e elastina, acelera a renova\u00e7\u00e3o celular, melhora a textura da pele, reduz rugas e linhas finas e ajuda a uniformizar o tom da pele. \u00c9 importante introduzir o retinol gradualmente na rotina, come\u00e7ando com concentra\u00e7\u00f5es mais baixas e utilizando-o \u00e0 noite, devido \u00e0 sua sensibilidade \u00e0 luz solar.<\/p>\n\n\n\n<h3 class=\"wp-block-heading\">\u00c1cido Hialur\u00f4nico<\/h3>\n\n\n\n<p>O <strong>\u00e1cido hialur\u00f4nico<\/strong> \u00e9 um poderoso umectante que atrai e ret\u00e9m a umidade na pele, proporcionando hidrata\u00e7\u00e3o intensa. Ele ajuda a preencher rugas e linhas finas, deixando a pele com uma apar\u00eancia mais volumosa e hidratada. \u00c9 um ingrediente bem tolerado por todos os tipos de pele e pode ser usado tanto de dia quanto \u00e0 noite.<\/p>\n\n\n\n<h3 class=\"wp-block-heading\">Vitamina C<\/h3>\n\n\n\n<p>A <strong>vitamina C<\/strong> \u00e9 um antioxidante potente que protege a pele contra os danos dos radicais livres, respons\u00e1veis pelo envelhecimento precoce. Ela tamb\u00e9m estimula a produ\u00e7\u00e3o de col\u00e1geno, clareia manchas e ilumina a pele, conferindo um aspecto mais radiante. \u00c9 ideal para uso durante o dia, antes do protetor solar.<\/p>\n\n\n\n<h3 class=\"wp-block-heading\">Pept\u00eddeos<\/h3>\n\n\n\n<p>Os <strong>pept\u00eddeos<\/strong> s\u00e3o cadeias de amino\u00e1cidos que atuam como mensageiros, sinalizando para as c\u00e9lulas da pele produzirem mais col\u00e1geno e elastina. Eles ajudam a melhorar a firmeza e a elasticidade da pele, reduzindo a apar\u00eancia de rugas e linhas finas.<\/p>\n\n\n\n<h3 class=\"wp-block-heading\">Antioxidantes<\/h3>\n\n\n\n<p>Al\u00e9m da <strong>vitamina C<\/strong>, outros antioxidantes como a <strong>vitamina E<\/strong> e o <strong>resveratrol<\/strong> ajudam a proteger a pele contra os danos causados pelos radicais livres, prevenindo o envelhecimento precoce e mantendo a pele saud\u00e1vel.<\/p>\n\n\n\n<h3 class=\"wp-block-heading\">Ingredientes naturais ben\u00e9ficos para pele madura<\/h3>\n\n\n\n<p>Al\u00e9m dos ingredientes anti-idade cl\u00e1ssicos, alguns ingredientes naturais podem complementar a rotina de skincare da pele madura:<\/p>\n\n\n\n<h3 class=\"wp-block-heading\">\u00d3leo de Rosa Mosqueta<\/h3>\n\n\n\n<p>O <strong>\u00f3leo de rosa mosqueta<\/strong> \u00e9 rico em \u00e1cidos graxos essenciais e <strong>vitamina A<\/strong>, possuindo propriedades regeneradoras e cicatrizantes. Ele ajuda a melhorar a textura da pele, reduzir cicatrizes, estrias e manchas, al\u00e9m de proporcionar hidrata\u00e7\u00e3o.<\/p>\n\n\n\n<h3 class=\"wp-block-heading\">Aloe Vera<\/h3>\n\n\n\n<p>A <strong>aloe vera<\/strong> possui propriedades calmantes, hidratantes e anti-inflamat\u00f3rias. Ela ajuda a acalmar a pele irritada, promove a cicatriza\u00e7\u00e3o e proporciona hidrata\u00e7\u00e3o suave.<\/p>\n\n\n\n<h3 class=\"wp-block-heading\">Ch\u00e1 Verde<\/h3>\n\n\n\n<p>O <strong>ch\u00e1 verde<\/strong> \u00e9 rico em antioxidantes que protegem a pele contra os danos dos radicais livres. Ele tamb\u00e9m possui propriedades anti-inflamat\u00f3rias e pode ajudar a acalmar a pele.<\/p>\n\n\n\n<h3 class=\"wp-block-heading\">Manteiga de Karit\u00e9<\/h3>\n\n\n\n<p>A <strong>manteiga de karit\u00e9<\/strong> \u00e9 um excelente emoliente que hidrata profundamente a pele, ajudando a restaurar a barreira cut\u00e2nea e prevenindo o ressecamento.<\/p>\n\n\n\n<h3 class=\"wp-block-heading\">Guia passo a passo da rotina de skincare para pele madura<\/h3>\n\n\n\n<p>Siga esta rotina de skincare diariamente, de manh\u00e3 e \u00e0 noite, para obter os melhores resultados:<\/p>\n\n\n\n<h3 class=\"wp-block-heading\">Passo 1: Limpeza suave<\/h3>\n\n\n\n<p>Utilize um limpador facial suave e hidratante, adequado para pele madura. Evite produtos que contenham sulfatos, pois podem ressecar a pele. \u00c0 noite, fa\u00e7a uma dupla limpeza, utilizando um \u00f3leo de limpeza seguido de um limpador cremoso para remover completamente a maquiagem e as impurezas.<\/p>\n\n\n\n<h3 class=\"wp-block-heading\">Passo 2: T\u00f4nico (Opcional)<\/h3>\n\n\n\n<p>Um t\u00f4nico suave e sem \u00e1lcool pode ajudar a equilibrar o pH da pele e prepar\u00e1-la para os pr\u00f3ximos passos da rotina. Opte por t\u00f4nicos com ingredientes hidratantes ou antioxidantes.<\/p>\n\n\n\n<h3 class=\"wp-block-heading\">Passo 3: S\u00e9rum anti-idade<\/h3>\n\n\n\n<p>Aplique um s\u00e9rum contendo ingredientes anti-idade poderosos, como <strong>retinol<\/strong> (\u00e0 noite), <strong>vitamina C<\/strong> (pela manh\u00e3), <strong>\u00e1cido hialur\u00f4nico<\/strong> ou pept\u00eddeos.<\/p>\n\n\n\n<h3 class=\"wp-block-heading\">Passo 4: Creme para a \u00e1rea dos olhos<\/h3>\n\n\n\n<p>A pele ao redor dos olhos \u00e9 mais fina e delicada, sendo mais propensa a rugas. Utilize um creme espec\u00edfico para a \u00e1rea dos olhos, formulado com ingredientes hidratantes e anti-idade.<\/p>\n\n\n\n<h3 class=\"wp-block-heading\">Passo 5: Hidratante facial<\/h3>\n\n\n\n<p>Aplique um<sup><\/sup> hidratante rico e nutritivo para selar a hidrata\u00e7\u00e3o e proteger a barreira cut\u00e2nea. Opte por f\u00f3rmulas com ingredientes como <strong>\u00e1cido hialur\u00f4nico<\/strong>, ceramidas e manteigas vegetais. &nbsp;<\/p>\n\n\n\n<h3 class=\"wp-block-heading\">Passo 6: Protetor solar (Dia)<\/h3>\n\n\n\n<p>Este \u00e9 o passo mais importante para prevenir o envelhecimento precoce e proteger a pele contra os danos do sol. Utilize um protetor solar de amplo espectro com FPS 30 ou superior todos os dias, mesmo em dias nublados.<\/p>\n\n\n\n<h3 class=\"wp-block-heading\">Passo 7: \u00d3leo facial (Noite &#8211; Opcional)<\/h3>\n\n\n\n<p>\u00c0 noite, ap\u00f3s o hidratante, voc\u00ea pode adicionar algumas gotas de um \u00f3leo facial nutritivo, como o <strong>\u00f3leo de rosa mosqueta<\/strong>, para proporcionar uma hidrata\u00e7\u00e3o extra e ajudar na regenera\u00e7\u00e3o da pele durante o sono.<\/p>\n\n\n\n<h2 class=\"wp-block-heading\">Dicas extras para manter a pele madura hidratada e radiante<\/h2>\n\n\n\n<ul class=\"wp-block-list\">\n<li><strong>Beba bastante \u00e1gua:<\/strong> A hidrata\u00e7\u00e3o de dentro para fora \u00e9 fundamental para a sa\u00fade da pele.<\/li>\n\n\n\n<li><strong>Fa\u00e7a esfolia\u00e7\u00e3o suave regularmente:<\/strong> A esfolia\u00e7\u00e3o ajuda a remover as c\u00e9lulas mortas, revelando uma pele mais radiante. Opte por esfoliantes qu\u00edmicos suaves ou esfoliantes f\u00edsicos com gr\u00e2nulos finos.<\/li>\n\n\n\n<li><strong>Seja consistente:<\/strong> A chave para obter resultados com qualquer rotina de skincare \u00e9 a consist\u00eancia. Siga a rotina diariamente para ver os benef\u00edcios a longo prazo.<\/li>\n\n\n\n<li><strong>Consulte um dermatologista:<\/strong> Um dermatologista pode avaliar as necessidades espec\u00edficas da sua pele e recomendar os produtos e tratamentos mais adequados.<\/li>\n<\/ul>\n\n\n\n<p><strong>Dicas para Manter a Pele Madura Hidratada e Radiante:<\/strong><\/p>\n\n\n\n<ul class=\"wp-block-list\">\n<li>Beba bastante \u00e1gua ao longo do dia.<\/li>\n\n\n\n<li>Utilize um umidificador de ar em ambientes secos.<\/li>\n\n\n\n<li>Evite banhos muito quentes e prolongados, que podem ressecar a pele.<\/li>\n\n\n\n<li>Aplique hidratante logo ap\u00f3s o banho, com a pele ainda \u00famida.<\/li>\n\n\n\n<li>Inclua alimentos ricos em antioxidantes e \u00e1cidos graxos essenciais na sua dieta.<\/li>\n\n\n\n<li>Durma bem para permitir que a pele se regenere durante a noite.<\/li>\n\n\n\n<li>Evite fumar, pois o cigarro acelera o envelhecimento da pele.<\/li>\n\n\n\n<li>Gerencie o estresse, que pode afetar a sa\u00fade da pele.<\/li>\n\n\n\n<li>Seja paciente e consistente com a sua rotina de skincare.<\/li>\n\n\n\n<li>Consulte um dermatologista para obter orienta\u00e7\u00e3o personalizada.<\/li>\n<\/ul>\n","protected":false},"excerpt":{"rendered":"<p>Com o passar dos anos, a pele naturalmente passa por mudan\u00e7as, tornando-se mais fina, menos el\u00e1stica e propensa a rugas e linhas finas. Uma rotina de skincare bem estruturada e focada nas necessidades da pele madura pode ajudar a minimizar esses sinais de envelhecimento, mantendo a pele hidratada, radiante e com uma apar\u00eancia saud\u00e1vel. Este [&hellip;]<\/p>\n","protected":false},"author":11,"featured_media":13144,"comment_status":"open","ping_status":"open","sticky":false,"template":"","format":"standard","meta":{"_yoast_wpseo_focuskw":"pele","_yoast_wpseo_title":"","_yoast_wpseo_metadesc":"Sua pele pode estar passando por mudan\u00e7as invis\u00edveis, mas cruciais para sua sa\u00fade. Descubra o que pode estar acontecendo e como cuidar dela corretamente.","jnews-multi-image_gallery":[],"jnews_single_post":{"format":"standard"},"jnews_primary_category":[],"jnews_social_meta":[],"jnews_override_counter":[],"footnotes":""},"categories":[119],"tags":[1320,565],"class_list":["post-13113","post","type-post","status-publish","format-standard","has-post-thumbnail","hentry","category-bem-estar","tag-bem-estar-2","tag-saude"],"yoast_head":"<!-- This site is optimized with the Yoast SEO plugin v24.6 - https:\/\/yoast.com\/wordpress\/plugins\/seo\/ -->\n<title>A mudan\u00e7a oculta da pele que voc\u00ea n\u00e3o percebe, mas precisa dar aten\u00e7\u00e3o - Correio Braziliense - Radar<\/title>\n<meta name=\"description\" content=\"Sua pele pode estar passando por mudan\u00e7as invis\u00edveis, mas cruciais para sua sa\u00fade. Descubra o que pode estar acontecendo e como cuidar dela corretamente.\" \/>\n<meta name=\"robots\" content=\"index, follow, max-snippet:-1, max-image-preview:large, max-video-preview:-1\" \/>\n<link rel=\"canonical\" href=\"https:\/\/www.correiobraziliense.com.br\/cbradar\/a-mudanca-oculta-da-pele-que-voce-nao-percebe-mas-precisa-dar-atencao\/\" \/>\n<meta property=\"og:locale\" content=\"pt_BR\" \/>\n<meta property=\"og:type\" content=\"article\" \/>\n<meta property=\"og:title\" content=\"A mudan\u00e7a oculta da pele que voc\u00ea n\u00e3o percebe, mas precisa dar aten\u00e7\u00e3o - Correio Braziliense - Radar\" \/>\n<meta property=\"og:description\" content=\"Sua pele pode estar passando por mudan\u00e7as invis\u00edveis, mas cruciais para sua sa\u00fade. Descubra o que pode estar acontecendo e como cuidar dela corretamente.\" \/>\n<meta property=\"og:url\" content=\"https:\/\/www.correiobraziliense.com.br\/cbradar\/a-mudanca-oculta-da-pele-que-voce-nao-percebe-mas-precisa-dar-atencao\/\" \/>\n<meta property=\"og:site_name\" content=\"Correio Braziliense - Radar\" \/>\n<meta property=\"article:published_time\" content=\"2025-03-18T20:23:00+00:00\" \/>\n<meta property=\"og:image\" content=\"https:\/\/www.correiobraziliense.com.br\/cbradar\/wp-content\/uploads\/2025\/03\/pele_1742218000273.jpg\" \/>\n\t<meta property=\"og:image:width\" content=\"1280\" \/>\n\t<meta property=\"og:image:height\" content=\"720\" \/>\n\t<meta property=\"og:image:type\" content=\"image\/jpeg\" \/>\n<meta name=\"author\" content=\"Paulo Custodio\" \/>\n<meta name=\"twitter:card\" content=\"summary_large_image\" \/>\n<meta name=\"twitter:label1\" content=\"Escrito por\" \/>\n\t<meta name=\"twitter:data1\" content=\"Paulo Custodio\" \/>\n\t<meta name=\"twitter:label2\" content=\"Est. tempo de leitura\" \/>\n\t<meta name=\"twitter:data2\" content=\"7 minutos\" \/>\n<!-- \/ Yoast SEO plugin. -->","yoast_head_json":{"title":"A mudan\u00e7a oculta da pele que voc\u00ea n\u00e3o percebe, mas precisa dar aten\u00e7\u00e3o - Correio Braziliense - Radar","description":"Sua pele pode estar passando por mudan\u00e7as invis\u00edveis, mas cruciais para sua sa\u00fade. Descubra o que pode estar acontecendo e como cuidar dela corretamente.","robots":{"index":"index","follow":"follow","max-snippet":"max-snippet:-1","max-image-preview":"max-image-preview:large","max-video-preview":"max-video-preview:-1"},"canonical":"https:\/\/www.correiobraziliense.com.br\/cbradar\/a-mudanca-oculta-da-pele-que-voce-nao-percebe-mas-precisa-dar-atencao\/","og_locale":"pt_BR","og_type":"article","og_title":"A mudan\u00e7a oculta da pele que voc\u00ea n\u00e3o percebe, mas precisa dar aten\u00e7\u00e3o - Correio Braziliense - Radar","og_description":"Sua pele pode estar passando por mudan\u00e7as invis\u00edveis, mas cruciais para sua sa\u00fade. Descubra o que pode estar acontecendo e como cuidar dela corretamente.","og_url":"https:\/\/www.correiobraziliense.com.br\/cbradar\/a-mudanca-oculta-da-pele-que-voce-nao-percebe-mas-precisa-dar-atencao\/","og_site_name":"Correio Braziliense - Radar","article_published_time":"2025-03-18T20:23:00+00:00","og_image":[{"width":1280,"height":720,"url":"https:\/\/www.correiobraziliense.com.br\/cbradar\/wp-content\/uploads\/2025\/03\/pele_1742218000273.jpg","type":"image\/jpeg"}],"author":"Paulo Custodio","twitter_card":"summary_large_image","twitter_misc":{"Escrito por":"Paulo Custodio","Est. tempo de leitura":"7 minutos"},"schema":{"@context":"https:\/\/schema.org","@graph":[{"@type":"WebPage","@id":"https:\/\/www.correiobraziliense.com.br\/cbradar\/a-mudanca-oculta-da-pele-que-voce-nao-percebe-mas-precisa-dar-atencao\/","url":"https:\/\/www.correiobraziliense.com.br\/cbradar\/a-mudanca-oculta-da-pele-que-voce-nao-percebe-mas-precisa-dar-atencao\/","name":"A mudan\u00e7a oculta da pele que voc\u00ea n\u00e3o percebe, mas precisa dar aten\u00e7\u00e3o - Correio Braziliense - Radar","isPartOf":{"@id":"https:\/\/www.correiobraziliense.com.br\/cbradar\/#website"},"primaryImageOfPage":{"@id":"https:\/\/www.correiobraziliense.com.br\/cbradar\/a-mudanca-oculta-da-pele-que-voce-nao-percebe-mas-precisa-dar-atencao\/#primaryimage"},"image":{"@id":"https:\/\/www.correiobraziliense.com.br\/cbradar\/a-mudanca-oculta-da-pele-que-voce-nao-percebe-mas-precisa-dar-atencao\/#primaryimage"},"thumbnailUrl":"https:\/\/www.correiobraziliense.com.br\/cbradar\/wp-content\/uploads\/2025\/03\/pele_1742218000273.jpg","datePublished":"2025-03-18T20:23:00+00:00","author":{"@id":"https:\/\/www.correiobraziliense.com.br\/cbradar\/#\/schema\/person\/4cec7857301a9a1a2ef249893cd908d3"},"description":"Sua pele pode estar passando por mudan\u00e7as invis\u00edveis, mas cruciais para sua sa\u00fade. Descubra o que pode estar acontecendo e como cuidar dela corretamente.","breadcrumb":{"@id":"https:\/\/www.correiobraziliense.com.br\/cbradar\/a-mudanca-oculta-da-pele-que-voce-nao-percebe-mas-precisa-dar-atencao\/#breadcrumb"},"inLanguage":"pt-BR","potentialAction":[{"@type":"ReadAction","target":["https:\/\/www.correiobraziliense.com.br\/cbradar\/a-mudanca-oculta-da-pele-que-voce-nao-percebe-mas-precisa-dar-atencao\/"]}]},{"@type":"ImageObject","inLanguage":"pt-BR","@id":"https:\/\/www.correiobraziliense.com.br\/cbradar\/a-mudanca-oculta-da-pele-que-voce-nao-percebe-mas-precisa-dar-atencao\/#primaryimage","url":"https:\/\/www.correiobraziliense.com.br\/cbradar\/wp-content\/uploads\/2025\/03\/pele_1742218000273.jpg","contentUrl":"https:\/\/www.correiobraziliense.com.br\/cbradar\/wp-content\/uploads\/2025\/03\/pele_1742218000273.jpg","width":1280,"height":720,"caption":"Mulher - Cr\u00e9ditos: depositphotos.com \/ pressmaster"},{"@type":"BreadcrumbList","@id":"https:\/\/www.correiobraziliense.com.br\/cbradar\/a-mudanca-oculta-da-pele-que-voce-nao-percebe-mas-precisa-dar-atencao\/#breadcrumb","itemListElement":[{"@type":"ListItem","position":1,"name":"In\u00edcio","item":"https:\/\/www.correiobraziliense.com.br\/cbradar\/"},{"@type":"ListItem","position":2,"name":"A mudan\u00e7a oculta da pele que voc\u00ea n\u00e3o percebe, mas precisa dar aten\u00e7\u00e3o"}]},{"@type":"WebSite","@id":"https:\/\/www.correiobraziliense.com.br\/cbradar\/#website","url":"https:\/\/www.correiobraziliense.com.br\/cbradar\/","name":"Correio Braziliense - Radar","description":"Acompanhe as \u00faltimas not\u00edcias e fique bem informado sobre tudo o que acontece no Brasil e no mundo.","potentialAction":[{"@type":"SearchAction","target":{"@type":"EntryPoint","urlTemplate":"https:\/\/www.correiobraziliense.com.br\/cbradar\/?s={search_term_string}"},"query-input":{"@type":"PropertyValueSpecification","valueRequired":true,"valueName":"search_term_string"}}],"inLanguage":"pt-BR"},{"@type":"Person","@id":"https:\/\/www.correiobraziliense.com.br\/cbradar\/#\/schema\/person\/4cec7857301a9a1a2ef249893cd908d3","name":"Paulo Custodio","image":{"@type":"ImageObject","inLanguage":"pt-BR","@id":"https:\/\/www.correiobraziliense.com.br\/cbradar\/#\/schema\/person\/image\/","url":"https:\/\/secure.gravatar.com\/avatar\/bcd67168d1534e8fcf4f45c726a87cea?s=96&d=mm&r=g","contentUrl":"https:\/\/secure.gravatar.com\/avatar\/bcd67168d1534e8fcf4f45c726a87cea?s=96&d=mm&r=g","caption":"Paulo Custodio"},"sameAs":["https:\/\/www.correiobraziliense.com.br\/cbradar"],"url":"https:\/\/www.correiobraziliense.com.br\/cbradar\/author\/paulomyth\/"}]}},"_links":{"self":[{"href":"https:\/\/www.correiobraziliense.com.br\/cbradar\/wp-json\/wp\/v2\/posts\/13113","targetHints":{"allow":["GET"]}}],"collection":[{"href":"https:\/\/www.correiobraziliense.com.br\/cbradar\/wp-json\/wp\/v2\/posts"}],"about":[{"href":"https:\/\/www.correiobraziliense.com.br\/cbradar\/wp-json\/wp\/v2\/types\/post"}],"author":[{"embeddable":true,"href":"https:\/\/www.correiobraziliense.com.br\/cbradar\/wp-json\/wp\/v2\/users\/11"}],"replies":[{"embeddable":true,"href":"https:\/\/www.correiobraziliense.com.br\/cbradar\/wp-json\/wp\/v2\/comments?post=13113"}],"version-history":[{"count":2,"href":"https:\/\/www.correiobraziliense.com.br\/cbradar\/wp-json\/wp\/v2\/posts\/13113\/revisions"}],"predecessor-version":[{"id":13148,"href":"https:\/\/www.correiobraziliense.com.br\/cbradar\/wp-json\/wp\/v2\/posts\/13113\/revisions\/13148"}],"wp:featuredmedia":[{"embeddable":true,"href":"https:\/\/www.correiobraziliense.com.br\/cbradar\/wp-json\/wp\/v2\/media\/13144"}],"wp:attachment":[{"href":"https:\/\/www.correiobraziliense.com.br\/cbradar\/wp-json\/wp\/v2\/media?parent=13113"}],"wp:term":[{"taxonomy":"category","embeddable":true,"href":"https:\/\/www.correiobraziliense.com.br\/cbradar\/wp-json\/wp\/v2\/categories?post=13113"},{"taxonomy":"post_tag","embeddable":true,"href":"https:\/\/www.correiobraziliense.com.br\/cbradar\/wp-json\/wp\/v2\/tags?post=13113"}],"curies":[{"name":"wp","href":"https:\/\/api.w.org\/{rel}","templated":true}]}}