{"id":131130,"date":"2025-11-05T06:05:00","date_gmt":"2025-11-05T09:05:00","guid":{"rendered":"https:\/\/www.correiobraziliense.com.br\/cbradar\/?p=131130"},"modified":"2025-11-03T16:40:28","modified_gmt":"2025-11-03T19:40:28","slug":"como-aliviar-o-estresse-em-2-minutos-por-dia","status":"publish","type":"post","link":"https:\/\/www.correiobraziliense.com.br\/cbradar\/como-aliviar-o-estresse-em-2-minutos-por-dia\/","title":{"rendered":"Como aliviar o estresse em 2 minutos por dia"},"content":{"rendered":"\n<p>Em meio \u00e0 correria da vida moderna, o <strong>Estresse <\/strong>se manifesta como um desafio constante que afeta a sa\u00fade f\u00edsica e mental. Suas consequ\u00eancias nefastas podem incluir problemas de sono, enfraquecimento do sistema imunol\u00f3gico e altera\u00e7\u00f5es no humor. A press\u00e3o cont\u00ednua tamb\u00e9m pode se traduzir em sintomas f\u00edsicos, como cefaleias e tens\u00e3o muscular, aumentando, a longo prazo, o risco de quadros mais graves como transtornos de ansiedade, depress\u00e3o, hipertens\u00e3o e doen\u00e7as card\u00edacas. Compreender esses impactos \u00e9 crucial para adotar pr\u00e1ticas preventivas que assegurem o equil\u00edbrio emocional e <a href=\"https:\/\/www.correiobraziliense.com.br\/cbradar\/o-remedio-mais-esperado-de-2025-chega-com-promessa-inedita\/\" target=\"_blank\" rel=\"noreferrer noopener\">sa\u00fade<\/a>.<\/p>\n\n\n\n<p>Integrare pequenas pausas na rotina di\u00e1ria \u00e9 uma estrat\u00e9gia eficaz para mitigar a sobrecarga mental e preservar a energia. Essas interrup\u00e7\u00f5es breves promovem um al\u00edvio imediato do Estresse, auxiliando na recupera\u00e7\u00e3o do foco e na disposi\u00e7\u00e3o para enfrentar as tarefas subsequentes. T\u00e9cnicas simples, como a respira\u00e7\u00e3o consciente, s\u00e3o particularmente ben\u00e9ficas: inspirar lenta e profundamente, reter o ar por alguns instantes e, ent\u00e3o, expirar lentamente, ajudando a ativar o sistema nervoso parassimp\u00e1tico que induz ao relaxamento.<\/p>\n\n\n\n<h2 class=\"wp-block-heading\">Quais pr\u00e1ticas podem aliviar rapidamente o Estresse?<\/h2>\n\n\n\n<p>Entre as t\u00e9cnicas r\u00e1pidas e eficazes, destaca-se a pausa de 2 minutos: uma interrup\u00e7\u00e3o consciente da atividade em curso, que permite fechar os olhos e relaxar cada grupo muscular. Esse breve intervalo \u00e9 muitas vezes suficiente para trazer um estado de relaxamento e restaurar a calma em meio a uma rotina atribulada. A implementa\u00e7\u00e3o dessas pr\u00e1ticas garante uma melhora na estabilidade emocional, mesmo nos dias mais exigentes.<\/p>\n\n\n\n<figure class=\"wp-block-image aligncenter size-large\"><img decoding=\"async\" width=\"1024\" height=\"576\" src=\"https:\/\/www.correiobraziliense.com.br\/cbradar\/wp-content\/uploads\/2025\/05\/estresse_1748013821070-1024x576.jpg\" alt=\"\" class=\"wp-image-41794\" srcset=\"https:\/\/www.correiobraziliense.com.br\/cbradar\/wp-content\/uploads\/2025\/05\/estresse_1748013821070-1024x576.jpg 1024w, https:\/\/www.correiobraziliense.com.br\/cbradar\/wp-content\/uploads\/2025\/05\/estresse_1748013821070-300x169.jpg 300w, https:\/\/www.correiobraziliense.com.br\/cbradar\/wp-content\/uploads\/2025\/05\/estresse_1748013821070-768x432.jpg 768w, https:\/\/www.correiobraziliense.com.br\/cbradar\/wp-content\/uploads\/2025\/05\/estresse_1748013821070-750x422.jpg 750w, https:\/\/www.correiobraziliense.com.br\/cbradar\/wp-content\/uploads\/2025\/05\/estresse_1748013821070-1140x641.jpg 1140w, https:\/\/www.correiobraziliense.com.br\/cbradar\/wp-content\/uploads\/2025\/05\/estresse_1748013821070.jpg 1280w\" sizes=\"(max-width: 1024px) 100vw, 1024px\" \/><figcaption class=\"wp-element-caption\">Como Controlar o Estresse: Dicas e Estrat\u00e9gias \u00dateis &#8211; Cr\u00e9ditos: depositphotos.com \/ IgorTishenko\n<\/figcaption><\/figure>\n\n\n\n<h2 class=\"wp-block-heading\">Como incluir momentos de relaxamento na rotina di\u00e1ria?<\/h2>\n\n\n\n<p>Iniciar o dia com exerc\u00edcios de respira\u00e7\u00e3o consciente antes de mergulhar nas obriga\u00e7\u00f5es \u00e9 uma forma de preparar corpo e mente para os desafios o dia a dia. Ap\u00f3s o almo\u00e7o, reservar dois minutos para uma pausa ajuda a renovar energias e a manter a efici\u00eancia. No intervalo do caf\u00e9 da tarde, alongamentos leves ou movimentos de mobilidade podem melhorar a circula\u00e7\u00e3o e aliviar tens\u00f5es <a href=\"https:\/\/www.gov.br\/saude\/pt-br\" target=\"_blank\" rel=\"noreferrer noopener\">acumuladas<\/a>.<\/p>\n\n\n\n<h2 class=\"wp-block-heading\">Qual \u00e9 a import\u00e2ncia dos micro-h\u00e1bitos para o bem-estar?<\/h2>\n\n\n\n<p>Estes micro-h\u00e1bitos s\u00e3o passos simples, mas poderosos, que oferecem clareza mental e tranquilidade quase imediatas. Incorpor\u00e1-los \u00e0 rotina \u00e9 um caminho eficaz para tornar o dia mais produtivo e agrad\u00e1vel, al\u00e9m de auxiliar a manter o equil\u00edbrio emocional a longo prazo. Aos poucos, a pr\u00e1tica consistente dessas t\u00e9cnicas contribu\u00ed para um bem-estar duradouro e fortalece a resili\u00eancia ao Estresse, promovendo uma vida com mais qualidade e satisfa\u00e7\u00e3o.<\/p>\n\n\n\n<p>Transformar pequenas mudan\u00e7as em parte integral do dia a dia, as t\u00e9cnicas mencionadas fornecem ferramentas valiosas para alcan\u00e7ar um estado de relaxamento e reduzir significativamente os n\u00edveis de Estresse. A const\u00e2ncia nessas pr\u00e1ticas permitir\u00e1 perceber uma melhoria substancial na qualidade de vida e no bem-estar geral.<\/p>\n\n\n<a href=\"https:\/\/www.instagram.com\/dra.annaluisabf\/\" target=\"_blank\" rel=\"noopener\" style=\"text-decoration: none; color: inherit;\">\n    <span style=\"display: inline-block; border: 1px solid #ccc; border-radius: 10px; padding: 15px; max-width: 550px; font-family: sans-serif; box-shadow: 0 2px 5px rgba(0,0,0,0.1); width: 100%;\">\n\n      <!-- T\u00edtulo -->\n      <span style=\"display: block; margin: 0 0 15px 0; font-weight: bold; color: #2c3e50; text-align: center;\">\n        Entre em contato:\n      <\/span>\n\n      <!-- Linha do perfil -->\n      <span style=\"display: flex; align-items: center; gap: 15px;\">\n        <img decoding=\"async\"\n          src=\"https:\/\/www.correiobraziliense.com.br\/cbradar\/wp-content\/uploads\/2025\/08\/dra_anna_luisa.jpeg\"\n          alt=\"Foto da Dra. Anna Lu\u00edsa\"\n          style=\"border-radius: 50%; width: 80px; height: 80px; object-fit: cover;\"\n        \/>\n        <span style=\"display: flex; flex-direction: column;\">\n          <span style=\"font-size: 18px; font-weight: 700; color: #2c3e50;\">Dra. Anna Lu\u00edsa Barbosa Fernandes<\/span>\n          <span style=\"color: #555;\">CRM-GO 33.271<\/span>\n        <\/span>\n      <\/span>\n\n      <!-- Redes -->\n      <span style=\"display: flex; align-items: center; gap: 10px; margin-top: 12px;\">\n        <img decoding=\"async\" src=\"https:\/\/cdn-icons-png.flaticon.com\/24\/1384\/1384063.png\" alt=\"Instagram\" width=\"24\" height=\"24\" \/>\n        <span style=\"text-decoration: underline; color: #2c3e50;\">@dra.annaluisabf<\/span>\n      <\/span>\n\n    <\/span>\n  <\/a>","protected":false},"excerpt":{"rendered":"<p>Em meio \u00e0 correria da vida moderna, o Estresse se manifesta como um desafio constante que afeta a sa\u00fade f\u00edsica e mental. Suas consequ\u00eancias nefastas podem incluir problemas de sono, enfraquecimento do sistema imunol\u00f3gico e altera\u00e7\u00f5es no humor. A press\u00e3o cont\u00ednua tamb\u00e9m pode se traduzir em sintomas f\u00edsicos, como cefaleias e tens\u00e3o muscular, aumentando, a [&hellip;]<\/p>\n","protected":false},"author":14,"featured_media":41793,"comment_status":"open","ping_status":"open","sticky":false,"template":"","format":"standard","meta":{"_yoast_wpseo_focuskw":"Estresse","_yoast_wpseo_title":"","_yoast_wpseo_metadesc":"Saiba como pequenas pausas e exerc\u00edcios de respira\u00e7\u00e3o podem reduzir o estresse e transformar sua rotina com mais leveza e clareza mental.","jnews-multi-image_gallery":[],"jnews_single_post":{"format":"standard"},"jnews_primary_category":[],"jnews_social_meta":[],"jnews_override_counter":[],"footnotes":""},"categories":[4404],"post_tag":[120,121,1318],"class_list":["post-131130","post","type-post","status-publish","format-standard","has-post-thumbnail","hentry","category-saude","tag-bem-estar","tag-estresse","tag-saude-2"],"yoast_head":"<!-- This site is optimized with the Yoast SEO plugin v24.6 - https:\/\/yoast.com\/wordpress\/plugins\/seo\/ -->\n<title>Como aliviar o estresse em 2 minutos por dia - Correio Braziliense - Radar<\/title>\n<meta name=\"description\" content=\"Saiba como pequenas pausas e exerc\u00edcios de respira\u00e7\u00e3o podem reduzir o estresse e transformar sua rotina com mais leveza e clareza mental.\" \/>\n<meta name=\"robots\" content=\"index, follow, max-snippet:-1, max-image-preview:large, max-video-preview:-1\" \/>\n<link rel=\"canonical\" href=\"https:\/\/www.correiobraziliense.com.br\/cbradar\/como-aliviar-o-estresse-em-2-minutos-por-dia\/\" \/>\n<meta property=\"og:locale\" content=\"pt_BR\" \/>\n<meta property=\"og:type\" content=\"article\" \/>\n<meta property=\"og:title\" content=\"Como aliviar o estresse em 2 minutos por dia - Correio Braziliense - Radar\" \/>\n<meta property=\"og:description\" content=\"Saiba como pequenas pausas e exerc\u00edcios de respira\u00e7\u00e3o podem reduzir o estresse e transformar sua rotina com mais leveza e clareza mental.\" \/>\n<meta property=\"og:url\" content=\"https:\/\/www.correiobraziliense.com.br\/cbradar\/como-aliviar-o-estresse-em-2-minutos-por-dia\/\" \/>\n<meta property=\"og:site_name\" content=\"Correio Braziliense - Radar\" \/>\n<meta property=\"article:published_time\" content=\"2025-11-05T09:05:00+00:00\" \/>\n<meta property=\"og:image\" content=\"https:\/\/www.correiobraziliense.com.br\/cbradar\/wp-content\/uploads\/2025\/05\/estresse_1748013694319.jpg\" \/>\n\t<meta property=\"og:image:width\" content=\"1280\" \/>\n\t<meta property=\"og:image:height\" content=\"720\" \/>\n\t<meta property=\"og:image:type\" content=\"image\/jpeg\" \/>\n<meta name=\"author\" content=\"guilherme_saude\" \/>\n<meta name=\"twitter:card\" content=\"summary_large_image\" \/>\n<meta name=\"twitter:label1\" content=\"Escrito por\" \/>\n\t<meta name=\"twitter:data1\" content=\"guilherme_saude\" \/>\n\t<meta name=\"twitter:label2\" content=\"Est. tempo de leitura\" \/>\n\t<meta name=\"twitter:data2\" content=\"4 minutos\" \/>\n<!-- \/ Yoast SEO plugin. -->","yoast_head_json":{"title":"Como aliviar o estresse em 2 minutos por dia - Correio Braziliense - Radar","description":"Saiba como pequenas pausas e exerc\u00edcios de respira\u00e7\u00e3o podem reduzir o estresse e transformar sua rotina com mais leveza e clareza mental.","robots":{"index":"index","follow":"follow","max-snippet":"max-snippet:-1","max-image-preview":"max-image-preview:large","max-video-preview":"max-video-preview:-1"},"canonical":"https:\/\/www.correiobraziliense.com.br\/cbradar\/como-aliviar-o-estresse-em-2-minutos-por-dia\/","og_locale":"pt_BR","og_type":"article","og_title":"Como aliviar o estresse em 2 minutos por dia - Correio Braziliense - Radar","og_description":"Saiba como pequenas pausas e exerc\u00edcios de respira\u00e7\u00e3o podem reduzir o estresse e transformar sua rotina com mais leveza e clareza mental.","og_url":"https:\/\/www.correiobraziliense.com.br\/cbradar\/como-aliviar-o-estresse-em-2-minutos-por-dia\/","og_site_name":"Correio Braziliense - Radar","article_published_time":"2025-11-05T09:05:00+00:00","og_image":[{"width":1280,"height":720,"url":"https:\/\/www.correiobraziliense.com.br\/cbradar\/wp-content\/uploads\/2025\/05\/estresse_1748013694319.jpg","type":"image\/jpeg"}],"author":"guilherme_saude","twitter_card":"summary_large_image","twitter_misc":{"Escrito por":"guilherme_saude","Est. tempo de leitura":"4 minutos"},"schema":{"@context":"https:\/\/schema.org","@graph":[{"@type":"WebPage","@id":"https:\/\/www.correiobraziliense.com.br\/cbradar\/como-aliviar-o-estresse-em-2-minutos-por-dia\/","url":"https:\/\/www.correiobraziliense.com.br\/cbradar\/como-aliviar-o-estresse-em-2-minutos-por-dia\/","name":"Como aliviar o estresse em 2 minutos por dia - Correio Braziliense - Radar","isPartOf":{"@id":"https:\/\/www.correiobraziliense.com.br\/cbradar\/#website"},"primaryImageOfPage":{"@id":"https:\/\/www.correiobraziliense.com.br\/cbradar\/como-aliviar-o-estresse-em-2-minutos-por-dia\/#primaryimage"},"image":{"@id":"https:\/\/www.correiobraziliense.com.br\/cbradar\/como-aliviar-o-estresse-em-2-minutos-por-dia\/#primaryimage"},"thumbnailUrl":"https:\/\/www.correiobraziliense.com.br\/cbradar\/wp-content\/uploads\/2025\/05\/estresse_1748013694319.jpg","datePublished":"2025-11-05T09:05:00+00:00","author":{"@id":"https:\/\/www.correiobraziliense.com.br\/cbradar\/#\/schema\/person\/5aa4bf3c8fa699c267933611de12978b"},"description":"Saiba como pequenas pausas e exerc\u00edcios de respira\u00e7\u00e3o podem reduzir o estresse e transformar sua rotina com mais leveza e clareza mental.","breadcrumb":{"@id":"https:\/\/www.correiobraziliense.com.br\/cbradar\/como-aliviar-o-estresse-em-2-minutos-por-dia\/#breadcrumb"},"inLanguage":"pt-BR","potentialAction":[{"@type":"ReadAction","target":["https:\/\/www.correiobraziliense.com.br\/cbradar\/como-aliviar-o-estresse-em-2-minutos-por-dia\/"]}]},{"@type":"ImageObject","inLanguage":"pt-BR","@id":"https:\/\/www.correiobraziliense.com.br\/cbradar\/como-aliviar-o-estresse-em-2-minutos-por-dia\/#primaryimage","url":"https:\/\/www.correiobraziliense.com.br\/cbradar\/wp-content\/uploads\/2025\/05\/estresse_1748013694319.jpg","contentUrl":"https:\/\/www.correiobraziliense.com.br\/cbradar\/wp-content\/uploads\/2025\/05\/estresse_1748013694319.jpg","width":1280,"height":720,"caption":"O que realmente ajuda a aliviar o estresse rapidamente - Cr\u00e9ditos: depositphotos.com \/ DenisDenisenko"},{"@type":"BreadcrumbList","@id":"https:\/\/www.correiobraziliense.com.br\/cbradar\/como-aliviar-o-estresse-em-2-minutos-por-dia\/#breadcrumb","itemListElement":[{"@type":"ListItem","position":1,"name":"In\u00edcio","item":"https:\/\/www.correiobraziliense.com.br\/cbradar\/"},{"@type":"ListItem","position":2,"name":"Como aliviar o estresse em 2 minutos por dia"}]},{"@type":"WebSite","@id":"https:\/\/www.correiobraziliense.com.br\/cbradar\/#website","url":"https:\/\/www.correiobraziliense.com.br\/cbradar\/","name":"Correio Braziliense - Radar","description":"Acompanhe as \u00faltimas not\u00edcias e fique bem informado sobre tudo o que acontece no Brasil e no mundo.","potentialAction":[{"@type":"SearchAction","target":{"@type":"EntryPoint","urlTemplate":"https:\/\/www.correiobraziliense.com.br\/cbradar\/?s={search_term_string}"},"query-input":{"@type":"PropertyValueSpecification","valueRequired":true,"valueName":"search_term_string"}}],"inLanguage":"pt-BR"},{"@type":"Person","@id":"https:\/\/www.correiobraziliense.com.br\/cbradar\/#\/schema\/person\/5aa4bf3c8fa699c267933611de12978b","name":"guilherme_saude","image":{"@type":"ImageObject","inLanguage":"pt-BR","@id":"https:\/\/www.correiobraziliense.com.br\/cbradar\/#\/schema\/person\/image\/","url":"https:\/\/secure.gravatar.com\/avatar\/df9adfb835d344bc0af109d41756253f?s=96&d=mm&r=g","contentUrl":"https:\/\/secure.gravatar.com\/avatar\/df9adfb835d344bc0af109d41756253f?s=96&d=mm&r=g","caption":"guilherme_saude"},"url":"https:\/\/www.correiobraziliense.com.br\/cbradar\/author\/guilherme_saude\/"}]}},"_links":{"self":[{"href":"https:\/\/www.correiobraziliense.com.br\/cbradar\/wp-json\/wp\/v2\/posts\/131130","targetHints":{"allow":["GET"]}}],"collection":[{"href":"https:\/\/www.correiobraziliense.com.br\/cbradar\/wp-json\/wp\/v2\/posts"}],"about":[{"href":"https:\/\/www.correiobraziliense.com.br\/cbradar\/wp-json\/wp\/v2\/types\/post"}],"author":[{"embeddable":true,"href":"https:\/\/www.correiobraziliense.com.br\/cbradar\/wp-json\/wp\/v2\/users\/14"}],"replies":[{"embeddable":true,"href":"https:\/\/www.correiobraziliense.com.br\/cbradar\/wp-json\/wp\/v2\/comments?post=131130"}],"version-history":[{"count":1,"href":"https:\/\/www.correiobraziliense.com.br\/cbradar\/wp-json\/wp\/v2\/posts\/131130\/revisions"}],"predecessor-version":[{"id":131131,"href":"https:\/\/www.correiobraziliense.com.br\/cbradar\/wp-json\/wp\/v2\/posts\/131130\/revisions\/131131"}],"wp:featuredmedia":[{"embeddable":true,"href":"https:\/\/www.correiobraziliense.com.br\/cbradar\/wp-json\/wp\/v2\/media\/41793"}],"wp:attachment":[{"href":"https:\/\/www.correiobraziliense.com.br\/cbradar\/wp-json\/wp\/v2\/media?parent=131130"}],"wp:term":[{"taxonomy":"category","embeddable":true,"href":"https:\/\/www.correiobraziliense.com.br\/cbradar\/wp-json\/wp\/v2\/categories?post=131130"},{"taxonomy":"post_tag","embeddable":true,"href":"https:\/\/www.correiobraziliense.com.br\/cbradar\/wp-json\/wp\/v2\/post_tag?post=131130"}],"curies":[{"name":"wp","href":"https:\/\/api.w.org\/{rel}","templated":true}]}}