{"id":13122,"date":"2025-03-18T08:23:00","date_gmt":"2025-03-18T11:23:00","guid":{"rendered":"https:\/\/www.correiobraziliense.com.br\/cbradar\/?p=13122"},"modified":"2025-03-17T16:12:31","modified_gmt":"2025-03-17T19:12:31","slug":"bmw-r-12-chega-ao-brasil-veja-detalhes","status":"publish","type":"post","link":"https:\/\/www.correiobraziliense.com.br\/cbradar\/bmw-r-12-chega-ao-brasil-veja-detalhes\/","title":{"rendered":"BMW R 12 chega ao Brasil, veja detalhes"},"content":{"rendered":"\n<p>Em 2025, a <strong>BMW Motorrad <\/strong>introduziu no Brasil a BMW R 12, uma motocicleta que combina a est\u00e9tica vintage com as inova\u00e7\u00f5es tecnol\u00f3gicas modernas. Produzida em Manaus, esta moto foi desenvolvida para aqueles que buscam uma experi\u00eancia de pilotagem que une tradi\u00e7\u00e3o e modernidade. Com um motor boxer de 1.170 cm\u00b3, a R 12 oferece uma condu\u00e7\u00e3o potente e confi\u00e1vel.<\/p>\n\n\n\n<p>Com 95 cavalos de pot\u00eancia e um torque de 11,2 kgf.m, a BMW R 12 proporciona uma pilotagem suave e vigorosa. A motocicleta vem equipada com um c\u00e2mbio de seis marchas e um tanque de combust\u00edvel de 14 litros, permitindo longas viagens sem a necessidade de paradas frequentes para reabastecimento.<\/p>\n\n\n\n<h2 class=\"wp-block-heading\">Quais s\u00e3o os principais atributos da BMW R 12?<\/h2>\n\n\n\n<p>A BMW R 12 se destaca por suas dimens\u00f5es impressionantes: 2,20 metros de comprimento, 0,83 metros de largura e 1,1 metro de altura. Com um entre-eixos de 1,52 metros e um peso de 227 kg, a moto oferece estabilidade e conforto. O design cl\u00e1ssico \u00e9 complementado por um sistema de escape duplo e rodas de tamanhos distintos, com 19 polegadas na frente e 16 na traseira.<\/p>\n\n\n\n<figure class=\"wp-block-image size-large\"><img decoding=\"async\" width=\"1024\" height=\"576\" src=\"https:\/\/www.correiobraziliense.com.br\/cbradar\/wp-content\/uploads\/2025\/03\/BMW-R12-1024x576.png\" alt=\"BMW R 12 chega ao Brasil, veja detalhes\" class=\"wp-image-13366\" srcset=\"https:\/\/www.correiobraziliense.com.br\/cbradar\/wp-content\/uploads\/2025\/03\/BMW-R12-1024x576.png 1024w, https:\/\/www.correiobraziliense.com.br\/cbradar\/wp-content\/uploads\/2025\/03\/BMW-R12-300x169.png 300w, https:\/\/www.correiobraziliense.com.br\/cbradar\/wp-content\/uploads\/2025\/03\/BMW-R12-768x432.png 768w, https:\/\/www.correiobraziliense.com.br\/cbradar\/wp-content\/uploads\/2025\/03\/BMW-R12-750x422.png 750w, https:\/\/www.correiobraziliense.com.br\/cbradar\/wp-content\/uploads\/2025\/03\/BMW-R12-1140x641.png 1140w, https:\/\/www.correiobraziliense.com.br\/cbradar\/wp-content\/uploads\/2025\/03\/BMW-R12.png 1280w\" sizes=\"(max-width: 1024px) 100vw, 1024px\" \/><figcaption class=\"wp-element-caption\">BMW R12. Fonte: divulga\u00e7\u00e3o \/ BMW<\/figcaption><\/figure>\n\n\n\n<p>O motor boxer \u00e9 um dos principais atrativos, oferecendo um desempenho confi\u00e1vel com 95 cv a 6.500 rpm e torque de 11,2 kgf.m a 6.000 rpm. A capacidade do tanque de 14 litros, com uma reserva de 3,5 litros, garante que a moto possa percorrer longas dist\u00e2ncias sem a necessidade de reabastecimentos frequentes.<\/p>\n\n\n\n<h2 class=\"wp-block-heading\">Quais vers\u00f5es da BMW R 12 est\u00e3o dispon\u00edveis no Brasil?<\/h2>\n\n\n\n<p>No mercado brasileiro, a BMW R 12 est\u00e1 dispon\u00edvel em tr\u00eas vers\u00f5es distintas, cada uma projetada para atender diferentes perfis de motociclistas:<\/p>\n\n\n\n<ul class=\"wp-block-list\">\n<li><strong>BMW R 12 Standard:<\/strong>&nbsp;Esta vers\u00e3o b\u00e1sica, com pre\u00e7o inicial de R$ 89.900, vem equipada com sistemas de seguran\u00e7a como ABS Pro e controle de tra\u00e7\u00e3o, al\u00e9m de um painel TFT moderno.<\/li>\n\n\n\n<li><strong>BMW R 12 Cruiser:<\/strong>&nbsp;Com recursos adicionais como assistente de partida em subidas, esta vers\u00e3o \u00e9 oferecida por R$ 94.900 e est\u00e1 dispon\u00edvel na cor vermelha.<\/li>\n\n\n\n<li><strong>BMW R 12 Option 719:<\/strong>&nbsp;A vers\u00e3o mais sofisticada, com rodas raiadas e acabamentos especiais, est\u00e1 dispon\u00edvel por R$ 105.900.<\/li>\n<\/ul>\n\n\n\n<h2 class=\"wp-block-heading\">O que diferencia as vers\u00f5es Cruiser e Option 719?<\/h2>\n\n\n\n<p>A vers\u00e3o Cruiser \u00e9 ideal para viagens longas, com recursos como controle de cruzeiro e manoplas aquecidas, garantindo conforto extra. A Option 719 se destaca por seus acabamentos exclusivos e alarme, oferecendo uma experi\u00eancia personalizada e um visual elegante com cores como cinza, preto e amarelo.<\/p>\n\n\n\n<h2 class=\"wp-block-heading\">Por que a BMW R 12 \u00e9 uma escolha especial?<\/h2>\n\n\n\n<p>A BMW R 12 n\u00e3o \u00e9 apenas uma motocicleta; \u00e9 uma express\u00e3o de estilo e inova\u00e7\u00e3o. Combinando um design cl\u00e1ssico com tecnologia de ponta, ela oferece uma pilotagem segura e prazerosa. Para os amantes de motocicletas, a R 12 representa n\u00e3o apenas um meio de transporte, mas um companheiro para aventuras emocionantes e confi\u00e1veis.<\/p>\n\n\n\n<p>Com sua mistura de tecnologia avan\u00e7ada e est\u00e9tica cl\u00e1ssica, a BMW R 12 est\u00e1 pronta para se tornar um \u00edcone no segmento de motos custom no Brasil.<\/p>\n","protected":false},"excerpt":{"rendered":"<p>A BMW R 12 oferece uma experi\u00eancia \u00fanica, combinando o melhor de dois mundos: est\u00e9tica cl\u00e1ssica e tecnologia de ponta.<\/p>\n","protected":false},"author":3,"featured_media":13123,"comment_status":"open","ping_status":"open","sticky":false,"template":"","format":"standard","meta":{"_yoast_wpseo_focuskw":"bmw R 12","_yoast_wpseo_title":"%%title%%","_yoast_wpseo_metadesc":"A BMW R 12 oferece uma experi\u00eancia \u00fanica, combinando o melhor de dois mundos: est\u00e9tica cl\u00e1ssica e tecnologia de ponta.","jnews-multi-image_gallery":[],"jnews_single_post":{"format":"standard"},"jnews_primary_category":[],"jnews_social_meta":[],"jnews_override_counter":[],"footnotes":""},"categories":[122],"post_tag":[1344,2074],"class_list":["post-13122","post","type-post","status-publish","format-standard","has-post-thumbnail","hentry","category-automobilismo","tag-bmw","tag-bmw-r-12"],"yoast_head":"<!-- This site is optimized with the Yoast SEO plugin v24.6 - https:\/\/yoast.com\/wordpress\/plugins\/seo\/ -->\n<title>BMW R 12 chega ao Brasil, veja detalhes<\/title>\n<meta name=\"description\" content=\"A BMW R 12 oferece uma experi\u00eancia \u00fanica, combinando o melhor de dois mundos: est\u00e9tica cl\u00e1ssica e tecnologia de ponta.\" \/>\n<meta name=\"robots\" content=\"index, follow, max-snippet:-1, max-image-preview:large, max-video-preview:-1\" \/>\n<link rel=\"canonical\" href=\"https:\/\/www.correiobraziliense.com.br\/cbradar\/bmw-r-12-chega-ao-brasil-veja-detalhes\/\" \/>\n<meta property=\"og:locale\" content=\"pt_BR\" \/>\n<meta property=\"og:type\" content=\"article\" \/>\n<meta property=\"og:title\" content=\"BMW R 12 chega ao Brasil, veja detalhes\" \/>\n<meta property=\"og:description\" content=\"A BMW R 12 oferece uma experi\u00eancia \u00fanica, combinando o melhor de dois mundos: est\u00e9tica cl\u00e1ssica e tecnologia de ponta.\" \/>\n<meta property=\"og:url\" content=\"https:\/\/www.correiobraziliense.com.br\/cbradar\/bmw-r-12-chega-ao-brasil-veja-detalhes\/\" \/>\n<meta property=\"og:site_name\" content=\"Correio Braziliense - Radar\" \/>\n<meta property=\"article:published_time\" content=\"2025-03-18T11:23:00+00:00\" \/>\n<meta property=\"og:image\" content=\"https:\/\/www.correiobraziliense.com.br\/cbradar\/wp-content\/uploads\/2025\/03\/BMW-_1742217505327.jpg\" \/>\n\t<meta property=\"og:image:width\" content=\"1280\" \/>\n\t<meta property=\"og:image:height\" content=\"720\" \/>\n\t<meta property=\"og:image:type\" content=\"image\/jpeg\" \/>\n<meta name=\"author\" content=\"Larissa Carvalho\" \/>\n<meta name=\"twitter:card\" content=\"summary_large_image\" \/>\n<meta name=\"twitter:label1\" content=\"Escrito por\" \/>\n\t<meta name=\"twitter:data1\" content=\"Larissa Carvalho\" \/>\n\t<meta name=\"twitter:label2\" content=\"Est. tempo de leitura\" \/>\n\t<meta name=\"twitter:data2\" content=\"4 minutos\" \/>\n<!-- \/ Yoast SEO plugin. -->","yoast_head_json":{"title":"BMW R 12 chega ao Brasil, veja detalhes","description":"A BMW R 12 oferece uma experi\u00eancia \u00fanica, combinando o melhor de dois mundos: est\u00e9tica cl\u00e1ssica e tecnologia de ponta.","robots":{"index":"index","follow":"follow","max-snippet":"max-snippet:-1","max-image-preview":"max-image-preview:large","max-video-preview":"max-video-preview:-1"},"canonical":"https:\/\/www.correiobraziliense.com.br\/cbradar\/bmw-r-12-chega-ao-brasil-veja-detalhes\/","og_locale":"pt_BR","og_type":"article","og_title":"BMW R 12 chega ao Brasil, veja detalhes","og_description":"A BMW R 12 oferece uma experi\u00eancia \u00fanica, combinando o melhor de dois mundos: est\u00e9tica cl\u00e1ssica e tecnologia de ponta.","og_url":"https:\/\/www.correiobraziliense.com.br\/cbradar\/bmw-r-12-chega-ao-brasil-veja-detalhes\/","og_site_name":"Correio Braziliense - Radar","article_published_time":"2025-03-18T11:23:00+00:00","og_image":[{"width":1280,"height":720,"url":"https:\/\/www.correiobraziliense.com.br\/cbradar\/wp-content\/uploads\/2025\/03\/BMW-_1742217505327.jpg","type":"image\/jpeg"}],"author":"Larissa Carvalho","twitter_card":"summary_large_image","twitter_misc":{"Escrito por":"Larissa Carvalho","Est. tempo de leitura":"4 minutos"},"schema":{"@context":"https:\/\/schema.org","@graph":[{"@type":"WebPage","@id":"https:\/\/www.correiobraziliense.com.br\/cbradar\/bmw-r-12-chega-ao-brasil-veja-detalhes\/","url":"https:\/\/www.correiobraziliense.com.br\/cbradar\/bmw-r-12-chega-ao-brasil-veja-detalhes\/","name":"BMW R 12 chega ao Brasil, veja detalhes","isPartOf":{"@id":"https:\/\/www.correiobraziliense.com.br\/cbradar\/#website"},"primaryImageOfPage":{"@id":"https:\/\/www.correiobraziliense.com.br\/cbradar\/bmw-r-12-chega-ao-brasil-veja-detalhes\/#primaryimage"},"image":{"@id":"https:\/\/www.correiobraziliense.com.br\/cbradar\/bmw-r-12-chega-ao-brasil-veja-detalhes\/#primaryimage"},"thumbnailUrl":"https:\/\/www.correiobraziliense.com.br\/cbradar\/wp-content\/uploads\/2025\/03\/BMW-_1742217505327.jpg","datePublished":"2025-03-18T11:23:00+00:00","author":{"@id":"https:\/\/www.correiobraziliense.com.br\/cbradar\/#\/schema\/person\/58422787644df994b53a19d3e56c1513"},"description":"A BMW R 12 oferece uma experi\u00eancia \u00fanica, combinando o melhor de dois mundos: est\u00e9tica cl\u00e1ssica e tecnologia de ponta.","breadcrumb":{"@id":"https:\/\/www.correiobraziliense.com.br\/cbradar\/bmw-r-12-chega-ao-brasil-veja-detalhes\/#breadcrumb"},"inLanguage":"pt-BR","potentialAction":[{"@type":"ReadAction","target":["https:\/\/www.correiobraziliense.com.br\/cbradar\/bmw-r-12-chega-ao-brasil-veja-detalhes\/"]}]},{"@type":"ImageObject","inLanguage":"pt-BR","@id":"https:\/\/www.correiobraziliense.com.br\/cbradar\/bmw-r-12-chega-ao-brasil-veja-detalhes\/#primaryimage","url":"https:\/\/www.correiobraziliense.com.br\/cbradar\/wp-content\/uploads\/2025\/03\/BMW-_1742217505327.jpg","contentUrl":"https:\/\/www.correiobraziliense.com.br\/cbradar\/wp-content\/uploads\/2025\/03\/BMW-_1742217505327.jpg","width":1280,"height":720,"caption":"BMW .Cr\u00e9ditos: depositphotos.com \/ Svyatkovsky"},{"@type":"BreadcrumbList","@id":"https:\/\/www.correiobraziliense.com.br\/cbradar\/bmw-r-12-chega-ao-brasil-veja-detalhes\/#breadcrumb","itemListElement":[{"@type":"ListItem","position":1,"name":"In\u00edcio","item":"https:\/\/www.correiobraziliense.com.br\/cbradar\/"},{"@type":"ListItem","position":2,"name":"BMW R 12 chega ao Brasil, veja detalhes"}]},{"@type":"WebSite","@id":"https:\/\/www.correiobraziliense.com.br\/cbradar\/#website","url":"https:\/\/www.correiobraziliense.com.br\/cbradar\/","name":"Correio Braziliense - Radar","description":"Acompanhe as \u00faltimas not\u00edcias e fique bem informado sobre tudo o que acontece no Brasil e no mundo.","potentialAction":[{"@type":"SearchAction","target":{"@type":"EntryPoint","urlTemplate":"https:\/\/www.correiobraziliense.com.br\/cbradar\/?s={search_term_string}"},"query-input":{"@type":"PropertyValueSpecification","valueRequired":true,"valueName":"search_term_string"}}],"inLanguage":"pt-BR"},{"@type":"Person","@id":"https:\/\/www.correiobraziliense.com.br\/cbradar\/#\/schema\/person\/58422787644df994b53a19d3e56c1513","name":"Larissa Carvalho","image":{"@type":"ImageObject","inLanguage":"pt-BR","@id":"https:\/\/www.correiobraziliense.com.br\/cbradar\/#\/schema\/person\/image\/","url":"https:\/\/secure.gravatar.com\/avatar\/fe4f91a0de32b52a838d0d612abdc1aa?s=96&d=mm&r=g","contentUrl":"https:\/\/secure.gravatar.com\/avatar\/fe4f91a0de32b52a838d0d612abdc1aa?s=96&d=mm&r=g","caption":"Larissa Carvalho"},"url":"https:\/\/www.correiobraziliense.com.br\/cbradar\/author\/larissamyth\/"}]}},"_links":{"self":[{"href":"https:\/\/www.correiobraziliense.com.br\/cbradar\/wp-json\/wp\/v2\/posts\/13122","targetHints":{"allow":["GET"]}}],"collection":[{"href":"https:\/\/www.correiobraziliense.com.br\/cbradar\/wp-json\/wp\/v2\/posts"}],"about":[{"href":"https:\/\/www.correiobraziliense.com.br\/cbradar\/wp-json\/wp\/v2\/types\/post"}],"author":[{"embeddable":true,"href":"https:\/\/www.correiobraziliense.com.br\/cbradar\/wp-json\/wp\/v2\/users\/3"}],"replies":[{"embeddable":true,"href":"https:\/\/www.correiobraziliense.com.br\/cbradar\/wp-json\/wp\/v2\/comments?post=13122"}],"version-history":[{"count":2,"href":"https:\/\/www.correiobraziliense.com.br\/cbradar\/wp-json\/wp\/v2\/posts\/13122\/revisions"}],"predecessor-version":[{"id":13367,"href":"https:\/\/www.correiobraziliense.com.br\/cbradar\/wp-json\/wp\/v2\/posts\/13122\/revisions\/13367"}],"wp:featuredmedia":[{"embeddable":true,"href":"https:\/\/www.correiobraziliense.com.br\/cbradar\/wp-json\/wp\/v2\/media\/13123"}],"wp:attachment":[{"href":"https:\/\/www.correiobraziliense.com.br\/cbradar\/wp-json\/wp\/v2\/media?parent=13122"}],"wp:term":[{"taxonomy":"category","embeddable":true,"href":"https:\/\/www.correiobraziliense.com.br\/cbradar\/wp-json\/wp\/v2\/categories?post=13122"},{"taxonomy":"post_tag","embeddable":true,"href":"https:\/\/www.correiobraziliense.com.br\/cbradar\/wp-json\/wp\/v2\/post_tag?post=13122"}],"curies":[{"name":"wp","href":"https:\/\/api.w.org\/{rel}","templated":true}]}}