{"id":131250,"date":"2025-11-05T07:25:00","date_gmt":"2025-11-05T10:25:00","guid":{"rendered":"https:\/\/www.correiobraziliense.com.br\/cbradar\/?p=131250"},"modified":"2025-11-04T10:21:15","modified_gmt":"2025-11-04T13:21:15","slug":"conheca-os-sintomas-causas-e-tratamentos-da-sindrome-da-pressa","status":"publish","type":"post","link":"https:\/\/www.correiobraziliense.com.br\/cbradar\/conheca-os-sintomas-causas-e-tratamentos-da-sindrome-da-pressa\/","title":{"rendered":"Conhe\u00e7a os sintomas, causas e tratamentos da s\u00edndrome da pressa"},"content":{"rendered":"\n<p>A s\u00edndrome da pressa \u00e9 um estado de ansiedade onde a pessoa se sente obrigada a agir rapidamente, mesmo sem urg\u00eancia real. Este comportamento, descrito por cardiologistas nos anos 70, n\u00e3o \u00e9 uma doen\u00e7a, mas um gatilho para problemas f\u00edsicos e mentais, como ansiedade e hipertens\u00e3o.<\/p>\n\n\n\n<h2 class=\"wp-block-heading\">Quais s\u00e3o os principais sintomas f\u00edsicos e mentais?<\/h2>\n\n\n\n<p>Os<a href=\"https:\/\/seccan.org.br\/sindrome-da-pressa-conheca-os-sintomas-as-causas-e-os-tratamentos-para-o-comportamento\/#:~:text=Consequ\u00eancias%20para%20a%20sa\u00fade,estresse)%20e%20diminuir%20a%20imunidade.\" target=\"_blank\" rel=\"noreferrer noopener\"> sintomas f\u00edsicos v\u00e3o al\u00e9m da agita\u00e7\u00e3o<\/a>, incluindo dores de cabe\u00e7a tensionais, problemas digestivos (como indigest\u00e3o), tens\u00e3o muscular cr\u00f4nica, ins\u00f4nia e cansa\u00e7o f\u00edsico inexplic\u00e1vel.<\/p>\n\n\n\n<p>Mentalmente, a s\u00edndrome causa dificuldade de concentra\u00e7\u00e3o, lapsos de mem\u00f3ria e ansiedade constante, pois o c\u00e9rebro est\u00e1 sempre em modo de &#8220;urg\u00eancia&#8221;, prejudicando o foco.<\/p>\n\n\n\n<figure class=\"wp-block-image aligncenter size-large\"><img decoding=\"async\" width=\"1024\" height=\"576\" src=\"https:\/\/www.correiobraziliense.com.br\/cbradar\/wp-content\/uploads\/2025\/11\/mosaico_1762262336461-1024x576.jpg\" alt=\"Conhe\u00e7a os sintomas, causas e tratamentos da s\u00edndrome da pressa\" class=\"wp-image-131252\" srcset=\"https:\/\/www.correiobraziliense.com.br\/cbradar\/wp-content\/uploads\/2025\/11\/mosaico_1762262336461-1024x576.jpg 1024w, https:\/\/www.correiobraziliense.com.br\/cbradar\/wp-content\/uploads\/2025\/11\/mosaico_1762262336461-300x169.jpg 300w, https:\/\/www.correiobraziliense.com.br\/cbradar\/wp-content\/uploads\/2025\/11\/mosaico_1762262336461-768x432.jpg 768w, https:\/\/www.correiobraziliense.com.br\/cbradar\/wp-content\/uploads\/2025\/11\/mosaico_1762262336461-750x422.jpg 750w, https:\/\/www.correiobraziliense.com.br\/cbradar\/wp-content\/uploads\/2025\/11\/mosaico_1762262336461-1140x641.jpg 1140w, https:\/\/www.correiobraziliense.com.br\/cbradar\/wp-content\/uploads\/2025\/11\/mosaico_1762262336461.jpg 1280w\" sizes=\"(max-width: 1024px) 100vw, 1024px\" \/><figcaption class=\"wp-element-caption\">Sintomas, causas e formas de tratamento da chamada s\u00edndrome da pressa &#8211; Cr\u00e9ditos: depositphotos.com \/ HayDmitriy &#8211; Cr\u00e9ditos: depositphotos.com \/ serezniy\n<\/figcaption><\/figure>\n\n\n\n<p>Leia tamb\u00e9m: <a href=\"https:\/\/www.correiobraziliense.com.br\/cbradar\/exercicios-fundamentais-para-fortalecer-os-ossos-em-mulheres-acima-de-50-anos\" target=\"_blank\" rel=\"noreferrer noopener\">Exerc\u00edcios fundamentais para fortalecer os ossos em mulheres acima de 50 anos<\/a><\/p>\n\n\n\n<h2 class=\"wp-block-heading\">O que causa essa necessidade constante de urg\u00eancia?<\/h2>\n\n\n\n<p>As causas exatas n\u00e3o s\u00e3o claras, mas est\u00e3o fortemente ligadas ao estilo de vida moderno. A sobrecarga de trabalho, a press\u00e3o por metas elevadas e a hiperconectividade (notifica\u00e7\u00f5es constantes) s\u00e3o os principais gatilhos.<\/p>\n\n\n\n<p>Especialistas tamb\u00e9m apontam que a neglig\u00eancia com o autocuidado (falta de pausas e lazer) contribui significativamente, pois o corpo nunca tem a chance de &#8220;desligar&#8221; o modo de alerta.<\/p>\n\n\n\n<h2 class=\"wp-block-heading\">Quais s\u00e3o as consequ\u00eancias de longo prazo para a sa\u00fade?<\/h2>\n\n\n\n<p>Viver em estado de alerta eleva cronicamente o <strong>cortisol<\/strong>, o horm\u00f4nio do estresse. Isso aumenta o risco de doen\u00e7as metab\u00f3licas, como <a target=\"_blank\" rel=\"noreferrer noopener\" href=\"https:\/\/www.heart.org\/en\/healthy-living\/healthy-lifestyle\/stress-management\/stress-and-heart-health\">diabetes tipo 2 e hipertens\u00e3o arterial<\/a>, al\u00e9m de reduzir a efic\u00e1cia do sistema imunol\u00f3gico.<\/p>\n\n\n\n<p>A vida social tamb\u00e9m \u00e9 impactada, com a pessoa perdendo o interesse em atividades de lazer (antes prazerosas) e aumentando o <strong>isolamento social<\/strong>, o que pode agravar quadros psiqui\u00e1tricos.<\/p>\n\n\n\n<figure class=\"wp-block-image aligncenter size-large\"><img decoding=\"async\" width=\"1024\" height=\"576\" src=\"https:\/\/www.correiobraziliense.com.br\/cbradar\/wp-content\/uploads\/2025\/11\/mosaico_1762262405677-1024x576.jpg\" alt=\"\" class=\"wp-image-131253\" srcset=\"https:\/\/www.correiobraziliense.com.br\/cbradar\/wp-content\/uploads\/2025\/11\/mosaico_1762262405677-1024x576.jpg 1024w, https:\/\/www.correiobraziliense.com.br\/cbradar\/wp-content\/uploads\/2025\/11\/mosaico_1762262405677-300x169.jpg 300w, https:\/\/www.correiobraziliense.com.br\/cbradar\/wp-content\/uploads\/2025\/11\/mosaico_1762262405677-768x432.jpg 768w, https:\/\/www.correiobraziliense.com.br\/cbradar\/wp-content\/uploads\/2025\/11\/mosaico_1762262405677-750x422.jpg 750w, https:\/\/www.correiobraziliense.com.br\/cbradar\/wp-content\/uploads\/2025\/11\/mosaico_1762262405677-1140x641.jpg 1140w, https:\/\/www.correiobraziliense.com.br\/cbradar\/wp-content\/uploads\/2025\/11\/mosaico_1762262405677.jpg 1280w\" sizes=\"(max-width: 1024px) 100vw, 1024px\" \/><figcaption class=\"wp-element-caption\">Sintomas, causas e formas de tratamento da chamada s\u00edndrome da pressa &#8211; Cr\u00e9ditos: depositphotos.com \/ VitalikRadko &#8211; Cr\u00e9ditos: depositphotos.com \/ chayakorn.mm@gmail.com\n<\/figcaption><\/figure>\n\n\n\n<h2 class=\"wp-block-heading\">Como a s\u00edndrome da pressa pode ser tratada?<\/h2>\n\n\n\n<p>A principal abordagem \u00e9 a <strong>mudan\u00e7a de h\u00e1bitos<\/strong> e a forma de encarar as situa\u00e7\u00f5es, focando no autoconhecimento e na autorregula\u00e7\u00e3o do estresse para &#8220;desacelerar&#8221; a mente.<\/p>\n\n\n\n<p>Quando a s\u00edndrome evolui para transtornos psiqui\u00e1tricos (como ansiedade generalizada), o tratamento deve ser guiado por um psic\u00f3logo (psicoterapia) ou psiquiatra (que pode avaliar a necessidade de medica\u00e7\u00e3o).<\/p>\n\n\n\n<p>Leia tamb\u00e9m: <a href=\"https:\/\/www.correiobraziliense.com.br\/cbradar\/como-cuidar-de-plantas-melhora-o-seu-humor-segundo-a-ciencia\" target=\"_blank\" rel=\"noreferrer noopener\">Como cuidar de plantas melhora o seu humor, segundo a ci\u00eancia<\/a><\/p>\n\n\n\n<h2 class=\"wp-block-heading\">Como prevenir e melhorar o bem-estar di\u00e1rio?<\/h2>\n\n\n\n<p>Para que o tratamento seja eficaz, \u00e9 essencial adotar h\u00e1bitos saud\u00e1veis que ativem o sistema nervoso parassimp\u00e1tico (o modo de &#8220;calma&#8221;). A <strong><a href=\"https:\/\/www.who.int\/news-room\/fact-sheets\/detail\/mental-health-strengthening-our-response\" target=\"_blank\" rel=\"noreferrer noopener\">Organiza\u00e7\u00e3o Mundial da Sa\u00fade (OMS)<\/a> <\/strong>destaca o gerenciamento do estresse como pilar da sa\u00fade.<\/p>\n\n\n\n<p>A preven\u00e7\u00e3o foca em encontrar um equil\u00edbrio entre as demandas e as necessidades pessoais, dedicando tempo ativamente ao autocuidado. As pr\u00e1ticas mais eficazes incluem:<\/p>\n\n\n\n<ul class=\"wp-block-list\">\n<li>Manter uma rotina de <strong>exerc\u00edcios f\u00edsicos<\/strong> regulares (para liberar a tens\u00e3o).<\/li>\n\n\n\n<li>Priorizar a <strong>higiene do sono<\/strong> (para restaurar o c\u00e9rebro).<\/li>\n\n\n\n<li>Praticar hobbies e momentos de <strong>lazer<\/strong> (para &#8220;desligar&#8221; a mente).<\/li>\n\n\n\n<li>Fortalecer <strong>v\u00ednculos sociais<\/strong> (fam\u00edlia e amigos) como ant\u00eddoto ao isolamento.<\/li>\n<\/ul>\n","protected":false},"excerpt":{"rendered":"<p>A s\u00edndrome da pressa \u00e9 um estado de ansiedade onde a pessoa se sente obrigada a agir rapidamente, mesmo sem urg\u00eancia real. Este comportamento, descrito por cardiologistas nos anos 70, n\u00e3o \u00e9 uma doen\u00e7a, mas um gatilho para problemas f\u00edsicos e mentais, como ansiedade e hipertens\u00e3o. Quais s\u00e3o os principais sintomas f\u00edsicos e mentais? Os [&hellip;]<\/p>\n","protected":false},"author":11,"featured_media":131251,"comment_status":"open","ping_status":"open","sticky":false,"template":"","format":"standard","meta":{"jnews-multi-image_gallery":[],"jnews_single_post":{"format":"standard"},"jnews_primary_category":[],"jnews_social_meta":[],"jnews_override_counter":[],"footnotes":""},"categories":[119],"post_tag":[1318,11393],"class_list":["post-131250","post","type-post","status-publish","format-standard","has-post-thumbnail","hentry","category-bem-estar","tag-saude-2","tag-sindrome-da-pressa"],"yoast_head":"<!-- This site is optimized with the Yoast SEO plugin v24.6 - https:\/\/yoast.com\/wordpress\/plugins\/seo\/ -->\n<title>Conhe\u00e7a os sintomas, causas e tratamentos da s\u00edndrome da pressa - Correio Braziliense - Radar<\/title>\n<meta name=\"description\" content=\"A s\u00edndrome da pressa afeta corpo e mente, causando ansiedade, irrita\u00e7\u00e3o e fadiga constantes ao viver em ritmo acelerado\" \/>\n<meta name=\"robots\" content=\"index, follow, max-snippet:-1, max-image-preview:large, max-video-preview:-1\" \/>\n<link rel=\"canonical\" href=\"https:\/\/www.correiobraziliense.com.br\/cbradar\/conheca-os-sintomas-causas-e-tratamentos-da-sindrome-da-pressa\/\" \/>\n<meta property=\"og:locale\" content=\"pt_BR\" \/>\n<meta property=\"og:type\" content=\"article\" \/>\n<meta property=\"og:title\" content=\"Conhe\u00e7a os sintomas, causas e tratamentos da s\u00edndrome da pressa - Correio Braziliense - Radar\" \/>\n<meta property=\"og:description\" content=\"A s\u00edndrome da pressa afeta corpo e mente, causando ansiedade, irrita\u00e7\u00e3o e fadiga constantes ao viver em ritmo acelerado\" \/>\n<meta property=\"og:url\" content=\"https:\/\/www.correiobraziliense.com.br\/cbradar\/conheca-os-sintomas-causas-e-tratamentos-da-sindrome-da-pressa\/\" \/>\n<meta property=\"og:site_name\" content=\"Correio Braziliense - Radar\" \/>\n<meta property=\"article:published_time\" content=\"2025-11-05T10:25:00+00:00\" \/>\n<meta property=\"og:image\" content=\"https:\/\/www.correiobraziliense.com.br\/cbradar\/wp-content\/uploads\/2025\/11\/mosaico_1762262218227.jpg\" \/>\n\t<meta property=\"og:image:width\" content=\"1280\" \/>\n\t<meta property=\"og:image:height\" content=\"720\" \/>\n\t<meta property=\"og:image:type\" content=\"image\/jpeg\" \/>\n<meta name=\"author\" content=\"Paulo Custodio\" \/>\n<meta name=\"twitter:card\" content=\"summary_large_image\" \/>\n<meta name=\"twitter:label1\" content=\"Escrito por\" \/>\n\t<meta name=\"twitter:data1\" content=\"Paulo Custodio\" \/>\n\t<meta name=\"twitter:label2\" content=\"Est. tempo de leitura\" \/>\n\t<meta name=\"twitter:data2\" content=\"4 minutos\" \/>\n<!-- \/ Yoast SEO plugin. -->","yoast_head_json":{"title":"Conhe\u00e7a os sintomas, causas e tratamentos da s\u00edndrome da pressa - Correio Braziliense - Radar","description":"A s\u00edndrome da pressa afeta corpo e mente, causando ansiedade, irrita\u00e7\u00e3o e fadiga constantes ao viver em ritmo acelerado","robots":{"index":"index","follow":"follow","max-snippet":"max-snippet:-1","max-image-preview":"max-image-preview:large","max-video-preview":"max-video-preview:-1"},"canonical":"https:\/\/www.correiobraziliense.com.br\/cbradar\/conheca-os-sintomas-causas-e-tratamentos-da-sindrome-da-pressa\/","og_locale":"pt_BR","og_type":"article","og_title":"Conhe\u00e7a os sintomas, causas e tratamentos da s\u00edndrome da pressa - Correio Braziliense - Radar","og_description":"A s\u00edndrome da pressa afeta corpo e mente, causando ansiedade, irrita\u00e7\u00e3o e fadiga constantes ao viver em ritmo acelerado","og_url":"https:\/\/www.correiobraziliense.com.br\/cbradar\/conheca-os-sintomas-causas-e-tratamentos-da-sindrome-da-pressa\/","og_site_name":"Correio Braziliense - Radar","article_published_time":"2025-11-05T10:25:00+00:00","og_image":[{"width":1280,"height":720,"url":"https:\/\/www.correiobraziliense.com.br\/cbradar\/wp-content\/uploads\/2025\/11\/mosaico_1762262218227.jpg","type":"image\/jpeg"}],"author":"Paulo Custodio","twitter_card":"summary_large_image","twitter_misc":{"Escrito por":"Paulo Custodio","Est. tempo de leitura":"4 minutos"},"schema":{"@context":"https:\/\/schema.org","@graph":[{"@type":"WebPage","@id":"https:\/\/www.correiobraziliense.com.br\/cbradar\/conheca-os-sintomas-causas-e-tratamentos-da-sindrome-da-pressa\/","url":"https:\/\/www.correiobraziliense.com.br\/cbradar\/conheca-os-sintomas-causas-e-tratamentos-da-sindrome-da-pressa\/","name":"Conhe\u00e7a os sintomas, causas e tratamentos da s\u00edndrome da pressa - Correio Braziliense - Radar","isPartOf":{"@id":"https:\/\/www.correiobraziliense.com.br\/cbradar\/#website"},"primaryImageOfPage":{"@id":"https:\/\/www.correiobraziliense.com.br\/cbradar\/conheca-os-sintomas-causas-e-tratamentos-da-sindrome-da-pressa\/#primaryimage"},"image":{"@id":"https:\/\/www.correiobraziliense.com.br\/cbradar\/conheca-os-sintomas-causas-e-tratamentos-da-sindrome-da-pressa\/#primaryimage"},"thumbnailUrl":"https:\/\/www.correiobraziliense.com.br\/cbradar\/wp-content\/uploads\/2025\/11\/mosaico_1762262218227.jpg","datePublished":"2025-11-05T10:25:00+00:00","author":{"@id":"https:\/\/www.correiobraziliense.com.br\/cbradar\/#\/schema\/person\/4cec7857301a9a1a2ef249893cd908d3"},"description":"A s\u00edndrome da pressa afeta corpo e mente, causando ansiedade, irrita\u00e7\u00e3o e fadiga constantes ao viver em ritmo acelerado","breadcrumb":{"@id":"https:\/\/www.correiobraziliense.com.br\/cbradar\/conheca-os-sintomas-causas-e-tratamentos-da-sindrome-da-pressa\/#breadcrumb"},"inLanguage":"pt-BR","potentialAction":[{"@type":"ReadAction","target":["https:\/\/www.correiobraziliense.com.br\/cbradar\/conheca-os-sintomas-causas-e-tratamentos-da-sindrome-da-pressa\/"]}]},{"@type":"ImageObject","inLanguage":"pt-BR","@id":"https:\/\/www.correiobraziliense.com.br\/cbradar\/conheca-os-sintomas-causas-e-tratamentos-da-sindrome-da-pressa\/#primaryimage","url":"https:\/\/www.correiobraziliense.com.br\/cbradar\/wp-content\/uploads\/2025\/11\/mosaico_1762262218227.jpg","contentUrl":"https:\/\/www.correiobraziliense.com.br\/cbradar\/wp-content\/uploads\/2025\/11\/mosaico_1762262218227.jpg","width":1280,"height":720,"caption":"Sintomas, causas e formas de tratamento da chamada s\u00edndrome da pressa - Cr\u00e9ditos: depositphotos.com \/ TarasMalyarevich - Cr\u00e9ditos: depositphotos.com \/ serezniy"},{"@type":"BreadcrumbList","@id":"https:\/\/www.correiobraziliense.com.br\/cbradar\/conheca-os-sintomas-causas-e-tratamentos-da-sindrome-da-pressa\/#breadcrumb","itemListElement":[{"@type":"ListItem","position":1,"name":"In\u00edcio","item":"https:\/\/www.correiobraziliense.com.br\/cbradar\/"},{"@type":"ListItem","position":2,"name":"Conhe\u00e7a os sintomas, causas e tratamentos da s\u00edndrome da pressa"}]},{"@type":"WebSite","@id":"https:\/\/www.correiobraziliense.com.br\/cbradar\/#website","url":"https:\/\/www.correiobraziliense.com.br\/cbradar\/","name":"Correio Braziliense - Radar","description":"Acompanhe as \u00faltimas not\u00edcias e fique bem informado sobre tudo o que acontece no Brasil e no mundo.","potentialAction":[{"@type":"SearchAction","target":{"@type":"EntryPoint","urlTemplate":"https:\/\/www.correiobraziliense.com.br\/cbradar\/?s={search_term_string}"},"query-input":{"@type":"PropertyValueSpecification","valueRequired":true,"valueName":"search_term_string"}}],"inLanguage":"pt-BR"},{"@type":"Person","@id":"https:\/\/www.correiobraziliense.com.br\/cbradar\/#\/schema\/person\/4cec7857301a9a1a2ef249893cd908d3","name":"Paulo Custodio","image":{"@type":"ImageObject","inLanguage":"pt-BR","@id":"https:\/\/www.correiobraziliense.com.br\/cbradar\/#\/schema\/person\/image\/","url":"https:\/\/secure.gravatar.com\/avatar\/bcd67168d1534e8fcf4f45c726a87cea?s=96&d=mm&r=g","contentUrl":"https:\/\/secure.gravatar.com\/avatar\/bcd67168d1534e8fcf4f45c726a87cea?s=96&d=mm&r=g","caption":"Paulo Custodio"},"sameAs":["https:\/\/www.correiobraziliense.com.br\/cbradar"],"url":"https:\/\/www.correiobraziliense.com.br\/cbradar\/author\/paulomyth\/"}]}},"_links":{"self":[{"href":"https:\/\/www.correiobraziliense.com.br\/cbradar\/wp-json\/wp\/v2\/posts\/131250","targetHints":{"allow":["GET"]}}],"collection":[{"href":"https:\/\/www.correiobraziliense.com.br\/cbradar\/wp-json\/wp\/v2\/posts"}],"about":[{"href":"https:\/\/www.correiobraziliense.com.br\/cbradar\/wp-json\/wp\/v2\/types\/post"}],"author":[{"embeddable":true,"href":"https:\/\/www.correiobraziliense.com.br\/cbradar\/wp-json\/wp\/v2\/users\/11"}],"replies":[{"embeddable":true,"href":"https:\/\/www.correiobraziliense.com.br\/cbradar\/wp-json\/wp\/v2\/comments?post=131250"}],"version-history":[{"count":1,"href":"https:\/\/www.correiobraziliense.com.br\/cbradar\/wp-json\/wp\/v2\/posts\/131250\/revisions"}],"predecessor-version":[{"id":131254,"href":"https:\/\/www.correiobraziliense.com.br\/cbradar\/wp-json\/wp\/v2\/posts\/131250\/revisions\/131254"}],"wp:featuredmedia":[{"embeddable":true,"href":"https:\/\/www.correiobraziliense.com.br\/cbradar\/wp-json\/wp\/v2\/media\/131251"}],"wp:attachment":[{"href":"https:\/\/www.correiobraziliense.com.br\/cbradar\/wp-json\/wp\/v2\/media?parent=131250"}],"wp:term":[{"taxonomy":"category","embeddable":true,"href":"https:\/\/www.correiobraziliense.com.br\/cbradar\/wp-json\/wp\/v2\/categories?post=131250"},{"taxonomy":"post_tag","embeddable":true,"href":"https:\/\/www.correiobraziliense.com.br\/cbradar\/wp-json\/wp\/v2\/post_tag?post=131250"}],"curies":[{"name":"wp","href":"https:\/\/api.w.org\/{rel}","templated":true}]}}