{"id":131313,"date":"2025-11-05T10:05:39","date_gmt":"2025-11-05T13:05:39","guid":{"rendered":"https:\/\/www.correiobraziliense.com.br\/cbradar\/?p=131313"},"modified":"2025-11-04T14:13:52","modified_gmt":"2025-11-04T17:13:52","slug":"a-planta-delicada-que-acalma-a-mente-e-ainda-deixa-o-jardim-mais-bonito","status":"publish","type":"post","link":"https:\/\/www.correiobraziliense.com.br\/cbradar\/a-planta-delicada-que-acalma-a-mente-e-ainda-deixa-o-jardim-mais-bonito\/","title":{"rendered":"A planta delicada que acalma a mente e ainda deixa o jardim mais bonito"},"content":{"rendered":"\n<p>O cultivo de <strong>camomila<\/strong> est\u00e1 cada vez mais em destaque devido aos diversos <strong>benef\u00edcios para a sa\u00fade<\/strong> e o <strong>bem-estar<\/strong>, incluindo o uso da planta tanto em <strong>ch\u00e1s relaxantes<\/strong> quanto em <strong>cosm\u00e9ticos<\/strong> e <strong>medicamentos<\/strong>. Cultivar camomila em casa \u00e9 uma atividade acess\u00edvel e recompensadora, que proporciona produtos puros e org\u00e2nicos diretamente do seu pr\u00f3prio jardim, al\u00e9m de promover o contato com a natureza.<\/p>\n\n\n\n<h2 class=\"wp-block-heading\">Como iniciar o plantio da camomila em casa<\/h2>\n\n\n\n<p>Para come\u00e7ar a cultivar camomila, \u00e9 importante escolher qual tipo plantar: as op\u00e7\u00f5es mais comuns s\u00e3o a <strong>camomila romana<\/strong> (<em>Chamaemelum nobile<\/em>) e a <strong>camomila alem\u00e3<\/strong> (<em>Matricaria chamomilla<\/em>). Ambas crescem bem em ambientes dom\u00e9sticos, sendo a camomila alem\u00e3 mais indicada para iniciantes devido ao cultivo simples a partir de sementes.<\/p>\n\n\n\n<p>Prepare um <strong>solo f\u00e9rtil<\/strong> e bem drenado, mantendo-o em local que receba bastante <strong>luz natural<\/strong>. Como as <strong>sementes de camomila<\/strong> s\u00e3o muito pequenas, espalhe-as suavemente sobre a superf\u00edcie do solo, sem cobri-las, j\u00e1 que precisam de luz para germinar. Regue com delicadeza para n\u00e3o deslocar as sementes, mantendo sempre o solo <strong>\u00famido<\/strong>.<\/p>\n\n\n\n<iframe loading=\"lazy\" width=\"560\" height=\"315\" src=\"https:\/\/www.youtube.com\/embed\/llzfWVNyEsc?si=DeKPMHRDt5NszUE-\" title=\"YouTube video player\" frameborder=\"0\" allow=\"accelerometer; autoplay; clipboard-write; encrypted-media; gyroscope; picture-in-picture; web-share\" referrerpolicy=\"strict-origin-when-cross-origin\" allowfullscreen><\/iframe>\n\n\n\n<h2 class=\"wp-block-heading\">Cuidados essenciais para o desenvolvimento saud\u00e1vel da camomila<\/h2>\n\n\n\n<p>Durante o crescimento, a camomila exige aten\u00e7\u00e3o a alguns detalhes para garantir seu vigor. Manter a <strong>rega equilibrada<\/strong> \u00e9 importante, especialmente em per\u00edodos de seca, para evitar tanto o ressecamento quanto o excesso de \u00e1gua nas ra\u00edzes.<\/p>\n\n\n\n<p>Um aspecto fundamental \u00e9 a manuten\u00e7\u00e3o do solo livre de <strong>ervas daninhas<\/strong>, o que facilita o acesso da planta aos nutrientes necess\u00e1rios. Veja a seguir alguns cuidados pr\u00e1ticos que favorecem o crescimento da camomila:<\/p>\n\n\n\n<ul class=\"wp-block-list\">\n<li><strong>Luz Solar:<\/strong> Cultive a camomila em local com pelo menos <strong>4 a 5 horas de sol direto<\/strong> diariamente.<\/li>\n\n\n\n<li><strong>Rega:<\/strong> Regue moderadamente, evitando o encharcamento do solo.<\/li>\n\n\n\n<li><strong>Solo:<\/strong> Prefira um solo<strong> rico em mat\u00e9ria org\u00e2nica<\/strong> e bem drenado.<\/li>\n\n\n\n<li><strong>Aduba\u00e7\u00e3o:<\/strong> Utilize <strong>adubos org\u00e2nicos<\/strong> de tempos em tempos para estimular o crescimento.<\/li>\n<\/ul>\n\n\n\n<h3 class=\"wp-block-heading\">Tabela Comparativa: Camomila Romana x Camomila Alem\u00e3<\/h3>\n\n\n\n<figure class=\"wp-block-table\"><table class=\"has-fixed-layout\"><tbody><tr><th>Caracter\u00edstica<\/th><th>Camomila Romana (<em>Chamaemelum nobile<\/em>)<\/th><th>Camomila Alem\u00e3 (<em>Matricaria chamomilla<\/em>)<\/th><\/tr><tr><td>Altura M\u00e9dia<\/td><td>20-30 cm<\/td><td>40-60 cm<\/td><\/tr><tr><td>Ciclo de Vida<\/td><td>Perene<\/td><td>Anual<\/td><\/tr><tr><td>Ideal para<\/td><td>Jardins, contornos, gramados<\/td><td>Vasos, canteiros, colheita de flores<\/td><\/tr><tr><td>Uso Principal<\/td><td>Cosm\u00e9ticos, fitoterapia<\/td><td>Ch\u00e1s relaxantes<\/td><\/tr><tr><td>Facilidade de cultivo<\/td><td>M\u00e9dia<\/td><td>Alta (recomendada para iniciantes)<\/td><\/tr><\/tbody><\/table><\/figure>\n\n\n\n<iframe loading=\"lazy\" width=\"560\" height=\"315\" src=\"https:\/\/www.youtube.com\/embed\/alDS-nS34qQ?si=i0wsJ1mbElL9BQhv\" title=\"YouTube video player\" frameborder=\"0\" allow=\"accelerometer; autoplay; clipboard-write; encrypted-media; gyroscope; picture-in-picture; web-share\" referrerpolicy=\"strict-origin-when-cross-origin\" allowfullscreen><\/iframe>\n\n\n\n<h2 class=\"wp-block-heading\">Quando e como realizar a colheita da camomila<\/h2>\n\n\n\n<p>A colheita da camomila deve ser feita quando as <strong>flores estiverem totalmente abertas<\/strong>, momento em que seus compostos est\u00e3o mais concentrados. O melhor hor\u00e1rio para colher \u00e9 pela manh\u00e3, logo ap\u00f3s o orvalho evaporar, garantindo maior preserva\u00e7\u00e3o dos <strong>\u00f3leos essenciais<\/strong>.<\/p>\n\n\n\n<p>Leia tamb\u00e9m: <a href=\"https:\/\/www.correiobraziliense.com.br\/cbradar\/dicas-para-plantar-mamao-e-fazer-ele-produzir-muito\/\" target=\"_blank\" rel=\"noreferrer noopener\">Dicas para plantar mam\u00e3o e fazer ele produzir muito<\/a><\/p>\n\n\n\n<p>Colha as flores cuidadosamente para n\u00e3o danificar a planta e espalhe-as para <strong>secar<\/strong> em local ventilado e protegido do sol direto, preservando aroma e propriedades para uso em ch\u00e1s e outras prepara\u00e7\u00f5es caseiras. Se desejar, armazene as flores j\u00e1 secas em potes herm\u00e9ticos, prolongando sua durabilidade e mantendo o sabor.<\/p>\n\n\n\n<h2 class=\"wp-block-heading\">Por que cultivar camomila em casa traz benef\u00edcios \u00fanicos<\/h2>\n\n\n\n<p>Ter camomila no pr\u00f3prio jardim oferece vantagens como o <strong>acesso f\u00e1cil<\/strong> a uma fonte sem agrot\u00f3xicos, al\u00e9m de promover momentos de <strong>relaxamento<\/strong> e conex\u00e3o com a natureza. O cultivo caseiro favorece a produ\u00e7\u00e3o de <strong>flores frescas<\/strong> para consumo e ainda pode ser uma atividade terap\u00eautica.<\/p>\n\n\n\n<p>Al\u00e9m disso, cultivar camomila contribui para reduzir o <strong>estresse<\/strong>, estimular o cuidado com o <strong>meio ambiente<\/strong> e incentivar pr\u00e1ticas mais saud\u00e1veis no dia a dia, mesmo entre quem est\u00e1 come\u00e7ando na <strong>jardinagem<\/strong>. A camomila \u00e9 tamb\u00e9m conhecida por atrair <strong>polinizadores<\/strong> ben\u00e9ficos para o jardim, o que melhora a sa\u00fade de outras plantas e a biodiversidade local.<\/p>\n","protected":false},"excerpt":{"rendered":"<p>O cultivo de camomila est\u00e1 cada vez mais em destaque devido aos diversos benef\u00edcios para a sa\u00fade e o bem-estar, incluindo o uso da planta tanto em ch\u00e1s relaxantes quanto em cosm\u00e9ticos e medicamentos. Cultivar camomila em casa \u00e9 uma atividade acess\u00edvel e recompensadora, que proporciona produtos puros e org\u00e2nicos diretamente do seu pr\u00f3prio jardim, [&hellip;]<\/p>\n","protected":false},"author":9,"featured_media":102224,"comment_status":"open","ping_status":"open","sticky":false,"template":"","format":"standard","meta":{"_yoast_wpseo_focuskw":"plantio da camomila","_yoast_wpseo_title":"%%title%% %%page%%","_yoast_wpseo_metadesc":"Ter camomila em casa \u00e9 uma experi\u00eancia relaxante. Aprenda o passo a passo para cultivar essa flor e aproveitar suas propriedades.","jnews-multi-image_gallery":[],"jnews_single_post":{"format":"standard"},"jnews_primary_category":[],"jnews_social_meta":[],"jnews_override_counter":[],"footnotes":""},"categories":[136],"tags":[1360,11397],"class_list":["post-131313","post","type-post","status-publish","format-standard","has-post-thumbnail","hentry","category-jardinagem","tag-camomila","tag-plantar-camomila"],"yoast_head":"<!-- This site is optimized with the Yoast SEO plugin v24.6 - https:\/\/yoast.com\/wordpress\/plugins\/seo\/ -->\n<title>A planta delicada que acalma a mente e ainda deixa o jardim mais bonito<\/title>\n<meta name=\"description\" content=\"Ter camomila em casa \u00e9 uma experi\u00eancia relaxante. Aprenda o passo a passo para cultivar essa flor e aproveitar suas propriedades.\" \/>\n<meta name=\"robots\" content=\"index, follow, max-snippet:-1, max-image-preview:large, max-video-preview:-1\" \/>\n<link rel=\"canonical\" href=\"https:\/\/www.correiobraziliense.com.br\/cbradar\/a-planta-delicada-que-acalma-a-mente-e-ainda-deixa-o-jardim-mais-bonito\/\" \/>\n<meta property=\"og:locale\" content=\"pt_BR\" \/>\n<meta property=\"og:type\" content=\"article\" \/>\n<meta property=\"og:title\" content=\"A planta delicada que acalma a mente e ainda deixa o jardim mais bonito\" \/>\n<meta property=\"og:description\" content=\"Ter camomila em casa \u00e9 uma experi\u00eancia relaxante. Aprenda o passo a passo para cultivar essa flor e aproveitar suas propriedades.\" \/>\n<meta property=\"og:url\" content=\"https:\/\/www.correiobraziliense.com.br\/cbradar\/a-planta-delicada-que-acalma-a-mente-e-ainda-deixa-o-jardim-mais-bonito\/\" \/>\n<meta property=\"og:site_name\" content=\"Correio Braziliense - Radar\" \/>\n<meta property=\"article:published_time\" content=\"2025-11-05T13:05:39+00:00\" \/>\n<meta property=\"og:image\" content=\"https:\/\/www.correiobraziliense.com.br\/cbradar\/wp-content\/uploads\/2025\/09\/camomila_1757611408978.jpg\" \/>\n\t<meta property=\"og:image:width\" content=\"1279\" \/>\n\t<meta property=\"og:image:height\" content=\"720\" \/>\n\t<meta property=\"og:image:type\" content=\"image\/jpeg\" \/>\n<meta name=\"author\" content=\"Daniely Cardoso\" \/>\n<meta name=\"twitter:card\" content=\"summary_large_image\" \/>\n<meta name=\"twitter:label1\" content=\"Escrito por\" \/>\n\t<meta name=\"twitter:data1\" content=\"Daniely Cardoso\" \/>\n\t<meta name=\"twitter:label2\" content=\"Est. tempo de leitura\" \/>\n\t<meta name=\"twitter:data2\" content=\"4 minutos\" \/>\n<!-- \/ Yoast SEO plugin. -->","yoast_head_json":{"title":"A planta delicada que acalma a mente e ainda deixa o jardim mais bonito","description":"Ter camomila em casa \u00e9 uma experi\u00eancia relaxante. Aprenda o passo a passo para cultivar essa flor e aproveitar suas propriedades.","robots":{"index":"index","follow":"follow","max-snippet":"max-snippet:-1","max-image-preview":"max-image-preview:large","max-video-preview":"max-video-preview:-1"},"canonical":"https:\/\/www.correiobraziliense.com.br\/cbradar\/a-planta-delicada-que-acalma-a-mente-e-ainda-deixa-o-jardim-mais-bonito\/","og_locale":"pt_BR","og_type":"article","og_title":"A planta delicada que acalma a mente e ainda deixa o jardim mais bonito","og_description":"Ter camomila em casa \u00e9 uma experi\u00eancia relaxante. Aprenda o passo a passo para cultivar essa flor e aproveitar suas propriedades.","og_url":"https:\/\/www.correiobraziliense.com.br\/cbradar\/a-planta-delicada-que-acalma-a-mente-e-ainda-deixa-o-jardim-mais-bonito\/","og_site_name":"Correio Braziliense - Radar","article_published_time":"2025-11-05T13:05:39+00:00","og_image":[{"width":1279,"height":720,"url":"https:\/\/www.correiobraziliense.com.br\/cbradar\/wp-content\/uploads\/2025\/09\/camomila_1757611408978.jpg","type":"image\/jpeg"}],"author":"Daniely Cardoso","twitter_card":"summary_large_image","twitter_misc":{"Escrito por":"Daniely Cardoso","Est. tempo de leitura":"4 minutos"},"schema":{"@context":"https:\/\/schema.org","@graph":[{"@type":"WebPage","@id":"https:\/\/www.correiobraziliense.com.br\/cbradar\/a-planta-delicada-que-acalma-a-mente-e-ainda-deixa-o-jardim-mais-bonito\/","url":"https:\/\/www.correiobraziliense.com.br\/cbradar\/a-planta-delicada-que-acalma-a-mente-e-ainda-deixa-o-jardim-mais-bonito\/","name":"A planta delicada que acalma a mente e ainda deixa o jardim mais bonito","isPartOf":{"@id":"https:\/\/www.correiobraziliense.com.br\/cbradar\/#website"},"primaryImageOfPage":{"@id":"https:\/\/www.correiobraziliense.com.br\/cbradar\/a-planta-delicada-que-acalma-a-mente-e-ainda-deixa-o-jardim-mais-bonito\/#primaryimage"},"image":{"@id":"https:\/\/www.correiobraziliense.com.br\/cbradar\/a-planta-delicada-que-acalma-a-mente-e-ainda-deixa-o-jardim-mais-bonito\/#primaryimage"},"thumbnailUrl":"https:\/\/www.correiobraziliense.com.br\/cbradar\/wp-content\/uploads\/2025\/09\/camomila_1757611408978.jpg","datePublished":"2025-11-05T13:05:39+00:00","author":{"@id":"https:\/\/www.correiobraziliense.com.br\/cbradar\/#\/schema\/person\/7356666e12ec0ee53f348ee5db227032"},"description":"Ter camomila em casa \u00e9 uma experi\u00eancia relaxante. Aprenda o passo a passo para cultivar essa flor e aproveitar suas propriedades.","breadcrumb":{"@id":"https:\/\/www.correiobraziliense.com.br\/cbradar\/a-planta-delicada-que-acalma-a-mente-e-ainda-deixa-o-jardim-mais-bonito\/#breadcrumb"},"inLanguage":"pt-BR","potentialAction":[{"@type":"ReadAction","target":["https:\/\/www.correiobraziliense.com.br\/cbradar\/a-planta-delicada-que-acalma-a-mente-e-ainda-deixa-o-jardim-mais-bonito\/"]}]},{"@type":"ImageObject","inLanguage":"pt-BR","@id":"https:\/\/www.correiobraziliense.com.br\/cbradar\/a-planta-delicada-que-acalma-a-mente-e-ainda-deixa-o-jardim-mais-bonito\/#primaryimage","url":"https:\/\/www.correiobraziliense.com.br\/cbradar\/wp-content\/uploads\/2025\/09\/camomila_1757611408978.jpg","contentUrl":"https:\/\/www.correiobraziliense.com.br\/cbradar\/wp-content\/uploads\/2025\/09\/camomila_1757611408978.jpg","width":1279,"height":720,"caption":"Embora a camomila seja considerada segura para a maioria das pessoas, nem todos podem utiliz\u00e1-la sem risco - Cr\u00e9ditos: depositphotos.com \/ starush"},{"@type":"BreadcrumbList","@id":"https:\/\/www.correiobraziliense.com.br\/cbradar\/a-planta-delicada-que-acalma-a-mente-e-ainda-deixa-o-jardim-mais-bonito\/#breadcrumb","itemListElement":[{"@type":"ListItem","position":1,"name":"In\u00edcio","item":"https:\/\/www.correiobraziliense.com.br\/cbradar\/"},{"@type":"ListItem","position":2,"name":"A planta delicada que acalma a mente e ainda deixa o jardim mais bonito"}]},{"@type":"WebSite","@id":"https:\/\/www.correiobraziliense.com.br\/cbradar\/#website","url":"https:\/\/www.correiobraziliense.com.br\/cbradar\/","name":"Correio Braziliense - Radar","description":"Acompanhe as \u00faltimas not\u00edcias e fique bem informado sobre tudo o que acontece no Brasil e no mundo.","potentialAction":[{"@type":"SearchAction","target":{"@type":"EntryPoint","urlTemplate":"https:\/\/www.correiobraziliense.com.br\/cbradar\/?s={search_term_string}"},"query-input":{"@type":"PropertyValueSpecification","valueRequired":true,"valueName":"search_term_string"}}],"inLanguage":"pt-BR"},{"@type":"Person","@id":"https:\/\/www.correiobraziliense.com.br\/cbradar\/#\/schema\/person\/7356666e12ec0ee53f348ee5db227032","name":"Daniely Cardoso","image":{"@type":"ImageObject","inLanguage":"pt-BR","@id":"https:\/\/www.correiobraziliense.com.br\/cbradar\/#\/schema\/person\/image\/","url":"https:\/\/secure.gravatar.com\/avatar\/4b80ddbd124d1f071b626d52d62e5dff?s=96&d=mm&r=g","contentUrl":"https:\/\/secure.gravatar.com\/avatar\/4b80ddbd124d1f071b626d52d62e5dff?s=96&d=mm&r=g","caption":"Daniely Cardoso"},"description":"Redatora nos portais CB Radar e EM Foco, formada pela Universidade Federal de Goi\u00e1s, em Goi\u00e2nia. Apaixonada por comunica\u00e7\u00e3o, arte, decora\u00e7\u00e3o e tend\u00eancias, atuo na produ\u00e7\u00e3o de conte\u00fados envolventes sobre curiosidades, moda, beleza e paisagismo, sempre com um olhar atento \u00e0s novidades do momento.","sameAs":["https:\/\/www.correiobraziliense.com.br\/cbradar"],"url":"https:\/\/www.correiobraziliense.com.br\/cbradar\/author\/danielymyth\/"}]}},"_links":{"self":[{"href":"https:\/\/www.correiobraziliense.com.br\/cbradar\/wp-json\/wp\/v2\/posts\/131313","targetHints":{"allow":["GET"]}}],"collection":[{"href":"https:\/\/www.correiobraziliense.com.br\/cbradar\/wp-json\/wp\/v2\/posts"}],"about":[{"href":"https:\/\/www.correiobraziliense.com.br\/cbradar\/wp-json\/wp\/v2\/types\/post"}],"author":[{"embeddable":true,"href":"https:\/\/www.correiobraziliense.com.br\/cbradar\/wp-json\/wp\/v2\/users\/9"}],"replies":[{"embeddable":true,"href":"https:\/\/www.correiobraziliense.com.br\/cbradar\/wp-json\/wp\/v2\/comments?post=131313"}],"version-history":[{"count":2,"href":"https:\/\/www.correiobraziliense.com.br\/cbradar\/wp-json\/wp\/v2\/posts\/131313\/revisions"}],"predecessor-version":[{"id":131328,"href":"https:\/\/www.correiobraziliense.com.br\/cbradar\/wp-json\/wp\/v2\/posts\/131313\/revisions\/131328"}],"wp:featuredmedia":[{"embeddable":true,"href":"https:\/\/www.correiobraziliense.com.br\/cbradar\/wp-json\/wp\/v2\/media\/102224"}],"wp:attachment":[{"href":"https:\/\/www.correiobraziliense.com.br\/cbradar\/wp-json\/wp\/v2\/media?parent=131313"}],"wp:term":[{"taxonomy":"category","embeddable":true,"href":"https:\/\/www.correiobraziliense.com.br\/cbradar\/wp-json\/wp\/v2\/categories?post=131313"},{"taxonomy":"post_tag","embeddable":true,"href":"https:\/\/www.correiobraziliense.com.br\/cbradar\/wp-json\/wp\/v2\/tags?post=131313"}],"curies":[{"name":"wp","href":"https:\/\/api.w.org\/{rel}","templated":true}]}}