{"id":131452,"date":"2025-11-05T13:15:00","date_gmt":"2025-11-05T16:15:00","guid":{"rendered":"https:\/\/www.correiobraziliense.com.br\/cbradar\/?p=131452"},"modified":"2025-11-04T16:41:11","modified_gmt":"2025-11-04T19:41:11","slug":"macarrao-instantaneo-com-listeria-mata-6-e-gera-alerta-global","status":"publish","type":"post","link":"https:\/\/www.correiobraziliense.com.br\/cbradar\/macarrao-instantaneo-com-listeria-mata-6-e-gera-alerta-global\/","title":{"rendered":"Macarr\u00e3o instant\u00e2neo com Listeria mata 6 e gera alerta global"},"content":{"rendered":"\n<p>A recente trag\u00e9dia envolvendo massas instant\u00e2neas contaminadas nos <strong>Estados Unidos<\/strong> trouxe \u00e0 tona a preocupa\u00e7\u00e3o com a seguran\u00e7a alimentar. Seis pessoas perderam a vida ap\u00f3s consumir produtos infectados com a bact\u00e9ria\u00a0<em><strong>Listeria <\/strong>monocytogenes<\/em>, respons\u00e1vel por causar a listeriose, uma doen\u00e7a que pode ser fatal em certos casos. A contamina\u00e7\u00e3o ocorreu em massas produzidas pela Nate\u2019s Fine Foods Inc., empresa que rapidamente intensificou o recolhimento dos produtos ap\u00f3s a descoberta da bact\u00e9ria em suas amostras.<\/p>\n\n\n\n<p>A&nbsp;<strong>Listeria monocytogenes<\/strong>&nbsp;\u00e9 um microrganismo encontrado no solo, na \u00e1gua e em animais. Capaz de sobreviver em baixas temperaturas, pode contaminar alimentos crus, n\u00e3o pasteurizados e processados, especialmente quando armazenados inadequadamente. Essa resist\u00eancia permite que a bact\u00e9ria se multiplique mesmo em ambientes frios como geladeiras e freezers.<\/p>\n\n\n\n<h2 class=\"wp-block-heading\">Quais s\u00e3o os riscos da contamina\u00e7\u00e3o por Listeria?<\/h2>\n\n\n\n<p>A infec\u00e7\u00e3o pela&nbsp;<em>Listeria monocytogenes<\/em>&nbsp;pode ser extremamente perigosa para grupos vulner\u00e1veis, como gr\u00e1vidas, rec\u00e9m-nascidos, idosos e indiv\u00edduos com sistema imunol\u00f3gico comprometido. A doen\u00e7a se manifesta atrav\u00e9s de sintomas que podem variar de febre e diarreia a infec\u00e7\u00f5es mais graves, como meningite. A gravidade depende principalmente da sa\u00fade do hospedeiro e da quantidade de bact\u00e9ria ingerida.<\/p>\n\n\n\n<h2 class=\"wp-block-heading\">Como a seguran\u00e7a alimentar pode ser melhorada para evitar a Listeria?<\/h2>\n\n\n\n<p>Prevenir a contamina\u00e7\u00e3o por Listeria requer medidas rigorosas de higiene e controle de qualidade. Armazenar alimentos em condi\u00e7\u00f5es sanit\u00e1rias adequadas e a temperaturas corretas s\u00e3o pr\u00e1ticas fundamentais. Al\u00e9m disso, o monitoramento constante por parte das ind\u00fastrias aliment\u00edcias pode identificar rapidamente a presen\u00e7a de contaminantes, evitando surtos como o recente caso na Am\u00e9rica. O CDC e outras ag\u00eancias de sa\u00fade enfatizam a import\u00e2ncia de verificar produtos retirados de circula\u00e7\u00e3o nos freezers e geladeiras como uma precau\u00e7\u00e3o adicional.<\/p>\n\n\n<div class=\"wp-block-image\">\n<figure class=\"aligncenter size-large\"><img decoding=\"async\" width=\"1024\" height=\"576\" src=\"https:\/\/www.correiobraziliense.com.br\/cbradar\/wp-content\/uploads\/2025\/07\/macarrao_1752932639427-1024x576.jpg\" alt=\"\" class=\"wp-image-72125\" srcset=\"https:\/\/www.correiobraziliense.com.br\/cbradar\/wp-content\/uploads\/2025\/07\/macarrao_1752932639427-1024x576.jpg 1024w, https:\/\/www.correiobraziliense.com.br\/cbradar\/wp-content\/uploads\/2025\/07\/macarrao_1752932639427-300x169.jpg 300w, https:\/\/www.correiobraziliense.com.br\/cbradar\/wp-content\/uploads\/2025\/07\/macarrao_1752932639427-768x432.jpg 768w, https:\/\/www.correiobraziliense.com.br\/cbradar\/wp-content\/uploads\/2025\/07\/macarrao_1752932639427-750x422.jpg 750w, https:\/\/www.correiobraziliense.com.br\/cbradar\/wp-content\/uploads\/2025\/07\/macarrao_1752932639427-1140x641.jpg 1140w, https:\/\/www.correiobraziliense.com.br\/cbradar\/wp-content\/uploads\/2025\/07\/macarrao_1752932639427.jpg 1280w\" sizes=\"(max-width: 1024px) 100vw, 1024px\" \/><figcaption class=\"wp-element-caption\">Macarr\u00e3o &#8211; Cr\u00e9ditos: depositphotos.com \/ AntonMatyukha<\/figcaption><\/figure><\/div>\n\n\n<h2 class=\"wp-block-heading\">O que deve ser feito em caso de suspeita de alimentos contaminados?<\/h2>\n\n\n\n<p>Se alimentos contaminados forem identificados, o primeiro passo \u00e9 interromper imediatamente seu consumo. Autoridades de <a href=\"https:\/\/www.correiobraziliense.com.br\/cbradar\/entenda-como-a-pressao-alta-pode-causar-danos-cerebrais\/\" target=\"_blank\" rel=\"noreferrer noopener\">sa\u00fade <\/a>recomendam descartar ou retornar produtos suspeitos aos pontos de compra. Permanecer atento a comunicados das autoridades sanit\u00e1rias pode fornecer informa\u00e7\u00f5es cruciais sobre contamina\u00e7\u00f5es e produtos afetados. Notifica\u00e7\u00f5es regulares feitas por empresas, como a Nate\u2019s Fine Foods Inc., revelam comprometimento com a seguran\u00e7a ao divulgar investiga\u00e7\u00f5es internas e colaborar com ag\u00eancias de <a href=\"https:\/\/www.gov.br\/saude\/pt-br\" target=\"_blank\" rel=\"noreferrer noopener\">sa\u00fade <\/a>p\u00fablica.<\/p>\n\n\n\n<h2 class=\"wp-block-heading\">Qual o papel das empresas e dos consumidores na preven\u00e7\u00e3o da Listeria?<\/h2>\n\n\n\n<p>As empresas t\u00eam a responsabilidade de adotar pr\u00e1ticas rigorosas de seguran\u00e7a alimentar, garantir a qualifica\u00e7\u00e3o de seus colaboradores e manter canais de comunica\u00e7\u00e3o abertos com autoridades. Para os consumidores, a conscientiza\u00e7\u00e3o e o h\u00e1bito de checar a proced\u00eancia e condi\u00e7\u00f5es de armazenamento dos alimentos s\u00e3o pr\u00e1ticas essenciais para preven\u00e7\u00e3o. Assim, por meio de um esfor\u00e7o conjunto, \u00e9 poss\u00edvel reduzir significativamente os riscos de contamina\u00e7\u00e3o e surtos de listeriose, mantendo a sa\u00fade p\u00fablica como prioridade.<\/p>\n\n\n<a href=\"https:\/\/www.instagram.com\/dra.annaluisabf\/\" target=\"_blank\" rel=\"noopener\" style=\"text-decoration: none; color: inherit;\">\n    <span style=\"display: inline-block; border: 1px solid #ccc; border-radius: 10px; padding: 15px; max-width: 550px; font-family: sans-serif; box-shadow: 0 2px 5px rgba(0,0,0,0.1); width: 100%;\">\n\n      <!-- T\u00edtulo -->\n      <span style=\"display: block; margin: 0 0 15px 0; font-weight: bold; color: #2c3e50; text-align: center;\">\n        Entre em contato:\n      <\/span>\n\n      <!-- Linha do perfil -->\n      <span style=\"display: flex; align-items: center; gap: 15px;\">\n        <img decoding=\"async\"\n          src=\"https:\/\/www.correiobraziliense.com.br\/cbradar\/wp-content\/uploads\/2025\/08\/dra_anna_luisa.jpeg\"\n          alt=\"Foto da Dra. Anna Lu\u00edsa\"\n          style=\"border-radius: 50%; width: 80px; height: 80px; object-fit: cover;\"\n        \/>\n        <span style=\"display: flex; flex-direction: column;\">\n          <span style=\"font-size: 18px; font-weight: 700; color: #2c3e50;\">Dra. Anna Lu\u00edsa Barbosa Fernandes<\/span>\n          <span style=\"color: #555;\">CRM-GO 33.271<\/span>\n        <\/span>\n      <\/span>\n\n      <!-- Redes -->\n      <span style=\"display: flex; align-items: center; gap: 10px; margin-top: 12px;\">\n        <img decoding=\"async\" src=\"https:\/\/cdn-icons-png.flaticon.com\/24\/1384\/1384063.png\" alt=\"Instagram\" width=\"24\" height=\"24\" \/>\n        <span style=\"text-decoration: underline; color: #2c3e50;\">@dra.annaluisabf<\/span>\n      <\/span>\n\n    <\/span>\n  <\/a>\n\n\n<p><\/p>\n","protected":false},"excerpt":{"rendered":"<p>A recente trag\u00e9dia envolvendo massas instant\u00e2neas contaminadas nos Estados Unidos trouxe \u00e0 tona a preocupa\u00e7\u00e3o com a seguran\u00e7a alimentar. Seis pessoas perderam a vida ap\u00f3s consumir produtos infectados com a bact\u00e9ria\u00a0Listeria monocytogenes, respons\u00e1vel por causar a listeriose, uma doen\u00e7a que pode ser fatal em certos casos. A contamina\u00e7\u00e3o ocorreu em massas produzidas pela Nate\u2019s Fine [&hellip;]<\/p>\n","protected":false},"author":14,"featured_media":72124,"comment_status":"open","ping_status":"open","sticky":false,"template":"","format":"standard","meta":{"_yoast_wpseo_focuskw":"Listeria","_yoast_wpseo_title":"","_yoast_wpseo_metadesc":"Entenda o que \u00e9 a Listeria monocytogenes, como ela contamina alimentos e os cuidados para evitar essa bact\u00e9ria perigosa.","jnews-multi-image_gallery":[],"jnews_single_post":{"format":"standard"},"jnews_primary_category":[],"jnews_social_meta":[],"jnews_override_counter":[],"footnotes":""},"categories":[4404],"post_tag":[1423,120,1318],"class_list":["post-131452","post","type-post","status-publish","format-standard","has-post-thumbnail","hentry","category-saude","tag-alimentos","tag-bem-estar","tag-saude-2"],"yoast_head":"<!-- This site is optimized with the Yoast SEO plugin v24.6 - https:\/\/yoast.com\/wordpress\/plugins\/seo\/ -->\n<title>Macarr\u00e3o instant\u00e2neo com Listeria mata 6 e gera alerta global - Correio Braziliense - Radar<\/title>\n<meta name=\"description\" content=\"Entenda o que \u00e9 a Listeria monocytogenes, como ela contamina alimentos e os cuidados para evitar essa bact\u00e9ria perigosa.\" \/>\n<meta name=\"robots\" content=\"index, follow, max-snippet:-1, max-image-preview:large, max-video-preview:-1\" \/>\n<link rel=\"canonical\" href=\"https:\/\/www.correiobraziliense.com.br\/cbradar\/macarrao-instantaneo-com-listeria-mata-6-e-gera-alerta-global\/\" \/>\n<meta property=\"og:locale\" content=\"pt_BR\" \/>\n<meta property=\"og:type\" content=\"article\" \/>\n<meta property=\"og:title\" content=\"Macarr\u00e3o instant\u00e2neo com Listeria mata 6 e gera alerta global - Correio Braziliense - Radar\" \/>\n<meta property=\"og:description\" content=\"Entenda o que \u00e9 a Listeria monocytogenes, como ela contamina alimentos e os cuidados para evitar essa bact\u00e9ria perigosa.\" \/>\n<meta property=\"og:url\" content=\"https:\/\/www.correiobraziliense.com.br\/cbradar\/macarrao-instantaneo-com-listeria-mata-6-e-gera-alerta-global\/\" \/>\n<meta property=\"og:site_name\" content=\"Correio Braziliense - Radar\" \/>\n<meta property=\"article:published_time\" content=\"2025-11-05T16:15:00+00:00\" \/>\n<meta property=\"og:image\" content=\"https:\/\/www.correiobraziliense.com.br\/cbradar\/wp-content\/uploads\/2025\/07\/macarrao_1752932571444.jpg\" \/>\n\t<meta property=\"og:image:width\" content=\"1280\" \/>\n\t<meta property=\"og:image:height\" content=\"720\" \/>\n\t<meta property=\"og:image:type\" content=\"image\/jpeg\" \/>\n<meta name=\"author\" content=\"guilherme_saude\" \/>\n<meta name=\"twitter:card\" content=\"summary_large_image\" \/>\n<meta name=\"twitter:label1\" content=\"Escrito por\" \/>\n\t<meta name=\"twitter:data1\" content=\"guilherme_saude\" \/>\n\t<meta name=\"twitter:label2\" content=\"Est. tempo de leitura\" \/>\n\t<meta name=\"twitter:data2\" content=\"4 minutos\" \/>\n<!-- \/ Yoast SEO plugin. -->","yoast_head_json":{"title":"Macarr\u00e3o instant\u00e2neo com Listeria mata 6 e gera alerta global - Correio Braziliense - Radar","description":"Entenda o que \u00e9 a Listeria monocytogenes, como ela contamina alimentos e os cuidados para evitar essa bact\u00e9ria perigosa.","robots":{"index":"index","follow":"follow","max-snippet":"max-snippet:-1","max-image-preview":"max-image-preview:large","max-video-preview":"max-video-preview:-1"},"canonical":"https:\/\/www.correiobraziliense.com.br\/cbradar\/macarrao-instantaneo-com-listeria-mata-6-e-gera-alerta-global\/","og_locale":"pt_BR","og_type":"article","og_title":"Macarr\u00e3o instant\u00e2neo com Listeria mata 6 e gera alerta global - Correio Braziliense - Radar","og_description":"Entenda o que \u00e9 a Listeria monocytogenes, como ela contamina alimentos e os cuidados para evitar essa bact\u00e9ria perigosa.","og_url":"https:\/\/www.correiobraziliense.com.br\/cbradar\/macarrao-instantaneo-com-listeria-mata-6-e-gera-alerta-global\/","og_site_name":"Correio Braziliense - Radar","article_published_time":"2025-11-05T16:15:00+00:00","og_image":[{"width":1280,"height":720,"url":"https:\/\/www.correiobraziliense.com.br\/cbradar\/wp-content\/uploads\/2025\/07\/macarrao_1752932571444.jpg","type":"image\/jpeg"}],"author":"guilherme_saude","twitter_card":"summary_large_image","twitter_misc":{"Escrito por":"guilherme_saude","Est. tempo de leitura":"4 minutos"},"schema":{"@context":"https:\/\/schema.org","@graph":[{"@type":"WebPage","@id":"https:\/\/www.correiobraziliense.com.br\/cbradar\/macarrao-instantaneo-com-listeria-mata-6-e-gera-alerta-global\/","url":"https:\/\/www.correiobraziliense.com.br\/cbradar\/macarrao-instantaneo-com-listeria-mata-6-e-gera-alerta-global\/","name":"Macarr\u00e3o instant\u00e2neo com Listeria mata 6 e gera alerta global - Correio Braziliense - Radar","isPartOf":{"@id":"https:\/\/www.correiobraziliense.com.br\/cbradar\/#website"},"primaryImageOfPage":{"@id":"https:\/\/www.correiobraziliense.com.br\/cbradar\/macarrao-instantaneo-com-listeria-mata-6-e-gera-alerta-global\/#primaryimage"},"image":{"@id":"https:\/\/www.correiobraziliense.com.br\/cbradar\/macarrao-instantaneo-com-listeria-mata-6-e-gera-alerta-global\/#primaryimage"},"thumbnailUrl":"https:\/\/www.correiobraziliense.com.br\/cbradar\/wp-content\/uploads\/2025\/07\/macarrao_1752932571444.jpg","datePublished":"2025-11-05T16:15:00+00:00","author":{"@id":"https:\/\/www.correiobraziliense.com.br\/cbradar\/#\/schema\/person\/5aa4bf3c8fa699c267933611de12978b"},"description":"Entenda o que \u00e9 a Listeria monocytogenes, como ela contamina alimentos e os cuidados para evitar essa bact\u00e9ria perigosa.","breadcrumb":{"@id":"https:\/\/www.correiobraziliense.com.br\/cbradar\/macarrao-instantaneo-com-listeria-mata-6-e-gera-alerta-global\/#breadcrumb"},"inLanguage":"pt-BR","potentialAction":[{"@type":"ReadAction","target":["https:\/\/www.correiobraziliense.com.br\/cbradar\/macarrao-instantaneo-com-listeria-mata-6-e-gera-alerta-global\/"]}]},{"@type":"ImageObject","inLanguage":"pt-BR","@id":"https:\/\/www.correiobraziliense.com.br\/cbradar\/macarrao-instantaneo-com-listeria-mata-6-e-gera-alerta-global\/#primaryimage","url":"https:\/\/www.correiobraziliense.com.br\/cbradar\/wp-content\/uploads\/2025\/07\/macarrao_1752932571444.jpg","contentUrl":"https:\/\/www.correiobraziliense.com.br\/cbradar\/wp-content\/uploads\/2025\/07\/macarrao_1752932571444.jpg","width":1280,"height":720,"caption":"Macarr\u00e3o - Cr\u00e9ditos: depositphotos.com \/ VitalikRadko"},{"@type":"BreadcrumbList","@id":"https:\/\/www.correiobraziliense.com.br\/cbradar\/macarrao-instantaneo-com-listeria-mata-6-e-gera-alerta-global\/#breadcrumb","itemListElement":[{"@type":"ListItem","position":1,"name":"In\u00edcio","item":"https:\/\/www.correiobraziliense.com.br\/cbradar\/"},{"@type":"ListItem","position":2,"name":"Macarr\u00e3o instant\u00e2neo com Listeria mata 6 e gera alerta global"}]},{"@type":"WebSite","@id":"https:\/\/www.correiobraziliense.com.br\/cbradar\/#website","url":"https:\/\/www.correiobraziliense.com.br\/cbradar\/","name":"Correio Braziliense - Radar","description":"Acompanhe as \u00faltimas not\u00edcias e fique bem informado sobre tudo o que acontece no Brasil e no mundo.","potentialAction":[{"@type":"SearchAction","target":{"@type":"EntryPoint","urlTemplate":"https:\/\/www.correiobraziliense.com.br\/cbradar\/?s={search_term_string}"},"query-input":{"@type":"PropertyValueSpecification","valueRequired":true,"valueName":"search_term_string"}}],"inLanguage":"pt-BR"},{"@type":"Person","@id":"https:\/\/www.correiobraziliense.com.br\/cbradar\/#\/schema\/person\/5aa4bf3c8fa699c267933611de12978b","name":"guilherme_saude","image":{"@type":"ImageObject","inLanguage":"pt-BR","@id":"https:\/\/www.correiobraziliense.com.br\/cbradar\/#\/schema\/person\/image\/","url":"https:\/\/secure.gravatar.com\/avatar\/df9adfb835d344bc0af109d41756253f?s=96&d=mm&r=g","contentUrl":"https:\/\/secure.gravatar.com\/avatar\/df9adfb835d344bc0af109d41756253f?s=96&d=mm&r=g","caption":"guilherme_saude"},"url":"https:\/\/www.correiobraziliense.com.br\/cbradar\/author\/guilherme_saude\/"}]}},"_links":{"self":[{"href":"https:\/\/www.correiobraziliense.com.br\/cbradar\/wp-json\/wp\/v2\/posts\/131452","targetHints":{"allow":["GET"]}}],"collection":[{"href":"https:\/\/www.correiobraziliense.com.br\/cbradar\/wp-json\/wp\/v2\/posts"}],"about":[{"href":"https:\/\/www.correiobraziliense.com.br\/cbradar\/wp-json\/wp\/v2\/types\/post"}],"author":[{"embeddable":true,"href":"https:\/\/www.correiobraziliense.com.br\/cbradar\/wp-json\/wp\/v2\/users\/14"}],"replies":[{"embeddable":true,"href":"https:\/\/www.correiobraziliense.com.br\/cbradar\/wp-json\/wp\/v2\/comments?post=131452"}],"version-history":[{"count":1,"href":"https:\/\/www.correiobraziliense.com.br\/cbradar\/wp-json\/wp\/v2\/posts\/131452\/revisions"}],"predecessor-version":[{"id":131453,"href":"https:\/\/www.correiobraziliense.com.br\/cbradar\/wp-json\/wp\/v2\/posts\/131452\/revisions\/131453"}],"wp:featuredmedia":[{"embeddable":true,"href":"https:\/\/www.correiobraziliense.com.br\/cbradar\/wp-json\/wp\/v2\/media\/72124"}],"wp:attachment":[{"href":"https:\/\/www.correiobraziliense.com.br\/cbradar\/wp-json\/wp\/v2\/media?parent=131452"}],"wp:term":[{"taxonomy":"category","embeddable":true,"href":"https:\/\/www.correiobraziliense.com.br\/cbradar\/wp-json\/wp\/v2\/categories?post=131452"},{"taxonomy":"post_tag","embeddable":true,"href":"https:\/\/www.correiobraziliense.com.br\/cbradar\/wp-json\/wp\/v2\/post_tag?post=131452"}],"curies":[{"name":"wp","href":"https:\/\/api.w.org\/{rel}","templated":true}]}}