{"id":131455,"date":"2025-11-05T15:55:00","date_gmt":"2025-11-05T18:55:00","guid":{"rendered":"https:\/\/www.correiobraziliense.com.br\/cbradar\/?p=131455"},"modified":"2025-11-04T16:43:48","modified_gmt":"2025-11-04T19:43:48","slug":"esta-erva-ajuda-nos-rins-articulacoes-e-ate-a-imunidade","status":"publish","type":"post","link":"https:\/\/www.correiobraziliense.com.br\/cbradar\/esta-erva-ajuda-nos-rins-articulacoes-e-ate-a-imunidade\/","title":{"rendered":"Esta erva ajuda nos rins, articula\u00e7\u00f5es e at\u00e9 a imunidade"},"content":{"rendered":"\n<p>A <strong>Urtiga<\/strong>, ou\u00a0<em>Urtica dioica<\/em>, tem sido amplamente reconhecida pelos seus not\u00e1veis benef\u00edcios medicinais, apesar de sua natureza irritante ao toque. Aplicada de forma correta, a planta perde essa caracter\u00edstica negativa, tornando-se uma op\u00e7\u00e3o valiosa para sa\u00fade em geral. Conhecida por sua riqueza em compostos bioativos, a Urtiga apresenta propriedades\u00a0<strong>anti-inflamat\u00f3rias<\/strong>\u00a0e\u00a0<strong>antioxidantes<\/strong>\u00a0que t\u00eam despertado o interesse tanto da comunidade cient\u00edfica quanto da popula\u00e7\u00e3o em geral.<\/p>\n\n\n\n<p>Reconhecida por conter vitaminas e minerais essenciais, como as vitaminas A, C, K, B1, al\u00e9m de ferro, c\u00e1lcio, magn\u00e9sio, e pot\u00e1ssio, a Urtiga tamb\u00e9m \u00e9 fonte de flavonoides e \u00e1cidos fen\u00f3licos. Esses componentes s\u00e3o fundamentais para a prote\u00e7\u00e3o das c\u00e9lulas do corpo contra o estresse oxidativo e a redu\u00e7\u00e3o de processos inflamat\u00f3rios. Tais caracter\u00edsticas tornam a planta um recurso vers\u00e1til que pode ser incorporado em diferentes formas \u00e0 dieta, desde ch\u00e1s at\u00e9 suplementos encapsulados.<\/p>\n\n\n\n<h2 class=\"wp-block-heading\">Quais s\u00e3o os principais benef\u00edcios da Urtiga para a sa\u00fade?<\/h2>\n\n\n\n<p>Um dos not\u00e1veis benef\u00edcios da Urtiga est\u00e1 no al\u00edvio de\u00a0<strong>dores articulares<\/strong>\u00a0associadas a condi\u00e7\u00f5es como artrite, artrose e reumatismo. Estudos demonstram que o consumo regular do ch\u00e1 de Urtiga pode reduzir a rigidez e o desconforto nas articula\u00e7\u00f5es gra\u00e7as \u00e0s suas propriedades anti-inflamat\u00f3rias e antioxidantes, que diminuem a produ\u00e7\u00e3o de citocinas inflamat\u00f3rias.<\/p>\n\n\n\n<h2 class=\"wp-block-heading\">A Urtiga pode ajudar na sa\u00fade renal?<\/h2>\n\n\n\n<p>A <a href=\"https:\/\/www.gov.br\/saude\/pt-br\" target=\"_blank\" rel=\"noreferrer noopener\">sa\u00fade <\/a>renal \u00e9 outra \u00e1rea onde a Urtiga mostra suas vantagens. Por ser um\u00a0<strong>diur\u00e9tico natural<\/strong>, a planta ajuda a eliminar l\u00edquidos e toxinas atrav\u00e9s da urina, atuando na preven\u00e7\u00e3o de infec\u00e7\u00f5es urin\u00e1rias. Al\u00e9m disso, seus antioxidantes protegem o tecido renal de danos oxidativos, promovendo o funcionamento eficiente dos rins.<\/p>\n\n\n\n<h2 class=\"wp-block-heading\">Existem outros benef\u00edcios potenciais da Urtiga?<\/h2>\n\n\n\n<p>Al\u00e9m dos efeitos anti-inflamat\u00f3rios e diur\u00e9ticos, a Urtiga pode contribuir para o\u00a0<strong>controle da press\u00e3o arterial<\/strong>\u00a0e a\u00a0<strong>regula\u00e7\u00e3o da glicemia<\/strong>. Ao estimular a produ\u00e7\u00e3o de insulina e reduzir a absor\u00e7\u00e3o de glicose, a planta auxilia na manuten\u00e7\u00e3o de n\u00edveis glic\u00eamicos saud\u00e1veis. Outros benef\u00edcios incluem a melhoria da <a href=\"https:\/\/www.gov.br\/saude\/pt-br\" target=\"_blank\" rel=\"noreferrer noopener\">sa\u00fade <\/a>da pr\u00f3stata, o equil\u00edbrio hormonal, o fortalecimento do sistema imunol\u00f3gico, al\u00e9m do al\u00edvio de c\u00f3licas menstruais e sintomas al\u00e9rgicos.<\/p>\n\n\n<div class=\"wp-block-image\">\n<figure class=\"aligncenter size-large\"><img decoding=\"async\" width=\"1024\" height=\"576\" src=\"https:\/\/www.correiobraziliense.com.br\/cbradar\/wp-content\/uploads\/2025\/08\/Urtiga_1755278555764-1024x576.jpg\" alt=\"\" class=\"wp-image-87124\" srcset=\"https:\/\/www.correiobraziliense.com.br\/cbradar\/wp-content\/uploads\/2025\/08\/Urtiga_1755278555764-1024x576.jpg 1024w, https:\/\/www.correiobraziliense.com.br\/cbradar\/wp-content\/uploads\/2025\/08\/Urtiga_1755278555764-300x169.jpg 300w, https:\/\/www.correiobraziliense.com.br\/cbradar\/wp-content\/uploads\/2025\/08\/Urtiga_1755278555764-768x432.jpg 768w, https:\/\/www.correiobraziliense.com.br\/cbradar\/wp-content\/uploads\/2025\/08\/Urtiga_1755278555764-750x422.jpg 750w, https:\/\/www.correiobraziliense.com.br\/cbradar\/wp-content\/uploads\/2025\/08\/Urtiga_1755278555764-1140x641.jpg 1140w, https:\/\/www.correiobraziliense.com.br\/cbradar\/wp-content\/uploads\/2025\/08\/Urtiga_1755278555764.jpg 1280w\" sizes=\"(max-width: 1024px) 100vw, 1024px\" \/><figcaption class=\"wp-element-caption\">Urtiga &#8211; Cr\u00e9ditos: depositphotos.com \/ AntonMatyukha<\/figcaption><\/figure><\/div>\n\n\n<h2 class=\"wp-block-heading\">Quais s\u00e3o as formas de consumir Urtiga?<\/h2>\n\n\n\n<p>O uso da Urtiga na alimenta\u00e7\u00e3o pode ser feito atrav\u00e9s de infus\u00f5es, onde uma colher de sopa de folhas secas da planta \u00e9 adicionada a 250ml de \u00e1gua fervente e deixada em infus\u00e3o por cerca de dez minutos. Ap\u00f3s coar, recomenda-se consumir de uma a duas x\u00edcaras por dia, sempre com acompanhamento profissional. As folhas tamb\u00e9m podem ser cozidas em sopas ou refogadas similar ao espinafre. A planta ainda est\u00e1 dispon\u00edvel na forma de c\u00e1psulas, extratos, cremes t\u00f3picos e tinturas naturais.<\/p>\n\n\n\n<h2 class=\"wp-block-heading\">H\u00e1 algum cuidado necess\u00e1rio ao consumir Urtiga?<\/h2>\n\n\n\n<p>Embora a Urtiga seja geralmente segura, certos grupos devem evit\u00e1-la ou consumi-la com precau\u00e7\u00e3o. Gestantes, lactantes, pessoas com press\u00e3o baixa ou problemas renais severos devem evitar o uso da planta. \u00c9 essencial tamb\u00e9m ter cuidado ao combin\u00e1-la com medicamentos diur\u00e9ticos, anticoagulantes, ou destinados ao tratamento da diabetes e hipertens\u00e3o, pois ela pode potenciar seus efeitos. O uso deve ser sempre orientado por um profissional de sa\u00fade, garantindo um consumo seguro e eficaz.<\/p>\n\n\n<a href=\"https:\/\/www.instagram.com\/dra.annaluisabf\/\" target=\"_blank\" rel=\"noopener\" style=\"text-decoration: none; color: inherit;\">\n    <span style=\"display: inline-block; border: 1px solid #ccc; border-radius: 10px; padding: 15px; max-width: 550px; font-family: sans-serif; box-shadow: 0 2px 5px rgba(0,0,0,0.1); width: 100%;\">\n\n      <!-- T\u00edtulo -->\n      <span style=\"display: block; margin: 0 0 15px 0; font-weight: bold; color: #2c3e50; text-align: center;\">\n        Entre em contato:\n      <\/span>\n\n      <!-- Linha do perfil -->\n      <span style=\"display: flex; align-items: center; gap: 15px;\">\n        <img decoding=\"async\"\n          src=\"https:\/\/www.correiobraziliense.com.br\/cbradar\/wp-content\/uploads\/2025\/08\/dra_anna_luisa.jpeg\"\n          alt=\"Foto da Dra. Anna Lu\u00edsa\"\n          style=\"border-radius: 50%; width: 80px; height: 80px; object-fit: cover;\"\n        \/>\n        <span style=\"display: flex; flex-direction: column;\">\n          <span style=\"font-size: 18px; font-weight: 700; color: #2c3e50;\">Dra. Anna Lu\u00edsa Barbosa Fernandes<\/span>\n          <span style=\"color: #555;\">CRM-GO 33.271<\/span>\n        <\/span>\n      <\/span>\n\n      <!-- Redes -->\n      <span style=\"display: flex; align-items: center; gap: 10px; margin-top: 12px;\">\n        <img decoding=\"async\" src=\"https:\/\/cdn-icons-png.flaticon.com\/24\/1384\/1384063.png\" alt=\"Instagram\" width=\"24\" height=\"24\" \/>\n        <span style=\"text-decoration: underline; color: #2c3e50;\">@dra.annaluisabf<\/span>\n      <\/span>\n\n    <\/span>\n  <\/a>","protected":false},"excerpt":{"rendered":"<p>A Urtiga, ou\u00a0Urtica dioica, tem sido amplamente reconhecida pelos seus not\u00e1veis benef\u00edcios medicinais, apesar de sua natureza irritante ao toque. Aplicada de forma correta, a planta perde essa caracter\u00edstica negativa, tornando-se uma op\u00e7\u00e3o valiosa para sa\u00fade em geral. Conhecida por sua riqueza em compostos bioativos, a Urtiga apresenta propriedades\u00a0anti-inflamat\u00f3rias\u00a0e\u00a0antioxidantes\u00a0que t\u00eam despertado o interesse tanto da [&hellip;]<\/p>\n","protected":false},"author":14,"featured_media":87123,"comment_status":"open","ping_status":"open","sticky":false,"template":"","format":"standard","meta":{"_yoast_wpseo_focuskw":"Urtiga","_yoast_wpseo_title":"","_yoast_wpseo_metadesc":"A urtiga alivia dores, combate inflama\u00e7\u00f5es e ajuda na sa\u00fade renal. Saiba como usar o ch\u00e1 e os cuidados ao incluir na rotina.","jnews-multi-image_gallery":[],"jnews_single_post":{"format":"standard"},"jnews_primary_category":[],"jnews_social_meta":[],"jnews_override_counter":[],"footnotes":""},"categories":[4404],"post_tag":[281,1423,120,1318],"class_list":["post-131455","post","type-post","status-publish","format-standard","has-post-thumbnail","hentry","category-saude","tag-alimentacao","tag-alimentos","tag-bem-estar","tag-saude-2"],"yoast_head":"<!-- This site is optimized with the Yoast SEO plugin v24.6 - https:\/\/yoast.com\/wordpress\/plugins\/seo\/ -->\n<title>Esta erva ajuda nos rins, articula\u00e7\u00f5es e at\u00e9 a imunidade - Correio Braziliense - Radar<\/title>\n<meta name=\"description\" content=\"A urtiga alivia dores, combate inflama\u00e7\u00f5es e ajuda na sa\u00fade renal. Saiba como usar o ch\u00e1 e os cuidados ao incluir na rotina.\" \/>\n<meta name=\"robots\" content=\"index, follow, max-snippet:-1, max-image-preview:large, max-video-preview:-1\" \/>\n<link rel=\"canonical\" href=\"https:\/\/www.correiobraziliense.com.br\/cbradar\/esta-erva-ajuda-nos-rins-articulacoes-e-ate-a-imunidade\/\" \/>\n<meta property=\"og:locale\" content=\"pt_BR\" \/>\n<meta property=\"og:type\" content=\"article\" \/>\n<meta property=\"og:title\" content=\"Esta erva ajuda nos rins, articula\u00e7\u00f5es e at\u00e9 a imunidade - Correio Braziliense - Radar\" \/>\n<meta property=\"og:description\" content=\"A urtiga alivia dores, combate inflama\u00e7\u00f5es e ajuda na sa\u00fade renal. Saiba como usar o ch\u00e1 e os cuidados ao incluir na rotina.\" \/>\n<meta property=\"og:url\" content=\"https:\/\/www.correiobraziliense.com.br\/cbradar\/esta-erva-ajuda-nos-rins-articulacoes-e-ate-a-imunidade\/\" \/>\n<meta property=\"og:site_name\" content=\"Correio Braziliense - Radar\" \/>\n<meta property=\"article:published_time\" content=\"2025-11-05T18:55:00+00:00\" \/>\n<meta property=\"og:image\" content=\"https:\/\/www.correiobraziliense.com.br\/cbradar\/wp-content\/uploads\/2025\/08\/Urtiga_1755278524565.jpg\" \/>\n\t<meta property=\"og:image:width\" content=\"1280\" \/>\n\t<meta property=\"og:image:height\" content=\"720\" \/>\n\t<meta property=\"og:image:type\" content=\"image\/jpeg\" \/>\n<meta name=\"author\" content=\"guilherme_saude\" \/>\n<meta name=\"twitter:card\" content=\"summary_large_image\" \/>\n<meta name=\"twitter:label1\" content=\"Escrito por\" \/>\n\t<meta name=\"twitter:data1\" content=\"guilherme_saude\" \/>\n\t<meta name=\"twitter:label2\" content=\"Est. tempo de leitura\" \/>\n\t<meta name=\"twitter:data2\" content=\"4 minutos\" \/>\n<!-- \/ Yoast SEO plugin. -->","yoast_head_json":{"title":"Esta erva ajuda nos rins, articula\u00e7\u00f5es e at\u00e9 a imunidade - Correio Braziliense - Radar","description":"A urtiga alivia dores, combate inflama\u00e7\u00f5es e ajuda na sa\u00fade renal. Saiba como usar o ch\u00e1 e os cuidados ao incluir na rotina.","robots":{"index":"index","follow":"follow","max-snippet":"max-snippet:-1","max-image-preview":"max-image-preview:large","max-video-preview":"max-video-preview:-1"},"canonical":"https:\/\/www.correiobraziliense.com.br\/cbradar\/esta-erva-ajuda-nos-rins-articulacoes-e-ate-a-imunidade\/","og_locale":"pt_BR","og_type":"article","og_title":"Esta erva ajuda nos rins, articula\u00e7\u00f5es e at\u00e9 a imunidade - Correio Braziliense - Radar","og_description":"A urtiga alivia dores, combate inflama\u00e7\u00f5es e ajuda na sa\u00fade renal. Saiba como usar o ch\u00e1 e os cuidados ao incluir na rotina.","og_url":"https:\/\/www.correiobraziliense.com.br\/cbradar\/esta-erva-ajuda-nos-rins-articulacoes-e-ate-a-imunidade\/","og_site_name":"Correio Braziliense - Radar","article_published_time":"2025-11-05T18:55:00+00:00","og_image":[{"width":1280,"height":720,"url":"https:\/\/www.correiobraziliense.com.br\/cbradar\/wp-content\/uploads\/2025\/08\/Urtiga_1755278524565.jpg","type":"image\/jpeg"}],"author":"guilherme_saude","twitter_card":"summary_large_image","twitter_misc":{"Escrito por":"guilherme_saude","Est. tempo de leitura":"4 minutos"},"schema":{"@context":"https:\/\/schema.org","@graph":[{"@type":"WebPage","@id":"https:\/\/www.correiobraziliense.com.br\/cbradar\/esta-erva-ajuda-nos-rins-articulacoes-e-ate-a-imunidade\/","url":"https:\/\/www.correiobraziliense.com.br\/cbradar\/esta-erva-ajuda-nos-rins-articulacoes-e-ate-a-imunidade\/","name":"Esta erva ajuda nos rins, articula\u00e7\u00f5es e at\u00e9 a imunidade - Correio Braziliense - Radar","isPartOf":{"@id":"https:\/\/www.correiobraziliense.com.br\/cbradar\/#website"},"primaryImageOfPage":{"@id":"https:\/\/www.correiobraziliense.com.br\/cbradar\/esta-erva-ajuda-nos-rins-articulacoes-e-ate-a-imunidade\/#primaryimage"},"image":{"@id":"https:\/\/www.correiobraziliense.com.br\/cbradar\/esta-erva-ajuda-nos-rins-articulacoes-e-ate-a-imunidade\/#primaryimage"},"thumbnailUrl":"https:\/\/www.correiobraziliense.com.br\/cbradar\/wp-content\/uploads\/2025\/08\/Urtiga_1755278524565.jpg","datePublished":"2025-11-05T18:55:00+00:00","author":{"@id":"https:\/\/www.correiobraziliense.com.br\/cbradar\/#\/schema\/person\/5aa4bf3c8fa699c267933611de12978b"},"description":"A urtiga alivia dores, combate inflama\u00e7\u00f5es e ajuda na sa\u00fade renal. Saiba como usar o ch\u00e1 e os cuidados ao incluir na rotina.","breadcrumb":{"@id":"https:\/\/www.correiobraziliense.com.br\/cbradar\/esta-erva-ajuda-nos-rins-articulacoes-e-ate-a-imunidade\/#breadcrumb"},"inLanguage":"pt-BR","potentialAction":[{"@type":"ReadAction","target":["https:\/\/www.correiobraziliense.com.br\/cbradar\/esta-erva-ajuda-nos-rins-articulacoes-e-ate-a-imunidade\/"]}]},{"@type":"ImageObject","inLanguage":"pt-BR","@id":"https:\/\/www.correiobraziliense.com.br\/cbradar\/esta-erva-ajuda-nos-rins-articulacoes-e-ate-a-imunidade\/#primaryimage","url":"https:\/\/www.correiobraziliense.com.br\/cbradar\/wp-content\/uploads\/2025\/08\/Urtiga_1755278524565.jpg","contentUrl":"https:\/\/www.correiobraziliense.com.br\/cbradar\/wp-content\/uploads\/2025\/08\/Urtiga_1755278524565.jpg","width":1280,"height":720,"caption":"Urtiga - Cr\u00e9ditos: depositphotos.com \/ KostyaKlimenko"},{"@type":"BreadcrumbList","@id":"https:\/\/www.correiobraziliense.com.br\/cbradar\/esta-erva-ajuda-nos-rins-articulacoes-e-ate-a-imunidade\/#breadcrumb","itemListElement":[{"@type":"ListItem","position":1,"name":"In\u00edcio","item":"https:\/\/www.correiobraziliense.com.br\/cbradar\/"},{"@type":"ListItem","position":2,"name":"Esta erva ajuda nos rins, articula\u00e7\u00f5es e at\u00e9 a imunidade"}]},{"@type":"WebSite","@id":"https:\/\/www.correiobraziliense.com.br\/cbradar\/#website","url":"https:\/\/www.correiobraziliense.com.br\/cbradar\/","name":"Correio Braziliense - Radar","description":"Acompanhe as \u00faltimas not\u00edcias e fique bem informado sobre tudo o que acontece no Brasil e no mundo.","potentialAction":[{"@type":"SearchAction","target":{"@type":"EntryPoint","urlTemplate":"https:\/\/www.correiobraziliense.com.br\/cbradar\/?s={search_term_string}"},"query-input":{"@type":"PropertyValueSpecification","valueRequired":true,"valueName":"search_term_string"}}],"inLanguage":"pt-BR"},{"@type":"Person","@id":"https:\/\/www.correiobraziliense.com.br\/cbradar\/#\/schema\/person\/5aa4bf3c8fa699c267933611de12978b","name":"guilherme_saude","image":{"@type":"ImageObject","inLanguage":"pt-BR","@id":"https:\/\/www.correiobraziliense.com.br\/cbradar\/#\/schema\/person\/image\/","url":"https:\/\/secure.gravatar.com\/avatar\/df9adfb835d344bc0af109d41756253f?s=96&d=mm&r=g","contentUrl":"https:\/\/secure.gravatar.com\/avatar\/df9adfb835d344bc0af109d41756253f?s=96&d=mm&r=g","caption":"guilherme_saude"},"url":"https:\/\/www.correiobraziliense.com.br\/cbradar\/author\/guilherme_saude\/"}]}},"_links":{"self":[{"href":"https:\/\/www.correiobraziliense.com.br\/cbradar\/wp-json\/wp\/v2\/posts\/131455","targetHints":{"allow":["GET"]}}],"collection":[{"href":"https:\/\/www.correiobraziliense.com.br\/cbradar\/wp-json\/wp\/v2\/posts"}],"about":[{"href":"https:\/\/www.correiobraziliense.com.br\/cbradar\/wp-json\/wp\/v2\/types\/post"}],"author":[{"embeddable":true,"href":"https:\/\/www.correiobraziliense.com.br\/cbradar\/wp-json\/wp\/v2\/users\/14"}],"replies":[{"embeddable":true,"href":"https:\/\/www.correiobraziliense.com.br\/cbradar\/wp-json\/wp\/v2\/comments?post=131455"}],"version-history":[{"count":1,"href":"https:\/\/www.correiobraziliense.com.br\/cbradar\/wp-json\/wp\/v2\/posts\/131455\/revisions"}],"predecessor-version":[{"id":131456,"href":"https:\/\/www.correiobraziliense.com.br\/cbradar\/wp-json\/wp\/v2\/posts\/131455\/revisions\/131456"}],"wp:featuredmedia":[{"embeddable":true,"href":"https:\/\/www.correiobraziliense.com.br\/cbradar\/wp-json\/wp\/v2\/media\/87123"}],"wp:attachment":[{"href":"https:\/\/www.correiobraziliense.com.br\/cbradar\/wp-json\/wp\/v2\/media?parent=131455"}],"wp:term":[{"taxonomy":"category","embeddable":true,"href":"https:\/\/www.correiobraziliense.com.br\/cbradar\/wp-json\/wp\/v2\/categories?post=131455"},{"taxonomy":"post_tag","embeddable":true,"href":"https:\/\/www.correiobraziliense.com.br\/cbradar\/wp-json\/wp\/v2\/post_tag?post=131455"}],"curies":[{"name":"wp","href":"https:\/\/api.w.org\/{rel}","templated":true}]}}