{"id":131463,"date":"2025-11-05T18:25:00","date_gmt":"2025-11-05T21:25:00","guid":{"rendered":"https:\/\/www.correiobraziliense.com.br\/cbradar\/?p=131463"},"modified":"2025-11-04T16:50:07","modified_gmt":"2025-11-04T19:50:07","slug":"quando-e-normal-e-quando-se-preocupar-com-a-dor-nos-seios","status":"publish","type":"post","link":"https:\/\/www.correiobraziliense.com.br\/cbradar\/quando-e-normal-e-quando-se-preocupar-com-a-dor-nos-seios\/","title":{"rendered":"Quando \u00e9 normal e quando se preocupar com a Dor nos Seios"},"content":{"rendered":"\n<p>A <strong>Dor nos Seios<\/strong> \u00e9 uma condi\u00e7\u00e3o comum entre as mulheres e pode ser causada por uma variedade de fatores. Na maioria das vezes, as dores est\u00e3o relacionadas a altera\u00e7\u00f5es hormonais, especialmente durante a tens\u00e3o pr\u00e9-menstrual (TPM), menstrua\u00e7\u00e3o ou menopausa. Essas altera\u00e7\u00f5es s\u00e3o naturais do ciclo reprodutivo feminino e costumam n\u00e3o ser motivo de preocupa\u00e7\u00e3o. No entanto, \u00e9 importante estar atenta para identificar quando a dor pode sinalizar algo mais s\u00e9rio.<\/p>\n\n\n\n<p>Entre as causas mais frequentes de Dor nos Seios est\u00e3o cistos mam\u00e1rios, mastite e, em casos mais raros, c\u00e2ncer de mama. Cistos mam\u00e1rios s\u00e3o bolsas cheias de l\u00edquido que se formam no tecido mam\u00e1rio e podem causar dor ou desconforto. J\u00e1 a mastite, uma infec\u00e7\u00e3o que ocorre principalmente durante a amamenta\u00e7\u00e3o, provoca dor intensa, incha\u00e7o e vermelhid\u00e3o. O c\u00e2ncer de mama \u00e9 uma preocupa\u00e7\u00e3o maior, mas dores nos seios raramente s\u00e3o seu sintoma principal.<\/p>\n\n\n\n<h2 class=\"wp-block-heading\">Como identificar as causas da Dor nos Seios?<\/h2>\n\n\n\n<p>A compreens\u00e3o da Dor nos Seios come\u00e7a com a observa\u00e7\u00e3o dos sintomas e da sua rela\u00e7\u00e3o com o ciclo menstrual. Se a dor est\u00e1 ligada ao per\u00edodo menstrual, ela tende a ser c\u00edclica e ocorre em ambos os seios. Esta dor geralmente \u00e9 resultante de flutua\u00e7\u00f5es hormonais e costuma desaparecer ap\u00f3s terminar o ciclo menstrual. No caso de ser uma dor persistente ou localizada, \u00e9 aconselh\u00e1vel procurar orienta\u00e7\u00e3o m\u00e9dica para investigar sua origem.<\/p>\n\n\n\n<h2 class=\"wp-block-heading\">Que medidas podem ser tomadas para aliviar a Dor nos Seios?<\/h2>\n\n\n\n<p>Para amenizar a Dor nos Seios relacionada ao ciclo menstrual, algumas mulheres encontram al\u00edvio com o uso de suti\u00e3s de suporte extra. Compressas mornas ou frias aplicadas nos seios tamb\u00e9m podem ser eficazes. Al\u00e9m disso, ajustes na dieta, como redu\u00e7\u00e3o do consumo de cafe\u00edna e sal, s\u00e3o recomendados por alguns especialistas para ajudar a diminuir a dor. No entanto, se a dor \u00e9 intensa ou acompanhada de outros sintomas, \u00e9 essencial buscar orienta\u00e7\u00e3o m\u00e9dica.<\/p>\n\n\n<div class=\"wp-block-image\">\n<figure class=\"aligncenter size-large\"><img decoding=\"async\" width=\"1024\" height=\"576\" src=\"https:\/\/www.correiobraziliense.com.br\/cbradar\/wp-content\/uploads\/2025\/10\/Dor-nos-Seios_1760188813584-1024x576.jpg\" alt=\"\" class=\"wp-image-117570\" srcset=\"https:\/\/www.correiobraziliense.com.br\/cbradar\/wp-content\/uploads\/2025\/10\/Dor-nos-Seios_1760188813584-1024x576.jpg 1024w, https:\/\/www.correiobraziliense.com.br\/cbradar\/wp-content\/uploads\/2025\/10\/Dor-nos-Seios_1760188813584-300x169.jpg 300w, https:\/\/www.correiobraziliense.com.br\/cbradar\/wp-content\/uploads\/2025\/10\/Dor-nos-Seios_1760188813584-768x432.jpg 768w, https:\/\/www.correiobraziliense.com.br\/cbradar\/wp-content\/uploads\/2025\/10\/Dor-nos-Seios_1760188813584-750x422.jpg 750w, https:\/\/www.correiobraziliense.com.br\/cbradar\/wp-content\/uploads\/2025\/10\/Dor-nos-Seios_1760188813584-1140x641.jpg 1140w, https:\/\/www.correiobraziliense.com.br\/cbradar\/wp-content\/uploads\/2025\/10\/Dor-nos-Seios_1760188813584.jpg 1280w\" sizes=\"(max-width: 1024px) 100vw, 1024px\" \/><figcaption class=\"wp-element-caption\">Dor nos Seios &#8211; Cr\u00e9ditos: depositphotos.com \/ Tharakorn<\/figcaption><\/figure><\/div>\n\n\n<h2 class=\"wp-block-heading\">Mastite: como lidar com esta condi\u00e7\u00e3o?<\/h2>\n\n\n\n<p>A mastite \u00e9 uma infec\u00e7\u00e3o dolorosa da mama, frequentemente em lactantes. Sintomas incluem dor, incha\u00e7o e vermelhid\u00e3o, al\u00e9m de febre e mal-estar. O tratamento \u00e9 crucial para prevenir complica\u00e7\u00f5es, normalmente envolvendo antibi\u00f3ticos e esvaziamento eficaz do leite. A amamenta\u00e7\u00e3o n\u00e3o deve ser interrompida, pois ajuda a resolver o bloqueio. Considere alternativas <a href=\"https:\/\/www.correiobraziliense.com.br\/cbradar\/entenda-como-a-pressao-alta-pode-causar-danos-cerebrais\/\" target=\"_blank\" rel=\"noreferrer noopener\">naturais <\/a>como compressas quentes e repouso para al\u00edvio dos sintomas.<\/p>\n\n\n\n<h2 class=\"wp-block-heading\">Quando procurar ajuda m\u00e9dica?<\/h2>\n\n\n\n<p>A busca por assist\u00eancia m\u00e9dica \u00e9 imprescind\u00edvel quando a Dor nos Seios \u00e9 intensa e cont\u00ednua, ou quando h\u00e1 a presen\u00e7a de n\u00f3dulos, secre\u00e7\u00e3o mamilar ou altera\u00e7\u00f5es na pele. Nessas circunst\u00e2ncias, exames adicionais, como uma mamografia ou ultrassonografia, podem ser necess\u00e1rios para um diagn\u00f3stico preciso. Como prevenir \u00e9 melhor do que <a href=\"https:\/\/www.gov.br\/saude\/pt-br\" target=\"_blank\" rel=\"noreferrer noopener\">remediar<\/a>, nunca subestime qualquer sintoma an\u00f4malo: a detec\u00e7\u00e3o precoce aumenta significativamente as chances de tratabilidade de doen\u00e7as mais s\u00e9rias.<\/p>\n\n\n<a href=\"https:\/\/www.instagram.com\/dra.annaluisabf\/\" target=\"_blank\" rel=\"noopener\" style=\"text-decoration: none; color: inherit;\">\n    <span style=\"display: inline-block; border: 1px solid #ccc; border-radius: 10px; padding: 15px; max-width: 550px; font-family: sans-serif; box-shadow: 0 2px 5px rgba(0,0,0,0.1); width: 100%;\">\n\n      <!-- T\u00edtulo -->\n      <span style=\"display: block; margin: 0 0 15px 0; font-weight: bold; color: #2c3e50; text-align: center;\">\n        Entre em contato:\n      <\/span>\n\n      <!-- Linha do perfil -->\n      <span style=\"display: flex; align-items: center; gap: 15px;\">\n        <img decoding=\"async\"\n          src=\"https:\/\/www.correiobraziliense.com.br\/cbradar\/wp-content\/uploads\/2025\/08\/dra_anna_luisa.jpeg\"\n          alt=\"Foto da Dra. Anna Lu\u00edsa\"\n          style=\"border-radius: 50%; width: 80px; height: 80px; object-fit: cover;\"\n        \/>\n        <span style=\"display: flex; flex-direction: column;\">\n          <span style=\"font-size: 18px; font-weight: 700; color: #2c3e50;\">Dra. Anna Lu\u00edsa Barbosa Fernandes<\/span>\n          <span style=\"color: #555;\">CRM-GO 33.271<\/span>\n        <\/span>\n      <\/span>\n\n      <!-- Redes -->\n      <span style=\"display: flex; align-items: center; gap: 10px; margin-top: 12px;\">\n        <img decoding=\"async\" src=\"https:\/\/cdn-icons-png.flaticon.com\/24\/1384\/1384063.png\" alt=\"Instagram\" width=\"24\" height=\"24\" \/>\n        <span style=\"text-decoration: underline; color: #2c3e50;\">@dra.annaluisabf<\/span>\n      <\/span>\n\n    <\/span>\n  <\/a>\n\n\n<p><\/p>\n","protected":false},"excerpt":{"rendered":"<p>A Dor nos Seios \u00e9 uma condi\u00e7\u00e3o comum entre as mulheres e pode ser causada por uma variedade de fatores. Na maioria das vezes, as dores est\u00e3o relacionadas a altera\u00e7\u00f5es hormonais, especialmente durante a tens\u00e3o pr\u00e9-menstrual (TPM), menstrua\u00e7\u00e3o ou menopausa. Essas altera\u00e7\u00f5es s\u00e3o naturais do ciclo reprodutivo feminino e costumam n\u00e3o ser motivo de preocupa\u00e7\u00e3o. [&hellip;]<\/p>\n","protected":false},"author":14,"featured_media":117569,"comment_status":"open","ping_status":"open","sticky":false,"template":"","format":"standard","meta":{"_yoast_wpseo_focuskw":"Dor nos Seios","_yoast_wpseo_title":"","_yoast_wpseo_metadesc":"Entenda por que os seios doem, como aliviar sintomas e quando a dor pode ser sinal de algo mais s\u00e9rio. Fique atenta aos sinais.","jnews-multi-image_gallery":[],"jnews_single_post":{"format":"standard"},"jnews_primary_category":[],"jnews_social_meta":[],"jnews_override_counter":[],"footnotes":""},"categories":[4404],"post_tag":[120,1318,11400],"class_list":["post-131463","post","type-post","status-publish","format-standard","has-post-thumbnail","hentry","category-saude","tag-bem-estar","tag-saude-2","tag-seios"],"yoast_head":"<!-- This site is optimized with the Yoast SEO plugin v24.6 - https:\/\/yoast.com\/wordpress\/plugins\/seo\/ -->\n<title>Quando \u00e9 normal e quando se preocupar com a Dor nos Seios - Correio Braziliense - Radar<\/title>\n<meta name=\"description\" content=\"Entenda por que os seios doem, como aliviar sintomas e quando a dor pode ser sinal de algo mais s\u00e9rio. Fique atenta aos sinais.\" \/>\n<meta name=\"robots\" content=\"index, follow, max-snippet:-1, max-image-preview:large, max-video-preview:-1\" \/>\n<link rel=\"canonical\" href=\"https:\/\/www.correiobraziliense.com.br\/cbradar\/quando-e-normal-e-quando-se-preocupar-com-a-dor-nos-seios\/\" \/>\n<meta property=\"og:locale\" content=\"pt_BR\" \/>\n<meta property=\"og:type\" content=\"article\" \/>\n<meta property=\"og:title\" content=\"Quando \u00e9 normal e quando se preocupar com a Dor nos Seios - Correio Braziliense - Radar\" \/>\n<meta property=\"og:description\" content=\"Entenda por que os seios doem, como aliviar sintomas e quando a dor pode ser sinal de algo mais s\u00e9rio. Fique atenta aos sinais.\" \/>\n<meta property=\"og:url\" content=\"https:\/\/www.correiobraziliense.com.br\/cbradar\/quando-e-normal-e-quando-se-preocupar-com-a-dor-nos-seios\/\" \/>\n<meta property=\"og:site_name\" content=\"Correio Braziliense - Radar\" \/>\n<meta property=\"article:published_time\" content=\"2025-11-05T21:25:00+00:00\" \/>\n<meta property=\"og:image\" content=\"https:\/\/www.correiobraziliense.com.br\/cbradar\/wp-content\/uploads\/2025\/10\/Dor-nos-Seios_1760188787750.jpg\" \/>\n\t<meta property=\"og:image:width\" content=\"1280\" \/>\n\t<meta property=\"og:image:height\" content=\"720\" \/>\n\t<meta property=\"og:image:type\" content=\"image\/jpeg\" \/>\n<meta name=\"author\" content=\"guilherme_saude\" \/>\n<meta name=\"twitter:card\" content=\"summary_large_image\" \/>\n<meta name=\"twitter:label1\" content=\"Escrito por\" \/>\n\t<meta name=\"twitter:data1\" content=\"guilherme_saude\" \/>\n\t<meta name=\"twitter:label2\" content=\"Est. tempo de leitura\" \/>\n\t<meta name=\"twitter:data2\" content=\"4 minutos\" \/>\n<!-- \/ Yoast SEO plugin. -->","yoast_head_json":{"title":"Quando \u00e9 normal e quando se preocupar com a Dor nos Seios - Correio Braziliense - Radar","description":"Entenda por que os seios doem, como aliviar sintomas e quando a dor pode ser sinal de algo mais s\u00e9rio. Fique atenta aos sinais.","robots":{"index":"index","follow":"follow","max-snippet":"max-snippet:-1","max-image-preview":"max-image-preview:large","max-video-preview":"max-video-preview:-1"},"canonical":"https:\/\/www.correiobraziliense.com.br\/cbradar\/quando-e-normal-e-quando-se-preocupar-com-a-dor-nos-seios\/","og_locale":"pt_BR","og_type":"article","og_title":"Quando \u00e9 normal e quando se preocupar com a Dor nos Seios - Correio Braziliense - Radar","og_description":"Entenda por que os seios doem, como aliviar sintomas e quando a dor pode ser sinal de algo mais s\u00e9rio. Fique atenta aos sinais.","og_url":"https:\/\/www.correiobraziliense.com.br\/cbradar\/quando-e-normal-e-quando-se-preocupar-com-a-dor-nos-seios\/","og_site_name":"Correio Braziliense - Radar","article_published_time":"2025-11-05T21:25:00+00:00","og_image":[{"width":1280,"height":720,"url":"https:\/\/www.correiobraziliense.com.br\/cbradar\/wp-content\/uploads\/2025\/10\/Dor-nos-Seios_1760188787750.jpg","type":"image\/jpeg"}],"author":"guilherme_saude","twitter_card":"summary_large_image","twitter_misc":{"Escrito por":"guilherme_saude","Est. tempo de leitura":"4 minutos"},"schema":{"@context":"https:\/\/schema.org","@graph":[{"@type":"WebPage","@id":"https:\/\/www.correiobraziliense.com.br\/cbradar\/quando-e-normal-e-quando-se-preocupar-com-a-dor-nos-seios\/","url":"https:\/\/www.correiobraziliense.com.br\/cbradar\/quando-e-normal-e-quando-se-preocupar-com-a-dor-nos-seios\/","name":"Quando \u00e9 normal e quando se preocupar com a Dor nos Seios - Correio Braziliense - Radar","isPartOf":{"@id":"https:\/\/www.correiobraziliense.com.br\/cbradar\/#website"},"primaryImageOfPage":{"@id":"https:\/\/www.correiobraziliense.com.br\/cbradar\/quando-e-normal-e-quando-se-preocupar-com-a-dor-nos-seios\/#primaryimage"},"image":{"@id":"https:\/\/www.correiobraziliense.com.br\/cbradar\/quando-e-normal-e-quando-se-preocupar-com-a-dor-nos-seios\/#primaryimage"},"thumbnailUrl":"https:\/\/www.correiobraziliense.com.br\/cbradar\/wp-content\/uploads\/2025\/10\/Dor-nos-Seios_1760188787750.jpg","datePublished":"2025-11-05T21:25:00+00:00","author":{"@id":"https:\/\/www.correiobraziliense.com.br\/cbradar\/#\/schema\/person\/5aa4bf3c8fa699c267933611de12978b"},"description":"Entenda por que os seios doem, como aliviar sintomas e quando a dor pode ser sinal de algo mais s\u00e9rio. Fique atenta aos sinais.","breadcrumb":{"@id":"https:\/\/www.correiobraziliense.com.br\/cbradar\/quando-e-normal-e-quando-se-preocupar-com-a-dor-nos-seios\/#breadcrumb"},"inLanguage":"pt-BR","potentialAction":[{"@type":"ReadAction","target":["https:\/\/www.correiobraziliense.com.br\/cbradar\/quando-e-normal-e-quando-se-preocupar-com-a-dor-nos-seios\/"]}]},{"@type":"ImageObject","inLanguage":"pt-BR","@id":"https:\/\/www.correiobraziliense.com.br\/cbradar\/quando-e-normal-e-quando-se-preocupar-com-a-dor-nos-seios\/#primaryimage","url":"https:\/\/www.correiobraziliense.com.br\/cbradar\/wp-content\/uploads\/2025\/10\/Dor-nos-Seios_1760188787750.jpg","contentUrl":"https:\/\/www.correiobraziliense.com.br\/cbradar\/wp-content\/uploads\/2025\/10\/Dor-nos-Seios_1760188787750.jpg","width":1280,"height":720,"caption":"Seios - Cr\u00e9ditos: depositphotos.com \/ FineShine"},{"@type":"BreadcrumbList","@id":"https:\/\/www.correiobraziliense.com.br\/cbradar\/quando-e-normal-e-quando-se-preocupar-com-a-dor-nos-seios\/#breadcrumb","itemListElement":[{"@type":"ListItem","position":1,"name":"In\u00edcio","item":"https:\/\/www.correiobraziliense.com.br\/cbradar\/"},{"@type":"ListItem","position":2,"name":"Quando \u00e9 normal e quando se preocupar com a Dor nos Seios"}]},{"@type":"WebSite","@id":"https:\/\/www.correiobraziliense.com.br\/cbradar\/#website","url":"https:\/\/www.correiobraziliense.com.br\/cbradar\/","name":"Correio Braziliense - Radar","description":"Acompanhe as \u00faltimas not\u00edcias e fique bem informado sobre tudo o que acontece no Brasil e no mundo.","potentialAction":[{"@type":"SearchAction","target":{"@type":"EntryPoint","urlTemplate":"https:\/\/www.correiobraziliense.com.br\/cbradar\/?s={search_term_string}"},"query-input":{"@type":"PropertyValueSpecification","valueRequired":true,"valueName":"search_term_string"}}],"inLanguage":"pt-BR"},{"@type":"Person","@id":"https:\/\/www.correiobraziliense.com.br\/cbradar\/#\/schema\/person\/5aa4bf3c8fa699c267933611de12978b","name":"guilherme_saude","image":{"@type":"ImageObject","inLanguage":"pt-BR","@id":"https:\/\/www.correiobraziliense.com.br\/cbradar\/#\/schema\/person\/image\/","url":"https:\/\/secure.gravatar.com\/avatar\/df9adfb835d344bc0af109d41756253f?s=96&d=mm&r=g","contentUrl":"https:\/\/secure.gravatar.com\/avatar\/df9adfb835d344bc0af109d41756253f?s=96&d=mm&r=g","caption":"guilherme_saude"},"url":"https:\/\/www.correiobraziliense.com.br\/cbradar\/author\/guilherme_saude\/"}]}},"_links":{"self":[{"href":"https:\/\/www.correiobraziliense.com.br\/cbradar\/wp-json\/wp\/v2\/posts\/131463","targetHints":{"allow":["GET"]}}],"collection":[{"href":"https:\/\/www.correiobraziliense.com.br\/cbradar\/wp-json\/wp\/v2\/posts"}],"about":[{"href":"https:\/\/www.correiobraziliense.com.br\/cbradar\/wp-json\/wp\/v2\/types\/post"}],"author":[{"embeddable":true,"href":"https:\/\/www.correiobraziliense.com.br\/cbradar\/wp-json\/wp\/v2\/users\/14"}],"replies":[{"embeddable":true,"href":"https:\/\/www.correiobraziliense.com.br\/cbradar\/wp-json\/wp\/v2\/comments?post=131463"}],"version-history":[{"count":1,"href":"https:\/\/www.correiobraziliense.com.br\/cbradar\/wp-json\/wp\/v2\/posts\/131463\/revisions"}],"predecessor-version":[{"id":131464,"href":"https:\/\/www.correiobraziliense.com.br\/cbradar\/wp-json\/wp\/v2\/posts\/131463\/revisions\/131464"}],"wp:featuredmedia":[{"embeddable":true,"href":"https:\/\/www.correiobraziliense.com.br\/cbradar\/wp-json\/wp\/v2\/media\/117569"}],"wp:attachment":[{"href":"https:\/\/www.correiobraziliense.com.br\/cbradar\/wp-json\/wp\/v2\/media?parent=131463"}],"wp:term":[{"taxonomy":"category","embeddable":true,"href":"https:\/\/www.correiobraziliense.com.br\/cbradar\/wp-json\/wp\/v2\/categories?post=131463"},{"taxonomy":"post_tag","embeddable":true,"href":"https:\/\/www.correiobraziliense.com.br\/cbradar\/wp-json\/wp\/v2\/post_tag?post=131463"}],"curies":[{"name":"wp","href":"https:\/\/api.w.org\/{rel}","templated":true}]}}