{"id":13154,"date":"2025-03-18T17:30:00","date_gmt":"2025-03-18T20:30:00","guid":{"rendered":"https:\/\/www.correiobraziliense.com.br\/cbradar\/?p=13154"},"modified":"2025-03-17T16:14:35","modified_gmt":"2025-03-17T19:14:35","slug":"esses-sao-alguns-dos-povos-mais-isolados-do-mundo","status":"publish","type":"post","link":"https:\/\/www.correiobraziliense.com.br\/cbradar\/esses-sao-alguns-dos-povos-mais-isolados-do-mundo\/","title":{"rendered":"Esses s\u00e3o alguns dos povos mais isolados do mundo"},"content":{"rendered":"\n<p>Em um mundo cada vez mais globalizado, ainda existem popula\u00e7\u00f5es que optam por viver em isolamento, preservando suas tradi\u00e7\u00f5es e modos de vida ancestrais. Essas comunidades s\u00e3o encontradas em locais remotos, desde a vasta <strong>Floresta Amaz\u00f4nica<\/strong> at\u00e9 pequenas ilhas no <strong>Oceano \u00cdndico.<\/strong> Apesar de serem chamadas de &#8220;isoladas&#8221;, isso n\u00e3o significa que nunca houve tentativas de contato, mas sim que esses povos preferem evitar intera\u00e7\u00f5es com o mundo exterior.<\/p>\n\n\n\n<p>Essas comunidades n\u00e3o s\u00e3o primitivas, mas sim fundamentais para a diversidade cultural e humana. Elas enfrentam desafios significativos, incluindo amea\u00e7as de atividades externas como a explora\u00e7\u00e3o madeireira e a invas\u00e3o de terras. Conhecer esses povos \u00e9 essencial para entender a import\u00e2ncia de proteger suas terras e respeitar suas escolhas de vida.<\/p>\n\n\n\n<h2 class=\"wp-block-heading\">Quem s\u00e3o os Kawahiva?<\/h2>\n\n\n\n<p>Os <strong>Kawahiva <\/strong>s\u00e3o um grupo n\u00f4made que habita a regi\u00e3o amaz\u00f4nica do Brasil. Eles dependem da ca\u00e7a e da coleta para sua subsist\u00eancia, consumindo animais como queixadas, macacos e p\u00e1ssaros, al\u00e9m de frutas e nozes encontradas na floresta. Embora atualmente sejam n\u00f4mades, evid\u00eancias sugerem que no passado viveram em assentamentos fixos.<\/p>\n\n\n\n<p>A presen\u00e7a dos Kawahiva \u00e9 amea\u00e7ada pela extra\u00e7\u00e3o de madeira e outras atividades destrutivas em suas terras, especialmente ao redor do Rio Pardo. Mesmo com esfor\u00e7os governamentais para proteger seu territ\u00f3rio, eles frequentemente s\u00e3o for\u00e7ados a se deslocar para evitar confrontos com invasores.<\/p>\n\n\n\n<figure class=\"wp-block-image size-large\"><img decoding=\"async\" width=\"1024\" height=\"576\" src=\"https:\/\/www.correiobraziliense.com.br\/cbradar\/wp-content\/uploads\/2025\/03\/indigenas_1742220689687-1024x576.jpg\" alt=\"Esses s\u00e3o alguns dos povos mais isolados do mundo\" class=\"wp-image-13198\" srcset=\"https:\/\/www.correiobraziliense.com.br\/cbradar\/wp-content\/uploads\/2025\/03\/indigenas_1742220689687-1024x576.jpg 1024w, https:\/\/www.correiobraziliense.com.br\/cbradar\/wp-content\/uploads\/2025\/03\/indigenas_1742220689687-300x169.jpg 300w, https:\/\/www.correiobraziliense.com.br\/cbradar\/wp-content\/uploads\/2025\/03\/indigenas_1742220689687-768x432.jpg 768w, https:\/\/www.correiobraziliense.com.br\/cbradar\/wp-content\/uploads\/2025\/03\/indigenas_1742220689687-750x422.jpg 750w, https:\/\/www.correiobraziliense.com.br\/cbradar\/wp-content\/uploads\/2025\/03\/indigenas_1742220689687-1140x641.jpg 1140w, https:\/\/www.correiobraziliense.com.br\/cbradar\/wp-content\/uploads\/2025\/03\/indigenas_1742220689687.jpg 1280w\" sizes=\"(max-width: 1024px) 100vw, 1024px\" \/><figcaption class=\"wp-element-caption\">ind\u00edgenas. Cr\u00e9ditos: depositphotos.com \/ ClassyCatStudio<\/figcaption><\/figure>\n\n\n\n<h2 class=\"wp-block-heading\">Qual \u00e9 a situa\u00e7\u00e3o dos Mashco Piro?<\/h2>\n\n\n\n<p>Os <strong>Mashco Piro<\/strong> s\u00e3o considerados o maior povo isolado do mundo, com uma popula\u00e7\u00e3o estimada em mais de 750 pessoas. Eles vivem nas profundezas da Floresta Amaz\u00f4nica, no sul do <strong>Peru<\/strong>. A hist\u00f3ria desse povo \u00e9 marcada por tentativas de contato devastadoras, especialmente durante o auge da explora\u00e7\u00e3o da borracha no s\u00e9culo XIX, quando muitos foram escravizados ou mortos.<\/p>\n\n\n\n<p>Apesar de terem sobrevivido a esses conflitos, os Mashco Piro enfrentam amea\u00e7as cont\u00ednuas devido ao desmatamento e \u00e0 explora\u00e7\u00e3o madeireira. A prote\u00e7\u00e3o de suas terras \u00e9 crucial para garantir sua sobreviv\u00eancia e a preserva\u00e7\u00e3o de sua cultura \u00fanica.<\/p>\n\n\n\n<h2 class=\"wp-block-heading\">Por que os Sentinelenses s\u00e3o t\u00e3o \u00fanicos?<\/h2>\n\n\n\n<p>Os <strong>Sentinelenses <\/strong>vivem na ilha de<strong> Sentinela do Norte<\/strong>, no <strong>Oceano \u00cdndico<\/strong>, e s\u00e3o conhecidos por sua resist\u00eancia a contatos externos. Estima-se que sua popula\u00e7\u00e3o seja de cerca de 100 pessoas. Eles vivem da ca\u00e7a, coleta e pesca, utilizando canoas estreitas para navegar nas \u00e1guas costeiras.<\/p>\n\n\n\n<p>Qualquer tentativa de contato com os Sentinelenses \u00e9 recebida com hostilidade, e \u00e9 ilegal se aproximar da ilha devido ao risco de transmiss\u00e3o de doen\u00e7as. Essa postura protetiva \u00e9 uma resposta \u00e0s experi\u00eancias de outros povos ind\u00edgenas da regi\u00e3o, que foram dizimados por doen\u00e7as e viol\u00eancia ap\u00f3s a coloniza\u00e7\u00e3o.<\/p>\n\n\n\n<h2 class=\"wp-block-heading\">Como proteger os povos isolados?<\/h2>\n\n\n\n<p>A prote\u00e7\u00e3o dos povos isolados \u00e9 um desafio complexo que requer respeito e compreens\u00e3o de suas escolhas de vida. Organiza\u00e7\u00f5es como a Survival International trabalham para garantir que esses grupos possam viver em paz, sem a amea\u00e7a de invas\u00f5es ou explora\u00e7\u00e3o de suas terras.<\/p>\n\n\n\n<p>\u00c9 essencial que governos e comunidades internacionais reconhe\u00e7am a import\u00e2ncia desses povos para a diversidade cultural e ecol\u00f3gica do planeta. Proteger suas terras e respeitar seu desejo de isolamento \u00e9 crucial para sua sobreviv\u00eancia e para a preserva\u00e7\u00e3o de suas culturas \u00fanicas.<\/p>\n","protected":false},"excerpt":{"rendered":"<p>Conhe\u00e7a povos ind\u00edgenas que vivem em isolamento e preservam sua cultura ancestral. Descubra os desafios de proteg\u00ea-los!<\/p>\n","protected":false},"author":3,"featured_media":13197,"comment_status":"open","ping_status":"open","sticky":false,"template":"","format":"standard","meta":{"_yoast_wpseo_focuskw":"povos mais isolados","_yoast_wpseo_title":"%%title%%","_yoast_wpseo_metadesc":"Conhe\u00e7a povos ind\u00edgenas que vivem em isolamento e preservam sua cultura ancestral. Descubra os desafios de proteg\u00ea-los!","jnews-multi-image_gallery":[],"jnews_single_post":{"format":"standard"},"jnews_primary_category":[],"jnews_social_meta":[],"jnews_override_counter":[],"footnotes":""},"categories":[112],"post_tag":[2083],"class_list":["post-13154","post","type-post","status-publish","format-standard","has-post-thumbnail","hentry","category-curiosidades","tag-povos-isolados"],"yoast_head":"<!-- This site is optimized with the Yoast SEO plugin v24.6 - https:\/\/yoast.com\/wordpress\/plugins\/seo\/ -->\n<title>Esses s\u00e3o alguns dos povos mais isolados do mundo<\/title>\n<meta name=\"description\" content=\"Conhe\u00e7a povos ind\u00edgenas que vivem em isolamento e preservam sua cultura ancestral. Descubra os desafios de proteg\u00ea-los!\" \/>\n<meta name=\"robots\" content=\"index, follow, max-snippet:-1, max-image-preview:large, max-video-preview:-1\" \/>\n<link rel=\"canonical\" href=\"https:\/\/www.correiobraziliense.com.br\/cbradar\/esses-sao-alguns-dos-povos-mais-isolados-do-mundo\/\" \/>\n<meta property=\"og:locale\" content=\"pt_BR\" \/>\n<meta property=\"og:type\" content=\"article\" \/>\n<meta property=\"og:title\" content=\"Esses s\u00e3o alguns dos povos mais isolados do mundo\" \/>\n<meta property=\"og:description\" content=\"Conhe\u00e7a povos ind\u00edgenas que vivem em isolamento e preservam sua cultura ancestral. Descubra os desafios de proteg\u00ea-los!\" \/>\n<meta property=\"og:url\" content=\"https:\/\/www.correiobraziliense.com.br\/cbradar\/esses-sao-alguns-dos-povos-mais-isolados-do-mundo\/\" \/>\n<meta property=\"og:site_name\" content=\"Correio Braziliense - Radar\" \/>\n<meta property=\"article:published_time\" content=\"2025-03-18T20:30:00+00:00\" \/>\n<meta property=\"og:image\" content=\"https:\/\/www.correiobraziliense.com.br\/cbradar\/wp-content\/uploads\/2025\/03\/indigenas_1742220653564.jpg\" \/>\n\t<meta property=\"og:image:width\" content=\"1280\" \/>\n\t<meta property=\"og:image:height\" content=\"720\" \/>\n\t<meta property=\"og:image:type\" content=\"image\/jpeg\" \/>\n<meta name=\"author\" content=\"Larissa Carvalho\" \/>\n<meta name=\"twitter:card\" content=\"summary_large_image\" \/>\n<meta name=\"twitter:label1\" content=\"Escrito por\" \/>\n\t<meta name=\"twitter:data1\" content=\"Larissa Carvalho\" \/>\n\t<meta name=\"twitter:label2\" content=\"Est. tempo de leitura\" \/>\n\t<meta name=\"twitter:data2\" content=\"4 minutos\" \/>\n<!-- \/ Yoast SEO plugin. -->","yoast_head_json":{"title":"Esses s\u00e3o alguns dos povos mais isolados do mundo","description":"Conhe\u00e7a povos ind\u00edgenas que vivem em isolamento e preservam sua cultura ancestral. Descubra os desafios de proteg\u00ea-los!","robots":{"index":"index","follow":"follow","max-snippet":"max-snippet:-1","max-image-preview":"max-image-preview:large","max-video-preview":"max-video-preview:-1"},"canonical":"https:\/\/www.correiobraziliense.com.br\/cbradar\/esses-sao-alguns-dos-povos-mais-isolados-do-mundo\/","og_locale":"pt_BR","og_type":"article","og_title":"Esses s\u00e3o alguns dos povos mais isolados do mundo","og_description":"Conhe\u00e7a povos ind\u00edgenas que vivem em isolamento e preservam sua cultura ancestral. Descubra os desafios de proteg\u00ea-los!","og_url":"https:\/\/www.correiobraziliense.com.br\/cbradar\/esses-sao-alguns-dos-povos-mais-isolados-do-mundo\/","og_site_name":"Correio Braziliense - Radar","article_published_time":"2025-03-18T20:30:00+00:00","og_image":[{"width":1280,"height":720,"url":"https:\/\/www.correiobraziliense.com.br\/cbradar\/wp-content\/uploads\/2025\/03\/indigenas_1742220653564.jpg","type":"image\/jpeg"}],"author":"Larissa Carvalho","twitter_card":"summary_large_image","twitter_misc":{"Escrito por":"Larissa Carvalho","Est. tempo de leitura":"4 minutos"},"schema":{"@context":"https:\/\/schema.org","@graph":[{"@type":"WebPage","@id":"https:\/\/www.correiobraziliense.com.br\/cbradar\/esses-sao-alguns-dos-povos-mais-isolados-do-mundo\/","url":"https:\/\/www.correiobraziliense.com.br\/cbradar\/esses-sao-alguns-dos-povos-mais-isolados-do-mundo\/","name":"Esses s\u00e3o alguns dos povos mais isolados do mundo","isPartOf":{"@id":"https:\/\/www.correiobraziliense.com.br\/cbradar\/#website"},"primaryImageOfPage":{"@id":"https:\/\/www.correiobraziliense.com.br\/cbradar\/esses-sao-alguns-dos-povos-mais-isolados-do-mundo\/#primaryimage"},"image":{"@id":"https:\/\/www.correiobraziliense.com.br\/cbradar\/esses-sao-alguns-dos-povos-mais-isolados-do-mundo\/#primaryimage"},"thumbnailUrl":"https:\/\/www.correiobraziliense.com.br\/cbradar\/wp-content\/uploads\/2025\/03\/indigenas_1742220653564.jpg","datePublished":"2025-03-18T20:30:00+00:00","author":{"@id":"https:\/\/www.correiobraziliense.com.br\/cbradar\/#\/schema\/person\/58422787644df994b53a19d3e56c1513"},"description":"Conhe\u00e7a povos ind\u00edgenas que vivem em isolamento e preservam sua cultura ancestral. Descubra os desafios de proteg\u00ea-los!","breadcrumb":{"@id":"https:\/\/www.correiobraziliense.com.br\/cbradar\/esses-sao-alguns-dos-povos-mais-isolados-do-mundo\/#breadcrumb"},"inLanguage":"pt-BR","potentialAction":[{"@type":"ReadAction","target":["https:\/\/www.correiobraziliense.com.br\/cbradar\/esses-sao-alguns-dos-povos-mais-isolados-do-mundo\/"]}]},{"@type":"ImageObject","inLanguage":"pt-BR","@id":"https:\/\/www.correiobraziliense.com.br\/cbradar\/esses-sao-alguns-dos-povos-mais-isolados-do-mundo\/#primaryimage","url":"https:\/\/www.correiobraziliense.com.br\/cbradar\/wp-content\/uploads\/2025\/03\/indigenas_1742220653564.jpg","contentUrl":"https:\/\/www.correiobraziliense.com.br\/cbradar\/wp-content\/uploads\/2025\/03\/indigenas_1742220653564.jpg","width":1280,"height":720,"caption":"ind\u00edgenas. Cr\u00e9ditos: depositphotos.com \/ a.frankazoid.com"},{"@type":"BreadcrumbList","@id":"https:\/\/www.correiobraziliense.com.br\/cbradar\/esses-sao-alguns-dos-povos-mais-isolados-do-mundo\/#breadcrumb","itemListElement":[{"@type":"ListItem","position":1,"name":"In\u00edcio","item":"https:\/\/www.correiobraziliense.com.br\/cbradar\/"},{"@type":"ListItem","position":2,"name":"Esses s\u00e3o alguns dos povos mais isolados do mundo"}]},{"@type":"WebSite","@id":"https:\/\/www.correiobraziliense.com.br\/cbradar\/#website","url":"https:\/\/www.correiobraziliense.com.br\/cbradar\/","name":"Correio Braziliense - Radar","description":"Acompanhe as \u00faltimas not\u00edcias e fique bem informado sobre tudo o que acontece no Brasil e no mundo.","potentialAction":[{"@type":"SearchAction","target":{"@type":"EntryPoint","urlTemplate":"https:\/\/www.correiobraziliense.com.br\/cbradar\/?s={search_term_string}"},"query-input":{"@type":"PropertyValueSpecification","valueRequired":true,"valueName":"search_term_string"}}],"inLanguage":"pt-BR"},{"@type":"Person","@id":"https:\/\/www.correiobraziliense.com.br\/cbradar\/#\/schema\/person\/58422787644df994b53a19d3e56c1513","name":"Larissa Carvalho","image":{"@type":"ImageObject","inLanguage":"pt-BR","@id":"https:\/\/www.correiobraziliense.com.br\/cbradar\/#\/schema\/person\/image\/","url":"https:\/\/secure.gravatar.com\/avatar\/fe4f91a0de32b52a838d0d612abdc1aa?s=96&d=mm&r=g","contentUrl":"https:\/\/secure.gravatar.com\/avatar\/fe4f91a0de32b52a838d0d612abdc1aa?s=96&d=mm&r=g","caption":"Larissa Carvalho"},"url":"https:\/\/www.correiobraziliense.com.br\/cbradar\/author\/larissamyth\/"}]}},"_links":{"self":[{"href":"https:\/\/www.correiobraziliense.com.br\/cbradar\/wp-json\/wp\/v2\/posts\/13154","targetHints":{"allow":["GET"]}}],"collection":[{"href":"https:\/\/www.correiobraziliense.com.br\/cbradar\/wp-json\/wp\/v2\/posts"}],"about":[{"href":"https:\/\/www.correiobraziliense.com.br\/cbradar\/wp-json\/wp\/v2\/types\/post"}],"author":[{"embeddable":true,"href":"https:\/\/www.correiobraziliense.com.br\/cbradar\/wp-json\/wp\/v2\/users\/3"}],"replies":[{"embeddable":true,"href":"https:\/\/www.correiobraziliense.com.br\/cbradar\/wp-json\/wp\/v2\/comments?post=13154"}],"version-history":[{"count":1,"href":"https:\/\/www.correiobraziliense.com.br\/cbradar\/wp-json\/wp\/v2\/posts\/13154\/revisions"}],"predecessor-version":[{"id":13199,"href":"https:\/\/www.correiobraziliense.com.br\/cbradar\/wp-json\/wp\/v2\/posts\/13154\/revisions\/13199"}],"wp:featuredmedia":[{"embeddable":true,"href":"https:\/\/www.correiobraziliense.com.br\/cbradar\/wp-json\/wp\/v2\/media\/13197"}],"wp:attachment":[{"href":"https:\/\/www.correiobraziliense.com.br\/cbradar\/wp-json\/wp\/v2\/media?parent=13154"}],"wp:term":[{"taxonomy":"category","embeddable":true,"href":"https:\/\/www.correiobraziliense.com.br\/cbradar\/wp-json\/wp\/v2\/categories?post=13154"},{"taxonomy":"post_tag","embeddable":true,"href":"https:\/\/www.correiobraziliense.com.br\/cbradar\/wp-json\/wp\/v2\/post_tag?post=13154"}],"curies":[{"name":"wp","href":"https:\/\/api.w.org\/{rel}","templated":true}]}}