{"id":13156,"date":"2025-03-18T13:30:00","date_gmt":"2025-03-18T16:30:00","guid":{"rendered":"https:\/\/www.correiobraziliense.com.br\/cbradar\/?p=13156"},"modified":"2025-03-17T16:13:57","modified_gmt":"2025-03-17T19:13:57","slug":"dicas-de-como-plantar-manjericao-de-forma-simples","status":"publish","type":"post","link":"https:\/\/www.correiobraziliense.com.br\/cbradar\/dicas-de-como-plantar-manjericao-de-forma-simples\/","title":{"rendered":"Dicas de como plantar manjeric\u00e3o de forma simples"},"content":{"rendered":"\n<p>Ter uma mini-horta em casa \u00e9 uma pr\u00e1tica cada vez mais comum, especialmente quando se trata de cultivar ervas arom\u00e1ticas. O manjeric\u00e3o, com seu aroma inconfund\u00edvel, \u00e9 uma das escolhas favoritas para quem deseja enriquecer suas refei\u00e7\u00f5es. Este artigo explora as origens do manjeric\u00e3o, seus benef\u00edcios para a sa\u00fade e oferece um guia passo a passo sobre como plantar e cuidar dessa erva em casa.<\/p>\n\n\n\n<p>Origin\u00e1rio da \u00cdndia, o manjeric\u00e3o pertence \u00e0 fam\u00edlia Lamiaceae, a mesma da hortel\u00e3. Al\u00e9m de ser um ingrediente vers\u00e1til na culin\u00e1ria, ele \u00e9 rico em nutrientes como c\u00e1lcio, zinco, pot\u00e1ssio e vitaminas A, B, C, E e K. Esses componentes n\u00e3o apenas adicionam sabor aos pratos, mas tamb\u00e9m oferecem diversos benef\u00edcios \u00e0 sa\u00fade.<\/p>\n\n\n\n<h2 class=\"wp-block-heading\">Quais s\u00e3o os benef\u00edcios do manjeric\u00e3o para a sa\u00fade?<\/h2>\n\n\n\n<p>O manjeric\u00e3o \u00e9 mais do que apenas um tempero saboroso; ele \u00e9 uma fonte de sa\u00fade. Os nutrientes presentes em suas folhas podem fortalecer o sistema imunol\u00f3gico, combater o cansa\u00e7o e at\u00e9 mesmo aliviar sintomas de ins\u00f4nia e depress\u00e3o. Al\u00e9m disso, o manjeric\u00e3o pode auxiliar na cura de faringite e laringite, reduzir febres e, quando usado como \u00f3leo essencial, atuar como um aroma calmante.<\/p>\n\n\n\n<figure class=\"wp-block-image size-large\"><img decoding=\"async\" width=\"1024\" height=\"576\" src=\"https:\/\/www.correiobraziliense.com.br\/cbradar\/wp-content\/uploads\/2025\/03\/Manjericao_1742218815138-1024x576.jpg\" alt=\"Manjeric\u00e3o: Dicas Essenciais para Plantar e Cuidar\" class=\"wp-image-13160\" srcset=\"https:\/\/www.correiobraziliense.com.br\/cbradar\/wp-content\/uploads\/2025\/03\/Manjericao_1742218815138-1024x576.jpg 1024w, https:\/\/www.correiobraziliense.com.br\/cbradar\/wp-content\/uploads\/2025\/03\/Manjericao_1742218815138-300x169.jpg 300w, https:\/\/www.correiobraziliense.com.br\/cbradar\/wp-content\/uploads\/2025\/03\/Manjericao_1742218815138-768x432.jpg 768w, https:\/\/www.correiobraziliense.com.br\/cbradar\/wp-content\/uploads\/2025\/03\/Manjericao_1742218815138-750x422.jpg 750w, https:\/\/www.correiobraziliense.com.br\/cbradar\/wp-content\/uploads\/2025\/03\/Manjericao_1742218815138-1140x641.jpg 1140w, https:\/\/www.correiobraziliense.com.br\/cbradar\/wp-content\/uploads\/2025\/03\/Manjericao_1742218815138.jpg 1280w\" sizes=\"(max-width: 1024px) 100vw, 1024px\" \/><figcaption class=\"wp-element-caption\">Manjeric\u00e3o.Cr\u00e9ditos: depositphotos.com \/ Photomyheart<\/figcaption><\/figure>\n\n\n\n<h2 class=\"wp-block-heading\">Como plantar manjeric\u00e3o em vaso?<\/h2>\n\n\n\n<p>Plantar manjeric\u00e3o em vaso \u00e9 uma maneira pr\u00e1tica de ter essa erva sempre \u00e0 m\u00e3o. Para come\u00e7ar, \u00e9 importante garantir uma boa drenagem no vaso, colocando pedras britas no fundo. Em seguida, preencha o recipiente com substrato, plante a muda e cubra com mais substrato. A rega deve ser moderada, evitando que o solo fique encharcado.<\/p>\n\n\n\n<p>O vaso deve ser colocado em um local que receba luz solar direta por pelo menos tr\u00eas horas di\u00e1rias. Ap\u00f3s esse per\u00edodo, \u00e9 recomend\u00e1vel manter a planta em um ambiente com luz indireta para garantir seu crescimento saud\u00e1vel.<\/p>\n\n\n\n<h2 class=\"wp-block-heading\">Como multiplicar o manjeric\u00e3o a partir de mudas?<\/h2>\n\n\n\n<p>Multiplicar o manjeric\u00e3o a partir de mudas \u00e9 um processo simples e recompensador. Primeiro, corte um caule de uma planta j\u00e1 crescida, mantendo algumas folhas. Coloque o caule em um copo com \u00e1gua, garantindo que as folhas fiquem fora do l\u00edquido. Posicione o copo pr\u00f3ximo a uma janela para que receba luz natural.<\/p>\n\n\n\n<p>Ap\u00f3s duas a tr\u00eas semanas, as ra\u00edzes come\u00e7ar\u00e3o a se desenvolver. Quando estiverem grandes o suficiente, \u00e9 hora de transplantar a muda para um vaso com terra, seguindo o mesmo procedimento de plantio mencionado anteriormente.<\/p>\n\n\n\n<h2 class=\"wp-block-heading\">Quais s\u00e3o os tipos de manjeric\u00e3o dispon\u00edveis?<\/h2>\n\n\n\n<p>Existem v\u00e1rias esp\u00e9cies de manjeric\u00e3o, cada uma com caracter\u00edsticas \u00fanicas que podem se adequar a diferentes prefer\u00eancias culin\u00e1rias:<\/p>\n\n\n\n<ul class=\"wp-block-list\">\n<li><strong>Manjeric\u00e3o Alfavaca:<\/strong>\u00a0O mais consumido no Brasil, ideal para molhos, com folhas ovais e sabor suave.<\/li>\n\n\n\n<li><strong>Manjeric\u00e3o Mi\u00fado:<\/strong>\u00a0Possui folhas pequenas e pontiagudas, perfeito para cultivo em vasos e uso em diversos pratos.<\/li>\n\n\n\n<li><strong>Manjeric\u00e3o Italiano:<\/strong>\u00a0Tem um sabor mais intenso e adocicado, devendo ser usado com modera\u00e7\u00e3o.<\/li>\n\n\n\n<li><strong>Manjeric\u00e3o Roxo:<\/strong>\u00a0Com sabor suave, \u00e9 mais utilizado para decora\u00e7\u00e3o e fins terap\u00eauticos.<\/li>\n\n\n\n<li><strong>Manjeric\u00e3o Tailand\u00eas:<\/strong>\u00a0Apresenta um sabor c\u00edtrico semelhante ao lim\u00e3o, muito utilizado na culin\u00e1ria asi\u00e1tica.<\/li>\n<\/ul>\n\n\n\n<p>Com tantas op\u00e7\u00f5es, o manjeric\u00e3o \u00e9 uma erva que pode enriquecer qualquer horta caseira, proporcionando n\u00e3o apenas beleza, mas tamb\u00e9m um toque especial aos pratos. Agora que voc\u00ea conhece as etapas para plantar e cuidar do manjeric\u00e3o, \u00e9 hora de colocar as m\u00e3os na terra e desfrutar dos benef\u00edcios dessa erva vers\u00e1til.<\/p>\n","protected":false},"excerpt":{"rendered":"<p>Descubra como plantar manjeric\u00e3o em casa, aproveitando seus benef\u00edcios na culin\u00e1ria e sa\u00fade. Guia completo!<\/p>\n","protected":false},"author":3,"featured_media":13159,"comment_status":"open","ping_status":"open","sticky":false,"template":"","format":"standard","meta":{"_yoast_wpseo_focuskw":"manjeric\u00e3o","_yoast_wpseo_title":"%%title%%","_yoast_wpseo_metadesc":"Descubra como plantar manjeric\u00e3o em casa, aproveitando seus benef\u00edcios na culin\u00e1ria e sa\u00fade. Guia completo!","jnews-multi-image_gallery":[],"jnews_single_post":{"format":"standard"},"jnews_primary_category":[],"jnews_social_meta":[],"jnews_override_counter":[],"footnotes":""},"categories":[136],"post_tag":[137,2080],"class_list":["post-13156","post","type-post","status-publish","format-standard","has-post-thumbnail","hentry","category-jardinagem","tag-como-plantar","tag-manjericao"],"yoast_head":"<!-- This site is optimized with the Yoast SEO plugin v24.6 - https:\/\/yoast.com\/wordpress\/plugins\/seo\/ -->\n<title>Dicas de como plantar manjeric\u00e3o de forma simples<\/title>\n<meta name=\"description\" content=\"Descubra como plantar manjeric\u00e3o em casa, aproveitando seus benef\u00edcios na culin\u00e1ria e sa\u00fade. Guia completo!\" \/>\n<meta name=\"robots\" content=\"index, follow, max-snippet:-1, max-image-preview:large, max-video-preview:-1\" \/>\n<link rel=\"canonical\" href=\"https:\/\/www.correiobraziliense.com.br\/cbradar\/dicas-de-como-plantar-manjericao-de-forma-simples\/\" \/>\n<meta property=\"og:locale\" content=\"pt_BR\" \/>\n<meta property=\"og:type\" content=\"article\" \/>\n<meta property=\"og:title\" content=\"Dicas de como plantar manjeric\u00e3o de forma simples\" \/>\n<meta property=\"og:description\" content=\"Descubra como plantar manjeric\u00e3o em casa, aproveitando seus benef\u00edcios na culin\u00e1ria e sa\u00fade. Guia completo!\" \/>\n<meta property=\"og:url\" content=\"https:\/\/www.correiobraziliense.com.br\/cbradar\/dicas-de-como-plantar-manjericao-de-forma-simples\/\" \/>\n<meta property=\"og:site_name\" content=\"Correio Braziliense - Radar\" \/>\n<meta property=\"article:published_time\" content=\"2025-03-18T16:30:00+00:00\" \/>\n<meta property=\"og:image\" content=\"https:\/\/www.correiobraziliense.com.br\/cbradar\/wp-content\/uploads\/2025\/03\/Manjericao_1742218773441.jpg\" \/>\n\t<meta property=\"og:image:width\" content=\"1280\" \/>\n\t<meta property=\"og:image:height\" content=\"720\" \/>\n\t<meta property=\"og:image:type\" content=\"image\/jpeg\" \/>\n<meta name=\"author\" content=\"Larissa Carvalho\" \/>\n<meta name=\"twitter:card\" content=\"summary_large_image\" \/>\n<meta name=\"twitter:label1\" content=\"Escrito por\" \/>\n\t<meta name=\"twitter:data1\" content=\"Larissa Carvalho\" \/>\n\t<meta name=\"twitter:label2\" content=\"Est. tempo de leitura\" \/>\n\t<meta name=\"twitter:data2\" content=\"4 minutos\" \/>\n<!-- \/ Yoast SEO plugin. -->","yoast_head_json":{"title":"Dicas de como plantar manjeric\u00e3o de forma simples","description":"Descubra como plantar manjeric\u00e3o em casa, aproveitando seus benef\u00edcios na culin\u00e1ria e sa\u00fade. Guia completo!","robots":{"index":"index","follow":"follow","max-snippet":"max-snippet:-1","max-image-preview":"max-image-preview:large","max-video-preview":"max-video-preview:-1"},"canonical":"https:\/\/www.correiobraziliense.com.br\/cbradar\/dicas-de-como-plantar-manjericao-de-forma-simples\/","og_locale":"pt_BR","og_type":"article","og_title":"Dicas de como plantar manjeric\u00e3o de forma simples","og_description":"Descubra como plantar manjeric\u00e3o em casa, aproveitando seus benef\u00edcios na culin\u00e1ria e sa\u00fade. Guia completo!","og_url":"https:\/\/www.correiobraziliense.com.br\/cbradar\/dicas-de-como-plantar-manjericao-de-forma-simples\/","og_site_name":"Correio Braziliense - Radar","article_published_time":"2025-03-18T16:30:00+00:00","og_image":[{"width":1280,"height":720,"url":"https:\/\/www.correiobraziliense.com.br\/cbradar\/wp-content\/uploads\/2025\/03\/Manjericao_1742218773441.jpg","type":"image\/jpeg"}],"author":"Larissa Carvalho","twitter_card":"summary_large_image","twitter_misc":{"Escrito por":"Larissa Carvalho","Est. tempo de leitura":"4 minutos"},"schema":{"@context":"https:\/\/schema.org","@graph":[{"@type":"WebPage","@id":"https:\/\/www.correiobraziliense.com.br\/cbradar\/dicas-de-como-plantar-manjericao-de-forma-simples\/","url":"https:\/\/www.correiobraziliense.com.br\/cbradar\/dicas-de-como-plantar-manjericao-de-forma-simples\/","name":"Dicas de como plantar manjeric\u00e3o de forma simples","isPartOf":{"@id":"https:\/\/www.correiobraziliense.com.br\/cbradar\/#website"},"primaryImageOfPage":{"@id":"https:\/\/www.correiobraziliense.com.br\/cbradar\/dicas-de-como-plantar-manjericao-de-forma-simples\/#primaryimage"},"image":{"@id":"https:\/\/www.correiobraziliense.com.br\/cbradar\/dicas-de-como-plantar-manjericao-de-forma-simples\/#primaryimage"},"thumbnailUrl":"https:\/\/www.correiobraziliense.com.br\/cbradar\/wp-content\/uploads\/2025\/03\/Manjericao_1742218773441.jpg","datePublished":"2025-03-18T16:30:00+00:00","author":{"@id":"https:\/\/www.correiobraziliense.com.br\/cbradar\/#\/schema\/person\/58422787644df994b53a19d3e56c1513"},"description":"Descubra como plantar manjeric\u00e3o em casa, aproveitando seus benef\u00edcios na culin\u00e1ria e sa\u00fade. Guia completo!","breadcrumb":{"@id":"https:\/\/www.correiobraziliense.com.br\/cbradar\/dicas-de-como-plantar-manjericao-de-forma-simples\/#breadcrumb"},"inLanguage":"pt-BR","potentialAction":[{"@type":"ReadAction","target":["https:\/\/www.correiobraziliense.com.br\/cbradar\/dicas-de-como-plantar-manjericao-de-forma-simples\/"]}]},{"@type":"ImageObject","inLanguage":"pt-BR","@id":"https:\/\/www.correiobraziliense.com.br\/cbradar\/dicas-de-como-plantar-manjericao-de-forma-simples\/#primaryimage","url":"https:\/\/www.correiobraziliense.com.br\/cbradar\/wp-content\/uploads\/2025\/03\/Manjericao_1742218773441.jpg","contentUrl":"https:\/\/www.correiobraziliense.com.br\/cbradar\/wp-content\/uploads\/2025\/03\/Manjericao_1742218773441.jpg","width":1280,"height":720,"caption":"Manjeric\u00e3o. Cr\u00e9ditos: depositphotos.com \/ AntonMatyukha"},{"@type":"BreadcrumbList","@id":"https:\/\/www.correiobraziliense.com.br\/cbradar\/dicas-de-como-plantar-manjericao-de-forma-simples\/#breadcrumb","itemListElement":[{"@type":"ListItem","position":1,"name":"In\u00edcio","item":"https:\/\/www.correiobraziliense.com.br\/cbradar\/"},{"@type":"ListItem","position":2,"name":"Dicas de como plantar manjeric\u00e3o de forma simples"}]},{"@type":"WebSite","@id":"https:\/\/www.correiobraziliense.com.br\/cbradar\/#website","url":"https:\/\/www.correiobraziliense.com.br\/cbradar\/","name":"Correio Braziliense - Radar","description":"Acompanhe as \u00faltimas not\u00edcias e fique bem informado sobre tudo o que acontece no Brasil e no mundo.","potentialAction":[{"@type":"SearchAction","target":{"@type":"EntryPoint","urlTemplate":"https:\/\/www.correiobraziliense.com.br\/cbradar\/?s={search_term_string}"},"query-input":{"@type":"PropertyValueSpecification","valueRequired":true,"valueName":"search_term_string"}}],"inLanguage":"pt-BR"},{"@type":"Person","@id":"https:\/\/www.correiobraziliense.com.br\/cbradar\/#\/schema\/person\/58422787644df994b53a19d3e56c1513","name":"Larissa Carvalho","image":{"@type":"ImageObject","inLanguage":"pt-BR","@id":"https:\/\/www.correiobraziliense.com.br\/cbradar\/#\/schema\/person\/image\/","url":"https:\/\/secure.gravatar.com\/avatar\/fe4f91a0de32b52a838d0d612abdc1aa?s=96&d=mm&r=g","contentUrl":"https:\/\/secure.gravatar.com\/avatar\/fe4f91a0de32b52a838d0d612abdc1aa?s=96&d=mm&r=g","caption":"Larissa Carvalho"},"url":"https:\/\/www.correiobraziliense.com.br\/cbradar\/author\/larissamyth\/"}]}},"_links":{"self":[{"href":"https:\/\/www.correiobraziliense.com.br\/cbradar\/wp-json\/wp\/v2\/posts\/13156","targetHints":{"allow":["GET"]}}],"collection":[{"href":"https:\/\/www.correiobraziliense.com.br\/cbradar\/wp-json\/wp\/v2\/posts"}],"about":[{"href":"https:\/\/www.correiobraziliense.com.br\/cbradar\/wp-json\/wp\/v2\/types\/post"}],"author":[{"embeddable":true,"href":"https:\/\/www.correiobraziliense.com.br\/cbradar\/wp-json\/wp\/v2\/users\/3"}],"replies":[{"embeddable":true,"href":"https:\/\/www.correiobraziliense.com.br\/cbradar\/wp-json\/wp\/v2\/comments?post=13156"}],"version-history":[{"count":2,"href":"https:\/\/www.correiobraziliense.com.br\/cbradar\/wp-json\/wp\/v2\/posts\/13156\/revisions"}],"predecessor-version":[{"id":13373,"href":"https:\/\/www.correiobraziliense.com.br\/cbradar\/wp-json\/wp\/v2\/posts\/13156\/revisions\/13373"}],"wp:featuredmedia":[{"embeddable":true,"href":"https:\/\/www.correiobraziliense.com.br\/cbradar\/wp-json\/wp\/v2\/media\/13159"}],"wp:attachment":[{"href":"https:\/\/www.correiobraziliense.com.br\/cbradar\/wp-json\/wp\/v2\/media?parent=13156"}],"wp:term":[{"taxonomy":"category","embeddable":true,"href":"https:\/\/www.correiobraziliense.com.br\/cbradar\/wp-json\/wp\/v2\/categories?post=13156"},{"taxonomy":"post_tag","embeddable":true,"href":"https:\/\/www.correiobraziliense.com.br\/cbradar\/wp-json\/wp\/v2\/post_tag?post=13156"}],"curies":[{"name":"wp","href":"https:\/\/api.w.org\/{rel}","templated":true}]}}