{"id":131817,"date":"2025-11-06T13:05:39","date_gmt":"2025-11-06T16:05:39","guid":{"rendered":"https:\/\/www.correiobraziliense.com.br\/cbradar\/?p=131817"},"modified":"2025-11-05T12:43:33","modified_gmt":"2025-11-05T15:43:33","slug":"a-fruta-com-nome-delicioso-que-pode-causar-desconforto-se-consumida-cedo-demais","status":"publish","type":"post","link":"https:\/\/www.correiobraziliense.com.br\/cbradar\/a-fruta-com-nome-delicioso-que-pode-causar-desconforto-se-consumida-cedo-demais\/","title":{"rendered":"A fruta com nome delicioso que pode causar desconforto se consumida cedo demais"},"content":{"rendered":"\n<p>Apesar do nome sugestivo, nem sempre a <em><strong>Monstera deliciosa<\/strong><\/em> \u00e9 pr\u00f3pria para o consumo imediato. Esta <strong>fruta ex\u00f3tica<\/strong> oriunda de uma <strong>planta ornamental<\/strong> atrai tanto pela sua apar\u00eancia quanto pelo sabor, mas exige aten\u00e7\u00e3o ao tempo certo de <strong>matura\u00e7\u00e3o<\/strong> para n\u00e3o oferecer riscos \u00e0 sa\u00fade.<\/p>\n\n\n\n<h2 class=\"wp-block-heading\">Quando a Monstera deliciosa est\u00e1 realmente pronta para ser consumida<\/h2>\n\n\n\n<p>A <strong>Monstera deliciosa<\/strong> s\u00f3 pode ser saboreada com seguran\u00e7a quando atinge sua <strong>matura\u00e7\u00e3o completa<\/strong>. Nesta fase, apresenta <strong>aroma mais adocicado<\/strong> e sua <strong>casca<\/strong> come\u00e7a a soltar-se naturalmente, indicando que n\u00e3o traz mais os riscos associados ao fruto verde.<\/p>\n\n\n\n<p>O processo de <strong>amadurecimento<\/strong> pode continuar ap\u00f3s a colheita, permitindo ao consumidor acompanhar os sinais de prontid\u00e3o em sua casa. Observar o estado da <strong>casca<\/strong> e o <strong>perfume<\/strong> exalado s\u00e3o os principais m\u00e9todos para garantir o momento ideal do consumo.<\/p>\n\n\n\n<iframe loading=\"lazy\" width=\"560\" height=\"315\" src=\"https:\/\/www.youtube.com\/embed\/XiQP4fchSDE?si=doWrqxWH9W0em1EQ\" title=\"YouTube video player\" frameborder=\"0\" allow=\"accelerometer; autoplay; clipboard-write; encrypted-media; gyroscope; picture-in-picture; web-share\" referrerpolicy=\"strict-origin-when-cross-origin\" allowfullscreen><\/iframe>\n\n\n\n<h2 class=\"wp-block-heading\">Quais s\u00e3o os sinais vis\u00edveis e olfativos de matura\u00e7\u00e3o segura<\/h2>\n\n\n\n<p>Na <strong>Monstera deliciosa<\/strong>, certos indicadores ajudam a reconhecer quando a fruta est\u00e1 apta ao consumo. O <strong>amadurecimento<\/strong> reduz drasticamente os n\u00edveis de <strong>oxalato de c\u00e1lcio<\/strong> presentes, tornando o fruto seguro e agrad\u00e1vel.<\/p>\n\n\n\n<p>\u00c9 importante identificar estes detalhes antes de se aventurar a experimentar a fruta. Abaixo est\u00e3o os sinais que revelam quando consumir com seguran\u00e7a:<\/p>\n\n\n\n<ul class=\"wp-block-list\">\n<li><strong>Casca<\/strong> come\u00e7ando a soltar sozinha, de forma natural;<\/li>\n\n\n\n<li><strong>Aroma doce<\/strong> e caracter\u00edstico, bem percept\u00edvel;<\/li>\n\n\n\n<li>Aus\u00eancia de partes endurecidas ou vest\u00edgios esbranqui\u00e7ados dos cristais.<\/li>\n<\/ul>\n\n\n\n<p>Leia mais:&nbsp;<a href=\"https:\/\/www.correiobraziliense.com.br\/cbradar\/esta-erva-amarga-pode-ser-o-segredo-natural-mais-eficaz-para-desintoxicacao\/\" target=\"_blank\" rel=\"noopener\">Esta erva amarga pode ser o segredo natural mais eficaz para desintoxica\u00e7\u00e3o<\/a><\/p>\n\n\n\n<h2 class=\"wp-block-heading\">Por que a Monstera deliciosa apresenta riscos se ingerida antes do tempo<\/h2>\n\n\n\n<p>A ingest\u00e3o precoce de <strong>Monstera deliciosa<\/strong> pode causar desconfortos devido aos cristais de <strong>oxalato de c\u00e1lcio<\/strong>, que atuam como pequenas agulhas microsc\u00f3picas, irritando a <strong>boca<\/strong> e a <strong>garganta<\/strong> e podendo provocar dor intensa, queima\u00e7\u00e3o e at\u00e9 dificuldades para respirar.<\/p>\n\n\n\n<p>Em casos mais graves, o contato desses cristais com as <strong>mucosas<\/strong> pode exigir cuidado m\u00e9dico. Por isso, nunca consuma a fruta enquanto ela apresentar partes verdes, duras ou sem aroma.<\/p>\n\n\n<div class=\"wp-block-image\">\n<figure class=\"aligncenter size-large\"><img decoding=\"async\" width=\"1024\" height=\"576\" src=\"https:\/\/www.correiobraziliense.com.br\/cbradar\/wp-content\/uploads\/2025\/11\/Monstera-deliciosa-fruta_1762356862096-1024x576.jpg\" alt=\"\" class=\"wp-image-131838\" srcset=\"https:\/\/www.correiobraziliense.com.br\/cbradar\/wp-content\/uploads\/2025\/11\/Monstera-deliciosa-fruta_1762356862096-1024x576.jpg 1024w, https:\/\/www.correiobraziliense.com.br\/cbradar\/wp-content\/uploads\/2025\/11\/Monstera-deliciosa-fruta_1762356862096-300x169.jpg 300w, https:\/\/www.correiobraziliense.com.br\/cbradar\/wp-content\/uploads\/2025\/11\/Monstera-deliciosa-fruta_1762356862096-768x432.jpg 768w, https:\/\/www.correiobraziliense.com.br\/cbradar\/wp-content\/uploads\/2025\/11\/Monstera-deliciosa-fruta_1762356862096-750x422.jpg 750w, https:\/\/www.correiobraziliense.com.br\/cbradar\/wp-content\/uploads\/2025\/11\/Monstera-deliciosa-fruta_1762356862096-1140x641.jpg 1140w, https:\/\/www.correiobraziliense.com.br\/cbradar\/wp-content\/uploads\/2025\/11\/Monstera-deliciosa-fruta_1762356862096.jpg 1280w\" sizes=\"(max-width: 1024px) 100vw, 1024px\" \/><figcaption class=\"wp-element-caption\">A ingest\u00e3o precoce de Monstera deliciosa pode causar desconfortos devido aos cristais de oxalato de c\u00e1lcio &#8211; Cr\u00e9ditos: depositphotos.com \/ Skaldis<\/figcaption><\/figure><\/div>\n\n\n<h2 class=\"wp-block-heading\">Quais os cuidados essenciais ao consumir ou cultivar Monstera deliciosa<\/h2>\n\n\n\n<p>O maior segredo para evitar riscos \u00e9 respeitar o tempo de <strong>matura\u00e7\u00e3o<\/strong> da fruta e garantir que <strong>crian\u00e7as<\/strong> ou pessoas desavisadas n\u00e3o tenham acesso antes do est\u00e1gio seguro. Informar familiares e amigos sobre os perigos, al\u00e9m de n\u00e3o antecipar o consumo, s\u00e3o pr\u00e1ticas recomendadas.<\/p>\n\n\n\n<p>Manter a <strong>Monstera deliciosa<\/strong> em local fora do alcance de quem desconhece seus riscos e compartilhar orienta\u00e7\u00f5es corretas faz parte do cuidado necess\u00e1rio no cultivo dessa <strong>planta ornamental<\/strong> e comest\u00edvel.<\/p>\n\n\n\n<p><strong>Aviso final<\/strong>: Consuma apenas a <strong>fruta madura<\/strong> e certifique-se de que os <strong>sinais de seguran\u00e7a<\/strong> estejam presentes. O respeito ao tempo de cada alimento garante <strong>sa\u00fade<\/strong> e prazer \u00e0 mesa.<\/p>\n","protected":false},"excerpt":{"rendered":"<p>Apesar do nome sugestivo, nem sempre a Monstera deliciosa \u00e9 pr\u00f3pria para o consumo imediato. Esta fruta ex\u00f3tica oriunda de uma planta ornamental atrai tanto pela sua apar\u00eancia quanto pelo sabor, mas exige aten\u00e7\u00e3o ao tempo certo de matura\u00e7\u00e3o para n\u00e3o oferecer riscos \u00e0 sa\u00fade. Quando a Monstera deliciosa est\u00e1 realmente pronta para ser consumida [&hellip;]<\/p>\n","protected":false},"author":9,"featured_media":131837,"comment_status":"open","ping_status":"open","sticky":false,"template":"","format":"standard","meta":{"_yoast_wpseo_focuskw":"Monstera deliciosa","_yoast_wpseo_title":"%%title%% %%page%%","_yoast_wpseo_metadesc":"Essa fruta ex\u00f3tica est\u00e1 chamando aten\u00e7\u00e3o por seu sabor e riscos. Descubra os sinais que indicam quando \u00e9 segura para consumo.","jnews-multi-image_gallery":[],"jnews_single_post":{"format":"standard"},"jnews_primary_category":[],"jnews_social_meta":[],"jnews_override_counter":[],"footnotes":""},"categories":[119,4404],"post_tag":[11417,11416],"class_list":["post-131817","post","type-post","status-publish","format-standard","has-post-thumbnail","hentry","category-bem-estar","category-saude","tag-fruta-fruta-exotica","tag-monstera-deliciosa"],"yoast_head":"<!-- This site is optimized with the Yoast SEO plugin v24.6 - https:\/\/yoast.com\/wordpress\/plugins\/seo\/ -->\n<title>A fruta com nome delicioso que pode causar desconforto se consumida cedo demais<\/title>\n<meta name=\"description\" content=\"Essa fruta ex\u00f3tica est\u00e1 chamando aten\u00e7\u00e3o por seu sabor e riscos. Descubra os sinais que indicam quando \u00e9 segura para consumo.\" \/>\n<meta name=\"robots\" content=\"index, follow, max-snippet:-1, max-image-preview:large, max-video-preview:-1\" \/>\n<link rel=\"canonical\" href=\"https:\/\/www.correiobraziliense.com.br\/cbradar\/a-fruta-com-nome-delicioso-que-pode-causar-desconforto-se-consumida-cedo-demais\/\" \/>\n<meta property=\"og:locale\" content=\"pt_BR\" \/>\n<meta property=\"og:type\" content=\"article\" \/>\n<meta property=\"og:title\" content=\"A fruta com nome delicioso que pode causar desconforto se consumida cedo demais\" \/>\n<meta property=\"og:description\" content=\"Essa fruta ex\u00f3tica est\u00e1 chamando aten\u00e7\u00e3o por seu sabor e riscos. Descubra os sinais que indicam quando \u00e9 segura para consumo.\" \/>\n<meta property=\"og:url\" content=\"https:\/\/www.correiobraziliense.com.br\/cbradar\/a-fruta-com-nome-delicioso-que-pode-causar-desconforto-se-consumida-cedo-demais\/\" \/>\n<meta property=\"og:site_name\" content=\"Correio Braziliense - Radar\" \/>\n<meta property=\"article:published_time\" content=\"2025-11-06T16:05:39+00:00\" \/>\n<meta property=\"og:image\" content=\"https:\/\/www.correiobraziliense.com.br\/cbradar\/wp-content\/uploads\/2025\/11\/Monstera-deliciosa_1762356280983.jpg\" \/>\n\t<meta property=\"og:image:width\" content=\"1280\" \/>\n\t<meta property=\"og:image:height\" content=\"720\" \/>\n\t<meta property=\"og:image:type\" content=\"image\/jpeg\" \/>\n<meta name=\"author\" content=\"Daniely Cardoso\" \/>\n<meta name=\"twitter:card\" content=\"summary_large_image\" \/>\n<meta name=\"twitter:label1\" content=\"Escrito por\" \/>\n\t<meta name=\"twitter:data1\" content=\"Daniely Cardoso\" \/>\n\t<meta name=\"twitter:label2\" content=\"Est. tempo de leitura\" \/>\n\t<meta name=\"twitter:data2\" content=\"3 minutos\" \/>\n<!-- \/ Yoast SEO plugin. -->","yoast_head_json":{"title":"A fruta com nome delicioso que pode causar desconforto se consumida cedo demais","description":"Essa fruta ex\u00f3tica est\u00e1 chamando aten\u00e7\u00e3o por seu sabor e riscos. Descubra os sinais que indicam quando \u00e9 segura para consumo.","robots":{"index":"index","follow":"follow","max-snippet":"max-snippet:-1","max-image-preview":"max-image-preview:large","max-video-preview":"max-video-preview:-1"},"canonical":"https:\/\/www.correiobraziliense.com.br\/cbradar\/a-fruta-com-nome-delicioso-que-pode-causar-desconforto-se-consumida-cedo-demais\/","og_locale":"pt_BR","og_type":"article","og_title":"A fruta com nome delicioso que pode causar desconforto se consumida cedo demais","og_description":"Essa fruta ex\u00f3tica est\u00e1 chamando aten\u00e7\u00e3o por seu sabor e riscos. Descubra os sinais que indicam quando \u00e9 segura para consumo.","og_url":"https:\/\/www.correiobraziliense.com.br\/cbradar\/a-fruta-com-nome-delicioso-que-pode-causar-desconforto-se-consumida-cedo-demais\/","og_site_name":"Correio Braziliense - Radar","article_published_time":"2025-11-06T16:05:39+00:00","og_image":[{"width":1280,"height":720,"url":"https:\/\/www.correiobraziliense.com.br\/cbradar\/wp-content\/uploads\/2025\/11\/Monstera-deliciosa_1762356280983.jpg","type":"image\/jpeg"}],"author":"Daniely Cardoso","twitter_card":"summary_large_image","twitter_misc":{"Escrito por":"Daniely Cardoso","Est. tempo de leitura":"3 minutos"},"schema":{"@context":"https:\/\/schema.org","@graph":[{"@type":"WebPage","@id":"https:\/\/www.correiobraziliense.com.br\/cbradar\/a-fruta-com-nome-delicioso-que-pode-causar-desconforto-se-consumida-cedo-demais\/","url":"https:\/\/www.correiobraziliense.com.br\/cbradar\/a-fruta-com-nome-delicioso-que-pode-causar-desconforto-se-consumida-cedo-demais\/","name":"A fruta com nome delicioso que pode causar desconforto se consumida cedo demais","isPartOf":{"@id":"https:\/\/www.correiobraziliense.com.br\/cbradar\/#website"},"primaryImageOfPage":{"@id":"https:\/\/www.correiobraziliense.com.br\/cbradar\/a-fruta-com-nome-delicioso-que-pode-causar-desconforto-se-consumida-cedo-demais\/#primaryimage"},"image":{"@id":"https:\/\/www.correiobraziliense.com.br\/cbradar\/a-fruta-com-nome-delicioso-que-pode-causar-desconforto-se-consumida-cedo-demais\/#primaryimage"},"thumbnailUrl":"https:\/\/www.correiobraziliense.com.br\/cbradar\/wp-content\/uploads\/2025\/11\/Monstera-deliciosa_1762356280983.jpg","datePublished":"2025-11-06T16:05:39+00:00","author":{"@id":"https:\/\/www.correiobraziliense.com.br\/cbradar\/#\/schema\/person\/7356666e12ec0ee53f348ee5db227032"},"description":"Essa fruta ex\u00f3tica est\u00e1 chamando aten\u00e7\u00e3o por seu sabor e riscos. Descubra os sinais que indicam quando \u00e9 segura para consumo.","breadcrumb":{"@id":"https:\/\/www.correiobraziliense.com.br\/cbradar\/a-fruta-com-nome-delicioso-que-pode-causar-desconforto-se-consumida-cedo-demais\/#breadcrumb"},"inLanguage":"pt-BR","potentialAction":[{"@type":"ReadAction","target":["https:\/\/www.correiobraziliense.com.br\/cbradar\/a-fruta-com-nome-delicioso-que-pode-causar-desconforto-se-consumida-cedo-demais\/"]}]},{"@type":"ImageObject","inLanguage":"pt-BR","@id":"https:\/\/www.correiobraziliense.com.br\/cbradar\/a-fruta-com-nome-delicioso-que-pode-causar-desconforto-se-consumida-cedo-demais\/#primaryimage","url":"https:\/\/www.correiobraziliense.com.br\/cbradar\/wp-content\/uploads\/2025\/11\/Monstera-deliciosa_1762356280983.jpg","contentUrl":"https:\/\/www.correiobraziliense.com.br\/cbradar\/wp-content\/uploads\/2025\/11\/Monstera-deliciosa_1762356280983.jpg","width":1280,"height":720,"caption":"A Monstera deliciosa s\u00f3 pode ser saboreada com seguran\u00e7a quando atinge sua matura\u00e7\u00e3o completa - Cr\u00e9ditos: depositphotos.com \/ photohampster"},{"@type":"BreadcrumbList","@id":"https:\/\/www.correiobraziliense.com.br\/cbradar\/a-fruta-com-nome-delicioso-que-pode-causar-desconforto-se-consumida-cedo-demais\/#breadcrumb","itemListElement":[{"@type":"ListItem","position":1,"name":"In\u00edcio","item":"https:\/\/www.correiobraziliense.com.br\/cbradar\/"},{"@type":"ListItem","position":2,"name":"A fruta com nome delicioso que pode causar desconforto se consumida cedo demais"}]},{"@type":"WebSite","@id":"https:\/\/www.correiobraziliense.com.br\/cbradar\/#website","url":"https:\/\/www.correiobraziliense.com.br\/cbradar\/","name":"Correio Braziliense - Radar","description":"Acompanhe as \u00faltimas not\u00edcias e fique bem informado sobre tudo o que acontece no Brasil e no mundo.","potentialAction":[{"@type":"SearchAction","target":{"@type":"EntryPoint","urlTemplate":"https:\/\/www.correiobraziliense.com.br\/cbradar\/?s={search_term_string}"},"query-input":{"@type":"PropertyValueSpecification","valueRequired":true,"valueName":"search_term_string"}}],"inLanguage":"pt-BR"},{"@type":"Person","@id":"https:\/\/www.correiobraziliense.com.br\/cbradar\/#\/schema\/person\/7356666e12ec0ee53f348ee5db227032","name":"Daniely Cardoso","image":{"@type":"ImageObject","inLanguage":"pt-BR","@id":"https:\/\/www.correiobraziliense.com.br\/cbradar\/#\/schema\/person\/image\/","url":"https:\/\/secure.gravatar.com\/avatar\/4b80ddbd124d1f071b626d52d62e5dff?s=96&d=mm&r=g","contentUrl":"https:\/\/secure.gravatar.com\/avatar\/4b80ddbd124d1f071b626d52d62e5dff?s=96&d=mm&r=g","caption":"Daniely Cardoso"},"description":"Redatora nos portais CB Radar e EM Foco, formada pela Universidade Federal de Goi\u00e1s, em Goi\u00e2nia. Apaixonada por comunica\u00e7\u00e3o, arte, decora\u00e7\u00e3o e tend\u00eancias, atuo na produ\u00e7\u00e3o de conte\u00fados envolventes sobre curiosidades, moda, beleza e paisagismo, sempre com um olhar atento \u00e0s novidades do momento.","sameAs":["https:\/\/www.correiobraziliense.com.br\/cbradar"],"url":"https:\/\/www.correiobraziliense.com.br\/cbradar\/author\/danielymyth\/"}]}},"_links":{"self":[{"href":"https:\/\/www.correiobraziliense.com.br\/cbradar\/wp-json\/wp\/v2\/posts\/131817","targetHints":{"allow":["GET"]}}],"collection":[{"href":"https:\/\/www.correiobraziliense.com.br\/cbradar\/wp-json\/wp\/v2\/posts"}],"about":[{"href":"https:\/\/www.correiobraziliense.com.br\/cbradar\/wp-json\/wp\/v2\/types\/post"}],"author":[{"embeddable":true,"href":"https:\/\/www.correiobraziliense.com.br\/cbradar\/wp-json\/wp\/v2\/users\/9"}],"replies":[{"embeddable":true,"href":"https:\/\/www.correiobraziliense.com.br\/cbradar\/wp-json\/wp\/v2\/comments?post=131817"}],"version-history":[{"count":2,"href":"https:\/\/www.correiobraziliense.com.br\/cbradar\/wp-json\/wp\/v2\/posts\/131817\/revisions"}],"predecessor-version":[{"id":131841,"href":"https:\/\/www.correiobraziliense.com.br\/cbradar\/wp-json\/wp\/v2\/posts\/131817\/revisions\/131841"}],"wp:featuredmedia":[{"embeddable":true,"href":"https:\/\/www.correiobraziliense.com.br\/cbradar\/wp-json\/wp\/v2\/media\/131837"}],"wp:attachment":[{"href":"https:\/\/www.correiobraziliense.com.br\/cbradar\/wp-json\/wp\/v2\/media?parent=131817"}],"wp:term":[{"taxonomy":"category","embeddable":true,"href":"https:\/\/www.correiobraziliense.com.br\/cbradar\/wp-json\/wp\/v2\/categories?post=131817"},{"taxonomy":"post_tag","embeddable":true,"href":"https:\/\/www.correiobraziliense.com.br\/cbradar\/wp-json\/wp\/v2\/post_tag?post=131817"}],"curies":[{"name":"wp","href":"https:\/\/api.w.org\/{rel}","templated":true}]}}