{"id":13184,"date":"2025-03-19T14:30:00","date_gmt":"2025-03-19T17:30:00","guid":{"rendered":"https:\/\/www.correiobraziliense.com.br\/cbradar\/?p=13184"},"modified":"2025-03-18T13:28:39","modified_gmt":"2025-03-18T16:28:39","slug":"roger-federer-construiu-um-patrimonio-surpreendente-com-o-tenis-veja","status":"publish","type":"post","link":"https:\/\/www.correiobraziliense.com.br\/cbradar\/roger-federer-construiu-um-patrimonio-surpreendente-com-o-tenis-veja\/","title":{"rendered":"Roger Federer construiu um patrim\u00f4nio surpreendente com o t\u00eanis, veja"},"content":{"rendered":"\n<p><strong>Roger<\/strong> <strong>Federer <\/strong>\u00e9 amplamente reconhecido como um dos maiores tenistas de todos os tempos. Nascido em 8 de agosto de 1981, em <strong>Basil\u00e9ia<\/strong>, <strong>Su\u00ed\u00e7a<\/strong>, Federer iniciou sua carreira profissional no t\u00eanis em 1998. Desde ent\u00e3o, acumulou uma s\u00e9rie de conquistas not\u00e1veis, incluindo 20 t\u00edtulos de Grand Slam, um recorde que solidificou sua posi\u00e7\u00e3o na hist\u00f3ria do esporte. Al\u00e9m de suas realiza\u00e7\u00f5es dentro das quadras, Federer tamb\u00e9m se destacou no mundo dos neg\u00f3cios, tornando-se um investidor de sucesso.<\/p>\n\n\n\n<p>O primeiro grande marco de Federer no t\u00eanis ocorreu em 2003, quando venceu seu primeiro Grand Slam em Wimbledon. Essa vit\u00f3ria foi um ponto de virada em sua carreira, marcando o in\u00edcio de um dom\u00ednio que duraria anos. Conhecido por sua habilidade t\u00e9cnica e postura humilde, Federer rapidamente se tornou uma figura respeitada e admirada, tanto por f\u00e3s quanto por patrocinadores.<\/p>\n\n\n\n<h2 class=\"wp-block-heading\">Qual a hist\u00f3ria de Roger Federer no t\u00eanis?<\/h2>\n\n\n\n<p>Ap\u00f3s sua vit\u00f3ria em Wimbledon em 2003, Roger Federer alcan\u00e7ou o topo do ranking da ATP em 2004, mantendo-se como n\u00famero um por 237 semanas consecutivas. Durante esse per\u00edodo, ele enfrentou e superou grandes rivais, como Rafael Nadal e Novak Djokovic, em diversas ocasi\u00f5es. Em 2009, Federer conquistou o t\u00edtulo de Roland Garros, completando o Career Grand Slam, um feito raro entre os tenistas.<\/p>\n\n\n\n<figure class=\"wp-block-image size-large\"><img decoding=\"async\" width=\"1024\" height=\"576\" src=\"https:\/\/www.correiobraziliense.com.br\/cbradar\/wp-content\/uploads\/2025\/03\/Roger-Federer_1742220441370-1024x576.jpg\" alt=\"Roger Federer: Do T\u00eanis aos Grandes Investimentos\" class=\"wp-image-13189\" srcset=\"https:\/\/www.correiobraziliense.com.br\/cbradar\/wp-content\/uploads\/2025\/03\/Roger-Federer_1742220441370-1024x576.jpg 1024w, https:\/\/www.correiobraziliense.com.br\/cbradar\/wp-content\/uploads\/2025\/03\/Roger-Federer_1742220441370-300x169.jpg 300w, https:\/\/www.correiobraziliense.com.br\/cbradar\/wp-content\/uploads\/2025\/03\/Roger-Federer_1742220441370-768x432.jpg 768w, https:\/\/www.correiobraziliense.com.br\/cbradar\/wp-content\/uploads\/2025\/03\/Roger-Federer_1742220441370-750x422.jpg 750w, https:\/\/www.correiobraziliense.com.br\/cbradar\/wp-content\/uploads\/2025\/03\/Roger-Federer_1742220441370-1140x641.jpg 1140w, https:\/\/www.correiobraziliense.com.br\/cbradar\/wp-content\/uploads\/2025\/03\/Roger-Federer_1742220441370.jpg 1280w\" sizes=\"(max-width: 1024px) 100vw, 1024px\" \/><figcaption class=\"wp-element-caption\">Roger Federer.Cr\u00e9ditos: depositphotos.com \/ livephotosport<\/figcaption><\/figure>\n\n\n\n<p>Apesar de enfrentar les\u00f5es ao longo de sua carreira, Federer sempre demonstrou resili\u00eancia. Em 2017, ap\u00f3s um per\u00edodo de recupera\u00e7\u00e3o, ele voltou a surpreender o mundo do t\u00eanis ao vencer dois Grand Slams, consolidando ainda mais sua lenda. Seu vig\u00e9simo t\u00edtulo de Grand Slam veio em 2018, quando venceu o Australian Open, tornando-se o campe\u00e3o mais velho a alcan\u00e7ar tal feito.<\/p>\n\n\n\n<h2 class=\"wp-block-heading\">Quais s\u00e3o os investimentos de Roger Federer?<\/h2>\n\n\n\n<p>Al\u00e9m de suas conquistas no t\u00eanis, Roger Federer tamb\u00e9m se destacou como investidor. Ap\u00f3s o t\u00e9rmino de seu contrato com a Nike em 2018, ele assinou um acordo de 10 anos com a Uniqlo, avaliado em 300 milh\u00f5es de d\u00f3lares. Essa parceria permitiu que Federer explorasse novas oportunidades de neg\u00f3cios, incluindo a liberdade de escolher seus pr\u00f3prios cal\u00e7ados.<\/p>\n\n\n\n<p>Federer tornou-se s\u00f3cio da On Running, uma marca su\u00ed\u00e7a de cal\u00e7ados esportivos, e desempenhou um papel crucial em sua populariza\u00e7\u00e3o global. Em 2021, a On Running realizou um IPO bem-sucedido em Wall Street, com as a\u00e7\u00f5es valorizando-se significativamente. Al\u00e9m disso, Federer investiu na startup chilena NotCo, que se concentra em alimentos \u00e0 base de plantas, demonstrando seu interesse em diversificar seus investimentos.<\/p>\n\n\n\n<h2 class=\"wp-block-heading\">Como Roger Federer come\u00e7ou a investir?<\/h2>\n\n\n\n<p>A transi\u00e7\u00e3o de Roger Federer de tenista para investidor come\u00e7ou a ganhar forma ap\u00f3s o t\u00e9rmino de seu contrato com a Nike. Ao inv\u00e9s de renovar com a gigante do vestu\u00e1rio esportivo, Federer optou por um acordo mais lucrativo com a Uniqlo, que lhe ofereceu uma seguran\u00e7a financeira significativa, mesmo ap\u00f3s sua aposentadoria. Essa decis\u00e3o estrat\u00e9gica abriu caminho para que ele explorasse outras oportunidades de investimento.<\/p>\n\n\n\n<p>Federer tamb\u00e9m aproveitou sua influ\u00eancia e reputa\u00e7\u00e3o para se associar a marcas emergentes, como a On Running. Ao se tornar s\u00f3cio e embaixador global da marca, ele n\u00e3o apenas investiu financeiramente, mas tamb\u00e9m ajudou a elevar o perfil da empresa no mercado internacional. Essa abordagem inovadora de neg\u00f3cios reflete a mentalidade estrat\u00e9gica que Federer aplicou tanto nas quadras quanto nos investimentos.<\/p>\n\n\n\n<h2 class=\"wp-block-heading\">O que podemos aprender com Roger Federer?<\/h2>\n\n\n\n<p>A trajet\u00f3ria de Roger Federer oferece valiosas li\u00e7\u00f5es para aqueles que buscam sucesso em suas carreiras, seja no esporte ou nos neg\u00f3cios. Primeiramente, a persist\u00eancia \u00e9 fundamental. Federer enfrentou desafios e les\u00f5es ao longo de sua carreira, mas sempre encontrou maneiras de se reinventar e voltar ao topo. Al\u00e9m disso, sua capacidade de ver al\u00e9m das dificuldades e explorar novas oportunidades de investimento demonstra a import\u00e2ncia de uma vis\u00e3o estrat\u00e9gica.<\/p>\n\n\n\n<p>Federer tamb\u00e9m destaca a import\u00e2ncia de se valorizar como marca. Sua habilidade em atrair patrocinadores e fazer parcerias lucrativas reflete a relev\u00e2ncia de construir uma imagem s\u00f3lida e respeitada. Por fim, sua hist\u00f3ria nos lembra que o sucesso \u00e9 uma combina\u00e7\u00e3o de talento, trabalho \u00e1rduo e a capacidade de se adaptar a novas circunst\u00e2ncias.<\/p>\n","protected":false},"excerpt":{"rendered":"<p>Conhe\u00e7a a trajet\u00f3ria de Roger Federer, um dos maiores tenistas de todos os tempos, e descubra como ele tamb\u00e9m se tornou um investidor nato.<\/p>\n","protected":false},"author":3,"featured_media":13186,"comment_status":"open","ping_status":"open","sticky":false,"template":"","format":"standard","meta":{"_yoast_wpseo_focuskw":"roger federer","_yoast_wpseo_title":"%%title%%","_yoast_wpseo_metadesc":"Conhe\u00e7a a trajet\u00f3ria de Roger Federer, um dos maiores tenistas de todos os tempos, e descubra como ele tamb\u00e9m se tornou um investidor nato.","jnews-multi-image_gallery":[],"jnews_single_post":{"format":"standard"},"jnews_primary_category":[],"jnews_social_meta":[],"jnews_override_counter":[],"footnotes":""},"categories":[140],"tags":[343,2105],"class_list":["post-13184","post","type-post","status-publish","format-standard","has-post-thumbnail","hentry","category-entretenimento","tag-fortuna","tag-roger-federer"],"yoast_head":"<!-- This site is optimized with the Yoast SEO plugin v24.6 - https:\/\/yoast.com\/wordpress\/plugins\/seo\/ -->\n<title>Roger Federer construiu um patrim\u00f4nio surpreendente com o t\u00eanis, veja<\/title>\n<meta name=\"description\" content=\"Conhe\u00e7a a trajet\u00f3ria de Roger Federer, um dos maiores tenistas de todos os tempos, e descubra como ele tamb\u00e9m se tornou um investidor nato.\" \/>\n<meta name=\"robots\" content=\"index, follow, max-snippet:-1, max-image-preview:large, max-video-preview:-1\" \/>\n<link rel=\"canonical\" href=\"https:\/\/www.correiobraziliense.com.br\/cbradar\/roger-federer-construiu-um-patrimonio-surpreendente-com-o-tenis-veja\/\" \/>\n<meta property=\"og:locale\" content=\"pt_BR\" \/>\n<meta property=\"og:type\" content=\"article\" \/>\n<meta property=\"og:title\" content=\"Roger Federer construiu um patrim\u00f4nio surpreendente com o t\u00eanis, veja\" \/>\n<meta property=\"og:description\" content=\"Conhe\u00e7a a trajet\u00f3ria de Roger Federer, um dos maiores tenistas de todos os tempos, e descubra como ele tamb\u00e9m se tornou um investidor nato.\" \/>\n<meta property=\"og:url\" content=\"https:\/\/www.correiobraziliense.com.br\/cbradar\/roger-federer-construiu-um-patrimonio-surpreendente-com-o-tenis-veja\/\" \/>\n<meta property=\"og:site_name\" content=\"Correio Braziliense - Radar\" \/>\n<meta property=\"article:published_time\" content=\"2025-03-19T17:30:00+00:00\" \/>\n<meta property=\"og:image\" content=\"https:\/\/www.correiobraziliense.com.br\/cbradar\/wp-content\/uploads\/2025\/03\/Roger-Federer_1742220383132.jpg\" \/>\n\t<meta property=\"og:image:width\" content=\"1280\" \/>\n\t<meta property=\"og:image:height\" content=\"720\" \/>\n\t<meta property=\"og:image:type\" content=\"image\/jpeg\" \/>\n<meta name=\"author\" content=\"Larissa Carvalho\" \/>\n<meta name=\"twitter:card\" content=\"summary_large_image\" \/>\n<meta name=\"twitter:label1\" content=\"Escrito por\" \/>\n\t<meta name=\"twitter:data1\" content=\"Larissa Carvalho\" \/>\n\t<meta name=\"twitter:label2\" content=\"Est. tempo de leitura\" \/>\n\t<meta name=\"twitter:data2\" content=\"5 minutos\" \/>\n<!-- \/ Yoast SEO plugin. -->","yoast_head_json":{"title":"Roger Federer construiu um patrim\u00f4nio surpreendente com o t\u00eanis, veja","description":"Conhe\u00e7a a trajet\u00f3ria de Roger Federer, um dos maiores tenistas de todos os tempos, e descubra como ele tamb\u00e9m se tornou um investidor nato.","robots":{"index":"index","follow":"follow","max-snippet":"max-snippet:-1","max-image-preview":"max-image-preview:large","max-video-preview":"max-video-preview:-1"},"canonical":"https:\/\/www.correiobraziliense.com.br\/cbradar\/roger-federer-construiu-um-patrimonio-surpreendente-com-o-tenis-veja\/","og_locale":"pt_BR","og_type":"article","og_title":"Roger Federer construiu um patrim\u00f4nio surpreendente com o t\u00eanis, veja","og_description":"Conhe\u00e7a a trajet\u00f3ria de Roger Federer, um dos maiores tenistas de todos os tempos, e descubra como ele tamb\u00e9m se tornou um investidor nato.","og_url":"https:\/\/www.correiobraziliense.com.br\/cbradar\/roger-federer-construiu-um-patrimonio-surpreendente-com-o-tenis-veja\/","og_site_name":"Correio Braziliense - Radar","article_published_time":"2025-03-19T17:30:00+00:00","og_image":[{"width":1280,"height":720,"url":"https:\/\/www.correiobraziliense.com.br\/cbradar\/wp-content\/uploads\/2025\/03\/Roger-Federer_1742220383132.jpg","type":"image\/jpeg"}],"author":"Larissa Carvalho","twitter_card":"summary_large_image","twitter_misc":{"Escrito por":"Larissa Carvalho","Est. tempo de leitura":"5 minutos"},"schema":{"@context":"https:\/\/schema.org","@graph":[{"@type":"WebPage","@id":"https:\/\/www.correiobraziliense.com.br\/cbradar\/roger-federer-construiu-um-patrimonio-surpreendente-com-o-tenis-veja\/","url":"https:\/\/www.correiobraziliense.com.br\/cbradar\/roger-federer-construiu-um-patrimonio-surpreendente-com-o-tenis-veja\/","name":"Roger Federer construiu um patrim\u00f4nio surpreendente com o t\u00eanis, veja","isPartOf":{"@id":"https:\/\/www.correiobraziliense.com.br\/cbradar\/#website"},"primaryImageOfPage":{"@id":"https:\/\/www.correiobraziliense.com.br\/cbradar\/roger-federer-construiu-um-patrimonio-surpreendente-com-o-tenis-veja\/#primaryimage"},"image":{"@id":"https:\/\/www.correiobraziliense.com.br\/cbradar\/roger-federer-construiu-um-patrimonio-surpreendente-com-o-tenis-veja\/#primaryimage"},"thumbnailUrl":"https:\/\/www.correiobraziliense.com.br\/cbradar\/wp-content\/uploads\/2025\/03\/Roger-Federer_1742220383132.jpg","datePublished":"2025-03-19T17:30:00+00:00","author":{"@id":"https:\/\/www.correiobraziliense.com.br\/cbradar\/#\/schema\/person\/58422787644df994b53a19d3e56c1513"},"description":"Conhe\u00e7a a trajet\u00f3ria de Roger Federer, um dos maiores tenistas de todos os tempos, e descubra como ele tamb\u00e9m se tornou um investidor nato.","breadcrumb":{"@id":"https:\/\/www.correiobraziliense.com.br\/cbradar\/roger-federer-construiu-um-patrimonio-surpreendente-com-o-tenis-veja\/#breadcrumb"},"inLanguage":"pt-BR","potentialAction":[{"@type":"ReadAction","target":["https:\/\/www.correiobraziliense.com.br\/cbradar\/roger-federer-construiu-um-patrimonio-surpreendente-com-o-tenis-veja\/"]}]},{"@type":"ImageObject","inLanguage":"pt-BR","@id":"https:\/\/www.correiobraziliense.com.br\/cbradar\/roger-federer-construiu-um-patrimonio-surpreendente-com-o-tenis-veja\/#primaryimage","url":"https:\/\/www.correiobraziliense.com.br\/cbradar\/wp-content\/uploads\/2025\/03\/Roger-Federer_1742220383132.jpg","contentUrl":"https:\/\/www.correiobraziliense.com.br\/cbradar\/wp-content\/uploads\/2025\/03\/Roger-Federer_1742220383132.jpg","width":1280,"height":720,"caption":"Roger Federer.Cr\u00e9ditos: depositphotos.com \/ ncousla"},{"@type":"BreadcrumbList","@id":"https:\/\/www.correiobraziliense.com.br\/cbradar\/roger-federer-construiu-um-patrimonio-surpreendente-com-o-tenis-veja\/#breadcrumb","itemListElement":[{"@type":"ListItem","position":1,"name":"In\u00edcio","item":"https:\/\/www.correiobraziliense.com.br\/cbradar\/"},{"@type":"ListItem","position":2,"name":"Roger Federer construiu um patrim\u00f4nio surpreendente com o t\u00eanis, veja"}]},{"@type":"WebSite","@id":"https:\/\/www.correiobraziliense.com.br\/cbradar\/#website","url":"https:\/\/www.correiobraziliense.com.br\/cbradar\/","name":"Correio Braziliense - Radar","description":"Acompanhe as \u00faltimas not\u00edcias e fique bem informado sobre tudo o que acontece no Brasil e no mundo.","potentialAction":[{"@type":"SearchAction","target":{"@type":"EntryPoint","urlTemplate":"https:\/\/www.correiobraziliense.com.br\/cbradar\/?s={search_term_string}"},"query-input":{"@type":"PropertyValueSpecification","valueRequired":true,"valueName":"search_term_string"}}],"inLanguage":"pt-BR"},{"@type":"Person","@id":"https:\/\/www.correiobraziliense.com.br\/cbradar\/#\/schema\/person\/58422787644df994b53a19d3e56c1513","name":"Larissa Carvalho","image":{"@type":"ImageObject","inLanguage":"pt-BR","@id":"https:\/\/www.correiobraziliense.com.br\/cbradar\/#\/schema\/person\/image\/","url":"https:\/\/secure.gravatar.com\/avatar\/fe4f91a0de32b52a838d0d612abdc1aa?s=96&d=mm&r=g","contentUrl":"https:\/\/secure.gravatar.com\/avatar\/fe4f91a0de32b52a838d0d612abdc1aa?s=96&d=mm&r=g","caption":"Larissa Carvalho"},"url":"https:\/\/www.correiobraziliense.com.br\/cbradar\/author\/larissamyth\/"}]}},"_links":{"self":[{"href":"https:\/\/www.correiobraziliense.com.br\/cbradar\/wp-json\/wp\/v2\/posts\/13184","targetHints":{"allow":["GET"]}}],"collection":[{"href":"https:\/\/www.correiobraziliense.com.br\/cbradar\/wp-json\/wp\/v2\/posts"}],"about":[{"href":"https:\/\/www.correiobraziliense.com.br\/cbradar\/wp-json\/wp\/v2\/types\/post"}],"author":[{"embeddable":true,"href":"https:\/\/www.correiobraziliense.com.br\/cbradar\/wp-json\/wp\/v2\/users\/3"}],"replies":[{"embeddable":true,"href":"https:\/\/www.correiobraziliense.com.br\/cbradar\/wp-json\/wp\/v2\/comments?post=13184"}],"version-history":[{"count":2,"href":"https:\/\/www.correiobraziliense.com.br\/cbradar\/wp-json\/wp\/v2\/posts\/13184\/revisions"}],"predecessor-version":[{"id":13612,"href":"https:\/\/www.correiobraziliense.com.br\/cbradar\/wp-json\/wp\/v2\/posts\/13184\/revisions\/13612"}],"wp:featuredmedia":[{"embeddable":true,"href":"https:\/\/www.correiobraziliense.com.br\/cbradar\/wp-json\/wp\/v2\/media\/13186"}],"wp:attachment":[{"href":"https:\/\/www.correiobraziliense.com.br\/cbradar\/wp-json\/wp\/v2\/media?parent=13184"}],"wp:term":[{"taxonomy":"category","embeddable":true,"href":"https:\/\/www.correiobraziliense.com.br\/cbradar\/wp-json\/wp\/v2\/categories?post=13184"},{"taxonomy":"post_tag","embeddable":true,"href":"https:\/\/www.correiobraziliense.com.br\/cbradar\/wp-json\/wp\/v2\/tags?post=13184"}],"curies":[{"name":"wp","href":"https:\/\/api.w.org\/{rel}","templated":true}]}}