{"id":131846,"date":"2025-11-06T16:25:17","date_gmt":"2025-11-06T19:25:17","guid":{"rendered":"https:\/\/www.correiobraziliense.com.br\/cbradar\/?p=131846"},"modified":"2025-11-05T13:11:00","modified_gmt":"2025-11-05T16:11:00","slug":"a-erva-mais-querida-do-mundo-pode-atrair-boas-energias-e-prosperidade-e-e-facil-de-plantar-em-casa","status":"publish","type":"post","link":"https:\/\/www.correiobraziliense.com.br\/cbradar\/a-erva-mais-querida-do-mundo-pode-atrair-boas-energias-e-prosperidade-e-e-facil-de-plantar-em-casa\/","title":{"rendered":"A erva mais querida do mundo pode atrair boas energias e prosperidade e \u00e9 f\u00e1cil de plantar em casa"},"content":{"rendered":"\n<p>No universo das ervas arom\u00e1ticas, o <strong>manjeric\u00e3o<\/strong> se destaca n\u00e3o apenas pelo <strong>sabor inconfund\u00edvel<\/strong> que traz a diversas receitas culin\u00e1rias, mas tamb\u00e9m por suas <strong>propriedades arom\u00e1ticas<\/strong> e energ\u00e9ticas, sendo s\u00edmbolo de prosperidade, prote\u00e7\u00e3o e leveza em diferentes culturas ao redor do mundo.<\/p>\n\n\n\n<h2 class=\"wp-block-heading\">Como escolher o substrato ideal para plantar manjeric\u00e3o em casa<\/h2>\n\n\n\n<p>Antes de iniciar o <strong>cultivo<\/strong> do <em>manjeric\u00e3o<\/em>, escolher o <strong>substrato correto<\/strong> \u00e9 essencial para o <strong>desenvolvimento saud\u00e1vel<\/strong> da planta. O manjeric\u00e3o prefere <strong>solos leves<\/strong>, bem drenados e <strong>ricos em mat\u00e9ria org\u00e2nica<\/strong>, devendo evitar substratos compactos que dificultem o crescimento das <strong>ra\u00edzes<\/strong>.<\/p>\n\n\n\n<p>Misture terra comum com <a href=\"https:\/\/rehagro.com.br\/blog\/composto-organico-quais-os-beneficios-como-e-feito\/\" target=\"_blank\" rel=\"noreferrer noopener\">composto org\u00e2nico<\/a>, como <strong>h\u00famus de minhoca<\/strong> ou <strong>esterco bem curtido<\/strong>. Certifique-se de utilizar um <strong>vaso com furos<\/strong> no fundo para assegurar a drenagem adequada e evitar o ac\u00famulo de \u00e1gua, que pode prejudicar as ra\u00edzes. Acrescentar uma camada de areia grossa no fundo do vaso pode ajudar ainda mais na drenagem.<\/p>\n\n\n\n<iframe loading=\"lazy\" width=\"560\" height=\"315\" src=\"https:\/\/www.youtube.com\/embed\/0lXmoxACKeo?si=G1GOBRRxGxoiOP31\" title=\"YouTube video player\" frameborder=\"0\" allow=\"accelerometer; autoplay; clipboard-write; encrypted-media; gyroscope; picture-in-picture; web-share\" referrerpolicy=\"strict-origin-when-cross-origin\" allowfullscreen><\/iframe>\n\n\n\n<h2 class=\"wp-block-heading\">O manjeric\u00e3o precisa de quanto sol para crescer forte e saud\u00e1vel<\/h2>\n\n\n\n<p>A <strong>exposi\u00e7\u00e3o solar<\/strong> \u00e9 fundamental para que o manjeric\u00e3o cres\u00e7a forte e <strong>arom\u00e1tico<\/strong>. A planta necessita de <strong>luz direta por pelo menos seis horas di\u00e1rias<\/strong> para se desenvolver plenamente e produzir <strong>folhas saud\u00e1veis<\/strong>.<\/p>\n\n\n\n<p>Se sua <strong>cozinha<\/strong> n\u00e3o recebe luz suficiente, considere transportar o vaso temporariamente para um local mais <strong>ensolarado<\/strong> ou, se necess\u00e1rio, recorrer a <strong>l\u00e2mpadas pr\u00f3prias para plantas<\/strong>, que ajudam a complementar a luminosidade natural. Janelas voltadas para o norte costumam ser ideais para garantir a luz necess\u00e1ria.<\/p>\n\n\n\n<p>Leia tamb\u00e9m:&nbsp;<a href=\"https:\/\/www.correiobraziliense.com.br\/cbradar\/variedades-de-pimentas-faceis-de-plantar-em-casa-e-usar-na-cozinha\/\" target=\"_blank\" rel=\"noopener\">Variedades de pimentas f\u00e1ceis de plantar em casa e usar na cozinha<\/a><\/p>\n\n\n\n<h2 class=\"wp-block-heading\">Qual \u00e9 a frequ\u00eancia correta de rega e de podas do manjeric\u00e3o<\/h2>\n\n\n\n<p>A <strong>rega<\/strong> do manjeric\u00e3o deve ser cuidadosa, evitando <strong>encharcamento<\/strong>. A terra precisa permanecer <strong>\u00famida<\/strong>, especialmente em \u00e9pocas de calor, por\u00e9m o excesso de \u00e1gua pode causar <strong>apodrecimento das ra\u00edzes<\/strong>. Em regi\u00f5es mais secas, talvez seja necess\u00e1rio regar diariamente.<\/p>\n\n\n<div class=\"wp-block-image\">\n<figure class=\"aligncenter size-large\"><img decoding=\"async\" width=\"1024\" height=\"576\" src=\"https:\/\/www.correiobraziliense.com.br\/cbradar\/wp-content\/uploads\/2025\/10\/manjericao_1760974258334-1024x576.jpg\" alt=\"\" class=\"wp-image-122755\" srcset=\"https:\/\/www.correiobraziliense.com.br\/cbradar\/wp-content\/uploads\/2025\/10\/manjericao_1760974258334-1024x576.jpg 1024w, https:\/\/www.correiobraziliense.com.br\/cbradar\/wp-content\/uploads\/2025\/10\/manjericao_1760974258334-300x169.jpg 300w, https:\/\/www.correiobraziliense.com.br\/cbradar\/wp-content\/uploads\/2025\/10\/manjericao_1760974258334-768x432.jpg 768w, https:\/\/www.correiobraziliense.com.br\/cbradar\/wp-content\/uploads\/2025\/10\/manjericao_1760974258334-750x422.jpg 750w, https:\/\/www.correiobraziliense.com.br\/cbradar\/wp-content\/uploads\/2025\/10\/manjericao_1760974258334-1140x641.jpg 1140w, https:\/\/www.correiobraziliense.com.br\/cbradar\/wp-content\/uploads\/2025\/10\/manjericao_1760974258334.jpg 1280w\" sizes=\"(max-width: 1024px) 100vw, 1024px\" \/><figcaption class=\"wp-element-caption\">Manter a umidade adequada do solo \u00e9 fundamental &#8211; Cr\u00e9ditos: depositphotos.com \/ Mahara<\/figcaption><\/figure><\/div>\n\n\n<p>As podas frequentes s\u00e3o essenciais para a vitalidade do manjeric\u00e3o, al\u00e9m de estimular o surgimento de novas folhas. Veja alguns cuidados importantes para manter sua planta forte e produtiva:<\/p>\n\n\n\n<ul class=\"wp-block-list\">\n<li><strong>Regue<\/strong> sempre que o solo estiver seco ao toque, mas sem encharcar<\/li>\n\n\n\n<li><strong>Pode galhos e folhas<\/strong> mais velhos para incentivar novos brotos<\/li>\n\n\n\n<li>Remova <strong>flores<\/strong> quando aparecerem para dar mais energia \u00e0s folhas<\/li>\n\n\n\n<li>Evite <strong>molhar as folhas<\/strong> durante a rega para prevenir <strong>fungos<\/strong><\/li>\n<\/ul>\n\n\n\n<h2 class=\"wp-block-heading\">Como o manjeric\u00e3o contribui para um ambiente mais leve e agrad\u00e1vel<\/h2>\n\n\n\n<p>Al\u00e9m de suas <strong>utilidades culin\u00e1rias<\/strong>, o manjeric\u00e3o tamb\u00e9m melhora o ambiente dom\u00e9stico com seu aroma revigorante, que traz sensa\u00e7\u00e3o de <strong>frescor<\/strong> e <strong>bem-estar<\/strong>. Essa erva \u00e9 usada para atrair boas energias e est\u00e1 associada \u00e0 limpeza espiritual em muitas tradi\u00e7\u00f5es.<\/p>\n\n\n\n<p>Outra vantagem de cultivar manjeric\u00e3o \u00e9 sua a\u00e7\u00e3o como <strong>repelente natural de insetos<\/strong>, ajudando a afastar <strong>mosquitos<\/strong> e outros pequenos intrusos da cozinha, sem o uso de <strong>produtos qu\u00edmicos<\/strong>. O manjeric\u00e3o tamb\u00e9m pode ser usado em sach\u00eas arom\u00e1ticos ou infus\u00f5es para promover o bem-estar.<\/p>\n\n\n\n<iframe loading=\"lazy\" width=\"560\" height=\"315\" src=\"https:\/\/www.youtube.com\/embed\/m0dny2sIKhQ?si=ze3ZZxQ6nGC9lWm_\" title=\"YouTube video player\" frameborder=\"0\" allow=\"accelerometer; autoplay; clipboard-write; encrypted-media; gyroscope; picture-in-picture; web-share\" referrerpolicy=\"strict-origin-when-cross-origin\" allowfullscreen><\/iframe>\n\n\n\n<h2 class=\"wp-block-heading\">Por que vale a pena ter manjeric\u00e3o fresco em casa<\/h2>\n\n\n\n<p>O cultivo de manjeric\u00e3o na janela da cozinha n\u00e3o exige grande experi\u00eancia, mas exige aten\u00e7\u00e3o \u00e0s necessidades da planta. Ao oferecer luz adequada, regas regulares e podas estrat\u00e9gicas, a recompensa se reflete em folhas frescas e arom\u00e1ticas sempre \u00e0 disposi\u00e7\u00e3o.<\/p>\n\n\n\n<p>Manter <strong>manjeric\u00e3o<\/strong> por perto transforma <strong>receitas<\/strong> e contribui para um <strong>lar mais harmonioso<\/strong>, proporcionando benef\u00edcios para o <strong>paladar<\/strong> e para o <strong>bem-estar<\/strong> do dia a dia.<\/p>\n","protected":false},"excerpt":{"rendered":"<p>No universo das ervas arom\u00e1ticas, o manjeric\u00e3o se destaca n\u00e3o apenas pelo sabor inconfund\u00edvel que traz a diversas receitas culin\u00e1rias, mas tamb\u00e9m por suas propriedades arom\u00e1ticas e energ\u00e9ticas, sendo s\u00edmbolo de prosperidade, prote\u00e7\u00e3o e leveza em diferentes culturas ao redor do mundo. Como escolher o substrato ideal para plantar manjeric\u00e3o em casa Antes de iniciar [&hellip;]<\/p>\n","protected":false},"author":9,"featured_media":131853,"comment_status":"open","ping_status":"open","sticky":false,"template":"","format":"standard","meta":{"_yoast_wpseo_focuskw":"plantar manjeric\u00e3o em casa","_yoast_wpseo_title":"%%title%% %%page%%","_yoast_wpseo_metadesc":"Cultivar manjeric\u00e3o em casa \u00e9 simples e traz aroma, sabor e boas energias. Veja como cuidar e colher folhas sempre frescas e perfumadas.","jnews-multi-image_gallery":[],"jnews_single_post":{"format":"standard"},"jnews_primary_category":[],"jnews_social_meta":[],"jnews_override_counter":[],"footnotes":""},"categories":[136],"post_tag":[2432,2080,565],"class_list":["post-131846","post","type-post","status-publish","format-standard","has-post-thumbnail","hentry","category-jardinagem","tag-cultivo-de-manjericao","tag-manjericao","tag-saude"],"yoast_head":"<!-- This site is optimized with the Yoast SEO plugin v24.6 - https:\/\/yoast.com\/wordpress\/plugins\/seo\/ -->\n<title>A erva mais querida do mundo pode atrair boas energias e prosperidade e \u00e9 f\u00e1cil de plantar em casa<\/title>\n<meta name=\"description\" content=\"Cultivar manjeric\u00e3o em casa \u00e9 simples e traz aroma, sabor e boas energias. Veja como cuidar e colher folhas sempre frescas e perfumadas.\" \/>\n<meta name=\"robots\" content=\"index, follow, max-snippet:-1, max-image-preview:large, max-video-preview:-1\" \/>\n<link rel=\"canonical\" href=\"https:\/\/www.correiobraziliense.com.br\/cbradar\/a-erva-mais-querida-do-mundo-pode-atrair-boas-energias-e-prosperidade-e-e-facil-de-plantar-em-casa\/\" \/>\n<meta property=\"og:locale\" content=\"pt_BR\" \/>\n<meta property=\"og:type\" content=\"article\" \/>\n<meta property=\"og:title\" content=\"A erva mais querida do mundo pode atrair boas energias e prosperidade e \u00e9 f\u00e1cil de plantar em casa\" \/>\n<meta property=\"og:description\" content=\"Cultivar manjeric\u00e3o em casa \u00e9 simples e traz aroma, sabor e boas energias. Veja como cuidar e colher folhas sempre frescas e perfumadas.\" \/>\n<meta property=\"og:url\" content=\"https:\/\/www.correiobraziliense.com.br\/cbradar\/a-erva-mais-querida-do-mundo-pode-atrair-boas-energias-e-prosperidade-e-e-facil-de-plantar-em-casa\/\" \/>\n<meta property=\"og:site_name\" content=\"Correio Braziliense - Radar\" \/>\n<meta property=\"article:published_time\" content=\"2025-11-06T19:25:17+00:00\" \/>\n<meta property=\"og:image\" content=\"https:\/\/www.correiobraziliense.com.br\/cbradar\/wp-content\/uploads\/2025\/11\/manjericao-plantacao_1762358726632.jpg\" \/>\n\t<meta property=\"og:image:width\" content=\"1280\" \/>\n\t<meta property=\"og:image:height\" content=\"720\" \/>\n\t<meta property=\"og:image:type\" content=\"image\/jpeg\" \/>\n<meta name=\"author\" content=\"Daniely Cardoso\" \/>\n<meta name=\"twitter:card\" content=\"summary_large_image\" \/>\n<meta name=\"twitter:label1\" content=\"Escrito por\" \/>\n\t<meta name=\"twitter:data1\" content=\"Daniely Cardoso\" \/>\n\t<meta name=\"twitter:label2\" content=\"Est. tempo de leitura\" \/>\n\t<meta name=\"twitter:data2\" content=\"4 minutos\" \/>\n<!-- \/ Yoast SEO plugin. -->","yoast_head_json":{"title":"A erva mais querida do mundo pode atrair boas energias e prosperidade e \u00e9 f\u00e1cil de plantar em casa","description":"Cultivar manjeric\u00e3o em casa \u00e9 simples e traz aroma, sabor e boas energias. Veja como cuidar e colher folhas sempre frescas e perfumadas.","robots":{"index":"index","follow":"follow","max-snippet":"max-snippet:-1","max-image-preview":"max-image-preview:large","max-video-preview":"max-video-preview:-1"},"canonical":"https:\/\/www.correiobraziliense.com.br\/cbradar\/a-erva-mais-querida-do-mundo-pode-atrair-boas-energias-e-prosperidade-e-e-facil-de-plantar-em-casa\/","og_locale":"pt_BR","og_type":"article","og_title":"A erva mais querida do mundo pode atrair boas energias e prosperidade e \u00e9 f\u00e1cil de plantar em casa","og_description":"Cultivar manjeric\u00e3o em casa \u00e9 simples e traz aroma, sabor e boas energias. Veja como cuidar e colher folhas sempre frescas e perfumadas.","og_url":"https:\/\/www.correiobraziliense.com.br\/cbradar\/a-erva-mais-querida-do-mundo-pode-atrair-boas-energias-e-prosperidade-e-e-facil-de-plantar-em-casa\/","og_site_name":"Correio Braziliense - Radar","article_published_time":"2025-11-06T19:25:17+00:00","og_image":[{"width":1280,"height":720,"url":"https:\/\/www.correiobraziliense.com.br\/cbradar\/wp-content\/uploads\/2025\/11\/manjericao-plantacao_1762358726632.jpg","type":"image\/jpeg"}],"author":"Daniely Cardoso","twitter_card":"summary_large_image","twitter_misc":{"Escrito por":"Daniely Cardoso","Est. tempo de leitura":"4 minutos"},"schema":{"@context":"https:\/\/schema.org","@graph":[{"@type":"WebPage","@id":"https:\/\/www.correiobraziliense.com.br\/cbradar\/a-erva-mais-querida-do-mundo-pode-atrair-boas-energias-e-prosperidade-e-e-facil-de-plantar-em-casa\/","url":"https:\/\/www.correiobraziliense.com.br\/cbradar\/a-erva-mais-querida-do-mundo-pode-atrair-boas-energias-e-prosperidade-e-e-facil-de-plantar-em-casa\/","name":"A erva mais querida do mundo pode atrair boas energias e prosperidade e \u00e9 f\u00e1cil de plantar em casa","isPartOf":{"@id":"https:\/\/www.correiobraziliense.com.br\/cbradar\/#website"},"primaryImageOfPage":{"@id":"https:\/\/www.correiobraziliense.com.br\/cbradar\/a-erva-mais-querida-do-mundo-pode-atrair-boas-energias-e-prosperidade-e-e-facil-de-plantar-em-casa\/#primaryimage"},"image":{"@id":"https:\/\/www.correiobraziliense.com.br\/cbradar\/a-erva-mais-querida-do-mundo-pode-atrair-boas-energias-e-prosperidade-e-e-facil-de-plantar-em-casa\/#primaryimage"},"thumbnailUrl":"https:\/\/www.correiobraziliense.com.br\/cbradar\/wp-content\/uploads\/2025\/11\/manjericao-plantacao_1762358726632.jpg","datePublished":"2025-11-06T19:25:17+00:00","author":{"@id":"https:\/\/www.correiobraziliense.com.br\/cbradar\/#\/schema\/person\/7356666e12ec0ee53f348ee5db227032"},"description":"Cultivar manjeric\u00e3o em casa \u00e9 simples e traz aroma, sabor e boas energias. Veja como cuidar e colher folhas sempre frescas e perfumadas.","breadcrumb":{"@id":"https:\/\/www.correiobraziliense.com.br\/cbradar\/a-erva-mais-querida-do-mundo-pode-atrair-boas-energias-e-prosperidade-e-e-facil-de-plantar-em-casa\/#breadcrumb"},"inLanguage":"pt-BR","potentialAction":[{"@type":"ReadAction","target":["https:\/\/www.correiobraziliense.com.br\/cbradar\/a-erva-mais-querida-do-mundo-pode-atrair-boas-energias-e-prosperidade-e-e-facil-de-plantar-em-casa\/"]}]},{"@type":"ImageObject","inLanguage":"pt-BR","@id":"https:\/\/www.correiobraziliense.com.br\/cbradar\/a-erva-mais-querida-do-mundo-pode-atrair-boas-energias-e-prosperidade-e-e-facil-de-plantar-em-casa\/#primaryimage","url":"https:\/\/www.correiobraziliense.com.br\/cbradar\/wp-content\/uploads\/2025\/11\/manjericao-plantacao_1762358726632.jpg","contentUrl":"https:\/\/www.correiobraziliense.com.br\/cbradar\/wp-content\/uploads\/2025\/11\/manjericao-plantacao_1762358726632.jpg","width":1280,"height":720,"caption":"Regue sempre que o solo estiver seco ao toque, mas sem encharcar - Cr\u00e9ditos: depositphotos.com \/ k_v"},{"@type":"BreadcrumbList","@id":"https:\/\/www.correiobraziliense.com.br\/cbradar\/a-erva-mais-querida-do-mundo-pode-atrair-boas-energias-e-prosperidade-e-e-facil-de-plantar-em-casa\/#breadcrumb","itemListElement":[{"@type":"ListItem","position":1,"name":"In\u00edcio","item":"https:\/\/www.correiobraziliense.com.br\/cbradar\/"},{"@type":"ListItem","position":2,"name":"A erva mais querida do mundo pode atrair boas energias e prosperidade e \u00e9 f\u00e1cil de plantar em casa"}]},{"@type":"WebSite","@id":"https:\/\/www.correiobraziliense.com.br\/cbradar\/#website","url":"https:\/\/www.correiobraziliense.com.br\/cbradar\/","name":"Correio Braziliense - Radar","description":"Acompanhe as \u00faltimas not\u00edcias e fique bem informado sobre tudo o que acontece no Brasil e no mundo.","potentialAction":[{"@type":"SearchAction","target":{"@type":"EntryPoint","urlTemplate":"https:\/\/www.correiobraziliense.com.br\/cbradar\/?s={search_term_string}"},"query-input":{"@type":"PropertyValueSpecification","valueRequired":true,"valueName":"search_term_string"}}],"inLanguage":"pt-BR"},{"@type":"Person","@id":"https:\/\/www.correiobraziliense.com.br\/cbradar\/#\/schema\/person\/7356666e12ec0ee53f348ee5db227032","name":"Daniely Cardoso","image":{"@type":"ImageObject","inLanguage":"pt-BR","@id":"https:\/\/www.correiobraziliense.com.br\/cbradar\/#\/schema\/person\/image\/","url":"https:\/\/secure.gravatar.com\/avatar\/4b80ddbd124d1f071b626d52d62e5dff?s=96&d=mm&r=g","contentUrl":"https:\/\/secure.gravatar.com\/avatar\/4b80ddbd124d1f071b626d52d62e5dff?s=96&d=mm&r=g","caption":"Daniely Cardoso"},"description":"Redatora nos portais CB Radar e EM Foco, formada pela Universidade Federal de Goi\u00e1s, em Goi\u00e2nia. Apaixonada por comunica\u00e7\u00e3o, arte, decora\u00e7\u00e3o e tend\u00eancias, atuo na produ\u00e7\u00e3o de conte\u00fados envolventes sobre curiosidades, moda, beleza e paisagismo, sempre com um olhar atento \u00e0s novidades do momento.","sameAs":["https:\/\/www.correiobraziliense.com.br\/cbradar"],"url":"https:\/\/www.correiobraziliense.com.br\/cbradar\/author\/danielymyth\/"}]}},"_links":{"self":[{"href":"https:\/\/www.correiobraziliense.com.br\/cbradar\/wp-json\/wp\/v2\/posts\/131846","targetHints":{"allow":["GET"]}}],"collection":[{"href":"https:\/\/www.correiobraziliense.com.br\/cbradar\/wp-json\/wp\/v2\/posts"}],"about":[{"href":"https:\/\/www.correiobraziliense.com.br\/cbradar\/wp-json\/wp\/v2\/types\/post"}],"author":[{"embeddable":true,"href":"https:\/\/www.correiobraziliense.com.br\/cbradar\/wp-json\/wp\/v2\/users\/9"}],"replies":[{"embeddable":true,"href":"https:\/\/www.correiobraziliense.com.br\/cbradar\/wp-json\/wp\/v2\/comments?post=131846"}],"version-history":[{"count":2,"href":"https:\/\/www.correiobraziliense.com.br\/cbradar\/wp-json\/wp\/v2\/posts\/131846\/revisions"}],"predecessor-version":[{"id":131854,"href":"https:\/\/www.correiobraziliense.com.br\/cbradar\/wp-json\/wp\/v2\/posts\/131846\/revisions\/131854"}],"wp:featuredmedia":[{"embeddable":true,"href":"https:\/\/www.correiobraziliense.com.br\/cbradar\/wp-json\/wp\/v2\/media\/131853"}],"wp:attachment":[{"href":"https:\/\/www.correiobraziliense.com.br\/cbradar\/wp-json\/wp\/v2\/media?parent=131846"}],"wp:term":[{"taxonomy":"category","embeddable":true,"href":"https:\/\/www.correiobraziliense.com.br\/cbradar\/wp-json\/wp\/v2\/categories?post=131846"},{"taxonomy":"post_tag","embeddable":true,"href":"https:\/\/www.correiobraziliense.com.br\/cbradar\/wp-json\/wp\/v2\/post_tag?post=131846"}],"curies":[{"name":"wp","href":"https:\/\/api.w.org\/{rel}","templated":true}]}}