{"id":13200,"date":"2025-03-18T19:50:00","date_gmt":"2025-03-18T22:50:00","guid":{"rendered":"https:\/\/www.correiobraziliense.com.br\/cbradar\/?p=13200"},"modified":"2025-03-17T16:15:32","modified_gmt":"2025-03-17T19:15:32","slug":"por-que-esse-lugar-e-chamado-de-casa-dos-deuses","status":"publish","type":"post","link":"https:\/\/www.correiobraziliense.com.br\/cbradar\/por-que-esse-lugar-e-chamado-de-casa-dos-deuses\/","title":{"rendered":"Por que esse lugar \u00e9 chamado de &#8220;casa dos deuses&#8221;?"},"content":{"rendered":"\n<p>Na interse\u00e7\u00e3o entre <strong>Brasil<\/strong>, <strong>Venezuela <\/strong>e <strong>Guiana<\/strong>, encontra-se o enigm\u00e1tico <strong>Monte Roraima<\/strong>, uma forma\u00e7\u00e3o geol\u00f3gica que tem cativado a imagina\u00e7\u00e3o de muitos ao longo dos s\u00e9culos. Este lugar, considerado uma das maravilhas naturais do mundo, n\u00e3o s\u00f3 inspirou obras liter\u00e1rias, como tamb\u00e9m \u00e9 cercado por lendas ind\u00edgenas que enriquecem sua hist\u00f3ria. Conhecer o Monte Roraima \u00e9 adentrar em um universo de mitos e ci\u00eancia, onde a natureza exibe sua grandiosidade.<\/p>\n\n\n\n<p>O Monte Roraima, com suas imponentes paredes verticais e um cume plano, \u00e9 um exemplo cl\u00e1ssico de um &#8220;<strong>tepui<\/strong>&#8220;, termo usado pelos ind\u00edgenas <strong>Pemon <\/strong>para descrever montanhas que s\u00e3o vistas como moradas dos deuses. A montanha, frequentemente envolta por nuvens, parece flutuar no c\u00e9u, criando uma imagem que remete a uma ilha celestial. Este fen\u00f4meno visual, aliado \u00e0s hist\u00f3rias e cren\u00e7as locais, contribui para o fasc\u00ednio que o monte exerce sobre todos que o conhecem.<\/p>\n\n\n\n<h2 class=\"wp-block-heading\">Qual \u00e9 a lenda de Macuna\u00edma relacionada ao Monte Roraima?<\/h2>\n\n\n\n<p>Entre as v\u00e1rias lendas associadas ao Monte Roraima, destaca-se a hist\u00f3ria de Macuna\u00edma, uma figura m\u00edtica que teria nascido do encontro entre o sol e a lua no topo da montanha. Segundo a tradi\u00e7\u00e3o dos ind\u00edgenas Macuxi, Macuna\u00edma possu\u00eda poderes m\u00e1gicos e foi declarado her\u00f3i da floresta. Ele era o \u00fanico autorizado a colher os frutos de uma \u00e1rvore sagrada, cuja derrubada, segundo a lenda, deu origem ao Monte Roraima.<\/p>\n\n\n\n<p>Outra narrativa conta que a regi\u00e3o onde hoje se ergue o Monte Roraima era uma terra f\u00e9rtil, at\u00e9 que uma bananeira misteriosa, chamada paruru, surgiu. Quando a \u00e1rvore foi cortada, a ira divina teria desencadeado uma tempestade que culminou na forma\u00e7\u00e3o do monte. Essas hist\u00f3rias refletem a profunda conex\u00e3o dos povos ind\u00edgenas com a natureza e sua interpreta\u00e7\u00e3o dos fen\u00f4menos naturais.<\/p>\n\n\n\n<figure class=\"wp-block-image size-large\"><img decoding=\"async\" width=\"1024\" height=\"576\" src=\"https:\/\/www.correiobraziliense.com.br\/cbradar\/wp-content\/uploads\/2025\/03\/Monte-Roraima_1742221933672-1024x576.jpg\" alt=\"Por que esse lugar \u00e9 chamado de &quot;casa dos deuses&quot;?\" class=\"wp-image-13225\" srcset=\"https:\/\/www.correiobraziliense.com.br\/cbradar\/wp-content\/uploads\/2025\/03\/Monte-Roraima_1742221933672-1024x576.jpg 1024w, https:\/\/www.correiobraziliense.com.br\/cbradar\/wp-content\/uploads\/2025\/03\/Monte-Roraima_1742221933672-300x169.jpg 300w, https:\/\/www.correiobraziliense.com.br\/cbradar\/wp-content\/uploads\/2025\/03\/Monte-Roraima_1742221933672-768x432.jpg 768w, https:\/\/www.correiobraziliense.com.br\/cbradar\/wp-content\/uploads\/2025\/03\/Monte-Roraima_1742221933672-750x422.jpg 750w, https:\/\/www.correiobraziliense.com.br\/cbradar\/wp-content\/uploads\/2025\/03\/Monte-Roraima_1742221933672-1140x641.jpg 1140w, https:\/\/www.correiobraziliense.com.br\/cbradar\/wp-content\/uploads\/2025\/03\/Monte-Roraima_1742221933672.jpg 1280w\" sizes=\"(max-width: 1024px) 100vw, 1024px\" \/><figcaption class=\"wp-element-caption\">Monte Roraima. Cr\u00e9ditos: depositphotos.com \/ MaRabelo<\/figcaption><\/figure>\n\n\n\n<h2 class=\"wp-block-heading\">Como a ci\u00eancia explica a forma\u00e7\u00e3o do Monte Roraima?<\/h2>\n\n\n\n<p>Do ponto de vista cient\u00edfico, o Monte Roraima \u00e9 um vest\u00edgio de um antigo bloco de arenito que se formou h\u00e1 cerca de 1,8 bilh\u00e3o de anos. Este processo geol\u00f3gico envolveu a solidifica\u00e7\u00e3o de grandes dunas, que ao longo de bilh\u00f5es de anos, foram esculpidas pela a\u00e7\u00e3o do vento e da \u00e1gua, resultando nos planaltos de encostas \u00edngremes que vemos hoje. A eros\u00e3o cont\u00ednua dessas camadas de rocha criou o cen\u00e1rio \u00fanico do Monte Roraima.<\/p>\n\n\n\n<p>O cume do monte abriga um ecossistema raro, com esp\u00e9cies de flora e fauna que n\u00e3o s\u00e3o encontradas em nenhum outro lugar do mundo. Entre elas, destacam-se plantas carn\u00edvoras e orqu\u00eddeas exclusivas, al\u00e9m de r\u00e9pteis e anf\u00edbios \u00fanicos. Estudos indicam que, apesar de sua aparente isola\u00e7\u00e3o, o ecossistema do Monte Roraima compartilha ancestrais comuns com esp\u00e9cies de outras regi\u00f5es, sugerindo um passado de migra\u00e7\u00e3o e adapta\u00e7\u00e3o.<\/p>\n\n\n\n<h2 class=\"wp-block-heading\">Quais s\u00e3o os desafios para visitar o Monte Roraima?<\/h2>\n\n\n\n<p>Visitar o Monte Roraima \u00e9 uma experi\u00eancia desafiadora que requer prepara\u00e7\u00e3o e respeito pelas normas locais. \u00c9 necess\u00e1rio contratar uma ag\u00eancia de turismo, pois a subida n\u00e3o \u00e9 permitida sem acompanhamento. Al\u00e9m disso, o visitante deve estar fisicamente preparado para longas caminhadas e acampamentos em condi\u00e7\u00f5es adversas. Apesar das dificuldades, a jornada oferece uma oportunidade \u00fanica de conex\u00e3o com a natureza e de vivenciar a magia e o mist\u00e9rio que cercam o Monte Roraima.<\/p>\n\n\n\n<p>O Monte Roraima continua a ser um s\u00edmbolo de mist\u00e9rio e beleza natural, atraindo aventureiros e estudiosos de todo o mundo. Sua hist\u00f3ria, entrela\u00e7ada com lendas e descobertas cient\u00edficas, faz dele um destino fascinante e um testemunho da riqueza cultural e natural da regi\u00e3o amaz\u00f4nica.<\/p>\n","protected":false},"excerpt":{"rendered":"<p>Descubra uma maravilha natural que fascina com suas lendas e mist\u00e9rio. Conhe\u00e7a a hist\u00f3ria de Macuna\u00edma e a ci\u00eancia por tr\u00e1s desta montanha<\/p>\n","protected":false},"author":3,"featured_media":13224,"comment_status":"open","ping_status":"open","sticky":false,"template":"","format":"standard","meta":{"_yoast_wpseo_focuskw":"casa dos deuses","_yoast_wpseo_title":"%%title%%","_yoast_wpseo_metadesc":"Descubra uma maravilha natural que fascina com suas lendas e mist\u00e9rio. Conhe\u00e7a a hist\u00f3ria de Macuna\u00edma e a ci\u00eancia por tr\u00e1s desta montanha","jnews-multi-image_gallery":[],"jnews_single_post":{"format":"standard"},"jnews_primary_category":[],"jnews_social_meta":[],"jnews_override_counter":[],"footnotes":""},"categories":[112],"post_tag":[2087],"class_list":["post-13200","post","type-post","status-publish","format-standard","has-post-thumbnail","hentry","category-curiosidades","tag-casa-dos-deuses"],"yoast_head":"<!-- This site is optimized with the Yoast SEO plugin v24.6 - https:\/\/yoast.com\/wordpress\/plugins\/seo\/ -->\n<title>Por que esse lugar \u00e9 chamado de &quot;casa dos deuses&quot;?<\/title>\n<meta name=\"description\" content=\"Descubra uma maravilha natural que fascina com suas lendas e mist\u00e9rio. Conhe\u00e7a a hist\u00f3ria de Macuna\u00edma e a ci\u00eancia por tr\u00e1s desta montanha\" \/>\n<meta name=\"robots\" content=\"index, follow, max-snippet:-1, max-image-preview:large, max-video-preview:-1\" \/>\n<link rel=\"canonical\" href=\"https:\/\/www.correiobraziliense.com.br\/cbradar\/por-que-esse-lugar-e-chamado-de-casa-dos-deuses\/\" \/>\n<meta property=\"og:locale\" content=\"pt_BR\" \/>\n<meta property=\"og:type\" content=\"article\" \/>\n<meta property=\"og:title\" content=\"Por que esse lugar \u00e9 chamado de &quot;casa dos deuses&quot;?\" \/>\n<meta property=\"og:description\" content=\"Descubra uma maravilha natural que fascina com suas lendas e mist\u00e9rio. Conhe\u00e7a a hist\u00f3ria de Macuna\u00edma e a ci\u00eancia por tr\u00e1s desta montanha\" \/>\n<meta property=\"og:url\" content=\"https:\/\/www.correiobraziliense.com.br\/cbradar\/por-que-esse-lugar-e-chamado-de-casa-dos-deuses\/\" \/>\n<meta property=\"og:site_name\" content=\"Correio Braziliense - Radar\" \/>\n<meta property=\"article:published_time\" content=\"2025-03-18T22:50:00+00:00\" \/>\n<meta property=\"og:image\" content=\"https:\/\/www.correiobraziliense.com.br\/cbradar\/wp-content\/uploads\/2025\/03\/Monte-Roraima_1742221871037.jpg\" \/>\n\t<meta property=\"og:image:width\" content=\"1280\" \/>\n\t<meta property=\"og:image:height\" content=\"720\" \/>\n\t<meta property=\"og:image:type\" content=\"image\/jpeg\" \/>\n<meta name=\"author\" content=\"Larissa Carvalho\" \/>\n<meta name=\"twitter:card\" content=\"summary_large_image\" \/>\n<meta name=\"twitter:label1\" content=\"Escrito por\" \/>\n\t<meta name=\"twitter:data1\" content=\"Larissa Carvalho\" \/>\n\t<meta name=\"twitter:label2\" content=\"Est. tempo de leitura\" \/>\n\t<meta name=\"twitter:data2\" content=\"4 minutos\" \/>\n<!-- \/ Yoast SEO plugin. -->","yoast_head_json":{"title":"Por que esse lugar \u00e9 chamado de \"casa dos deuses\"?","description":"Descubra uma maravilha natural que fascina com suas lendas e mist\u00e9rio. Conhe\u00e7a a hist\u00f3ria de Macuna\u00edma e a ci\u00eancia por tr\u00e1s desta montanha","robots":{"index":"index","follow":"follow","max-snippet":"max-snippet:-1","max-image-preview":"max-image-preview:large","max-video-preview":"max-video-preview:-1"},"canonical":"https:\/\/www.correiobraziliense.com.br\/cbradar\/por-que-esse-lugar-e-chamado-de-casa-dos-deuses\/","og_locale":"pt_BR","og_type":"article","og_title":"Por que esse lugar \u00e9 chamado de \"casa dos deuses\"?","og_description":"Descubra uma maravilha natural que fascina com suas lendas e mist\u00e9rio. Conhe\u00e7a a hist\u00f3ria de Macuna\u00edma e a ci\u00eancia por tr\u00e1s desta montanha","og_url":"https:\/\/www.correiobraziliense.com.br\/cbradar\/por-que-esse-lugar-e-chamado-de-casa-dos-deuses\/","og_site_name":"Correio Braziliense - Radar","article_published_time":"2025-03-18T22:50:00+00:00","og_image":[{"width":1280,"height":720,"url":"https:\/\/www.correiobraziliense.com.br\/cbradar\/wp-content\/uploads\/2025\/03\/Monte-Roraima_1742221871037.jpg","type":"image\/jpeg"}],"author":"Larissa Carvalho","twitter_card":"summary_large_image","twitter_misc":{"Escrito por":"Larissa Carvalho","Est. tempo de leitura":"4 minutos"},"schema":{"@context":"https:\/\/schema.org","@graph":[{"@type":"WebPage","@id":"https:\/\/www.correiobraziliense.com.br\/cbradar\/por-que-esse-lugar-e-chamado-de-casa-dos-deuses\/","url":"https:\/\/www.correiobraziliense.com.br\/cbradar\/por-que-esse-lugar-e-chamado-de-casa-dos-deuses\/","name":"Por que esse lugar \u00e9 chamado de \"casa dos deuses\"?","isPartOf":{"@id":"https:\/\/www.correiobraziliense.com.br\/cbradar\/#website"},"primaryImageOfPage":{"@id":"https:\/\/www.correiobraziliense.com.br\/cbradar\/por-que-esse-lugar-e-chamado-de-casa-dos-deuses\/#primaryimage"},"image":{"@id":"https:\/\/www.correiobraziliense.com.br\/cbradar\/por-que-esse-lugar-e-chamado-de-casa-dos-deuses\/#primaryimage"},"thumbnailUrl":"https:\/\/www.correiobraziliense.com.br\/cbradar\/wp-content\/uploads\/2025\/03\/Monte-Roraima_1742221871037.jpg","datePublished":"2025-03-18T22:50:00+00:00","author":{"@id":"https:\/\/www.correiobraziliense.com.br\/cbradar\/#\/schema\/person\/58422787644df994b53a19d3e56c1513"},"description":"Descubra uma maravilha natural que fascina com suas lendas e mist\u00e9rio. Conhe\u00e7a a hist\u00f3ria de Macuna\u00edma e a ci\u00eancia por tr\u00e1s desta montanha","breadcrumb":{"@id":"https:\/\/www.correiobraziliense.com.br\/cbradar\/por-que-esse-lugar-e-chamado-de-casa-dos-deuses\/#breadcrumb"},"inLanguage":"pt-BR","potentialAction":[{"@type":"ReadAction","target":["https:\/\/www.correiobraziliense.com.br\/cbradar\/por-que-esse-lugar-e-chamado-de-casa-dos-deuses\/"]}]},{"@type":"ImageObject","inLanguage":"pt-BR","@id":"https:\/\/www.correiobraziliense.com.br\/cbradar\/por-que-esse-lugar-e-chamado-de-casa-dos-deuses\/#primaryimage","url":"https:\/\/www.correiobraziliense.com.br\/cbradar\/wp-content\/uploads\/2025\/03\/Monte-Roraima_1742221871037.jpg","contentUrl":"https:\/\/www.correiobraziliense.com.br\/cbradar\/wp-content\/uploads\/2025\/03\/Monte-Roraima_1742221871037.jpg","width":1280,"height":720,"caption":"Monte Roraima. Cr\u00e9ditos: depositphotos.com \/ Curioso_Travel_Photography"},{"@type":"BreadcrumbList","@id":"https:\/\/www.correiobraziliense.com.br\/cbradar\/por-que-esse-lugar-e-chamado-de-casa-dos-deuses\/#breadcrumb","itemListElement":[{"@type":"ListItem","position":1,"name":"In\u00edcio","item":"https:\/\/www.correiobraziliense.com.br\/cbradar\/"},{"@type":"ListItem","position":2,"name":"Por que esse lugar \u00e9 chamado de &#8220;casa dos deuses&#8221;?"}]},{"@type":"WebSite","@id":"https:\/\/www.correiobraziliense.com.br\/cbradar\/#website","url":"https:\/\/www.correiobraziliense.com.br\/cbradar\/","name":"Correio Braziliense - Radar","description":"Acompanhe as \u00faltimas not\u00edcias e fique bem informado sobre tudo o que acontece no Brasil e no mundo.","potentialAction":[{"@type":"SearchAction","target":{"@type":"EntryPoint","urlTemplate":"https:\/\/www.correiobraziliense.com.br\/cbradar\/?s={search_term_string}"},"query-input":{"@type":"PropertyValueSpecification","valueRequired":true,"valueName":"search_term_string"}}],"inLanguage":"pt-BR"},{"@type":"Person","@id":"https:\/\/www.correiobraziliense.com.br\/cbradar\/#\/schema\/person\/58422787644df994b53a19d3e56c1513","name":"Larissa Carvalho","image":{"@type":"ImageObject","inLanguage":"pt-BR","@id":"https:\/\/www.correiobraziliense.com.br\/cbradar\/#\/schema\/person\/image\/","url":"https:\/\/secure.gravatar.com\/avatar\/fe4f91a0de32b52a838d0d612abdc1aa?s=96&d=mm&r=g","contentUrl":"https:\/\/secure.gravatar.com\/avatar\/fe4f91a0de32b52a838d0d612abdc1aa?s=96&d=mm&r=g","caption":"Larissa Carvalho"},"url":"https:\/\/www.correiobraziliense.com.br\/cbradar\/author\/larissamyth\/"}]}},"_links":{"self":[{"href":"https:\/\/www.correiobraziliense.com.br\/cbradar\/wp-json\/wp\/v2\/posts\/13200","targetHints":{"allow":["GET"]}}],"collection":[{"href":"https:\/\/www.correiobraziliense.com.br\/cbradar\/wp-json\/wp\/v2\/posts"}],"about":[{"href":"https:\/\/www.correiobraziliense.com.br\/cbradar\/wp-json\/wp\/v2\/types\/post"}],"author":[{"embeddable":true,"href":"https:\/\/www.correiobraziliense.com.br\/cbradar\/wp-json\/wp\/v2\/users\/3"}],"replies":[{"embeddable":true,"href":"https:\/\/www.correiobraziliense.com.br\/cbradar\/wp-json\/wp\/v2\/comments?post=13200"}],"version-history":[{"count":1,"href":"https:\/\/www.correiobraziliense.com.br\/cbradar\/wp-json\/wp\/v2\/posts\/13200\/revisions"}],"predecessor-version":[{"id":13226,"href":"https:\/\/www.correiobraziliense.com.br\/cbradar\/wp-json\/wp\/v2\/posts\/13200\/revisions\/13226"}],"wp:featuredmedia":[{"embeddable":true,"href":"https:\/\/www.correiobraziliense.com.br\/cbradar\/wp-json\/wp\/v2\/media\/13224"}],"wp:attachment":[{"href":"https:\/\/www.correiobraziliense.com.br\/cbradar\/wp-json\/wp\/v2\/media?parent=13200"}],"wp:term":[{"taxonomy":"category","embeddable":true,"href":"https:\/\/www.correiobraziliense.com.br\/cbradar\/wp-json\/wp\/v2\/categories?post=13200"},{"taxonomy":"post_tag","embeddable":true,"href":"https:\/\/www.correiobraziliense.com.br\/cbradar\/wp-json\/wp\/v2\/post_tag?post=13200"}],"curies":[{"name":"wp","href":"https:\/\/api.w.org\/{rel}","templated":true}]}}