{"id":132004,"date":"2025-11-06T18:25:00","date_gmt":"2025-11-06T21:25:00","guid":{"rendered":"https:\/\/www.correiobraziliense.com.br\/cbradar\/?p=132004"},"modified":"2025-11-05T18:42:40","modified_gmt":"2025-11-05T21:42:40","slug":"traumas-infantis-e-endometriose-tem-ligacao-surpreendente","status":"publish","type":"post","link":"https:\/\/www.correiobraziliense.com.br\/cbradar\/traumas-infantis-e-endometriose-tem-ligacao-surpreendente\/","title":{"rendered":"Traumas infantis e endometriose t\u00eam liga\u00e7\u00e3o surpreendente"},"content":{"rendered":"\n<p>A <strong>Endometriose <\/strong>\u00e9 uma condi\u00e7\u00e3o que afeta uma parcela significativa de mulheres em idade reprodutiva, caracterizada pelo crescimento do tecido endometrial fora do \u00fatero. Este tecido, que normalmente reveste o interior do \u00fatero, ao crescer em locais inadequados como os ov\u00e1rios e as trompas de Fal\u00f3pio, pode provocar dores intensas e outros sintomas debilitantes. Um estudo recente realizado na Su\u00e9cia revelou que fatores advindos da inf\u00e2ncia, como abuso de subst\u00e2ncias e exposi\u00e7\u00e3o a viol\u00eancia, podem aumentar significativamente o risco de desenvolver essa condi\u00e7\u00e3o.<\/p>\n\n\n\n<p>A pesquisa sueca analisou dados de <a href=\"https:\/\/www.correiobraziliense.com.br\/cbradar\/o-maior-erro-ao-tratar-olho-seco-com-colirios-comuns\/\" target=\"_blank\" rel=\"noreferrer noopener\">sa\u00fade <\/a>de um grande n\u00famero de mulheres e destacou a correla\u00e7\u00e3o entre experi\u00eancias adversas na inf\u00e2ncia e a incid\u00eancia de Endometriose. Foi identificado que aquelas que enfrentaram trauma ou dificuldades, incluindo quest\u00f5es financeiras e doen\u00e7as mentais na fam\u00edlia, apresentavam um risco at\u00e9 60% maior de desenvolver a doen\u00e7a em compara\u00e7\u00e3o com aquelas que n\u00e3o tiveram tais exposi\u00e7\u00f5es. Este risco \u00e9 ainda mais alto para as que passaram por m\u00faltiplas adversidades.<\/p>\n\n\n\n<h2 class=\"wp-block-heading\">Como a Endometriose se manifesta e quais os principais sintomas?<\/h2>\n\n\n\n<p>A manifesta\u00e7\u00e3o da Endometriose \u00e9 frequentemente acompanhada de dor p\u00e9lvica severa, especialmente durante o ciclo menstrual. A condi\u00e7\u00e3o ocorre quando o tecido endometrial, que deveria se limitar ao \u00fatero, come\u00e7a a se expandir para outros \u00f3rg\u00e3os p\u00e9lvicos. Este comportamento an\u00f4malo do tecido endometrial causa n\u00e3o apenas dor, mas tamb\u00e9m pode resultar em sangramentos intensos e potencialmente levar \u00e0 infertilidade. Muitos dos sintomas se intensificam mensualmente, afetando a qualidade de vida das mulheres de maneira significativa.<\/p>\n\n\n\n<h2 class=\"wp-block-heading\">Quais s\u00e3o os fatores de risco conhecidos para a Endometriose?<\/h2>\n\n\n<div class=\"wp-block-image\">\n<figure class=\"aligncenter size-large\"><img decoding=\"async\" width=\"1024\" height=\"576\" src=\"https:\/\/www.correiobraziliense.com.br\/cbradar\/wp-content\/uploads\/2025\/11\/Endometriose_1762378917504-1024x576.jpg\" alt=\"\" class=\"wp-image-132006\" srcset=\"https:\/\/www.correiobraziliense.com.br\/cbradar\/wp-content\/uploads\/2025\/11\/Endometriose_1762378917504-1024x576.jpg 1024w, https:\/\/www.correiobraziliense.com.br\/cbradar\/wp-content\/uploads\/2025\/11\/Endometriose_1762378917504-300x169.jpg 300w, https:\/\/www.correiobraziliense.com.br\/cbradar\/wp-content\/uploads\/2025\/11\/Endometriose_1762378917504-768x432.jpg 768w, https:\/\/www.correiobraziliense.com.br\/cbradar\/wp-content\/uploads\/2025\/11\/Endometriose_1762378917504-750x422.jpg 750w, https:\/\/www.correiobraziliense.com.br\/cbradar\/wp-content\/uploads\/2025\/11\/Endometriose_1762378917504-1140x641.jpg 1140w, https:\/\/www.correiobraziliense.com.br\/cbradar\/wp-content\/uploads\/2025\/11\/Endometriose_1762378917504.jpg 1280w\" sizes=\"(max-width: 1024px) 100vw, 1024px\" \/><figcaption class=\"wp-element-caption\">Endometriose &#8211; Cr\u00e9ditos: depositphotos.com \/ Vonschonertagen<\/figcaption><\/figure><\/div>\n\n\n<p>Embora a ci\u00eancia ainda n\u00e3o tenha descortinado completamente as causas da Endometriose, alguns fatores de risco s\u00e3o reconhecidos. O in\u00edcio precoce da menstrua\u00e7\u00e3o, a magreza e a predisposi\u00e7\u00e3o gen\u00e9tica s\u00e3o algumas das influ\u00eancias identificadas. Recentemente, a pesquisa sueca adicionou adversidades enfrentadas na inf\u00e2ncia como um componente relevante no aumento do risco, destacando a necessidade de se considerar uma abordagem mais ampla ao analisar a sa\u00fade ginecol\u00f3gica das mulheres.<\/p>\n\n\n\n<h2 class=\"wp-block-heading\">Por que experi\u00eancias na inf\u00e2ncia podem influenciar a Endometriose?<\/h2>\n\n\n\n<p>As experi\u00eancias adversas na inf\u00e2ncia podem potencialmente moldar o desenvolvimento biol\u00f3gico e emocional de uma pessoa. Traumas precoces t\u00eam sido associados a v\u00e1rias condi\u00e7\u00f5es de sa\u00fade, e a rela\u00e7\u00e3o com a Endometriose pode ser decorrente de altera\u00e7\u00f5es inflamat\u00f3rias e hormonais resultantes de tais experi\u00eancias. Esta nova perspectiva destaca a import\u00e2ncia de pol\u00edticas p\u00fablicas voltadas para a prote\u00e7\u00e3o infantil como uma medida preventiva de sa\u00fade a longo prazo.<\/p>\n\n\n\n<p>A percep\u00e7\u00e3o, por parte dos pacientes, de que suas dores n\u00e3o s\u00e3o devidamente reconhecidas por profissionais de sa\u00fade tamb\u00e9m agrava a busca por diagn\u00f3stico e tratamento. Estudos psicol\u00f3gicos indicam que muitas mulheres se sentem negligenciadas ao relatarem seus sintomas, exacerbando a sensa\u00e7\u00e3o de isolamento e potencialmente atrasando o tratamento necess\u00e1rio. Este aspecto tamb\u00e9m refor\u00e7a a necessidade de maior conscientiza\u00e7\u00e3o m\u00e9dica em rela\u00e7\u00e3o \u00e0 Endometriose, promovendo um ambiente de acolhimento e apoio para essas mulheres.<\/p>\n\n\n<a href=\"https:\/\/www.instagram.com\/dra.annaluisabf\/\" target=\"_blank\" rel=\"noopener\" style=\"text-decoration: none; color: inherit;\">\n    <span style=\"display: inline-block; border: 1px solid #ccc; border-radius: 10px; padding: 15px; max-width: 550px; font-family: sans-serif; box-shadow: 0 2px 5px rgba(0,0,0,0.1); width: 100%;\">\n\n      <!-- T\u00edtulo -->\n      <span style=\"display: block; margin: 0 0 15px 0; font-weight: bold; color: #2c3e50; text-align: center;\">\n        Entre em contato:\n      <\/span>\n\n      <!-- Linha do perfil -->\n      <span style=\"display: flex; align-items: center; gap: 15px;\">\n        <img decoding=\"async\"\n          src=\"https:\/\/www.correiobraziliense.com.br\/cbradar\/wp-content\/uploads\/2025\/08\/dra_anna_luisa.jpeg\"\n          alt=\"Foto da Dra. Anna Lu\u00edsa\"\n          style=\"border-radius: 50%; width: 80px; height: 80px; object-fit: cover;\"\n        \/>\n        <span style=\"display: flex; flex-direction: column;\">\n          <span style=\"font-size: 18px; font-weight: 700; color: #2c3e50;\">Dra. Anna Lu\u00edsa Barbosa Fernandes<\/span>\n          <span style=\"color: #555;\">CRM-GO 33.271<\/span>\n        <\/span>\n      <\/span>\n\n      <!-- Redes -->\n      <span style=\"display: flex; align-items: center; gap: 10px; margin-top: 12px;\">\n        <img decoding=\"async\" src=\"https:\/\/cdn-icons-png.flaticon.com\/24\/1384\/1384063.png\" alt=\"Instagram\" width=\"24\" height=\"24\" \/>\n        <span style=\"text-decoration: underline; color: #2c3e50;\">@dra.annaluisabf<\/span>\n      <\/span>\n\n    <\/span>\n  <\/a>","protected":false},"excerpt":{"rendered":"<p>A Endometriose \u00e9 uma condi\u00e7\u00e3o que afeta uma parcela significativa de mulheres em idade reprodutiva, caracterizada pelo crescimento do tecido endometrial fora do \u00fatero. Este tecido, que normalmente reveste o interior do \u00fatero, ao crescer em locais inadequados como os ov\u00e1rios e as trompas de Fal\u00f3pio, pode provocar dores intensas e outros sintomas debilitantes. Um [&hellip;]<\/p>\n","protected":false},"author":14,"featured_media":132005,"comment_status":"open","ping_status":"open","sticky":false,"template":"","format":"standard","meta":{"_yoast_wpseo_focuskw":"Endometriose","_yoast_wpseo_title":"","_yoast_wpseo_metadesc":"Um estudo revela que traumas na inf\u00e2ncia podem elevar em at\u00e9 60% o risco de endometriose. Entenda como experi\u00eancias precoces.","jnews-multi-image_gallery":[],"jnews_single_post":{"format":"standard"},"jnews_primary_category":[],"jnews_social_meta":[],"jnews_override_counter":[],"footnotes":""},"categories":[4404],"tags":[120,247,1318],"class_list":["post-132004","post","type-post","status-publish","format-standard","has-post-thumbnail","hentry","category-saude","tag-bem-estar","tag-qualidade-de-vida","tag-saude-2"],"yoast_head":"<!-- This site is optimized with the Yoast SEO plugin v24.6 - https:\/\/yoast.com\/wordpress\/plugins\/seo\/ -->\n<title>Traumas infantis e endometriose t\u00eam liga\u00e7\u00e3o surpreendente - Correio Braziliense - Radar<\/title>\n<meta name=\"description\" content=\"Um estudo revela que traumas na inf\u00e2ncia podem elevar em at\u00e9 60% o risco de endometriose. Entenda como experi\u00eancias precoces.\" \/>\n<meta name=\"robots\" content=\"index, follow, max-snippet:-1, max-image-preview:large, max-video-preview:-1\" \/>\n<link rel=\"canonical\" href=\"https:\/\/www.correiobraziliense.com.br\/cbradar\/traumas-infantis-e-endometriose-tem-ligacao-surpreendente\/\" \/>\n<meta property=\"og:locale\" content=\"pt_BR\" \/>\n<meta property=\"og:type\" content=\"article\" \/>\n<meta property=\"og:title\" content=\"Traumas infantis e endometriose t\u00eam liga\u00e7\u00e3o surpreendente - Correio Braziliense - Radar\" \/>\n<meta property=\"og:description\" content=\"Um estudo revela que traumas na inf\u00e2ncia podem elevar em at\u00e9 60% o risco de endometriose. Entenda como experi\u00eancias precoces.\" \/>\n<meta property=\"og:url\" content=\"https:\/\/www.correiobraziliense.com.br\/cbradar\/traumas-infantis-e-endometriose-tem-ligacao-surpreendente\/\" \/>\n<meta property=\"og:site_name\" content=\"Correio Braziliense - Radar\" \/>\n<meta property=\"article:published_time\" content=\"2025-11-06T21:25:00+00:00\" \/>\n<meta property=\"og:image\" content=\"https:\/\/www.correiobraziliense.com.br\/cbradar\/wp-content\/uploads\/2025\/11\/Endometriose_1762378701446.jpg\" \/>\n\t<meta property=\"og:image:width\" content=\"1280\" \/>\n\t<meta property=\"og:image:height\" content=\"720\" \/>\n\t<meta property=\"og:image:type\" content=\"image\/jpeg\" \/>\n<meta name=\"author\" content=\"guilherme_saude\" \/>\n<meta name=\"twitter:card\" content=\"summary_large_image\" \/>\n<meta name=\"twitter:label1\" content=\"Escrito por\" \/>\n\t<meta name=\"twitter:data1\" content=\"guilherme_saude\" \/>\n\t<meta name=\"twitter:label2\" content=\"Est. tempo de leitura\" \/>\n\t<meta name=\"twitter:data2\" content=\"4 minutos\" \/>\n<!-- \/ Yoast SEO plugin. -->","yoast_head_json":{"title":"Traumas infantis e endometriose t\u00eam liga\u00e7\u00e3o surpreendente - Correio Braziliense - Radar","description":"Um estudo revela que traumas na inf\u00e2ncia podem elevar em at\u00e9 60% o risco de endometriose. Entenda como experi\u00eancias precoces.","robots":{"index":"index","follow":"follow","max-snippet":"max-snippet:-1","max-image-preview":"max-image-preview:large","max-video-preview":"max-video-preview:-1"},"canonical":"https:\/\/www.correiobraziliense.com.br\/cbradar\/traumas-infantis-e-endometriose-tem-ligacao-surpreendente\/","og_locale":"pt_BR","og_type":"article","og_title":"Traumas infantis e endometriose t\u00eam liga\u00e7\u00e3o surpreendente - Correio Braziliense - Radar","og_description":"Um estudo revela que traumas na inf\u00e2ncia podem elevar em at\u00e9 60% o risco de endometriose. Entenda como experi\u00eancias precoces.","og_url":"https:\/\/www.correiobraziliense.com.br\/cbradar\/traumas-infantis-e-endometriose-tem-ligacao-surpreendente\/","og_site_name":"Correio Braziliense - Radar","article_published_time":"2025-11-06T21:25:00+00:00","og_image":[{"width":1280,"height":720,"url":"https:\/\/www.correiobraziliense.com.br\/cbradar\/wp-content\/uploads\/2025\/11\/Endometriose_1762378701446.jpg","type":"image\/jpeg"}],"author":"guilherme_saude","twitter_card":"summary_large_image","twitter_misc":{"Escrito por":"guilherme_saude","Est. tempo de leitura":"4 minutos"},"schema":{"@context":"https:\/\/schema.org","@graph":[{"@type":"WebPage","@id":"https:\/\/www.correiobraziliense.com.br\/cbradar\/traumas-infantis-e-endometriose-tem-ligacao-surpreendente\/","url":"https:\/\/www.correiobraziliense.com.br\/cbradar\/traumas-infantis-e-endometriose-tem-ligacao-surpreendente\/","name":"Traumas infantis e endometriose t\u00eam liga\u00e7\u00e3o surpreendente - Correio Braziliense - Radar","isPartOf":{"@id":"https:\/\/www.correiobraziliense.com.br\/cbradar\/#website"},"primaryImageOfPage":{"@id":"https:\/\/www.correiobraziliense.com.br\/cbradar\/traumas-infantis-e-endometriose-tem-ligacao-surpreendente\/#primaryimage"},"image":{"@id":"https:\/\/www.correiobraziliense.com.br\/cbradar\/traumas-infantis-e-endometriose-tem-ligacao-surpreendente\/#primaryimage"},"thumbnailUrl":"https:\/\/www.correiobraziliense.com.br\/cbradar\/wp-content\/uploads\/2025\/11\/Endometriose_1762378701446.jpg","datePublished":"2025-11-06T21:25:00+00:00","author":{"@id":"https:\/\/www.correiobraziliense.com.br\/cbradar\/#\/schema\/person\/5aa4bf3c8fa699c267933611de12978b"},"description":"Um estudo revela que traumas na inf\u00e2ncia podem elevar em at\u00e9 60% o risco de endometriose. Entenda como experi\u00eancias precoces.","breadcrumb":{"@id":"https:\/\/www.correiobraziliense.com.br\/cbradar\/traumas-infantis-e-endometriose-tem-ligacao-surpreendente\/#breadcrumb"},"inLanguage":"pt-BR","potentialAction":[{"@type":"ReadAction","target":["https:\/\/www.correiobraziliense.com.br\/cbradar\/traumas-infantis-e-endometriose-tem-ligacao-surpreendente\/"]}]},{"@type":"ImageObject","inLanguage":"pt-BR","@id":"https:\/\/www.correiobraziliense.com.br\/cbradar\/traumas-infantis-e-endometriose-tem-ligacao-surpreendente\/#primaryimage","url":"https:\/\/www.correiobraziliense.com.br\/cbradar\/wp-content\/uploads\/2025\/11\/Endometriose_1762378701446.jpg","contentUrl":"https:\/\/www.correiobraziliense.com.br\/cbradar\/wp-content\/uploads\/2025\/11\/Endometriose_1762378701446.jpg","width":1280,"height":720,"caption":"Endometriose pode causar dor intensa e comprometer fertilidade feminina - Cr\u00e9ditos: depositphotos.com \/ serezniy"},{"@type":"BreadcrumbList","@id":"https:\/\/www.correiobraziliense.com.br\/cbradar\/traumas-infantis-e-endometriose-tem-ligacao-surpreendente\/#breadcrumb","itemListElement":[{"@type":"ListItem","position":1,"name":"In\u00edcio","item":"https:\/\/www.correiobraziliense.com.br\/cbradar\/"},{"@type":"ListItem","position":2,"name":"Traumas infantis e endometriose t\u00eam liga\u00e7\u00e3o surpreendente"}]},{"@type":"WebSite","@id":"https:\/\/www.correiobraziliense.com.br\/cbradar\/#website","url":"https:\/\/www.correiobraziliense.com.br\/cbradar\/","name":"Correio Braziliense - Radar","description":"Acompanhe as \u00faltimas not\u00edcias e fique bem informado sobre tudo o que acontece no Brasil e no mundo.","potentialAction":[{"@type":"SearchAction","target":{"@type":"EntryPoint","urlTemplate":"https:\/\/www.correiobraziliense.com.br\/cbradar\/?s={search_term_string}"},"query-input":{"@type":"PropertyValueSpecification","valueRequired":true,"valueName":"search_term_string"}}],"inLanguage":"pt-BR"},{"@type":"Person","@id":"https:\/\/www.correiobraziliense.com.br\/cbradar\/#\/schema\/person\/5aa4bf3c8fa699c267933611de12978b","name":"guilherme_saude","image":{"@type":"ImageObject","inLanguage":"pt-BR","@id":"https:\/\/www.correiobraziliense.com.br\/cbradar\/#\/schema\/person\/image\/","url":"https:\/\/secure.gravatar.com\/avatar\/df9adfb835d344bc0af109d41756253f?s=96&d=mm&r=g","contentUrl":"https:\/\/secure.gravatar.com\/avatar\/df9adfb835d344bc0af109d41756253f?s=96&d=mm&r=g","caption":"guilherme_saude"},"url":"https:\/\/www.correiobraziliense.com.br\/cbradar\/author\/guilherme_saude\/"}]}},"_links":{"self":[{"href":"https:\/\/www.correiobraziliense.com.br\/cbradar\/wp-json\/wp\/v2\/posts\/132004","targetHints":{"allow":["GET"]}}],"collection":[{"href":"https:\/\/www.correiobraziliense.com.br\/cbradar\/wp-json\/wp\/v2\/posts"}],"about":[{"href":"https:\/\/www.correiobraziliense.com.br\/cbradar\/wp-json\/wp\/v2\/types\/post"}],"author":[{"embeddable":true,"href":"https:\/\/www.correiobraziliense.com.br\/cbradar\/wp-json\/wp\/v2\/users\/14"}],"replies":[{"embeddable":true,"href":"https:\/\/www.correiobraziliense.com.br\/cbradar\/wp-json\/wp\/v2\/comments?post=132004"}],"version-history":[{"count":1,"href":"https:\/\/www.correiobraziliense.com.br\/cbradar\/wp-json\/wp\/v2\/posts\/132004\/revisions"}],"predecessor-version":[{"id":132007,"href":"https:\/\/www.correiobraziliense.com.br\/cbradar\/wp-json\/wp\/v2\/posts\/132004\/revisions\/132007"}],"wp:featuredmedia":[{"embeddable":true,"href":"https:\/\/www.correiobraziliense.com.br\/cbradar\/wp-json\/wp\/v2\/media\/132005"}],"wp:attachment":[{"href":"https:\/\/www.correiobraziliense.com.br\/cbradar\/wp-json\/wp\/v2\/media?parent=132004"}],"wp:term":[{"taxonomy":"category","embeddable":true,"href":"https:\/\/www.correiobraziliense.com.br\/cbradar\/wp-json\/wp\/v2\/categories?post=132004"},{"taxonomy":"post_tag","embeddable":true,"href":"https:\/\/www.correiobraziliense.com.br\/cbradar\/wp-json\/wp\/v2\/tags?post=132004"}],"curies":[{"name":"wp","href":"https:\/\/api.w.org\/{rel}","templated":true}]}}