{"id":132012,"date":"2025-11-06T17:15:00","date_gmt":"2025-11-06T20:15:00","guid":{"rendered":"https:\/\/www.correiobraziliense.com.br\/cbradar\/?p=132012"},"modified":"2025-11-05T18:47:51","modified_gmt":"2025-11-05T21:47:51","slug":"a-forma-mais-eficaz-de-reverter-gordura-no-figado-rapido","status":"publish","type":"post","link":"https:\/\/www.correiobraziliense.com.br\/cbradar\/a-forma-mais-eficaz-de-reverter-gordura-no-figado-rapido\/","title":{"rendered":"A forma mais eficaz de reverter gordura no f\u00edgado r\u00e1pido"},"content":{"rendered":"\n<p>A <strong>Esteatose Hep\u00e1tica<\/strong>, popularmente conhecida como gordura no f\u00edgado, \u00e9 uma condi\u00e7\u00e3o que vem se tornando cada vez mais comum entre os brasileiros. Embora muitas vezes silenciosa, essa condi\u00e7\u00e3o pode se desdobrar em problemas s\u00e9rios se n\u00e3o for diagnosticada e tratada adequadamente. O ac\u00famulo de c\u00e9lulas de gordura no tecido hep\u00e1tico est\u00e1 principalmente associado \u00e0 obesidade, sedentarismo e resist\u00eancia \u00e0 insulina. A esteatose pode se desenvolver de maneira sutil, mas evoluir para inflama\u00e7\u00f5es cr\u00f4nicas, fibrose, e em casos mais cr\u00edticos, pode culminar em cirrose ou c\u00e2ncer de f\u00edgado. Portanto, a preven\u00e7\u00e3o e o acompanhamento regular s\u00e3o imprescind\u00edveis.<\/p>\n\n\n\n<h2 class=\"wp-block-heading\">O que causa a gordura no f\u00edgado?<\/h2>\n\n\n\n<p>O ac\u00famulo de gordura no f\u00edgado est\u00e1 intimamente ligado a fatores como excesso de peso, falta de atividade f\u00edsica e dieta inadequada. No entanto, pessoas que mant\u00eam um peso saud\u00e1vel ou se alimentam de maneira balanceada tamb\u00e9m podem ser afetadas devido a predisposi\u00e7\u00f5es gen\u00e9ticas ou condi\u00e7\u00f5es metab\u00f3licas como a resist\u00eancia \u00e0 insulina. Esta resist\u00eancia, em particular, impede que o horm\u00f4nio insulina funcione adequadamente, levando o organismo a armazenar mais gordura no f\u00edgado.<\/p>\n\n\n\n<h2 class=\"wp-block-heading\">Sinais e sintomas: Como identificar a Esteatose Hep\u00e1tica?<\/h2>\n\n\n<div class=\"wp-block-image\">\n<figure class=\"aligncenter size-large\"><img decoding=\"async\" width=\"1024\" height=\"576\" src=\"https:\/\/www.correiobraziliense.com.br\/cbradar\/wp-content\/uploads\/2025\/08\/transplante-de-figado_1754678024787-1024x576.jpg\" alt=\"\" class=\"wp-image-83079\" srcset=\"https:\/\/www.correiobraziliense.com.br\/cbradar\/wp-content\/uploads\/2025\/08\/transplante-de-figado_1754678024787-1024x576.jpg 1024w, https:\/\/www.correiobraziliense.com.br\/cbradar\/wp-content\/uploads\/2025\/08\/transplante-de-figado_1754678024787-300x169.jpg 300w, https:\/\/www.correiobraziliense.com.br\/cbradar\/wp-content\/uploads\/2025\/08\/transplante-de-figado_1754678024787-768x432.jpg 768w, https:\/\/www.correiobraziliense.com.br\/cbradar\/wp-content\/uploads\/2025\/08\/transplante-de-figado_1754678024787-750x422.jpg 750w, https:\/\/www.correiobraziliense.com.br\/cbradar\/wp-content\/uploads\/2025\/08\/transplante-de-figado_1754678024787-1140x641.jpg 1140w, https:\/\/www.correiobraziliense.com.br\/cbradar\/wp-content\/uploads\/2025\/08\/transplante-de-figado_1754678024787.jpg 1280w\" sizes=\"(max-width: 1024px) 100vw, 1024px\" \/><figcaption class=\"wp-element-caption\">F\u00edgado &#8211; Cr\u00e9ditos: depositphotos.com \/ Shidlovski<\/figcaption><\/figure><\/div>\n\n\n<p>Identificar a Esteatose Hep\u00e1tica em seus est\u00e1gios iniciais pode ser desafiador, pois muitos pacientes permanecem assintom\u00e1ticos. No entanto, alguns sinais podem servir de alerta, incluindo cansa\u00e7o frequente, sensa\u00e7\u00e3o de fraqueza, desconforto ou dor leve no lado direito do abd\u00f4men, enjoo e perda de apetite. Em exames de sangue, podem ser observadas altera\u00e7\u00f5es nas enzimas hep\u00e1ticas. \u00c0 medida que a condi\u00e7\u00e3o avan\u00e7a, sintomas mais graves podem surgir, exigindo uma abordagem m\u00e9dica mais intensiva.<\/p>\n\n\n\n<h2 class=\"wp-block-heading\">Qual \u00e9 o tratamento recomendado para a gordura no f\u00edgado?<\/h2>\n\n\n\n<p>Apesar de ser uma condi\u00e7\u00e3o grave, o tratamento da gordura no f\u00edgado n\u00e3o costuma envolver medicamentos na maioria dos casos. A mudan\u00e7a no estilo de vida \u00e9 o m\u00e9todo mais eficaz para combater a Esteatose Hep\u00e1tica. Adotar uma dieta equilibrada, perder de 7% a 10% do peso corporal e realizar exerc\u00edcios regularmente pode resultar em melhorias significativas nas enzimas hep\u00e1ticas e na redu\u00e7\u00e3o do ac\u00famulo de gordura no f\u00edgado dentro de tr\u00eas a seis meses.<\/p>\n\n\n\n<h2 class=\"wp-block-heading\">Como prevenir a Esteatose Hep\u00e1tica?<\/h2>\n\n\n\n<p>A preven\u00e7\u00e3o da gordura no f\u00edgado \u00e9 poss\u00edvel atrav\u00e9s de escolhas de estilo de vida saud\u00e1veis. Manter um peso corporal adequado, praticar atividades f\u00edsicas regularmente e seguir uma dieta rica em nutrientes s\u00e3o medidas fundamentais. Al\u00e9m disso, o monitoramento peri\u00f3dico da <a href=\"https:\/\/www.correiobraziliense.com.br\/cbradar\/o-maior-erro-ao-tratar-olho-seco-com-colirios-comuns\/\" target=\"_blank\" rel=\"noreferrer noopener\">sa\u00fade <\/a>do f\u00edgado por meio de exames m\u00e9dicos pode ajudar na detec\u00e7\u00e3o precoce e na abordagem preventiva da Esteatose Hep\u00e1tica.<\/p>\n\n\n\n<p>O f\u00edgado \u00e9 um \u00f3rg\u00e3o not\u00e1vel por sua capacidade de regenera\u00e7\u00e3o, entretanto, condi\u00e7\u00f5es como fibrose e cirrose n\u00e3o s\u00e3o facilmente trat\u00e1veis pelo seu poder de transforma\u00e7\u00e3o. Neste contexto, compreender as causas, sintomas e medidas preventivas relacionadas \u00e0 Esteatose Hep\u00e1tica \u00e9 vital para preservar a sa\u00fade e o bem-estar de longo prazo.<\/p>\n\n\n<a href=\"https:\/\/www.instagram.com\/dra.annaluisabf\/\" target=\"_blank\" rel=\"noopener\" style=\"text-decoration: none; color: inherit;\">\n    <span style=\"display: inline-block; border: 1px solid #ccc; border-radius: 10px; padding: 15px; max-width: 550px; font-family: sans-serif; box-shadow: 0 2px 5px rgba(0,0,0,0.1); width: 100%;\">\n\n      <!-- T\u00edtulo -->\n      <span style=\"display: block; margin: 0 0 15px 0; font-weight: bold; color: #2c3e50; text-align: center;\">\n        Entre em contato:\n      <\/span>\n\n      <!-- Linha do perfil -->\n      <span style=\"display: flex; align-items: center; gap: 15px;\">\n        <img decoding=\"async\"\n          src=\"https:\/\/www.correiobraziliense.com.br\/cbradar\/wp-content\/uploads\/2025\/08\/dra_anna_luisa.jpeg\"\n          alt=\"Foto da Dra. Anna Lu\u00edsa\"\n          style=\"border-radius: 50%; width: 80px; height: 80px; object-fit: cover;\"\n        \/>\n        <span style=\"display: flex; flex-direction: column;\">\n          <span style=\"font-size: 18px; font-weight: 700; color: #2c3e50;\">Dra. Anna Lu\u00edsa Barbosa Fernandes<\/span>\n          <span style=\"color: #555;\">CRM-GO 33.271<\/span>\n        <\/span>\n      <\/span>\n\n      <!-- Redes -->\n      <span style=\"display: flex; align-items: center; gap: 10px; margin-top: 12px;\">\n        <img decoding=\"async\" src=\"https:\/\/cdn-icons-png.flaticon.com\/24\/1384\/1384063.png\" alt=\"Instagram\" width=\"24\" height=\"24\" \/>\n        <span style=\"text-decoration: underline; color: #2c3e50;\">@dra.annaluisabf<\/span>\n      <\/span>\n\n    <\/span>\n  <\/a>","protected":false},"excerpt":{"rendered":"<p>A Esteatose Hep\u00e1tica, popularmente conhecida como gordura no f\u00edgado, \u00e9 uma condi\u00e7\u00e3o que vem se tornando cada vez mais comum entre os brasileiros. Embora muitas vezes silenciosa, essa condi\u00e7\u00e3o pode se desdobrar em problemas s\u00e9rios se n\u00e3o for diagnosticada e tratada adequadamente. O ac\u00famulo de c\u00e9lulas de gordura no tecido hep\u00e1tico est\u00e1 principalmente associado \u00e0 [&hellip;]<\/p>\n","protected":false},"author":14,"featured_media":38239,"comment_status":"open","ping_status":"open","sticky":false,"template":"","format":"standard","meta":{"_yoast_wpseo_focuskw":"Esteatose Hep\u00e1tica","_yoast_wpseo_title":"","_yoast_wpseo_metadesc":"A esteatose hep\u00e1tica nem sempre d\u00e1 sinais claros. Saiba como detectar a gordura no f\u00edgado a tempo e o que fazer para proteger sua sa\u00fade","jnews-multi-image_gallery":[],"jnews_single_post":{"format":"standard"},"jnews_primary_category":[],"jnews_social_meta":[],"jnews_override_counter":[],"footnotes":""},"categories":[4404],"post_tag":[120,4167,1318],"class_list":["post-132012","post","type-post","status-publish","format-standard","has-post-thumbnail","hentry","category-saude","tag-bem-estar","tag-figado","tag-saude-2"],"yoast_head":"<!-- This site is optimized with the Yoast SEO plugin v24.6 - https:\/\/yoast.com\/wordpress\/plugins\/seo\/ -->\n<title>A forma mais eficaz de reverter gordura no f\u00edgado r\u00e1pido - Correio Braziliense - Radar<\/title>\n<meta name=\"description\" content=\"A esteatose hep\u00e1tica nem sempre d\u00e1 sinais claros. Saiba como detectar a gordura no f\u00edgado a tempo e o que fazer para proteger sua sa\u00fade\" \/>\n<meta name=\"robots\" content=\"index, follow, max-snippet:-1, max-image-preview:large, max-video-preview:-1\" \/>\n<link rel=\"canonical\" href=\"https:\/\/www.correiobraziliense.com.br\/cbradar\/a-forma-mais-eficaz-de-reverter-gordura-no-figado-rapido\/\" \/>\n<meta property=\"og:locale\" content=\"pt_BR\" \/>\n<meta property=\"og:type\" content=\"article\" \/>\n<meta property=\"og:title\" content=\"A forma mais eficaz de reverter gordura no f\u00edgado r\u00e1pido - Correio Braziliense - Radar\" \/>\n<meta property=\"og:description\" content=\"A esteatose hep\u00e1tica nem sempre d\u00e1 sinais claros. Saiba como detectar a gordura no f\u00edgado a tempo e o que fazer para proteger sua sa\u00fade\" \/>\n<meta property=\"og:url\" content=\"https:\/\/www.correiobraziliense.com.br\/cbradar\/a-forma-mais-eficaz-de-reverter-gordura-no-figado-rapido\/\" \/>\n<meta property=\"og:site_name\" content=\"Correio Braziliense - Radar\" \/>\n<meta property=\"article:published_time\" content=\"2025-11-06T20:15:00+00:00\" \/>\n<meta property=\"og:image\" content=\"https:\/\/www.correiobraziliense.com.br\/cbradar\/wp-content\/uploads\/2025\/05\/Gordura-no-Figado_1747423536244.jpg\" \/>\n\t<meta property=\"og:image:width\" content=\"1280\" \/>\n\t<meta property=\"og:image:height\" content=\"720\" \/>\n\t<meta property=\"og:image:type\" content=\"image\/jpeg\" \/>\n<meta name=\"author\" content=\"guilherme_saude\" \/>\n<meta name=\"twitter:card\" content=\"summary_large_image\" \/>\n<meta name=\"twitter:label1\" content=\"Escrito por\" \/>\n\t<meta name=\"twitter:data1\" content=\"guilherme_saude\" \/>\n\t<meta name=\"twitter:label2\" content=\"Est. tempo de leitura\" \/>\n\t<meta name=\"twitter:data2\" content=\"4 minutos\" \/>\n<!-- \/ Yoast SEO plugin. -->","yoast_head_json":{"title":"A forma mais eficaz de reverter gordura no f\u00edgado r\u00e1pido - Correio Braziliense - Radar","description":"A esteatose hep\u00e1tica nem sempre d\u00e1 sinais claros. Saiba como detectar a gordura no f\u00edgado a tempo e o que fazer para proteger sua sa\u00fade","robots":{"index":"index","follow":"follow","max-snippet":"max-snippet:-1","max-image-preview":"max-image-preview:large","max-video-preview":"max-video-preview:-1"},"canonical":"https:\/\/www.correiobraziliense.com.br\/cbradar\/a-forma-mais-eficaz-de-reverter-gordura-no-figado-rapido\/","og_locale":"pt_BR","og_type":"article","og_title":"A forma mais eficaz de reverter gordura no f\u00edgado r\u00e1pido - Correio Braziliense - Radar","og_description":"A esteatose hep\u00e1tica nem sempre d\u00e1 sinais claros. Saiba como detectar a gordura no f\u00edgado a tempo e o que fazer para proteger sua sa\u00fade","og_url":"https:\/\/www.correiobraziliense.com.br\/cbradar\/a-forma-mais-eficaz-de-reverter-gordura-no-figado-rapido\/","og_site_name":"Correio Braziliense - Radar","article_published_time":"2025-11-06T20:15:00+00:00","og_image":[{"width":1280,"height":720,"url":"https:\/\/www.correiobraziliense.com.br\/cbradar\/wp-content\/uploads\/2025\/05\/Gordura-no-Figado_1747423536244.jpg","type":"image\/jpeg"}],"author":"guilherme_saude","twitter_card":"summary_large_image","twitter_misc":{"Escrito por":"guilherme_saude","Est. tempo de leitura":"4 minutos"},"schema":{"@context":"https:\/\/schema.org","@graph":[{"@type":"WebPage","@id":"https:\/\/www.correiobraziliense.com.br\/cbradar\/a-forma-mais-eficaz-de-reverter-gordura-no-figado-rapido\/","url":"https:\/\/www.correiobraziliense.com.br\/cbradar\/a-forma-mais-eficaz-de-reverter-gordura-no-figado-rapido\/","name":"A forma mais eficaz de reverter gordura no f\u00edgado r\u00e1pido - Correio Braziliense - Radar","isPartOf":{"@id":"https:\/\/www.correiobraziliense.com.br\/cbradar\/#website"},"primaryImageOfPage":{"@id":"https:\/\/www.correiobraziliense.com.br\/cbradar\/a-forma-mais-eficaz-de-reverter-gordura-no-figado-rapido\/#primaryimage"},"image":{"@id":"https:\/\/www.correiobraziliense.com.br\/cbradar\/a-forma-mais-eficaz-de-reverter-gordura-no-figado-rapido\/#primaryimage"},"thumbnailUrl":"https:\/\/www.correiobraziliense.com.br\/cbradar\/wp-content\/uploads\/2025\/05\/Gordura-no-Figado_1747423536244.jpg","datePublished":"2025-11-06T20:15:00+00:00","author":{"@id":"https:\/\/www.correiobraziliense.com.br\/cbradar\/#\/schema\/person\/5aa4bf3c8fa699c267933611de12978b"},"description":"A esteatose hep\u00e1tica nem sempre d\u00e1 sinais claros. Saiba como detectar a gordura no f\u00edgado a tempo e o que fazer para proteger sua sa\u00fade","breadcrumb":{"@id":"https:\/\/www.correiobraziliense.com.br\/cbradar\/a-forma-mais-eficaz-de-reverter-gordura-no-figado-rapido\/#breadcrumb"},"inLanguage":"pt-BR","potentialAction":[{"@type":"ReadAction","target":["https:\/\/www.correiobraziliense.com.br\/cbradar\/a-forma-mais-eficaz-de-reverter-gordura-no-figado-rapido\/"]}]},{"@type":"ImageObject","inLanguage":"pt-BR","@id":"https:\/\/www.correiobraziliense.com.br\/cbradar\/a-forma-mais-eficaz-de-reverter-gordura-no-figado-rapido\/#primaryimage","url":"https:\/\/www.correiobraziliense.com.br\/cbradar\/wp-content\/uploads\/2025\/05\/Gordura-no-Figado_1747423536244.jpg","contentUrl":"https:\/\/www.correiobraziliense.com.br\/cbradar\/wp-content\/uploads\/2025\/05\/Gordura-no-Figado_1747423536244.jpg","width":1280,"height":720,"caption":"esteatose hep\u00e1tica: como reverter antes que vire um problema s\u00e9rio - Cr\u00e9ditos: depositphotos.com \/ eranicle"},{"@type":"BreadcrumbList","@id":"https:\/\/www.correiobraziliense.com.br\/cbradar\/a-forma-mais-eficaz-de-reverter-gordura-no-figado-rapido\/#breadcrumb","itemListElement":[{"@type":"ListItem","position":1,"name":"In\u00edcio","item":"https:\/\/www.correiobraziliense.com.br\/cbradar\/"},{"@type":"ListItem","position":2,"name":"A forma mais eficaz de reverter gordura no f\u00edgado r\u00e1pido"}]},{"@type":"WebSite","@id":"https:\/\/www.correiobraziliense.com.br\/cbradar\/#website","url":"https:\/\/www.correiobraziliense.com.br\/cbradar\/","name":"Correio Braziliense - Radar","description":"Acompanhe as \u00faltimas not\u00edcias e fique bem informado sobre tudo o que acontece no Brasil e no mundo.","potentialAction":[{"@type":"SearchAction","target":{"@type":"EntryPoint","urlTemplate":"https:\/\/www.correiobraziliense.com.br\/cbradar\/?s={search_term_string}"},"query-input":{"@type":"PropertyValueSpecification","valueRequired":true,"valueName":"search_term_string"}}],"inLanguage":"pt-BR"},{"@type":"Person","@id":"https:\/\/www.correiobraziliense.com.br\/cbradar\/#\/schema\/person\/5aa4bf3c8fa699c267933611de12978b","name":"guilherme_saude","image":{"@type":"ImageObject","inLanguage":"pt-BR","@id":"https:\/\/www.correiobraziliense.com.br\/cbradar\/#\/schema\/person\/image\/","url":"https:\/\/secure.gravatar.com\/avatar\/df9adfb835d344bc0af109d41756253f?s=96&d=mm&r=g","contentUrl":"https:\/\/secure.gravatar.com\/avatar\/df9adfb835d344bc0af109d41756253f?s=96&d=mm&r=g","caption":"guilherme_saude"},"url":"https:\/\/www.correiobraziliense.com.br\/cbradar\/author\/guilherme_saude\/"}]}},"_links":{"self":[{"href":"https:\/\/www.correiobraziliense.com.br\/cbradar\/wp-json\/wp\/v2\/posts\/132012","targetHints":{"allow":["GET"]}}],"collection":[{"href":"https:\/\/www.correiobraziliense.com.br\/cbradar\/wp-json\/wp\/v2\/posts"}],"about":[{"href":"https:\/\/www.correiobraziliense.com.br\/cbradar\/wp-json\/wp\/v2\/types\/post"}],"author":[{"embeddable":true,"href":"https:\/\/www.correiobraziliense.com.br\/cbradar\/wp-json\/wp\/v2\/users\/14"}],"replies":[{"embeddable":true,"href":"https:\/\/www.correiobraziliense.com.br\/cbradar\/wp-json\/wp\/v2\/comments?post=132012"}],"version-history":[{"count":1,"href":"https:\/\/www.correiobraziliense.com.br\/cbradar\/wp-json\/wp\/v2\/posts\/132012\/revisions"}],"predecessor-version":[{"id":132013,"href":"https:\/\/www.correiobraziliense.com.br\/cbradar\/wp-json\/wp\/v2\/posts\/132012\/revisions\/132013"}],"wp:featuredmedia":[{"embeddable":true,"href":"https:\/\/www.correiobraziliense.com.br\/cbradar\/wp-json\/wp\/v2\/media\/38239"}],"wp:attachment":[{"href":"https:\/\/www.correiobraziliense.com.br\/cbradar\/wp-json\/wp\/v2\/media?parent=132012"}],"wp:term":[{"taxonomy":"category","embeddable":true,"href":"https:\/\/www.correiobraziliense.com.br\/cbradar\/wp-json\/wp\/v2\/categories?post=132012"},{"taxonomy":"post_tag","embeddable":true,"href":"https:\/\/www.correiobraziliense.com.br\/cbradar\/wp-json\/wp\/v2\/post_tag?post=132012"}],"curies":[{"name":"wp","href":"https:\/\/api.w.org\/{rel}","templated":true}]}}