{"id":132015,"date":"2025-11-06T20:25:00","date_gmt":"2025-11-06T23:25:00","guid":{"rendered":"https:\/\/www.correiobraziliense.com.br\/cbradar\/?p=132015"},"modified":"2025-11-05T18:53:39","modified_gmt":"2025-11-05T21:53:39","slug":"o-alimento-mais-poderoso-para-o-sono-pode-ser-o-abacaxi","status":"publish","type":"post","link":"https:\/\/www.correiobraziliense.com.br\/cbradar\/o-alimento-mais-poderoso-para-o-sono-pode-ser-o-abacaxi\/","title":{"rendered":"O alimento mais poderoso para o sono pode ser o abacaxi"},"content":{"rendered":"\n<p>\u00c0 medida que a nutri\u00e7\u00e3o avan\u00e7a, os benef\u00edcios do <strong>Abacaxi <\/strong>t\u00eam ganho destaque, especialmente quando incorporado ao jantar. Ter um jantar nutritivo e leve \u00e9 essencial para a promo\u00e7\u00e3o da sa\u00fade no geral, e entender como certos alimentos podem influenciar essa refei\u00e7\u00e3o \u00e9 crucial. O Abacaxi, conhecido por suas propriedades digestivas e pelo sabor delicioso, \u00e9 um exemplo de alimento que pode ser um complemento eficaz nas rotinas noturnas.<\/p>\n\n\n\n<p>O Abacaxi, rico em vitamina C e com baixo conte\u00fado cal\u00f3rico, destaca-se por sua versatilidade e sabor refrescante. Ele \u00e9 amplamente consumido pela manh\u00e3; por\u00e9m, seus benef\u00edcios, muitas vezes subestimados, fazem dele uma excelente op\u00e7\u00e3o para a noite. Incorpor\u00e1-lo \u00e0 dieta noturna pode trazer vantagens adicionais \u00e0 <a href=\"https:\/\/www.correiobraziliense.com.br\/cbradar\/o-maior-erro-ao-tratar-olho-seco-com-colirios-comuns\/\" target=\"_blank\" rel=\"noreferrer noopener\">sa\u00fade<\/a>, aumentadas pela presen\u00e7a de bromelina, uma enzima potente encontrada na fruta.<\/p>\n\n\n\n<h2 class=\"wp-block-heading\">Qual \u00e9 o impacto do Abacaxi na qualidade do sono?<\/h2>\n\n\n\n<p>A inclus\u00e3o de Abacaxi \u00e0 noite pode ser uma excelente forma de melhorar a qualidade do sono. A fruta \u00e9 uma fonte natural de tript\u00f3fano, um amino\u00e1cido essencial que ajuda na produ\u00e7\u00e3o de serotonina e melatonina. Esses dois compostos s\u00e3o cruciais para regular o humor e os ciclos de sono-vig\u00edlia, respectivamente, promovendo um descanso mais profundo e tranquilo.<\/p>\n\n\n\n<p>Al\u00e9m disso, a bromelina, enzima natural presente no Abacaxi, \u00e9 famosa por suas propriedades anti-inflamat\u00f3rias e relaxantes musculares. Consumir a fruta ao jantar pode proporcionar relaxamento muscular durante a noite, apoiando um sono mais reparador e eficaz. Ao melhorar o relaxamento do corpo, a bromelina contribui para aliviar pequenos desconfortos que podem interromper o descanso noturno.<\/p>\n\n\n<div class=\"wp-block-image\">\n<figure class=\"aligncenter size-large\"><img decoding=\"async\" width=\"1024\" height=\"576\" src=\"https:\/\/www.correiobraziliense.com.br\/cbradar\/wp-content\/uploads\/2025\/07\/cha-de-abacaxi_1752753907750-1024x576.jpg\" alt=\"\" class=\"wp-image-71170\" srcset=\"https:\/\/www.correiobraziliense.com.br\/cbradar\/wp-content\/uploads\/2025\/07\/cha-de-abacaxi_1752753907750-1024x576.jpg 1024w, https:\/\/www.correiobraziliense.com.br\/cbradar\/wp-content\/uploads\/2025\/07\/cha-de-abacaxi_1752753907750-300x169.jpg 300w, https:\/\/www.correiobraziliense.com.br\/cbradar\/wp-content\/uploads\/2025\/07\/cha-de-abacaxi_1752753907750-768x432.jpg 768w, https:\/\/www.correiobraziliense.com.br\/cbradar\/wp-content\/uploads\/2025\/07\/cha-de-abacaxi_1752753907750-750x422.jpg 750w, https:\/\/www.correiobraziliense.com.br\/cbradar\/wp-content\/uploads\/2025\/07\/cha-de-abacaxi_1752753907750-1140x641.jpg 1140w, https:\/\/www.correiobraziliense.com.br\/cbradar\/wp-content\/uploads\/2025\/07\/cha-de-abacaxi_1752753907750.jpg 1280w\" sizes=\"(max-width: 1024px) 100vw, 1024px\" \/><figcaption class=\"wp-element-caption\">ch\u00e1 de abacaxi &#8211; Cr\u00e9ditos: depositphotos.com \/ margaritamihajlukova<\/figcaption><\/figure><\/div>\n\n\n<h2 class=\"wp-block-heading\">O abacaxi ajuda na digest\u00e3o \u00e0 noite?<\/h2>\n\n\n\n<p>Sim, o abacaxi pode, de fato, facilitar a digest\u00e3o. A bromelina presente na fruta desempenha um papel importante ao ajudar a quebrar mol\u00e9culas de prote\u00ednas, tornando-as mais f\u00e1ceis de digerir. Esta fun\u00e7\u00e3o colabora n\u00e3o apenas para melhorar o processo digestivo, mas tamb\u00e9m para reduzir a sensa\u00e7\u00e3o de incha\u00e7o e desconforto que algumas pessoas experimentam ap\u00f3s um jantar mais pesado.<\/p>\n\n\n\n<p>Outra vantagem significativa do consumo de abacaxi \u00e0 noite \u00e9 a sua capacidade de fornecer o necess\u00e1rio suporte de fibras. As fibras alimentares s\u00e3o essenciais para regular o tr\u00e2nsito intestinal e ajudar a manter um sistema digestivo saud\u00e1vel. Por ser composto por 85% de \u00e1gua, o abacaxi tamb\u00e9m auxilia na hidrata\u00e7\u00e3o do organismo durante o sono.<\/p>\n\n\n\n<h2 class=\"wp-block-heading\">Mitos sobre consumir abacaxi \u00e0 noite<\/h2>\n\n\n\n<p>Ainda que o consumo de frutas \u00e0 noite, como o abacaxi, seja considerado por alguns como desfavor\u00e1vel, especialistas em nutri\u00e7\u00e3o t\u00eam contestado esse mito. A ideia de que as frutas interferem negativamente na digest\u00e3o noturna ou provocam ganho de peso n\u00e3o encontra respaldo em evid\u00eancias cient\u00edficas s\u00f3lidas. Ao contr\u00e1rio, o abacaxi e outras frutas podem ser uma parte importante de uma dieta balanceada e nutritiva.<\/p>\n\n\n\n<p>Ao contr\u00e1rio da cren\u00e7a popular, as frutas, quando ingeridas \u00e0 noite, n\u00e3o se tornam preju\u00edzo \u00e0 sa\u00fade. Elas s\u00e3o ricas em vitaminas, minerais, fibras e a\u00e7\u00facares naturais que complementam uma alimenta\u00e7\u00e3o equilibrada. Para aumentar a sensa\u00e7\u00e3o de saciedade e equilibrar os n\u00edveis de glicose no sangue, \u00e9 recomend\u00e1vel combin\u00e1-las com prote\u00ednas magras ou gorduras saud\u00e1veis, como iogurtes naturais ou nozes.<\/p>\n\n\n\n<h2 class=\"wp-block-heading\">Como incorporar o abacaxi no jantar de forma saud\u00e1vel?<\/h2>\n\n\n\n<p>Para pessoas que desejam maximizar os benef\u00edcios do abacaxi \u00e0 noite, a chave est\u00e1 na variedade e no equil\u00edbrio. Ao lado de prote\u00ednas magras como peixes ou op\u00e7\u00f5es vegetarianas ricas em prote\u00ednas, o abacaxi pode ser uma adi\u00e7\u00e3o deliciosa e saud\u00e1vel. Outra forma de incorpor\u00e1-lo \u00e9 como parte de uma sobremesa saud\u00e1vel ou acompanhado de sementes e nozes para criar uma refei\u00e7\u00e3o balanceada.<\/p>\n\n\n\n<ul class=\"wp-block-list\">\n<li>Adicionar em saladas, garantindo um sabor agridoce.<\/li>\n\n\n\n<li>Incluir em marinadas, para adicionar sabor e amaciar carnes.<\/li>\n\n\n\n<li>Combinar com iogurtes naturais para uma sobremesa leve.<\/li>\n<\/ul>\n\n\n\n<p>A desmistifica\u00e7\u00e3o da ideia de que o abacaxi n\u00e3o \u00e9 adequado para consumo noturno abre portas para uma maior inclus\u00e3o de frutas na dieta. Com in\u00fameros benef\u00edcios e um perfil nutricional favor\u00e1vel, o abacaxi destaca-se como um aliado para aqueles que buscam um jantar nutritivo e uma melhoria na qualidade do sono.<\/p>\n\n\n<a href=\"https:\/\/www.instagram.com\/dra.annaluisabf\/\" target=\"_blank\" rel=\"noopener\" style=\"text-decoration: none; color: inherit;\">\n    <span style=\"display: inline-block; border: 1px solid #ccc; border-radius: 10px; padding: 15px; max-width: 550px; font-family: sans-serif; box-shadow: 0 2px 5px rgba(0,0,0,0.1); width: 100%;\">\n\n      <!-- T\u00edtulo -->\n      <span style=\"display: block; margin: 0 0 15px 0; font-weight: bold; color: #2c3e50; text-align: center;\">\n        Entre em contato:\n      <\/span>\n\n      <!-- Linha do perfil -->\n      <span style=\"display: flex; align-items: center; gap: 15px;\">\n        <img decoding=\"async\"\n          src=\"https:\/\/www.correiobraziliense.com.br\/cbradar\/wp-content\/uploads\/2025\/08\/dra_anna_luisa.jpeg\"\n          alt=\"Foto da Dra. Anna Lu\u00edsa\"\n          style=\"border-radius: 50%; width: 80px; height: 80px; object-fit: cover;\"\n        \/>\n        <span style=\"display: flex; flex-direction: column;\">\n          <span style=\"font-size: 18px; font-weight: 700; color: #2c3e50;\">Dra. Anna Lu\u00edsa Barbosa Fernandes<\/span>\n          <span style=\"color: #555;\">CRM-GO 33.271<\/span>\n        <\/span>\n      <\/span>\n\n      <!-- Redes -->\n      <span style=\"display: flex; align-items: center; gap: 10px; margin-top: 12px;\">\n        <img decoding=\"async\" src=\"https:\/\/cdn-icons-png.flaticon.com\/24\/1384\/1384063.png\" alt=\"Instagram\" width=\"24\" height=\"24\" \/>\n        <span style=\"text-decoration: underline; color: #2c3e50;\">@dra.annaluisabf<\/span>\n      <\/span>\n\n    <\/span>\n  <\/a>","protected":false},"excerpt":{"rendered":"<p>\u00c0 medida que a nutri\u00e7\u00e3o avan\u00e7a, os benef\u00edcios do Abacaxi t\u00eam ganho destaque, especialmente quando incorporado ao jantar. Ter um jantar nutritivo e leve \u00e9 essencial para a promo\u00e7\u00e3o da sa\u00fade no geral, e entender como certos alimentos podem influenciar essa refei\u00e7\u00e3o \u00e9 crucial. O Abacaxi, conhecido por suas propriedades digestivas e pelo sabor delicioso, [&hellip;]<\/p>\n","protected":false},"author":14,"featured_media":71166,"comment_status":"open","ping_status":"open","sticky":false,"template":"","format":"standard","meta":{"_yoast_wpseo_focuskw":"Abacaxi","_yoast_wpseo_title":"","_yoast_wpseo_metadesc":"A esteatose hep\u00e1tica nem sempre d\u00e1 sinais claros. Saiba como detectar a gordura no f\u00edgado a tempo e o que fazer para proteger sua sa\u00fade","jnews-multi-image_gallery":[],"jnews_single_post":{"format":"standard"},"jnews_primary_category":[],"jnews_social_meta":[],"jnews_override_counter":[],"footnotes":""},"categories":[4404],"post_tag":[975,120,1318],"class_list":["post-132015","post","type-post","status-publish","format-standard","has-post-thumbnail","hentry","category-saude","tag-abacaxi","tag-bem-estar","tag-saude-2"],"yoast_head":"<!-- This site is optimized with the Yoast SEO plugin v24.6 - https:\/\/yoast.com\/wordpress\/plugins\/seo\/ -->\n<title>O alimento mais poderoso para o sono pode ser o abacaxi - Correio Braziliense - Radar<\/title>\n<meta name=\"description\" content=\"A esteatose hep\u00e1tica nem sempre d\u00e1 sinais claros. Saiba como detectar a gordura no f\u00edgado a tempo e o que fazer para proteger sua sa\u00fade\" \/>\n<meta name=\"robots\" content=\"index, follow, max-snippet:-1, max-image-preview:large, max-video-preview:-1\" \/>\n<link rel=\"canonical\" href=\"https:\/\/www.correiobraziliense.com.br\/cbradar\/o-alimento-mais-poderoso-para-o-sono-pode-ser-o-abacaxi\/\" \/>\n<meta property=\"og:locale\" content=\"pt_BR\" \/>\n<meta property=\"og:type\" content=\"article\" \/>\n<meta property=\"og:title\" content=\"O alimento mais poderoso para o sono pode ser o abacaxi - Correio Braziliense - Radar\" \/>\n<meta property=\"og:description\" content=\"A esteatose hep\u00e1tica nem sempre d\u00e1 sinais claros. Saiba como detectar a gordura no f\u00edgado a tempo e o que fazer para proteger sua sa\u00fade\" \/>\n<meta property=\"og:url\" content=\"https:\/\/www.correiobraziliense.com.br\/cbradar\/o-alimento-mais-poderoso-para-o-sono-pode-ser-o-abacaxi\/\" \/>\n<meta property=\"og:site_name\" content=\"Correio Braziliense - Radar\" \/>\n<meta property=\"article:published_time\" content=\"2025-11-06T23:25:00+00:00\" \/>\n<meta property=\"og:image\" content=\"https:\/\/www.correiobraziliense.com.br\/cbradar\/wp-content\/uploads\/2025\/07\/cha-de-abacaxi_1752753730365.jpg\" \/>\n\t<meta property=\"og:image:width\" content=\"1280\" \/>\n\t<meta property=\"og:image:height\" content=\"720\" \/>\n\t<meta property=\"og:image:type\" content=\"image\/jpeg\" \/>\n<meta name=\"author\" content=\"guilherme_saude\" \/>\n<meta name=\"twitter:card\" content=\"summary_large_image\" \/>\n<meta name=\"twitter:label1\" content=\"Escrito por\" \/>\n\t<meta name=\"twitter:data1\" content=\"guilherme_saude\" \/>\n\t<meta name=\"twitter:label2\" content=\"Est. tempo de leitura\" \/>\n\t<meta name=\"twitter:data2\" content=\"5 minutos\" \/>\n<!-- \/ Yoast SEO plugin. -->","yoast_head_json":{"title":"O alimento mais poderoso para o sono pode ser o abacaxi - Correio Braziliense - Radar","description":"A esteatose hep\u00e1tica nem sempre d\u00e1 sinais claros. Saiba como detectar a gordura no f\u00edgado a tempo e o que fazer para proteger sua sa\u00fade","robots":{"index":"index","follow":"follow","max-snippet":"max-snippet:-1","max-image-preview":"max-image-preview:large","max-video-preview":"max-video-preview:-1"},"canonical":"https:\/\/www.correiobraziliense.com.br\/cbradar\/o-alimento-mais-poderoso-para-o-sono-pode-ser-o-abacaxi\/","og_locale":"pt_BR","og_type":"article","og_title":"O alimento mais poderoso para o sono pode ser o abacaxi - Correio Braziliense - Radar","og_description":"A esteatose hep\u00e1tica nem sempre d\u00e1 sinais claros. Saiba como detectar a gordura no f\u00edgado a tempo e o que fazer para proteger sua sa\u00fade","og_url":"https:\/\/www.correiobraziliense.com.br\/cbradar\/o-alimento-mais-poderoso-para-o-sono-pode-ser-o-abacaxi\/","og_site_name":"Correio Braziliense - Radar","article_published_time":"2025-11-06T23:25:00+00:00","og_image":[{"width":1280,"height":720,"url":"https:\/\/www.correiobraziliense.com.br\/cbradar\/wp-content\/uploads\/2025\/07\/cha-de-abacaxi_1752753730365.jpg","type":"image\/jpeg"}],"author":"guilherme_saude","twitter_card":"summary_large_image","twitter_misc":{"Escrito por":"guilherme_saude","Est. tempo de leitura":"5 minutos"},"schema":{"@context":"https:\/\/schema.org","@graph":[{"@type":"WebPage","@id":"https:\/\/www.correiobraziliense.com.br\/cbradar\/o-alimento-mais-poderoso-para-o-sono-pode-ser-o-abacaxi\/","url":"https:\/\/www.correiobraziliense.com.br\/cbradar\/o-alimento-mais-poderoso-para-o-sono-pode-ser-o-abacaxi\/","name":"O alimento mais poderoso para o sono pode ser o abacaxi - Correio Braziliense - Radar","isPartOf":{"@id":"https:\/\/www.correiobraziliense.com.br\/cbradar\/#website"},"primaryImageOfPage":{"@id":"https:\/\/www.correiobraziliense.com.br\/cbradar\/o-alimento-mais-poderoso-para-o-sono-pode-ser-o-abacaxi\/#primaryimage"},"image":{"@id":"https:\/\/www.correiobraziliense.com.br\/cbradar\/o-alimento-mais-poderoso-para-o-sono-pode-ser-o-abacaxi\/#primaryimage"},"thumbnailUrl":"https:\/\/www.correiobraziliense.com.br\/cbradar\/wp-content\/uploads\/2025\/07\/cha-de-abacaxi_1752753730365.jpg","datePublished":"2025-11-06T23:25:00+00:00","author":{"@id":"https:\/\/www.correiobraziliense.com.br\/cbradar\/#\/schema\/person\/5aa4bf3c8fa699c267933611de12978b"},"description":"A esteatose hep\u00e1tica nem sempre d\u00e1 sinais claros. Saiba como detectar a gordura no f\u00edgado a tempo e o que fazer para proteger sua sa\u00fade","breadcrumb":{"@id":"https:\/\/www.correiobraziliense.com.br\/cbradar\/o-alimento-mais-poderoso-para-o-sono-pode-ser-o-abacaxi\/#breadcrumb"},"inLanguage":"pt-BR","potentialAction":[{"@type":"ReadAction","target":["https:\/\/www.correiobraziliense.com.br\/cbradar\/o-alimento-mais-poderoso-para-o-sono-pode-ser-o-abacaxi\/"]}]},{"@type":"ImageObject","inLanguage":"pt-BR","@id":"https:\/\/www.correiobraziliense.com.br\/cbradar\/o-alimento-mais-poderoso-para-o-sono-pode-ser-o-abacaxi\/#primaryimage","url":"https:\/\/www.correiobraziliense.com.br\/cbradar\/wp-content\/uploads\/2025\/07\/cha-de-abacaxi_1752753730365.jpg","contentUrl":"https:\/\/www.correiobraziliense.com.br\/cbradar\/wp-content\/uploads\/2025\/07\/cha-de-abacaxi_1752753730365.jpg","width":1280,"height":720,"caption":"Ch\u00e1 de abacaxi - Cr\u00e9ditos: depositphotos.com \/ marcoscastillo"},{"@type":"BreadcrumbList","@id":"https:\/\/www.correiobraziliense.com.br\/cbradar\/o-alimento-mais-poderoso-para-o-sono-pode-ser-o-abacaxi\/#breadcrumb","itemListElement":[{"@type":"ListItem","position":1,"name":"In\u00edcio","item":"https:\/\/www.correiobraziliense.com.br\/cbradar\/"},{"@type":"ListItem","position":2,"name":"O alimento mais poderoso para o sono pode ser o abacaxi"}]},{"@type":"WebSite","@id":"https:\/\/www.correiobraziliense.com.br\/cbradar\/#website","url":"https:\/\/www.correiobraziliense.com.br\/cbradar\/","name":"Correio Braziliense - Radar","description":"Acompanhe as \u00faltimas not\u00edcias e fique bem informado sobre tudo o que acontece no Brasil e no mundo.","potentialAction":[{"@type":"SearchAction","target":{"@type":"EntryPoint","urlTemplate":"https:\/\/www.correiobraziliense.com.br\/cbradar\/?s={search_term_string}"},"query-input":{"@type":"PropertyValueSpecification","valueRequired":true,"valueName":"search_term_string"}}],"inLanguage":"pt-BR"},{"@type":"Person","@id":"https:\/\/www.correiobraziliense.com.br\/cbradar\/#\/schema\/person\/5aa4bf3c8fa699c267933611de12978b","name":"guilherme_saude","image":{"@type":"ImageObject","inLanguage":"pt-BR","@id":"https:\/\/www.correiobraziliense.com.br\/cbradar\/#\/schema\/person\/image\/","url":"https:\/\/secure.gravatar.com\/avatar\/df9adfb835d344bc0af109d41756253f?s=96&d=mm&r=g","contentUrl":"https:\/\/secure.gravatar.com\/avatar\/df9adfb835d344bc0af109d41756253f?s=96&d=mm&r=g","caption":"guilherme_saude"},"url":"https:\/\/www.correiobraziliense.com.br\/cbradar\/author\/guilherme_saude\/"}]}},"_links":{"self":[{"href":"https:\/\/www.correiobraziliense.com.br\/cbradar\/wp-json\/wp\/v2\/posts\/132015","targetHints":{"allow":["GET"]}}],"collection":[{"href":"https:\/\/www.correiobraziliense.com.br\/cbradar\/wp-json\/wp\/v2\/posts"}],"about":[{"href":"https:\/\/www.correiobraziliense.com.br\/cbradar\/wp-json\/wp\/v2\/types\/post"}],"author":[{"embeddable":true,"href":"https:\/\/www.correiobraziliense.com.br\/cbradar\/wp-json\/wp\/v2\/users\/14"}],"replies":[{"embeddable":true,"href":"https:\/\/www.correiobraziliense.com.br\/cbradar\/wp-json\/wp\/v2\/comments?post=132015"}],"version-history":[{"count":2,"href":"https:\/\/www.correiobraziliense.com.br\/cbradar\/wp-json\/wp\/v2\/posts\/132015\/revisions"}],"predecessor-version":[{"id":132017,"href":"https:\/\/www.correiobraziliense.com.br\/cbradar\/wp-json\/wp\/v2\/posts\/132015\/revisions\/132017"}],"wp:featuredmedia":[{"embeddable":true,"href":"https:\/\/www.correiobraziliense.com.br\/cbradar\/wp-json\/wp\/v2\/media\/71166"}],"wp:attachment":[{"href":"https:\/\/www.correiobraziliense.com.br\/cbradar\/wp-json\/wp\/v2\/media?parent=132015"}],"wp:term":[{"taxonomy":"category","embeddable":true,"href":"https:\/\/www.correiobraziliense.com.br\/cbradar\/wp-json\/wp\/v2\/categories?post=132015"},{"taxonomy":"post_tag","embeddable":true,"href":"https:\/\/www.correiobraziliense.com.br\/cbradar\/wp-json\/wp\/v2\/post_tag?post=132015"}],"curies":[{"name":"wp","href":"https:\/\/api.w.org\/{rel}","templated":true}]}}