{"id":132019,"date":"2025-11-06T21:35:00","date_gmt":"2025-11-07T00:35:00","guid":{"rendered":"https:\/\/www.correiobraziliense.com.br\/cbradar\/?p=132019"},"modified":"2025-11-05T18:58:05","modified_gmt":"2025-11-05T21:58:05","slug":"este-treino-pode-transformar-seu-corpo-antes-do-calor-chegar","status":"publish","type":"post","link":"https:\/\/www.correiobraziliense.com.br\/cbradar\/este-treino-pode-transformar-seu-corpo-antes-do-calor-chegar\/","title":{"rendered":"Este treino pode transformar seu corpo antes do calor chegar"},"content":{"rendered":"\n<p>Com a chegada da temporada de ver\u00e3o, as academias e <strong>Atividades F\u00edsicas<\/strong> intensivas ganham popularidade. No <strong>Brasil<\/strong>, o n\u00famero de academias aumentou expressivamente, passando de 30 mil para 57 mil, conforme o estudo Panorama Setorial Fitness Brasil 2024, realizado pela EY. Esse crescimento reflete em um aumento significativo de matr\u00edculas nas academias. Neste contexto, o educador f\u00edsico Breno Daniel recomenda uma s\u00e9rie de exerc\u00edcios que formam um plano eficaz para preparar o corpo para o ver\u00e3o.<\/p>\n\n\n\n<p>Entre os exerc\u00edcios indicados, o agachamento com barra \u00e9 uma escolha fundamental. Ele foca nos m\u00fasculos dos membros inferiores, incluindo quadr\u00edceps, gl\u00fateos e posteriores, al\u00e9m de ativar o metabolismo, contribuindo para a queima cal\u00f3rica e fortalecimento corporal. A execu\u00e7\u00e3o requer posicionar-se com os p\u00e9s na largura dos ombros, segurando a barra nas costas, mantendo o tronco ereto, e realizando a flex\u00e3o dos joelhos at\u00e9 que as coxas fiquem paralelas ao ch\u00e3o, retornando \u00e0 posi\u00e7\u00e3o inicial.<\/p>\n\n\n\n<h2 class=\"wp-block-heading\">Quais s\u00e3o os melhores exerc\u00edcios para o tronco e postura?<\/h2>\n\n\n\n<p>O supino reto \u00e9 destacado por Breno Daniel como excelente para desenvolver os m\u00fasculos do peitoral, deltoide anterior e tr\u00edceps, promovendo melhoria est\u00e9tica do tronco e postura. Para execut\u00e1-lo, deve-se deitar em um banco reto, segurar halteres ao lado do peito com cotovelos flexionados, e empurr\u00e1-los para cima at\u00e9 quase estender os bra\u00e7os, retornando lentamente \u00e0 posi\u00e7\u00e3o inicial.<\/p>\n\n\n\n<h2 class=\"wp-block-heading\">Exerc\u00edcios para fortalecer as costas e o equil\u00edbrio muscular<\/h2>\n\n\n\n<p>A remada curvada \u00e9 um exerc\u00edcio destacado para trabalhar o lat\u00edssimo, trap\u00e9zio, romboides e outros m\u00fasculos das costas, promovendo a postura ereta e equil\u00edbrio entre a musculatura anterior e posterior do corpo. A pr\u00e1tica \u00e9 feita utilizando barra ou halteres, inclinando-se levemente para frente com coluna neutra, puxando o peso em dire\u00e7\u00e3o ao abd\u00f4men e contraindo as esc\u00e1pulas.<\/p>\n\n\n<div class=\"wp-block-image\">\n<figure class=\"aligncenter size-large\"><img decoding=\"async\" width=\"1024\" height=\"576\" src=\"https:\/\/www.correiobraziliense.com.br\/cbradar\/wp-content\/uploads\/2025\/06\/exercicios-fisicos_1750245685246-1024x576.jpg\" alt=\"\" class=\"wp-image-55452\" srcset=\"https:\/\/www.correiobraziliense.com.br\/cbradar\/wp-content\/uploads\/2025\/06\/exercicios-fisicos_1750245685246-1024x576.jpg 1024w, https:\/\/www.correiobraziliense.com.br\/cbradar\/wp-content\/uploads\/2025\/06\/exercicios-fisicos_1750245685246-300x169.jpg 300w, https:\/\/www.correiobraziliense.com.br\/cbradar\/wp-content\/uploads\/2025\/06\/exercicios-fisicos_1750245685246-768x432.jpg 768w, https:\/\/www.correiobraziliense.com.br\/cbradar\/wp-content\/uploads\/2025\/06\/exercicios-fisicos_1750245685246-750x422.jpg 750w, https:\/\/www.correiobraziliense.com.br\/cbradar\/wp-content\/uploads\/2025\/06\/exercicios-fisicos_1750245685246-1140x641.jpg 1140w, https:\/\/www.correiobraziliense.com.br\/cbradar\/wp-content\/uploads\/2025\/06\/exercicios-fisicos_1750245685246.jpg 1280w\" sizes=\"(max-width: 1024px) 100vw, 1024px\" \/><figcaption class=\"wp-element-caption\">exerc\u00edcios f\u00edsicos &#8211; Cr\u00e9ditos: depositphotos.com \/ VitalikRadko<\/figcaption><\/figure><\/div>\n\n\n<p>J\u00e1 a prancha abdominal, apesar da reputa\u00e7\u00e3o \u00e1rdua, \u00e9 um exerc\u00edcio eficiente para fortalecer a musculatura abdominal, lombar e estabilizadora, essenciais para sustenta\u00e7\u00e3o postural, preven\u00e7\u00e3o de les\u00f5es e defini\u00e7\u00e3o da cintura. A posi\u00e7\u00e3o exige apoio dos <a href=\"https:\/\/www.correiobraziliense.com.br\/cbradar\/o-maior-erro-ao-tratar-olho-seco-com-colirios-comuns\/\" target=\"_blank\" rel=\"noreferrer noopener\">antebra\u00e7os <\/a>e dedos dos p\u00e9s no solo, mantendo o corpo alinhado dos calcanhares \u00e0 cabe\u00e7a por pelo menos 30 segundos.<\/p>\n\n\n\n<h2 class=\"wp-block-heading\">Como o burpee pode elevar o condicionamento f\u00edsico?<\/h2>\n\n\n\n<p>O burpee, apesar de n\u00e3o ser o favorito de muitos, \u00e9 um exerc\u00edcio de alta intensidade que mescla agachamento, salto, flex\u00e3o e ativa\u00e7\u00e3o muscular geral. \u00c9 \u00f3timo para o condicionamento cardiovascular, queima cal\u00f3rica e resist\u00eancia geral, sendo ideal para incrementar o preparo f\u00edsico antes do ver\u00e3o. A execu\u00e7\u00e3o come\u00e7a em p\u00e9, segue com agachamento, coloca\u00e7\u00e3o das m\u00e3os no ch\u00e3o, chute dos p\u00e9s para tr\u00e1s at\u00e9 a posi\u00e7\u00e3o de prancha, realiza\u00e7\u00e3o de flex\u00e3o (se poss\u00edvel), retorno dos p\u00e9s ao agachamento, salto e extens\u00e3o dos bra\u00e7os para cima.<\/p>\n\n\n\n<p>Breno Daniel ressalta que a qualidade e regularidade dos treinos s\u00e3o mais importantes que a quantidade. Para iniciantes, ele sugere come\u00e7ar com cargas leves e aumentar progressivamente com seguran\u00e7a. Al\u00e9m dos exerc\u00edcios, uma alimenta\u00e7\u00e3o equilibrada, descanso adequado e hidrata\u00e7\u00e3o s\u00e3o essenciais para que os resultados desejados sejam alcan\u00e7ados at\u00e9 o ver\u00e3o.<\/p>\n\n\n<a href=\"https:\/\/www.instagram.com\/dra.annaluisabf\/\" target=\"_blank\" rel=\"noopener\" style=\"text-decoration: none; color: inherit;\">\n    <span style=\"display: inline-block; border: 1px solid #ccc; border-radius: 10px; padding: 15px; max-width: 550px; font-family: sans-serif; box-shadow: 0 2px 5px rgba(0,0,0,0.1); width: 100%;\">\n\n      <!-- T\u00edtulo -->\n      <span style=\"display: block; margin: 0 0 15px 0; font-weight: bold; color: #2c3e50; text-align: center;\">\n        Entre em contato:\n      <\/span>\n\n      <!-- Linha do perfil -->\n      <span style=\"display: flex; align-items: center; gap: 15px;\">\n        <img decoding=\"async\"\n          src=\"https:\/\/www.correiobraziliense.com.br\/cbradar\/wp-content\/uploads\/2025\/08\/dra_anna_luisa.jpeg\"\n          alt=\"Foto da Dra. Anna Lu\u00edsa\"\n          style=\"border-radius: 50%; width: 80px; height: 80px; object-fit: cover;\"\n        \/>\n        <span style=\"display: flex; flex-direction: column;\">\n          <span style=\"font-size: 18px; font-weight: 700; color: #2c3e50;\">Dra. Anna Lu\u00edsa Barbosa Fernandes<\/span>\n          <span style=\"color: #555;\">CRM-GO 33.271<\/span>\n        <\/span>\n      <\/span>\n\n      <!-- Redes -->\n      <span style=\"display: flex; align-items: center; gap: 10px; margin-top: 12px;\">\n        <img decoding=\"async\" src=\"https:\/\/cdn-icons-png.flaticon.com\/24\/1384\/1384063.png\" alt=\"Instagram\" width=\"24\" height=\"24\" \/>\n        <span style=\"text-decoration: underline; color: #2c3e50;\">@dra.annaluisabf<\/span>\n      <\/span>\n\n    <\/span>\n  <\/a>","protected":false},"excerpt":{"rendered":"<p>Com a chegada da temporada de ver\u00e3o, as academias e Atividades F\u00edsicas intensivas ganham popularidade. No Brasil, o n\u00famero de academias aumentou expressivamente, passando de 30 mil para 57 mil, conforme o estudo Panorama Setorial Fitness Brasil 2024, realizado pela EY. Esse crescimento reflete em um aumento significativo de matr\u00edculas nas academias. Neste contexto, o [&hellip;]<\/p>\n","protected":false},"author":14,"featured_media":99745,"comment_status":"open","ping_status":"open","sticky":false,"template":"","format":"standard","meta":{"_yoast_wpseo_focuskw":"Atividades F\u00edsicas","_yoast_wpseo_title":"","_yoast_wpseo_metadesc":"Conhe\u00e7a os melhores exerc\u00edcios para o ver\u00e3o e transforme seu corpo com agachamento, burpee, prancha e mais. Comece agora com seguran\u00e7a e efici\u00eancia","jnews-multi-image_gallery":[],"jnews_single_post":{"format":"standard"},"jnews_primary_category":[],"jnews_social_meta":[],"jnews_override_counter":[],"footnotes":""},"categories":[4404],"post_tag":[1423,120,1318],"class_list":["post-132019","post","type-post","status-publish","format-standard","has-post-thumbnail","hentry","category-saude","tag-alimentos","tag-bem-estar","tag-saude-2"],"yoast_head":"<!-- This site is optimized with the Yoast SEO plugin v24.6 - https:\/\/yoast.com\/wordpress\/plugins\/seo\/ -->\n<title>Este treino pode transformar seu corpo antes do calor chegar - Correio Braziliense - Radar<\/title>\n<meta name=\"description\" content=\"Conhe\u00e7a os melhores exerc\u00edcios para o ver\u00e3o e transforme seu corpo com agachamento, burpee, prancha e mais. Comece agora com seguran\u00e7a e efici\u00eancia\" \/>\n<meta name=\"robots\" content=\"index, follow, max-snippet:-1, max-image-preview:large, max-video-preview:-1\" \/>\n<link rel=\"canonical\" href=\"https:\/\/www.correiobraziliense.com.br\/cbradar\/este-treino-pode-transformar-seu-corpo-antes-do-calor-chegar\/\" \/>\n<meta property=\"og:locale\" content=\"pt_BR\" \/>\n<meta property=\"og:type\" content=\"article\" \/>\n<meta property=\"og:title\" content=\"Este treino pode transformar seu corpo antes do calor chegar - Correio Braziliense - Radar\" \/>\n<meta property=\"og:description\" content=\"Conhe\u00e7a os melhores exerc\u00edcios para o ver\u00e3o e transforme seu corpo com agachamento, burpee, prancha e mais. Comece agora com seguran\u00e7a e efici\u00eancia\" \/>\n<meta property=\"og:url\" content=\"https:\/\/www.correiobraziliense.com.br\/cbradar\/este-treino-pode-transformar-seu-corpo-antes-do-calor-chegar\/\" \/>\n<meta property=\"og:site_name\" content=\"Correio Braziliense - Radar\" \/>\n<meta property=\"article:published_time\" content=\"2025-11-07T00:35:00+00:00\" \/>\n<meta property=\"og:image\" content=\"https:\/\/www.correiobraziliense.com.br\/cbradar\/wp-content\/uploads\/2025\/09\/Abs_1757212782916.jpg\" \/>\n\t<meta property=\"og:image:width\" content=\"1280\" \/>\n\t<meta property=\"og:image:height\" content=\"720\" \/>\n\t<meta property=\"og:image:type\" content=\"image\/jpeg\" \/>\n<meta name=\"author\" content=\"guilherme_saude\" \/>\n<meta name=\"twitter:card\" content=\"summary_large_image\" \/>\n<meta name=\"twitter:label1\" content=\"Escrito por\" \/>\n\t<meta name=\"twitter:data1\" content=\"guilherme_saude\" \/>\n\t<meta name=\"twitter:label2\" content=\"Est. tempo de leitura\" \/>\n\t<meta name=\"twitter:data2\" content=\"4 minutos\" \/>\n<!-- \/ Yoast SEO plugin. -->","yoast_head_json":{"title":"Este treino pode transformar seu corpo antes do calor chegar - Correio Braziliense - Radar","description":"Conhe\u00e7a os melhores exerc\u00edcios para o ver\u00e3o e transforme seu corpo com agachamento, burpee, prancha e mais. Comece agora com seguran\u00e7a e efici\u00eancia","robots":{"index":"index","follow":"follow","max-snippet":"max-snippet:-1","max-image-preview":"max-image-preview:large","max-video-preview":"max-video-preview:-1"},"canonical":"https:\/\/www.correiobraziliense.com.br\/cbradar\/este-treino-pode-transformar-seu-corpo-antes-do-calor-chegar\/","og_locale":"pt_BR","og_type":"article","og_title":"Este treino pode transformar seu corpo antes do calor chegar - Correio Braziliense - Radar","og_description":"Conhe\u00e7a os melhores exerc\u00edcios para o ver\u00e3o e transforme seu corpo com agachamento, burpee, prancha e mais. Comece agora com seguran\u00e7a e efici\u00eancia","og_url":"https:\/\/www.correiobraziliense.com.br\/cbradar\/este-treino-pode-transformar-seu-corpo-antes-do-calor-chegar\/","og_site_name":"Correio Braziliense - Radar","article_published_time":"2025-11-07T00:35:00+00:00","og_image":[{"width":1280,"height":720,"url":"https:\/\/www.correiobraziliense.com.br\/cbradar\/wp-content\/uploads\/2025\/09\/Abs_1757212782916.jpg","type":"image\/jpeg"}],"author":"guilherme_saude","twitter_card":"summary_large_image","twitter_misc":{"Escrito por":"guilherme_saude","Est. tempo de leitura":"4 minutos"},"schema":{"@context":"https:\/\/schema.org","@graph":[{"@type":"WebPage","@id":"https:\/\/www.correiobraziliense.com.br\/cbradar\/este-treino-pode-transformar-seu-corpo-antes-do-calor-chegar\/","url":"https:\/\/www.correiobraziliense.com.br\/cbradar\/este-treino-pode-transformar-seu-corpo-antes-do-calor-chegar\/","name":"Este treino pode transformar seu corpo antes do calor chegar - Correio Braziliense - Radar","isPartOf":{"@id":"https:\/\/www.correiobraziliense.com.br\/cbradar\/#website"},"primaryImageOfPage":{"@id":"https:\/\/www.correiobraziliense.com.br\/cbradar\/este-treino-pode-transformar-seu-corpo-antes-do-calor-chegar\/#primaryimage"},"image":{"@id":"https:\/\/www.correiobraziliense.com.br\/cbradar\/este-treino-pode-transformar-seu-corpo-antes-do-calor-chegar\/#primaryimage"},"thumbnailUrl":"https:\/\/www.correiobraziliense.com.br\/cbradar\/wp-content\/uploads\/2025\/09\/Abs_1757212782916.jpg","datePublished":"2025-11-07T00:35:00+00:00","author":{"@id":"https:\/\/www.correiobraziliense.com.br\/cbradar\/#\/schema\/person\/5aa4bf3c8fa699c267933611de12978b"},"description":"Conhe\u00e7a os melhores exerc\u00edcios para o ver\u00e3o e transforme seu corpo com agachamento, burpee, prancha e mais. Comece agora com seguran\u00e7a e efici\u00eancia","breadcrumb":{"@id":"https:\/\/www.correiobraziliense.com.br\/cbradar\/este-treino-pode-transformar-seu-corpo-antes-do-calor-chegar\/#breadcrumb"},"inLanguage":"pt-BR","potentialAction":[{"@type":"ReadAction","target":["https:\/\/www.correiobraziliense.com.br\/cbradar\/este-treino-pode-transformar-seu-corpo-antes-do-calor-chegar\/"]}]},{"@type":"ImageObject","inLanguage":"pt-BR","@id":"https:\/\/www.correiobraziliense.com.br\/cbradar\/este-treino-pode-transformar-seu-corpo-antes-do-calor-chegar\/#primaryimage","url":"https:\/\/www.correiobraziliense.com.br\/cbradar\/wp-content\/uploads\/2025\/09\/Abs_1757212782916.jpg","contentUrl":"https:\/\/www.correiobraziliense.com.br\/cbradar\/wp-content\/uploads\/2025\/09\/Abs_1757212782916.jpg","width":1280,"height":720,"caption":"Abdominal de Parede - Cr\u00e9ditos: depositphotos.com \/ HayDmitriy"},{"@type":"BreadcrumbList","@id":"https:\/\/www.correiobraziliense.com.br\/cbradar\/este-treino-pode-transformar-seu-corpo-antes-do-calor-chegar\/#breadcrumb","itemListElement":[{"@type":"ListItem","position":1,"name":"In\u00edcio","item":"https:\/\/www.correiobraziliense.com.br\/cbradar\/"},{"@type":"ListItem","position":2,"name":"Este treino pode transformar seu corpo antes do calor chegar"}]},{"@type":"WebSite","@id":"https:\/\/www.correiobraziliense.com.br\/cbradar\/#website","url":"https:\/\/www.correiobraziliense.com.br\/cbradar\/","name":"Correio Braziliense - Radar","description":"Acompanhe as \u00faltimas not\u00edcias e fique bem informado sobre tudo o que acontece no Brasil e no mundo.","potentialAction":[{"@type":"SearchAction","target":{"@type":"EntryPoint","urlTemplate":"https:\/\/www.correiobraziliense.com.br\/cbradar\/?s={search_term_string}"},"query-input":{"@type":"PropertyValueSpecification","valueRequired":true,"valueName":"search_term_string"}}],"inLanguage":"pt-BR"},{"@type":"Person","@id":"https:\/\/www.correiobraziliense.com.br\/cbradar\/#\/schema\/person\/5aa4bf3c8fa699c267933611de12978b","name":"guilherme_saude","image":{"@type":"ImageObject","inLanguage":"pt-BR","@id":"https:\/\/www.correiobraziliense.com.br\/cbradar\/#\/schema\/person\/image\/","url":"https:\/\/secure.gravatar.com\/avatar\/df9adfb835d344bc0af109d41756253f?s=96&d=mm&r=g","contentUrl":"https:\/\/secure.gravatar.com\/avatar\/df9adfb835d344bc0af109d41756253f?s=96&d=mm&r=g","caption":"guilherme_saude"},"url":"https:\/\/www.correiobraziliense.com.br\/cbradar\/author\/guilherme_saude\/"}]}},"_links":{"self":[{"href":"https:\/\/www.correiobraziliense.com.br\/cbradar\/wp-json\/wp\/v2\/posts\/132019","targetHints":{"allow":["GET"]}}],"collection":[{"href":"https:\/\/www.correiobraziliense.com.br\/cbradar\/wp-json\/wp\/v2\/posts"}],"about":[{"href":"https:\/\/www.correiobraziliense.com.br\/cbradar\/wp-json\/wp\/v2\/types\/post"}],"author":[{"embeddable":true,"href":"https:\/\/www.correiobraziliense.com.br\/cbradar\/wp-json\/wp\/v2\/users\/14"}],"replies":[{"embeddable":true,"href":"https:\/\/www.correiobraziliense.com.br\/cbradar\/wp-json\/wp\/v2\/comments?post=132019"}],"version-history":[{"count":1,"href":"https:\/\/www.correiobraziliense.com.br\/cbradar\/wp-json\/wp\/v2\/posts\/132019\/revisions"}],"predecessor-version":[{"id":132020,"href":"https:\/\/www.correiobraziliense.com.br\/cbradar\/wp-json\/wp\/v2\/posts\/132019\/revisions\/132020"}],"wp:featuredmedia":[{"embeddable":true,"href":"https:\/\/www.correiobraziliense.com.br\/cbradar\/wp-json\/wp\/v2\/media\/99745"}],"wp:attachment":[{"href":"https:\/\/www.correiobraziliense.com.br\/cbradar\/wp-json\/wp\/v2\/media?parent=132019"}],"wp:term":[{"taxonomy":"category","embeddable":true,"href":"https:\/\/www.correiobraziliense.com.br\/cbradar\/wp-json\/wp\/v2\/categories?post=132019"},{"taxonomy":"post_tag","embeddable":true,"href":"https:\/\/www.correiobraziliense.com.br\/cbradar\/wp-json\/wp\/v2\/post_tag?post=132019"}],"curies":[{"name":"wp","href":"https:\/\/api.w.org\/{rel}","templated":true}]}}