{"id":132021,"date":"2025-11-07T06:05:00","date_gmt":"2025-11-07T09:05:00","guid":{"rendered":"https:\/\/www.correiobraziliense.com.br\/cbradar\/?p=132021"},"modified":"2025-11-05T19:01:38","modified_gmt":"2025-11-05T22:01:38","slug":"o-mito-mais-perigoso-sobre-diabetes-que-muitos-ainda-acreditam","status":"publish","type":"post","link":"https:\/\/www.correiobraziliense.com.br\/cbradar\/o-mito-mais-perigoso-sobre-diabetes-que-muitos-ainda-acreditam\/","title":{"rendered":"O mito mais perigoso sobre diabetes que muitos ainda acreditam"},"content":{"rendered":"\n<p>Nos \u00faltimos anos, o n\u00famero de diagn\u00f3sticos de <strong>Diabetes <\/strong>sofreu um aumento not\u00e1vel ao redor do mundo. Dados da Organiza\u00e7\u00e3o Pan-Americana da Sa\u00fade (PAHO) apontam que mais de 800 milh\u00f5es de adultos est\u00e3o atualmente convivendo com esta condi\u00e7\u00e3o, um incremento que representa mais do que o qu\u00e1druplo do registrado em 1990. No Brasil, a situa\u00e7\u00e3o \u00e9 igualmente preocupante, com estimativas da Sociedade Brasileira de Diabetes indicando que aproximadamente 20 milh\u00f5es de brasileiros s\u00e3o afetados pela doen\u00e7a.<\/p>\n\n\n\n<p>Caracterizado por uma anomalia na produ\u00e7\u00e3o ou utiliza\u00e7\u00e3o da insulina, horm\u00f4nio crucial para o controle da glicose sangu\u00ednea, o diabetes est\u00e1 associado a riscos significativos para a sa\u00fade. Complica\u00e7\u00f5es podem se manifestar em diversas partes do corpo, incluindo o cora\u00e7\u00e3o, os rins e o sistema nervoso, e em casos mais severos, pode at\u00e9 levar ao \u00f3bito. Este cen\u00e1rio ressalta a import\u00e2ncia de uma compreens\u00e3o ampla sobre a preven\u00e7\u00e3o e gerenciamento do diabetes.<\/p>\n\n\n\n<h2 class=\"wp-block-heading\">Quais s\u00e3o os Mitos Comuns sobre o Diabetes?<\/h2>\n\n\n\n<figure class=\"wp-block-image aligncenter size-large\"><img decoding=\"async\" width=\"1024\" height=\"576\" src=\"https:\/\/www.correiobraziliense.com.br\/cbradar\/wp-content\/uploads\/2025\/05\/diabetes_1747424927487-1024x576.jpg\" alt=\"\" class=\"wp-image-38283\" srcset=\"https:\/\/www.correiobraziliense.com.br\/cbradar\/wp-content\/uploads\/2025\/05\/diabetes_1747424927487-1024x576.jpg 1024w, https:\/\/www.correiobraziliense.com.br\/cbradar\/wp-content\/uploads\/2025\/05\/diabetes_1747424927487-300x169.jpg 300w, https:\/\/www.correiobraziliense.com.br\/cbradar\/wp-content\/uploads\/2025\/05\/diabetes_1747424927487-768x432.jpg 768w, https:\/\/www.correiobraziliense.com.br\/cbradar\/wp-content\/uploads\/2025\/05\/diabetes_1747424927487-750x422.jpg 750w, https:\/\/www.correiobraziliense.com.br\/cbradar\/wp-content\/uploads\/2025\/05\/diabetes_1747424927487-1140x641.jpg 1140w, https:\/\/www.correiobraziliense.com.br\/cbradar\/wp-content\/uploads\/2025\/05\/diabetes_1747424927487.jpg 1280w\" sizes=\"(max-width: 1024px) 100vw, 1024px\" \/><figcaption class=\"wp-element-caption\">Diabetes  &#8211; Cr\u00e9ditos: depositphotos.com \/ EdZbarzhyvetsky\n<\/figcaption><\/figure>\n\n\n\n<p>A desinforma\u00e7\u00e3o persiste como um dos principais desafios no manejo do diabetes. Muitos mitos continuam a ser compartilhados, confundindo o p\u00fablico sobre a origem e preven\u00e7\u00e3o da doen\u00e7a. Um exemplo comum \u00e9 a cren\u00e7a de que o consumo excessivo de a\u00e7\u00facar \u00e9 a principal causa do diabetes. Embora o a\u00e7\u00facar contribua, fatores como um estilo de vida sedent\u00e1rio, alimenta\u00e7\u00e3o inadequada e predisposi\u00e7\u00e3o gen\u00e9tica s\u00e3o igualmente cr\u00edticos no desenvolvimento do diabetes tipo 2.<\/p>\n\n\n\n<p>Outro equ\u00edvoco amplamente difundido \u00e9 que apenas pessoas com excesso de peso s\u00e3o suscet\u00edveis ao diabetes. Na realidade, mesmo indiv\u00edduos com peso normal, especialmente aqueles com hist\u00f3rico familiar ou resist\u00eancia \u00e0 insulina, est\u00e3o em risco. Desmistificar essas cren\u00e7as \u00e9 vital para direcionar o foco de aten\u00e7\u00e3o para a ado\u00e7\u00e3o de pr\u00e1ticas saud\u00e1veis e preventivas.<\/p>\n\n\n\n<h2 class=\"wp-block-heading\">Tipos de Diabetes e Seus Efeitos<\/h2>\n\n\n\n<p>O diabetes se manifesta em tr\u00eas formas principais: tipo 1, tipo 2 e gestacional. O tipo 1 \u00e9 uma condi\u00e7\u00e3o autoimune, frequentemente diagnosticada em jovens, e demanda administra\u00e7\u00e3o cont\u00ednua de insulina. J\u00e1 o tipo 2 \u00e9 a forma mais comum, afetando aproximadamente 90% dos casos no Brasil, e est\u00e1 geralmente associado a fatores de estilo de vida. Por fim, o diabetes gestacional ocorre durante a gravidez e pode prefigurar o desenvolvimento do tipo 2 no futuro tanto para a m\u00e3e quanto para o filho.<\/p>\n\n\n\n<p>\u00c9 not\u00f3rio que o diabetes tipo 2 possa permanecer assintom\u00e1tico por anos, emergindo sem sinais evidentes de alerta. Isso refor\u00e7a a import\u00e2ncia de exames regulares para diagn\u00f3stico precoce e controle da <a href=\"https:\/\/www.correiobraziliense.com.br\/cbradar\/o-maior-erro-ao-tratar-olho-seco-com-colirios-comuns\/\" target=\"_blank\" rel=\"noreferrer noopener\">glicose<\/a>.<\/p>\n\n\n\n<h2 class=\"wp-block-heading\">Como Prevenir e Gerenciar o Diabetes de Forma Eficaz?<\/h2>\n\n\n\n<p>Para mitigar o risco de diabetes, um conjunto de mudan\u00e7as cotidianas \u00e9 crucial. Essas incluem uma alimenta\u00e7\u00e3o equilibrada, pr\u00e1tica regular de exerc\u00edcios f\u00edsicos e a manuten\u00e7\u00e3o de um peso saud\u00e1vel. Al\u00e9m disso, a ades\u00e3o a rotinas de exames, como glicemia de jejum e hemoglobina glicada, pode proporcionar um acompanhamento rigoroso dos n\u00edveis de glicose, essencial para pessoas com fatores de risco.<\/p>\n\n\n\n<p>Reconhecer que o diagn\u00f3stico de diabetes n\u00e3o deve equivaler \u00e0 perda de qualidade de vida \u00e9 fundamental. Com a conscientiza\u00e7\u00e3o, disciplina e apoio m\u00e9dico, \u00e9 poss\u00edvel viver plenamente. O avan\u00e7o dos tratamentos e das ferramentas de monitoramento cont\u00ednuo oferece novas esperan\u00e7as para manter a doen\u00e7a sob controle de maneira eficaz.<\/p>\n\n\n<a href=\"https:\/\/www.instagram.com\/dra.annaluisabf\/\" target=\"_blank\" rel=\"noopener\" style=\"text-decoration: none; color: inherit;\">\n    <span style=\"display: inline-block; border: 1px solid #ccc; border-radius: 10px; padding: 15px; max-width: 550px; font-family: sans-serif; box-shadow: 0 2px 5px rgba(0,0,0,0.1); width: 100%;\">\n\n      <!-- T\u00edtulo -->\n      <span style=\"display: block; margin: 0 0 15px 0; font-weight: bold; color: #2c3e50; text-align: center;\">\n        Entre em contato:\n      <\/span>\n\n      <!-- Linha do perfil -->\n      <span style=\"display: flex; align-items: center; gap: 15px;\">\n        <img decoding=\"async\"\n          src=\"https:\/\/www.correiobraziliense.com.br\/cbradar\/wp-content\/uploads\/2025\/08\/dra_anna_luisa.jpeg\"\n          alt=\"Foto da Dra. Anna Lu\u00edsa\"\n          style=\"border-radius: 50%; width: 80px; height: 80px; object-fit: cover;\"\n        \/>\n        <span style=\"display: flex; flex-direction: column;\">\n          <span style=\"font-size: 18px; font-weight: 700; color: #2c3e50;\">Dra. Anna Lu\u00edsa Barbosa Fernandes<\/span>\n          <span style=\"color: #555;\">CRM-GO 33.271<\/span>\n        <\/span>\n      <\/span>\n\n      <!-- Redes -->\n      <span style=\"display: flex; align-items: center; gap: 10px; margin-top: 12px;\">\n        <img decoding=\"async\" src=\"https:\/\/cdn-icons-png.flaticon.com\/24\/1384\/1384063.png\" alt=\"Instagram\" width=\"24\" height=\"24\" \/>\n        <span style=\"text-decoration: underline; color: #2c3e50;\">@dra.annaluisabf<\/span>\n      <\/span>\n\n    <\/span>\n  <\/a>","protected":false},"excerpt":{"rendered":"<p>Nos \u00faltimos anos, o n\u00famero de diagn\u00f3sticos de Diabetes sofreu um aumento not\u00e1vel ao redor do mundo. Dados da Organiza\u00e7\u00e3o Pan-Americana da Sa\u00fade (PAHO) apontam que mais de 800 milh\u00f5es de adultos est\u00e3o atualmente convivendo com esta condi\u00e7\u00e3o, um incremento que representa mais do que o qu\u00e1druplo do registrado em 1990. No Brasil, a situa\u00e7\u00e3o [&hellip;]<\/p>\n","protected":false},"author":14,"featured_media":48563,"comment_status":"open","ping_status":"open","sticky":false,"template":"","format":"standard","meta":{"_yoast_wpseo_focuskw":"Diabetes","_yoast_wpseo_title":"","_yoast_wpseo_metadesc":"Diabetes afeta milh\u00f5es e pode evoluir sem sintomas. Descubra os mitos, fatores de risco e como prevenir essa condi\u00e7\u00e3o silenciosa e perigosa","jnews-multi-image_gallery":[],"jnews_single_post":{"format":"standard"},"jnews_primary_category":[],"jnews_social_meta":[],"jnews_override_counter":[],"footnotes":""},"categories":[4404],"post_tag":[1423,120,1318],"class_list":["post-132021","post","type-post","status-publish","format-standard","has-post-thumbnail","hentry","category-saude","tag-alimentos","tag-bem-estar","tag-saude-2"],"yoast_head":"<!-- This site is optimized with the Yoast SEO plugin v24.6 - https:\/\/yoast.com\/wordpress\/plugins\/seo\/ -->\n<title>O mito mais perigoso sobre diabetes que muitos ainda acreditam - Correio Braziliense - Radar<\/title>\n<meta name=\"description\" content=\"Diabetes afeta milh\u00f5es e pode evoluir sem sintomas. Descubra os mitos, fatores de risco e como prevenir essa condi\u00e7\u00e3o silenciosa e perigosa\" \/>\n<meta name=\"robots\" content=\"index, follow, max-snippet:-1, max-image-preview:large, max-video-preview:-1\" \/>\n<link rel=\"canonical\" href=\"https:\/\/www.correiobraziliense.com.br\/cbradar\/o-mito-mais-perigoso-sobre-diabetes-que-muitos-ainda-acreditam\/\" \/>\n<meta property=\"og:locale\" content=\"pt_BR\" \/>\n<meta property=\"og:type\" content=\"article\" \/>\n<meta property=\"og:title\" content=\"O mito mais perigoso sobre diabetes que muitos ainda acreditam - Correio Braziliense - Radar\" \/>\n<meta property=\"og:description\" content=\"Diabetes afeta milh\u00f5es e pode evoluir sem sintomas. Descubra os mitos, fatores de risco e como prevenir essa condi\u00e7\u00e3o silenciosa e perigosa\" \/>\n<meta property=\"og:url\" content=\"https:\/\/www.correiobraziliense.com.br\/cbradar\/o-mito-mais-perigoso-sobre-diabetes-que-muitos-ainda-acreditam\/\" \/>\n<meta property=\"og:site_name\" content=\"Correio Braziliense - Radar\" \/>\n<meta property=\"article:published_time\" content=\"2025-11-07T09:05:00+00:00\" \/>\n<meta property=\"og:image\" content=\"https:\/\/www.correiobraziliense.com.br\/cbradar\/wp-content\/uploads\/2025\/06\/glicose_1749149556037.jpg\" \/>\n\t<meta property=\"og:image:width\" content=\"1280\" \/>\n\t<meta property=\"og:image:height\" content=\"720\" \/>\n\t<meta property=\"og:image:type\" content=\"image\/jpeg\" \/>\n<meta name=\"author\" content=\"guilherme_saude\" \/>\n<meta name=\"twitter:card\" content=\"summary_large_image\" \/>\n<meta name=\"twitter:label1\" content=\"Escrito por\" \/>\n\t<meta name=\"twitter:data1\" content=\"guilherme_saude\" \/>\n\t<meta name=\"twitter:label2\" content=\"Est. tempo de leitura\" \/>\n\t<meta name=\"twitter:data2\" content=\"4 minutos\" \/>\n<!-- \/ Yoast SEO plugin. -->","yoast_head_json":{"title":"O mito mais perigoso sobre diabetes que muitos ainda acreditam - Correio Braziliense - Radar","description":"Diabetes afeta milh\u00f5es e pode evoluir sem sintomas. Descubra os mitos, fatores de risco e como prevenir essa condi\u00e7\u00e3o silenciosa e perigosa","robots":{"index":"index","follow":"follow","max-snippet":"max-snippet:-1","max-image-preview":"max-image-preview:large","max-video-preview":"max-video-preview:-1"},"canonical":"https:\/\/www.correiobraziliense.com.br\/cbradar\/o-mito-mais-perigoso-sobre-diabetes-que-muitos-ainda-acreditam\/","og_locale":"pt_BR","og_type":"article","og_title":"O mito mais perigoso sobre diabetes que muitos ainda acreditam - Correio Braziliense - Radar","og_description":"Diabetes afeta milh\u00f5es e pode evoluir sem sintomas. Descubra os mitos, fatores de risco e como prevenir essa condi\u00e7\u00e3o silenciosa e perigosa","og_url":"https:\/\/www.correiobraziliense.com.br\/cbradar\/o-mito-mais-perigoso-sobre-diabetes-que-muitos-ainda-acreditam\/","og_site_name":"Correio Braziliense - Radar","article_published_time":"2025-11-07T09:05:00+00:00","og_image":[{"width":1280,"height":720,"url":"https:\/\/www.correiobraziliense.com.br\/cbradar\/wp-content\/uploads\/2025\/06\/glicose_1749149556037.jpg","type":"image\/jpeg"}],"author":"guilherme_saude","twitter_card":"summary_large_image","twitter_misc":{"Escrito por":"guilherme_saude","Est. tempo de leitura":"4 minutos"},"schema":{"@context":"https:\/\/schema.org","@graph":[{"@type":"WebPage","@id":"https:\/\/www.correiobraziliense.com.br\/cbradar\/o-mito-mais-perigoso-sobre-diabetes-que-muitos-ainda-acreditam\/","url":"https:\/\/www.correiobraziliense.com.br\/cbradar\/o-mito-mais-perigoso-sobre-diabetes-que-muitos-ainda-acreditam\/","name":"O mito mais perigoso sobre diabetes que muitos ainda acreditam - Correio Braziliense - Radar","isPartOf":{"@id":"https:\/\/www.correiobraziliense.com.br\/cbradar\/#website"},"primaryImageOfPage":{"@id":"https:\/\/www.correiobraziliense.com.br\/cbradar\/o-mito-mais-perigoso-sobre-diabetes-que-muitos-ainda-acreditam\/#primaryimage"},"image":{"@id":"https:\/\/www.correiobraziliense.com.br\/cbradar\/o-mito-mais-perigoso-sobre-diabetes-que-muitos-ainda-acreditam\/#primaryimage"},"thumbnailUrl":"https:\/\/www.correiobraziliense.com.br\/cbradar\/wp-content\/uploads\/2025\/06\/glicose_1749149556037.jpg","datePublished":"2025-11-07T09:05:00+00:00","author":{"@id":"https:\/\/www.correiobraziliense.com.br\/cbradar\/#\/schema\/person\/5aa4bf3c8fa699c267933611de12978b"},"description":"Diabetes afeta milh\u00f5es e pode evoluir sem sintomas. Descubra os mitos, fatores de risco e como prevenir essa condi\u00e7\u00e3o silenciosa e perigosa","breadcrumb":{"@id":"https:\/\/www.correiobraziliense.com.br\/cbradar\/o-mito-mais-perigoso-sobre-diabetes-que-muitos-ainda-acreditam\/#breadcrumb"},"inLanguage":"pt-BR","potentialAction":[{"@type":"ReadAction","target":["https:\/\/www.correiobraziliense.com.br\/cbradar\/o-mito-mais-perigoso-sobre-diabetes-que-muitos-ainda-acreditam\/"]}]},{"@type":"ImageObject","inLanguage":"pt-BR","@id":"https:\/\/www.correiobraziliense.com.br\/cbradar\/o-mito-mais-perigoso-sobre-diabetes-que-muitos-ainda-acreditam\/#primaryimage","url":"https:\/\/www.correiobraziliense.com.br\/cbradar\/wp-content\/uploads\/2025\/06\/glicose_1749149556037.jpg","contentUrl":"https:\/\/www.correiobraziliense.com.br\/cbradar\/wp-content\/uploads\/2025\/06\/glicose_1749149556037.jpg","width":1280,"height":720,"caption":"Diabetes - Cr\u00e9ditos: depositphotos.com \/ VadimVasenin"},{"@type":"BreadcrumbList","@id":"https:\/\/www.correiobraziliense.com.br\/cbradar\/o-mito-mais-perigoso-sobre-diabetes-que-muitos-ainda-acreditam\/#breadcrumb","itemListElement":[{"@type":"ListItem","position":1,"name":"In\u00edcio","item":"https:\/\/www.correiobraziliense.com.br\/cbradar\/"},{"@type":"ListItem","position":2,"name":"O mito mais perigoso sobre diabetes que muitos ainda acreditam"}]},{"@type":"WebSite","@id":"https:\/\/www.correiobraziliense.com.br\/cbradar\/#website","url":"https:\/\/www.correiobraziliense.com.br\/cbradar\/","name":"Correio Braziliense - Radar","description":"Acompanhe as \u00faltimas not\u00edcias e fique bem informado sobre tudo o que acontece no Brasil e no mundo.","potentialAction":[{"@type":"SearchAction","target":{"@type":"EntryPoint","urlTemplate":"https:\/\/www.correiobraziliense.com.br\/cbradar\/?s={search_term_string}"},"query-input":{"@type":"PropertyValueSpecification","valueRequired":true,"valueName":"search_term_string"}}],"inLanguage":"pt-BR"},{"@type":"Person","@id":"https:\/\/www.correiobraziliense.com.br\/cbradar\/#\/schema\/person\/5aa4bf3c8fa699c267933611de12978b","name":"guilherme_saude","image":{"@type":"ImageObject","inLanguage":"pt-BR","@id":"https:\/\/www.correiobraziliense.com.br\/cbradar\/#\/schema\/person\/image\/","url":"https:\/\/secure.gravatar.com\/avatar\/df9adfb835d344bc0af109d41756253f?s=96&d=mm&r=g","contentUrl":"https:\/\/secure.gravatar.com\/avatar\/df9adfb835d344bc0af109d41756253f?s=96&d=mm&r=g","caption":"guilherme_saude"},"url":"https:\/\/www.correiobraziliense.com.br\/cbradar\/author\/guilherme_saude\/"}]}},"_links":{"self":[{"href":"https:\/\/www.correiobraziliense.com.br\/cbradar\/wp-json\/wp\/v2\/posts\/132021","targetHints":{"allow":["GET"]}}],"collection":[{"href":"https:\/\/www.correiobraziliense.com.br\/cbradar\/wp-json\/wp\/v2\/posts"}],"about":[{"href":"https:\/\/www.correiobraziliense.com.br\/cbradar\/wp-json\/wp\/v2\/types\/post"}],"author":[{"embeddable":true,"href":"https:\/\/www.correiobraziliense.com.br\/cbradar\/wp-json\/wp\/v2\/users\/14"}],"replies":[{"embeddable":true,"href":"https:\/\/www.correiobraziliense.com.br\/cbradar\/wp-json\/wp\/v2\/comments?post=132021"}],"version-history":[{"count":1,"href":"https:\/\/www.correiobraziliense.com.br\/cbradar\/wp-json\/wp\/v2\/posts\/132021\/revisions"}],"predecessor-version":[{"id":132022,"href":"https:\/\/www.correiobraziliense.com.br\/cbradar\/wp-json\/wp\/v2\/posts\/132021\/revisions\/132022"}],"wp:featuredmedia":[{"embeddable":true,"href":"https:\/\/www.correiobraziliense.com.br\/cbradar\/wp-json\/wp\/v2\/media\/48563"}],"wp:attachment":[{"href":"https:\/\/www.correiobraziliense.com.br\/cbradar\/wp-json\/wp\/v2\/media?parent=132021"}],"wp:term":[{"taxonomy":"category","embeddable":true,"href":"https:\/\/www.correiobraziliense.com.br\/cbradar\/wp-json\/wp\/v2\/categories?post=132021"},{"taxonomy":"post_tag","embeddable":true,"href":"https:\/\/www.correiobraziliense.com.br\/cbradar\/wp-json\/wp\/v2\/post_tag?post=132021"}],"curies":[{"name":"wp","href":"https:\/\/api.w.org\/{rel}","templated":true}]}}