{"id":132127,"date":"2025-11-06T17:05:00","date_gmt":"2025-11-06T20:05:00","guid":{"rendered":"https:\/\/www.correiobraziliense.com.br\/cbradar\/?p=132127"},"modified":"2025-11-05T23:04:40","modified_gmt":"2025-11-06T02:04:40","slug":"truques-de-um-especialista-para-acalmar-a-raiva-em-publico-sem-que-ninguem-perceba","status":"publish","type":"post","link":"https:\/\/www.correiobraziliense.com.br\/cbradar\/truques-de-um-especialista-para-acalmar-a-raiva-em-publico-sem-que-ninguem-perceba\/","title":{"rendered":"Truques de um especialista para acalmar a raiva em p\u00fablico sem que ningu\u00e9m perceba"},"content":{"rendered":"\n<p>A raiva \u00e9 uma <strong>emo\u00e7\u00e3o intensa<\/strong> que, quando n\u00e3o \u00e9 bem administrada, pode trazer preju\u00edzos tanto para quem sente quanto para as pessoas ao redor. O descontrole costuma levar indiv\u00edduos a buscar ajuda para encontrar meios de canalizar esse sentimento de maneira mais saud\u00e1vel. Especialistas explicam que, durante momentos de irrita\u00e7\u00e3o, o c\u00e9rebro ativa mecanismos que precisam ser gerenciados para evitar consequ\u00eancias negativas.<\/p>\n\n\n\n<h2 class=\"wp-block-heading\">Como controlar a raiva no dia a dia<\/h2>\n\n\n\n<p>Lidar com a <strong>raiva<\/strong> significa aprender a regul\u00e1-la para que n\u00e3o prejudique decis\u00f5es ou rela\u00e7\u00f5es pessoais. O objetivo \u00e9 diminuir o impacto desse sentimento e responder de modo mais equilibrado \u00e0s situa\u00e7\u00f5es inc\u00f4modas.<\/p>\n\n\n\n<p>Segundo a psic\u00f3loga e coach emocional <strong>Sonia D\u00edaz<\/strong>, em entrevista ao <strong><a href=\"https:\/\/www.lavanguardia.com\/cribeo\/viral\/20250803\/10854281\/sonia-diaz-coach-experta-gestion-ira-existen-4-trucos-puedes-utilizar-calmarte-publico-nadie-note-mmn.html\" target=\"_blank\" rel=\"noreferrer noopener\">La Vanguardia<\/a><\/strong>, muitas vezes o que nos afeta n\u00e3o \u00e9 o fato em si, mas o <strong>di\u00e1logo interno<\/strong> acelerado que ocorre junto com a raiva. Isso pode nos manter mentalmente presos a acontecimentos passados ou a preocupa\u00e7\u00f5es futuras.<\/p>\n\n\n\n<h2 class=\"wp-block-heading\">Como manter a mente no presente para reduzir a raiva<\/h2>\n\n\n\n<p>\u00c9 importante se concentrar em t\u00e9cnicas que ajudam a trazer a aten\u00e7\u00e3o para o momento presente quando a raiva surge. Repetir mentalmente <strong>afirma\u00e7\u00f5es<\/strong> simples pode ser bastante eficaz para restaurar o equil\u00edbrio e a lucidez emocional.<\/p>\n\n\n\n<p>Essas frases funcionam como um &#8220;mantra&#8221; para acalmar os pensamentos e colocar a situa\u00e7\u00e3o em perspectiva. Veja algumas op\u00e7\u00f5es pr\u00e1ticas recomendadas:<\/p>\n\n\n\n<ul class=\"wp-block-list\">\n<li>\u201cIsto n\u00e3o \u00e9 uma amea\u00e7a\u201d<\/li>\n\n\n\n<li>\u201cN\u00e3o preciso controlar tudo\u201d<\/li>\n\n\n\n<li>\u201cIsso vai passar, assim como passou da \u00faltima vez\u201d<\/li>\n<\/ul>\n\n\n\n<figure class=\"wp-block-image size-large\"><img decoding=\"async\" width=\"1024\" height=\"576\" src=\"https:\/\/www.correiobraziliense.com.br\/cbradar\/wp-content\/uploads\/2025\/11\/pessoas-discutindo_1762394533621-1024x576.jpg\" alt=\"Truques de um especialista para acalmar a raiva em p\u00fablico sem que ningu\u00e9m perceba\" class=\"wp-image-132130\" srcset=\"https:\/\/www.correiobraziliense.com.br\/cbradar\/wp-content\/uploads\/2025\/11\/pessoas-discutindo_1762394533621-1024x576.jpg 1024w, https:\/\/www.correiobraziliense.com.br\/cbradar\/wp-content\/uploads\/2025\/11\/pessoas-discutindo_1762394533621-300x169.jpg 300w, https:\/\/www.correiobraziliense.com.br\/cbradar\/wp-content\/uploads\/2025\/11\/pessoas-discutindo_1762394533621-768x432.jpg 768w, https:\/\/www.correiobraziliense.com.br\/cbradar\/wp-content\/uploads\/2025\/11\/pessoas-discutindo_1762394533621-750x422.jpg 750w, https:\/\/www.correiobraziliense.com.br\/cbradar\/wp-content\/uploads\/2025\/11\/pessoas-discutindo_1762394533621-1140x641.jpg 1140w, https:\/\/www.correiobraziliense.com.br\/cbradar\/wp-content\/uploads\/2025\/11\/pessoas-discutindo_1762394533621.jpg 1280w\" sizes=\"(max-width: 1024px) 100vw, 1024px\" \/><figcaption class=\"wp-element-caption\">Falar sobre sentimentos com pessoas de confian\u00e7a pode aliviar o peso da raiva, desde que feito com modera\u00e7\u00e3o e de forma construtiva. Cr\u00e9ditos: depositphotos.com \/ Milkos<\/figcaption><\/figure>\n\n\n\n<h2 class=\"wp-block-heading\">O que fazer para relaxar o corpo durante a raiva<\/h2>\n\n\n\n<p>A <strong>tens\u00e3o corporal<\/strong> \u00e9 uma resposta comum em momentos de raiva. Relaxar partes espec\u00edficas do corpo pode ajudar a controlar o impacto dessa emo\u00e7\u00e3o e evitar que ela se intensifique.<\/p>\n\n\n\n<p>Soltar os ombros, aliviar a mand\u00edbula e evitar contato visual desafiador contribuem para diminuir as tens\u00f5es f\u00edsicas e desfazer o clima de confronto enquanto se lida com o sentimento de irrita\u00e7\u00e3o.<\/p>\n\n\n\n<p>Leia tamb\u00e9m: <a href=\"https:\/\/www.correiobraziliense.com.br\/cbradar\/o-que-significa-usar-sempre-o-mesmo-perfume-segundo-a-psicologia\/\" target=\"_blank\" rel=\"noreferrer noopener\">O que significa usar sempre o mesmo perfume, segundo a psicologia<\/a><\/p>\n\n\n\n<h2 class=\"wp-block-heading\">Por que a respira\u00e7\u00e3o consciente \u00e9 eficaz no manejo da raiva<\/h2>\n\n\n\n<p>Utilizar a <strong>respira\u00e7\u00e3o consciente<\/strong> \u00e9 uma estrat\u00e9gia simples e poderosa para acalmar rapidamente o corpo e a mente. Fazer ciclos lentos de inspira\u00e7\u00e3o e expira\u00e7\u00e3o proporciona uma sensa\u00e7\u00e3o imediata de controle sobre a situa\u00e7\u00e3o.<\/p>\n\n\n\n<p>Inspirar pelo nariz contando at\u00e9 quatro e expirar vagarosamente at\u00e9 seis j\u00e1 \u00e9 suficiente para notar a diferen\u00e7a, sendo poss\u00edvel repetir o processo duas ou tr\u00eas vezes para garantir mais tranquilidade emocional.<\/p>\n\n\n\n<blockquote class=\"tiktok-embed\" cite=\"https:\/\/www.tiktok.com\/@sigasetha\/video\/7199450769362324741\" data-video-id=\"7199450769362324741\" style=\"max-width: 605px;min-width: 325px;\" > <section> <a target=\"_blank\" title=\"@sigasetha\" href=\"https:\/\/www.tiktok.com\/@sigasetha?refer=embed\">@sigasetha<\/a> Fa\u00e7a isso quando sentir RAIVA \ud83d\ude21  Saber controlar a raiva \u00e9 aumentar sua intelig\u00eancia emocional e sua autorregula\u00e7\u00e3o. Use essa t\u00e9cnica e me conta se deu certo! <a title=\"inteligenciaemocional\" target=\"_blank\" href=\"https:\/\/www.tiktok.com\/tag\/inteligenciaemocional?refer=embed\">#inteligenciaemocional<\/a> <a title=\"raiva\" target=\"_blank\" href=\"https:\/\/www.tiktok.com\/tag\/raiva?refer=embed\">#raiva<\/a> <a title=\"psicologia\" target=\"_blank\" href=\"https:\/\/www.tiktok.com\/tag\/psicologia?refer=embed\">#psicologia<\/a> <a title=\"desenvolvimentopessoal\" target=\"_blank\" href=\"https:\/\/www.tiktok.com\/tag\/desenvolvimentopessoal?refer=embed\">#desenvolvimentopessoal<\/a> <a title=\"autocontrole\" target=\"_blank\" href=\"https:\/\/www.tiktok.com\/tag\/autocontrole?refer=embed\">#autocontrole<\/a> <a target=\"_blank\" title=\"\u266c Aesthetic - Tollan Kim\" href=\"https:\/\/www.tiktok.com\/music\/Aesthetic-7072513628145977346?refer=embed\">\u266c Aesthetic &#8211; Tollan Kim<\/a> <\/section> <\/blockquote> <script async src=\"https:\/\/www.tiktok.com\/embed.js\"><\/script>\n\n\n\n<h2 class=\"wp-block-heading\">Como a auto-observa\u00e7\u00e3o pode ajudar no controle da raiva<\/h2>\n\n\n\n<p>Observar a situa\u00e7\u00e3o como um espectador externo possibilita avaliar o contexto com maior objetividade, reduzindo respostas impulsivas. Esse distanciamento interno \u00e9 fundamental para selecionar as melhores rea\u00e7\u00f5es perante dificuldades.<\/p>\n\n\n\n<p>Dessa maneira, \u00e9 poss\u00edvel desenvolver mais <strong>autocontrole<\/strong> e evitar conflitos desnecess\u00e1rios, favorecendo rela\u00e7\u00f5es interpessoais mais pac\u00edficas.<\/p>\n\n\n\n<p>Adotar essas pr\u00e1ticas promove o bem-estar emocional e contribui para lidar melhor com situa\u00e7\u00f5es de tens\u00e3o. Caso a <strong>raiva<\/strong> seja persistente ou cause preju\u00edzos frequentes, buscar o apoio de um profissional \u00e9 altamente recomendado para potencializar esses resultados.<\/p>\n","protected":false},"excerpt":{"rendered":"<p>Controle a ira com 4 estrat\u00e9gias pr\u00e1ticas: descubra dicas da psic\u00f3loga para estabilizar emo\u00e7\u00f5es e evitar atitudes agressivas.<\/p>\n","protected":false},"author":3,"featured_media":132129,"comment_status":"open","ping_status":"open","sticky":false,"template":"","format":"standard","meta":{"_yoast_wpseo_focuskw":"controlar raiva","_yoast_wpseo_title":"%%title%%","_yoast_wpseo_metadesc":"Controle a ira com 4 estrat\u00e9gias pr\u00e1ticas: descubra dicas da psic\u00f3loga para estabilizar emo\u00e7\u00f5es e evitar atitudes agressivas.","jnews-multi-image_gallery":[],"jnews_single_post":{"format":"standard"},"jnews_primary_category":[],"jnews_social_meta":[],"jnews_override_counter":[],"footnotes":""},"categories":[112],"post_tag":[144,404,5695],"class_list":["post-132127","post","type-post","status-publish","format-standard","has-post-thumbnail","hentry","category-curiosidades","tag-curiosidades","tag-psicologia","tag-raiva"],"yoast_head":"<!-- This site is optimized with the Yoast SEO plugin v24.6 - https:\/\/yoast.com\/wordpress\/plugins\/seo\/ -->\n<title>Truques de um especialista para acalmar a raiva em p\u00fablico sem que ningu\u00e9m perceba<\/title>\n<meta name=\"description\" content=\"Controle a ira com 4 estrat\u00e9gias pr\u00e1ticas: descubra dicas da psic\u00f3loga para estabilizar emo\u00e7\u00f5es e evitar atitudes agressivas.\" \/>\n<meta name=\"robots\" content=\"index, follow, max-snippet:-1, max-image-preview:large, max-video-preview:-1\" \/>\n<link rel=\"canonical\" href=\"https:\/\/www.correiobraziliense.com.br\/cbradar\/truques-de-um-especialista-para-acalmar-a-raiva-em-publico-sem-que-ninguem-perceba\/\" \/>\n<meta property=\"og:locale\" content=\"pt_BR\" \/>\n<meta property=\"og:type\" content=\"article\" \/>\n<meta property=\"og:title\" content=\"Truques de um especialista para acalmar a raiva em p\u00fablico sem que ningu\u00e9m perceba\" \/>\n<meta property=\"og:description\" content=\"Controle a ira com 4 estrat\u00e9gias pr\u00e1ticas: descubra dicas da psic\u00f3loga para estabilizar emo\u00e7\u00f5es e evitar atitudes agressivas.\" \/>\n<meta property=\"og:url\" content=\"https:\/\/www.correiobraziliense.com.br\/cbradar\/truques-de-um-especialista-para-acalmar-a-raiva-em-publico-sem-que-ninguem-perceba\/\" \/>\n<meta property=\"og:site_name\" content=\"Correio Braziliense - Radar\" \/>\n<meta property=\"article:published_time\" content=\"2025-11-06T20:05:00+00:00\" \/>\n<meta property=\"og:image\" content=\"https:\/\/www.correiobraziliense.com.br\/cbradar\/wp-content\/uploads\/2025\/11\/Tecnicas-Discretas-para-Controlar-a-Raiva.png\" \/>\n\t<meta property=\"og:image:width\" content=\"1280\" \/>\n\t<meta property=\"og:image:height\" content=\"720\" \/>\n\t<meta property=\"og:image:type\" content=\"image\/png\" \/>\n<meta name=\"author\" content=\"Larissa Carvalho\" \/>\n<meta name=\"twitter:card\" content=\"summary_large_image\" \/>\n<meta name=\"twitter:label1\" content=\"Escrito por\" \/>\n\t<meta name=\"twitter:data1\" content=\"Larissa Carvalho\" \/>\n\t<meta name=\"twitter:label2\" content=\"Est. tempo de leitura\" \/>\n\t<meta name=\"twitter:data2\" content=\"4 minutos\" \/>\n<!-- \/ Yoast SEO plugin. -->","yoast_head_json":{"title":"Truques de um especialista para acalmar a raiva em p\u00fablico sem que ningu\u00e9m perceba","description":"Controle a ira com 4 estrat\u00e9gias pr\u00e1ticas: descubra dicas da psic\u00f3loga para estabilizar emo\u00e7\u00f5es e evitar atitudes agressivas.","robots":{"index":"index","follow":"follow","max-snippet":"max-snippet:-1","max-image-preview":"max-image-preview:large","max-video-preview":"max-video-preview:-1"},"canonical":"https:\/\/www.correiobraziliense.com.br\/cbradar\/truques-de-um-especialista-para-acalmar-a-raiva-em-publico-sem-que-ninguem-perceba\/","og_locale":"pt_BR","og_type":"article","og_title":"Truques de um especialista para acalmar a raiva em p\u00fablico sem que ningu\u00e9m perceba","og_description":"Controle a ira com 4 estrat\u00e9gias pr\u00e1ticas: descubra dicas da psic\u00f3loga para estabilizar emo\u00e7\u00f5es e evitar atitudes agressivas.","og_url":"https:\/\/www.correiobraziliense.com.br\/cbradar\/truques-de-um-especialista-para-acalmar-a-raiva-em-publico-sem-que-ninguem-perceba\/","og_site_name":"Correio Braziliense - Radar","article_published_time":"2025-11-06T20:05:00+00:00","og_image":[{"width":1280,"height":720,"url":"https:\/\/www.correiobraziliense.com.br\/cbradar\/wp-content\/uploads\/2025\/11\/Tecnicas-Discretas-para-Controlar-a-Raiva.png","type":"image\/png"}],"author":"Larissa Carvalho","twitter_card":"summary_large_image","twitter_misc":{"Escrito por":"Larissa Carvalho","Est. tempo de leitura":"4 minutos"},"schema":{"@context":"https:\/\/schema.org","@graph":[{"@type":"WebPage","@id":"https:\/\/www.correiobraziliense.com.br\/cbradar\/truques-de-um-especialista-para-acalmar-a-raiva-em-publico-sem-que-ninguem-perceba\/","url":"https:\/\/www.correiobraziliense.com.br\/cbradar\/truques-de-um-especialista-para-acalmar-a-raiva-em-publico-sem-que-ninguem-perceba\/","name":"Truques de um especialista para acalmar a raiva em p\u00fablico sem que ningu\u00e9m perceba","isPartOf":{"@id":"https:\/\/www.correiobraziliense.com.br\/cbradar\/#website"},"primaryImageOfPage":{"@id":"https:\/\/www.correiobraziliense.com.br\/cbradar\/truques-de-um-especialista-para-acalmar-a-raiva-em-publico-sem-que-ninguem-perceba\/#primaryimage"},"image":{"@id":"https:\/\/www.correiobraziliense.com.br\/cbradar\/truques-de-um-especialista-para-acalmar-a-raiva-em-publico-sem-que-ninguem-perceba\/#primaryimage"},"thumbnailUrl":"https:\/\/www.correiobraziliense.com.br\/cbradar\/wp-content\/uploads\/2025\/11\/Tecnicas-Discretas-para-Controlar-a-Raiva.png","datePublished":"2025-11-06T20:05:00+00:00","author":{"@id":"https:\/\/www.correiobraziliense.com.br\/cbradar\/#\/schema\/person\/58422787644df994b53a19d3e56c1513"},"description":"Controle a ira com 4 estrat\u00e9gias pr\u00e1ticas: descubra dicas da psic\u00f3loga para estabilizar emo\u00e7\u00f5es e evitar atitudes agressivas.","breadcrumb":{"@id":"https:\/\/www.correiobraziliense.com.br\/cbradar\/truques-de-um-especialista-para-acalmar-a-raiva-em-publico-sem-que-ninguem-perceba\/#breadcrumb"},"inLanguage":"pt-BR","potentialAction":[{"@type":"ReadAction","target":["https:\/\/www.correiobraziliense.com.br\/cbradar\/truques-de-um-especialista-para-acalmar-a-raiva-em-publico-sem-que-ninguem-perceba\/"]}]},{"@type":"ImageObject","inLanguage":"pt-BR","@id":"https:\/\/www.correiobraziliense.com.br\/cbradar\/truques-de-um-especialista-para-acalmar-a-raiva-em-publico-sem-que-ninguem-perceba\/#primaryimage","url":"https:\/\/www.correiobraziliense.com.br\/cbradar\/wp-content\/uploads\/2025\/11\/Tecnicas-Discretas-para-Controlar-a-Raiva.png","contentUrl":"https:\/\/www.correiobraziliense.com.br\/cbradar\/wp-content\/uploads\/2025\/11\/Tecnicas-Discretas-para-Controlar-a-Raiva.png","width":1280,"height":720,"caption":"Exerc\u00edcios de respira\u00e7\u00e3o consciente e relaxamento muscular s\u00e3o eficazes para reduzir a tens\u00e3o e recuperar a calma rapidamente."},{"@type":"BreadcrumbList","@id":"https:\/\/www.correiobraziliense.com.br\/cbradar\/truques-de-um-especialista-para-acalmar-a-raiva-em-publico-sem-que-ninguem-perceba\/#breadcrumb","itemListElement":[{"@type":"ListItem","position":1,"name":"In\u00edcio","item":"https:\/\/www.correiobraziliense.com.br\/cbradar\/"},{"@type":"ListItem","position":2,"name":"Truques de um especialista para acalmar a raiva em p\u00fablico sem que ningu\u00e9m perceba"}]},{"@type":"WebSite","@id":"https:\/\/www.correiobraziliense.com.br\/cbradar\/#website","url":"https:\/\/www.correiobraziliense.com.br\/cbradar\/","name":"Correio Braziliense - Radar","description":"Acompanhe as \u00faltimas not\u00edcias e fique bem informado sobre tudo o que acontece no Brasil e no mundo.","potentialAction":[{"@type":"SearchAction","target":{"@type":"EntryPoint","urlTemplate":"https:\/\/www.correiobraziliense.com.br\/cbradar\/?s={search_term_string}"},"query-input":{"@type":"PropertyValueSpecification","valueRequired":true,"valueName":"search_term_string"}}],"inLanguage":"pt-BR"},{"@type":"Person","@id":"https:\/\/www.correiobraziliense.com.br\/cbradar\/#\/schema\/person\/58422787644df994b53a19d3e56c1513","name":"Larissa Carvalho","image":{"@type":"ImageObject","inLanguage":"pt-BR","@id":"https:\/\/www.correiobraziliense.com.br\/cbradar\/#\/schema\/person\/image\/","url":"https:\/\/secure.gravatar.com\/avatar\/fe4f91a0de32b52a838d0d612abdc1aa?s=96&d=mm&r=g","contentUrl":"https:\/\/secure.gravatar.com\/avatar\/fe4f91a0de32b52a838d0d612abdc1aa?s=96&d=mm&r=g","caption":"Larissa Carvalho"},"url":"https:\/\/www.correiobraziliense.com.br\/cbradar\/author\/larissamyth\/"}]}},"_links":{"self":[{"href":"https:\/\/www.correiobraziliense.com.br\/cbradar\/wp-json\/wp\/v2\/posts\/132127","targetHints":{"allow":["GET"]}}],"collection":[{"href":"https:\/\/www.correiobraziliense.com.br\/cbradar\/wp-json\/wp\/v2\/posts"}],"about":[{"href":"https:\/\/www.correiobraziliense.com.br\/cbradar\/wp-json\/wp\/v2\/types\/post"}],"author":[{"embeddable":true,"href":"https:\/\/www.correiobraziliense.com.br\/cbradar\/wp-json\/wp\/v2\/users\/3"}],"replies":[{"embeddable":true,"href":"https:\/\/www.correiobraziliense.com.br\/cbradar\/wp-json\/wp\/v2\/comments?post=132127"}],"version-history":[{"count":2,"href":"https:\/\/www.correiobraziliense.com.br\/cbradar\/wp-json\/wp\/v2\/posts\/132127\/revisions"}],"predecessor-version":[{"id":132131,"href":"https:\/\/www.correiobraziliense.com.br\/cbradar\/wp-json\/wp\/v2\/posts\/132127\/revisions\/132131"}],"wp:featuredmedia":[{"embeddable":true,"href":"https:\/\/www.correiobraziliense.com.br\/cbradar\/wp-json\/wp\/v2\/media\/132129"}],"wp:attachment":[{"href":"https:\/\/www.correiobraziliense.com.br\/cbradar\/wp-json\/wp\/v2\/media?parent=132127"}],"wp:term":[{"taxonomy":"category","embeddable":true,"href":"https:\/\/www.correiobraziliense.com.br\/cbradar\/wp-json\/wp\/v2\/categories?post=132127"},{"taxonomy":"post_tag","embeddable":true,"href":"https:\/\/www.correiobraziliense.com.br\/cbradar\/wp-json\/wp\/v2\/post_tag?post=132127"}],"curies":[{"name":"wp","href":"https:\/\/api.w.org\/{rel}","templated":true}]}}